{"id":19407,"date":"2025-06-23T11:41:46","date_gmt":"2025-06-23T09:41:46","guid":{"rendered":"https:\/\/www.adecose.com\/?p=19407"},"modified":"2025-06-23T11:41:46","modified_gmt":"2025-06-23T09:41:46","slug":"grupo-pacc-abre-una-nueva-franquicia-en-fuengirola-y-alcanza-las-41-oficinas-franquiciadas","status":"publish","type":"post","link":"https:\/\/www.adecose.com\/en\/grupo-pacc-abre-una-nueva-franquicia-en-fuengirola-y-alcanza-las-41-oficinas-franquiciadas\/","title":{"rendered":"GRUPO PACC abre una nueva franquicia en Fuengirola y alcanza las 41 oficinas franquiciadas"},"content":{"rendered":"<p style=\"font-weight: 400;\">GRUPO PACC contin\u00faa reforzando su red territorial con la apertura de una nueva franquicia en la localidad malague\u00f1a de <strong>Fuengirola<\/strong>, ubicada en <strong>Calle Inca, 7<\/strong>. Al frente de esta nueva oficina se encuentra <strong>Cristian Vega Garc\u00eda<\/strong>, profesional con experiencia en el sector asegurador, que liderar\u00e1 el proyecto con el respaldo de una de las corredur\u00edas con mayor presencia en el mercado nacional.<\/p>\n<p style=\"font-weight: 400;\">Con esta nueva incorporaci\u00f3n, GRUPO PACC suma ya <strong>41 franquicias en toda Espa\u00f1a<\/strong> y consolida su presencia en la <strong>Costa del Sol<\/strong>, donde ya cuenta con una <strong>sucursal en M\u00e1laga capital<\/strong>. Esta segunda oficina en la provincia refuerza el compromiso de la compa\u00f1\u00eda por ofrecer un servicio cercano y personalizado, adaptado a las necesidades aseguradoras tanto de particulares como de empresas en una de las zonas con mayor dinamismo econ\u00f3mico y tur\u00edstico del pa\u00eds.<\/p>\n<p style=\"font-weight: 400;\">La estrategia de expansi\u00f3n de GRUPO PACC, basada en un modelo de franquicia pionero en el sector desde 1996, permite combinar el conocimiento local de sus franquiciados con el respaldo, experiencia y capacidad de una gran corredur\u00eda nacional. Esta f\u00f3rmula de \u00e9xito ha convertido a GRUPO PACC en una referencia en el desarrollo de redes profesionales dentro del sector asegurador.<\/p>\n<p style=\"font-weight: 400;\">La nueva oficina de Fuengirola ya est\u00e1 plenamente operativa y preparada para ofrecer asesoramiento experto en seguros de vida, salud, autos, hogar, empresas, entre otros ramos, con el valor a\u00f1adido del trato personalizado que caracteriza a GRUPO PACC.<\/p>\n","protected":false},"excerpt":{"rendered":"<p>GRUPO PACC contin\u00faa reforzando su red territorial con la apertura de una nueva franquicia en la localidad malague\u00f1a de Fuengirola, ubicada en Calle Inca, 7&#8230;.<\/p>\n","protected":false},"author":197,"featured_media":18479,"comment_status":"closed","ping_status":"closed","sticky":false,"template":"","format":"standard","meta":{"_acf_changed":false,"_price":"","_stock":"","_tribe_ticket_header":"","_tribe_default_ticket_provider":"","_tribe_ticket_capacity":"0","_ticket_start_date":"","_ticket_end_date":"","_tribe_ticket_show_description":"","_tribe_ticket_show_not_going":false,"_tribe_ticket_use_global_stock":"","_tribe_ticket_global_stock_level":"","_global_stock_mode":"","_global_stock_cap":"","_tribe_rsvp_for_event":"","_tribe_ticket_going_count":"","_tribe_ticket_not_going_count":"","_tribe_tickets_list":"[]","_tribe_ticket_has_attendee_info_fields":false,"footnotes":""},"categories":[339],"tags":[517,594,370],"class_list":["post-19407","post","type-post","status-publish","format-standard","has-post-thumbnail","category-espacio-correduriasadecose","tag-corredurias-de-seguros","tag-franquicias","tag-grupo-pacc"],"acf":[],"yoast_head":"<!-- This site is optimized with the Yoast SEO plugin v27.2 - https:\/\/yoast.com\/product\/yoast-seo-wordpress\/ -->\n<title>GRUPO PACC abre una nueva franquicia en Fuengirola y alcanza las 41 oficinas franquiciadas - ADECOSE<\/title>\n<meta name=\"robots\" content=\"index, follow, max-snippet:-1, max-image-preview:large, max-video-preview:-1\" \/>\n<link rel=\"canonical\" href=\"https:\/\/www.adecose.com\/grupo-pacc-abre-una-nueva-franquicia-en-fuengirola-y-alcanza-las-41-oficinas-franquiciadas\/\" \/>\n<meta property=\"og:locale\" content=\"en_US\" \/>\n<meta property=\"og:type\" content=\"article\" \/>\n<meta property=\"og:title\" content=\"GRUPO PACC abre una nueva franquicia en Fuengirola y alcanza las 41 oficinas franquiciadas - ADECOSE\" \/>\n<meta property=\"og:description\" content=\"GRUPO PACC contin\u00faa reforzando su red territorial con la apertura de una nueva franquicia en la localidad malague\u00f1a de Fuengirola, ubicada en Calle Inca, 7....\" \/>\n<meta property=\"og:url\" content=\"https:\/\/www.adecose.com\/grupo-pacc-abre-una-nueva-franquicia-en-fuengirola-y-alcanza-las-41-oficinas-franquiciadas\/\" \/>\n<meta property=\"og:site_name\" content=\"ADECOSE\" \/>\n<meta property=\"article:published_time\" content=\"2025-06-23T09:41:46+00:00\" \/>\n<meta property=\"og:image\" content=\"https:\/\/www.adecose.com\/wp-content\/uploads\/2025\/01\/empresas-grupopacc-grancity3.jpg\" \/>\n\t<meta property=\"og:image:width\" content=\"1476\" \/>\n\t<meta property=\"og:image:height\" content=\"678\" \/>\n\t<meta property=\"og:image:type\" content=\"image\/jpeg\" \/>\n<meta name=\"author\" content=\"Comunicaci\u00f3n ADECOSE\" \/>\n<meta name=\"twitter:card\" content=\"summary_large_image\" \/>\n<meta name=\"twitter:label1\" content=\"Written by\" \/>\n\t<meta name=\"twitter:data1\" content=\"Comunicaci\u00f3n ADECOSE\" \/>\n\t<meta name=\"twitter:label2\" content=\"Est. reading time\" \/>\n\t<meta name=\"twitter:data2\" content=\"2 minutes\" \/>\n<script type=\"application\/ld+json\" class=\"yoast-schema-graph\">{\"@context\":\"https:\/\/schema.org\",\"@graph\":[{\"@type\":\"Article\",\"@id\":\"https:\/\/www.adecose.com\/grupo-pacc-abre-una-nueva-franquicia-en-fuengirola-y-alcanza-las-41-oficinas-franquiciadas\/#article\",\"isPartOf\":{\"@id\":\"https:\/\/www.adecose.com\/grupo-pacc-abre-una-nueva-franquicia-en-fuengirola-y-alcanza-las-41-oficinas-franquiciadas\/\"},\"author\":{\"name\":\"Comunicaci\u00f3n ADECOSE\",\"@id\":\"https:\/\/www.adecose.com\/gl\/#\/schema\/person\/ff086ce55f6379e1d225a2c0dca5eeb6\"},\"headline\":\"GRUPO PACC abre una nueva franquicia en Fuengirola y alcanza las 41 oficinas franquiciadas\",\"datePublished\":\"2025-06-23T09:41:46+00:00\",\"mainEntityOfPage\":{\"@id\":\"https:\/\/www.adecose.com\/grupo-pacc-abre-una-nueva-franquicia-en-fuengirola-y-alcanza-las-41-oficinas-franquiciadas\/\"},\"wordCount\":259,\"publisher\":{\"@id\":\"https:\/\/www.adecose.com\/gl\/#organization\"},\"image\":{\"@id\":\"https:\/\/www.adecose.com\/grupo-pacc-abre-una-nueva-franquicia-en-fuengirola-y-alcanza-las-41-oficinas-franquiciadas\/#primaryimage\"},\"thumbnailUrl\":\"https:\/\/www.adecose.com\/wp-content\/uploads\/2025\/01\/empresas-grupopacc-grancity3.jpg\",\"keywords\":[\"Corredur\u00edas de seguros\",\"Franquicias\",\"Grupo PACC\"],\"articleSection\":[\"Espacio #Corredur\u00edasADECOSE\"],\"inLanguage\":\"en-US\"},{\"@type\":\"WebPage\",\"@id\":\"https:\/\/www.adecose.com\/grupo-pacc-abre-una-nueva-franquicia-en-fuengirola-y-alcanza-las-41-oficinas-franquiciadas\/\",\"url\":\"https:\/\/www.adecose.com\/grupo-pacc-abre-una-nueva-franquicia-en-fuengirola-y-alcanza-las-41-oficinas-franquiciadas\/\",\"name\":\"GRUPO PACC abre una nueva franquicia en Fuengirola y alcanza las 41 oficinas franquiciadas - ADECOSE\",\"isPartOf\":{\"@id\":\"https:\/\/www.adecose.com\/gl\/#website\"},\"primaryImageOfPage\":{\"@id\":\"https:\/\/www.adecose.com\/grupo-pacc-abre-una-nueva-franquicia-en-fuengirola-y-alcanza-las-41-oficinas-franquiciadas\/#primaryimage\"},\"image\":{\"@id\":\"https:\/\/www.adecose.com\/grupo-pacc-abre-una-nueva-franquicia-en-fuengirola-y-alcanza-las-41-oficinas-franquiciadas\/#primaryimage\"},\"thumbnailUrl\":\"https:\/\/www.adecose.com\/wp-content\/uploads\/2025\/01\/empresas-grupopacc-grancity3.jpg\",\"datePublished\":\"2025-06-23T09:41:46+00:00\",\"breadcrumb\":{\"@id\":\"https:\/\/www.adecose.com\/grupo-pacc-abre-una-nueva-franquicia-en-fuengirola-y-alcanza-las-41-oficinas-franquiciadas\/#breadcrumb\"},\"inLanguage\":\"en-US\",\"potentialAction\":[{\"@type\":\"ReadAction\",\"target\":[\"https:\/\/www.adecose.com\/grupo-pacc-abre-una-nueva-franquicia-en-fuengirola-y-alcanza-las-41-oficinas-franquiciadas\/\"]}]},{\"@type\":\"ImageObject\",\"inLanguage\":\"en-US\",\"@id\":\"https:\/\/www.adecose.com\/grupo-pacc-abre-una-nueva-franquicia-en-fuengirola-y-alcanza-las-41-oficinas-franquiciadas\/#primaryimage\",\"url\":\"https:\/\/www.adecose.com\/wp-content\/uploads\/2025\/01\/empresas-grupopacc-grancity3.jpg\",\"contentUrl\":\"https:\/\/www.adecose.com\/wp-content\/uploads\/2025\/01\/empresas-grupopacc-grancity3.jpg\",\"width\":1476,\"height\":678,\"caption\":\"xr:d:DAFyXqHAeR0:287,j:7492153559231347600,t:24011515\"},{\"@type\":\"BreadcrumbList\",\"@id\":\"https:\/\/www.adecose.com\/grupo-pacc-abre-una-nueva-franquicia-en-fuengirola-y-alcanza-las-41-oficinas-franquiciadas\/#breadcrumb\",\"itemListElement\":[{\"@type\":\"ListItem\",\"position\":1,\"name\":\"Portada\",\"item\":\"https:\/\/www.adecose.com\/en\/\"},{\"@type\":\"ListItem\",\"position\":2,\"name\":\"GRUPO PACC abre una nueva franquicia en Fuengirola y alcanza las 41 oficinas franquiciadas\"}]},{\"@type\":\"WebSite\",\"@id\":\"https:\/\/www.adecose.com\/gl\/#website\",\"url\":\"https:\/\/www.adecose.com\/gl\/\",\"name\":\"ADECOSE\",\"description\":\"Spanish Association of Insurance and Reinsurance Brokers\",\"publisher\":{\"@id\":\"https:\/\/www.adecose.com\/gl\/#organization\"},\"potentialAction\":[{\"@type\":\"SearchAction\",\"target\":{\"@type\":\"EntryPoint\",\"urlTemplate\":\"https:\/\/www.adecose.com\/gl\/?s={search_term_string}\"},\"query-input\":{\"@type\":\"PropertyValueSpecification\",\"valueRequired\":true,\"valueName\":\"search_term_string\"}}],\"inLanguage\":\"en-US\"},{\"@type\":\"Organization\",\"@id\":\"https:\/\/www.adecose.com\/gl\/#organization\",\"name\":\"ADECOSE\",\"url\":\"https:\/\/www.adecose.com\/gl\/\",\"logo\":{\"@type\":\"ImageObject\",\"inLanguage\":\"en-US\",\"@id\":\"https:\/\/www.adecose.com\/gl\/#\/schema\/logo\/image\/\",\"url\":\"https:\/\/www.adecose.com\/wp-content\/uploads\/2020\/07\/favicon.png\",\"contentUrl\":\"https:\/\/www.adecose.com\/wp-content\/uploads\/2020\/07\/favicon.png\",\"width\":512,\"height\":512,\"caption\":\"ADECOSE\"},\"image\":{\"@id\":\"https:\/\/www.adecose.com\/gl\/#\/schema\/logo\/image\/\"}},{\"@type\":\"Person\",\"@id\":\"https:\/\/www.adecose.com\/gl\/#\/schema\/person\/ff086ce55f6379e1d225a2c0dca5eeb6\",\"name\":\"Comunicaci\u00f3n ADECOSE\",\"image\":{\"@type\":\"ImageObject\",\"inLanguage\":\"en-US\",\"@id\":\"https:\/\/secure.gravatar.com\/avatar\/01cd1f9571997441bf1da6d1cc147351305f03fe8f2acf1ebbec60ebb26924ce?s=96&d=mm&r=g\",\"url\":\"https:\/\/secure.gravatar.com\/avatar\/01cd1f9571997441bf1da6d1cc147351305f03fe8f2acf1ebbec60ebb26924ce?s=96&d=mm&r=g\",\"contentUrl\":\"https:\/\/secure.gravatar.com\/avatar\/01cd1f9571997441bf1da6d1cc147351305f03fe8f2acf1ebbec60ebb26924ce?s=96&d=mm&r=g\",\"caption\":\"Comunicaci\u00f3n ADECOSE\"}}]}<\/script>\n<!-- \/ Yoast SEO plugin. -->","yoast_head_json":{"title":"GRUPO PACC abre una nueva franquicia en Fuengirola y alcanza las 41 oficinas franquiciadas - ADECOSE","robots":{"index":"index","follow":"follow","max-snippet":"max-snippet:-1","max-image-preview":"max-image-preview:large","max-video-preview":"max-video-preview:-1"},"canonical":"https:\/\/www.adecose.com\/grupo-pacc-abre-una-nueva-franquicia-en-fuengirola-y-alcanza-las-41-oficinas-franquiciadas\/","og_locale":"en_US","og_type":"article","og_title":"GRUPO PACC abre una nueva franquicia en Fuengirola y alcanza las 41 oficinas franquiciadas - ADECOSE","og_description":"GRUPO PACC contin\u00faa reforzando su red territorial con la apertura de una nueva franquicia en la localidad malague\u00f1a de Fuengirola, ubicada en Calle Inca, 7....","og_url":"https:\/\/www.adecose.com\/grupo-pacc-abre-una-nueva-franquicia-en-fuengirola-y-alcanza-las-41-oficinas-franquiciadas\/","og_site_name":"ADECOSE","article_published_time":"2025-06-23T09:41:46+00:00","og_image":[{"width":1476,"height":678,"url":"https:\/\/www.adecose.com\/wp-content\/uploads\/2025\/01\/empresas-grupopacc-grancity3.jpg","type":"image\/jpeg"}],"author":"Comunicaci\u00f3n ADECOSE","twitter_card":"summary_large_image","twitter_misc":{"Written by":"Comunicaci\u00f3n ADECOSE","Est. reading time":"2 minutes"},"schema":{"@context":"https:\/\/schema.org","@graph":[{"@type":"Article","@id":"https:\/\/www.adecose.com\/grupo-pacc-abre-una-nueva-franquicia-en-fuengirola-y-alcanza-las-41-oficinas-franquiciadas\/#article","isPartOf":{"@id":"https:\/\/www.adecose.com\/grupo-pacc-abre-una-nueva-franquicia-en-fuengirola-y-alcanza-las-41-oficinas-franquiciadas\/"},"author":{"name":"Comunicaci\u00f3n ADECOSE","@id":"https:\/\/www.adecose.com\/gl\/#\/schema\/person\/ff086ce55f6379e1d225a2c0dca5eeb6"},"headline":"GRUPO PACC abre una nueva franquicia en Fuengirola y alcanza las 41 oficinas franquiciadas","datePublished":"2025-06-23T09:41:46+00:00","mainEntityOfPage":{"@id":"https:\/\/www.adecose.com\/grupo-pacc-abre-una-nueva-franquicia-en-fuengirola-y-alcanza-las-41-oficinas-franquiciadas\/"},"wordCount":259,"publisher":{"@id":"https:\/\/www.adecose.com\/gl\/#organization"},"image":{"@id":"https:\/\/www.adecose.com\/grupo-pacc-abre-una-nueva-franquicia-en-fuengirola-y-alcanza-las-41-oficinas-franquiciadas\/#primaryimage"},"thumbnailUrl":"https:\/\/www.adecose.com\/wp-content\/uploads\/2025\/01\/empresas-grupopacc-grancity3.jpg","keywords":["Corredur\u00edas de seguros","Franquicias","Grupo PACC"],"articleSection":["Espacio #Corredur\u00edasADECOSE"],"inLanguage":"en-US"},{"@type":"WebPage","@id":"https:\/\/www.adecose.com\/grupo-pacc-abre-una-nueva-franquicia-en-fuengirola-y-alcanza-las-41-oficinas-franquiciadas\/","url":"https:\/\/www.adecose.com\/grupo-pacc-abre-una-nueva-franquicia-en-fuengirola-y-alcanza-las-41-oficinas-franquiciadas\/","name":"GRUPO PACC abre una nueva franquicia en Fuengirola y alcanza las 41 oficinas franquiciadas - ADECOSE","isPartOf":{"@id":"https:\/\/www.adecose.com\/gl\/#website"},"primaryImageOfPage":{"@id":"https:\/\/www.adecose.com\/grupo-pacc-abre-una-nueva-franquicia-en-fuengirola-y-alcanza-las-41-oficinas-franquiciadas\/#primaryimage"},"image":{"@id":"https:\/\/www.adecose.com\/grupo-pacc-abre-una-nueva-franquicia-en-fuengirola-y-alcanza-las-41-oficinas-franquiciadas\/#primaryimage"},"thumbnailUrl":"https:\/\/www.adecose.com\/wp-content\/uploads\/2025\/01\/empresas-grupopacc-grancity3.jpg","datePublished":"2025-06-23T09:41:46+00:00","breadcrumb":{"@id":"https:\/\/www.adecose.com\/grupo-pacc-abre-una-nueva-franquicia-en-fuengirola-y-alcanza-las-41-oficinas-franquiciadas\/#breadcrumb"},"inLanguage":"en-US","potentialAction":[{"@type":"ReadAction","target":["https:\/\/www.adecose.com\/grupo-pacc-abre-una-nueva-franquicia-en-fuengirola-y-alcanza-las-41-oficinas-franquiciadas\/"]}]},{"@type":"ImageObject","inLanguage":"en-US","@id":"https:\/\/www.adecose.com\/grupo-pacc-abre-una-nueva-franquicia-en-fuengirola-y-alcanza-las-41-oficinas-franquiciadas\/#primaryimage","url":"https:\/\/www.adecose.com\/wp-content\/uploads\/2025\/01\/empresas-grupopacc-grancity3.jpg","contentUrl":"https:\/\/www.adecose.com\/wp-content\/uploads\/2025\/01\/empresas-grupopacc-grancity3.jpg","width":1476,"height":678,"caption":"xr:d:DAFyXqHAeR0:287,j:7492153559231347600,t:24011515"},{"@type":"BreadcrumbList","@id":"https:\/\/www.adecose.com\/grupo-pacc-abre-una-nueva-franquicia-en-fuengirola-y-alcanza-las-41-oficinas-franquiciadas\/#breadcrumb","itemListElement":[{"@type":"ListItem","position":1,"name":"Portada","item":"https:\/\/www.adecose.com\/en\/"},{"@type":"ListItem","position":2,"name":"GRUPO PACC abre una nueva franquicia en Fuengirola y alcanza las 41 oficinas franquiciadas"}]},{"@type":"WebSite","@id":"https:\/\/www.adecose.com\/gl\/#website","url":"https:\/\/www.adecose.com\/gl\/","name":"ADECOSE","description":"Spanish Association of Insurance and Reinsurance Brokers","publisher":{"@id":"https:\/\/www.adecose.com\/gl\/#organization"},"potentialAction":[{"@type":"SearchAction","target":{"@type":"EntryPoint","urlTemplate":"https:\/\/www.adecose.com\/gl\/?s={search_term_string}"},"query-input":{"@type":"PropertyValueSpecification","valueRequired":true,"valueName":"search_term_string"}}],"inLanguage":"en-US"},{"@type":"Organization","@id":"https:\/\/www.adecose.com\/gl\/#organization","name":"ADECOSE","url":"https:\/\/www.adecose.com\/gl\/","logo":{"@type":"ImageObject","inLanguage":"en-US","@id":"https:\/\/www.adecose.com\/gl\/#\/schema\/logo\/image\/","url":"https:\/\/www.adecose.com\/wp-content\/uploads\/2020\/07\/favicon.png","contentUrl":"https:\/\/www.adecose.com\/wp-content\/uploads\/2020\/07\/favicon.png","width":512,"height":512,"caption":"ADECOSE"},"image":{"@id":"https:\/\/www.adecose.com\/gl\/#\/schema\/logo\/image\/"}},{"@type":"Person","@id":"https:\/\/www.adecose.com\/gl\/#\/schema\/person\/ff086ce55f6379e1d225a2c0dca5eeb6","name":"Comunicaci\u00f3n ADECOSE","image":{"@type":"ImageObject","inLanguage":"en-US","@id":"https:\/\/secure.gravatar.com\/avatar\/01cd1f9571997441bf1da6d1cc147351305f03fe8f2acf1ebbec60ebb26924ce?s=96&d=mm&r=g","url":"https:\/\/secure.gravatar.com\/avatar\/01cd1f9571997441bf1da6d1cc147351305f03fe8f2acf1ebbec60ebb26924ce?s=96&d=mm&r=g","contentUrl":"https:\/\/secure.gravatar.com\/avatar\/01cd1f9571997441bf1da6d1cc147351305f03fe8f2acf1ebbec60ebb26924ce?s=96&d=mm&r=g","caption":"Comunicaci\u00f3n ADECOSE"}}]}},"_links":{"self":[{"href":"https:\/\/www.adecose.com\/en\/wp-json\/wp\/v2\/posts\/19407","targetHints":{"allow":["GET"]}}],"collection":[{"href":"https:\/\/www.adecose.com\/en\/wp-json\/wp\/v2\/posts"}],"about":[{"href":"https:\/\/www.adecose.com\/en\/wp-json\/wp\/v2\/types\/post"}],"author":[{"embeddable":true,"href":"https:\/\/www.adecose.com\/en\/wp-json\/wp\/v2\/users\/197"}],"replies":[{"embeddable":true,"href":"https:\/\/www.adecose.com\/en\/wp-json\/wp\/v2\/comments?post=19407"}],"version-history":[{"count":0,"href":"https:\/\/www.adecose.com\/en\/wp-json\/wp\/v2\/posts\/19407\/revisions"}],"wp:featuredmedia":[{"embeddable":true,"href":"https:\/\/www.adecose.com\/en\/wp-json\/wp\/v2\/media\/18479"}],"wp:attachment":[{"href":"https:\/\/www.adecose.com\/en\/wp-json\/wp\/v2\/media?parent=19407"}],"wp:term":[{"taxonomy":"category","embeddable":true,"href":"https:\/\/www.adecose.com\/en\/wp-json\/wp\/v2\/categories?post=19407"},{"taxonomy":"post_tag","embeddable":true,"href":"https:\/\/www.adecose.com\/en\/wp-json\/wp\/v2\/tags?post=19407"}],"curies":[{"name":"wp","href":"https:\/\/api.w.org\/{rel}","templated":true}]}}