{"id":18418,"date":"2025-01-16T12:56:57","date_gmt":"2025-01-16T11:56:57","guid":{"rendered":"https:\/\/www.adecose.com\/?p=18418"},"modified":"2025-01-16T12:57:47","modified_gmt":"2025-01-16T11:57:47","slug":"pib-group-iberia-inicia-su-negocio-en-portugal-con-la-integracion-en-el-grupo-de-vitorinos-group","status":"publish","type":"post","link":"https:\/\/www.adecose.com\/en\/pib-group-iberia-inicia-su-negocio-en-portugal-con-la-integracion-en-el-grupo-de-vitorinos-group\/","title":{"rendered":"PIB Group Iberia inicia su negocio en Portugal con la integraci\u00f3n en el grupo de Vitorinos Group"},"content":{"rendered":"<p><em>\u00b7 A trav\u00e9s de esta operaci\u00f3n, Portugal se consolida como el 12\u00ba pa\u00eds en el que el grupo tiene presencia<\/em><br \/>\n<em>\u00b7 Mauricio Oliveira, actual General Manager de Vitorinos Group, asumir\u00e1 el cargo de General Manager de PIB Group Iberia en Portugal y Hugo Vitorino, hasta ahora propietario de la compa\u00f1\u00eda, desempe\u00f1ar\u00e1 el rol de Chief Operating Officer<\/em><\/p>\n<p><strong>PIB Group Iberia<\/strong>, broker global de seguros, anuncia su entrada en el mercado portugu\u00e9s, siendo el 12.\u00ba pa\u00eds en el que el grupo operaa nivel global. Un desembarco que se ha llevado a cabo a trav\u00e9s de Vitorinos Group, una compa\u00f1\u00eda de referencia en mediaci\u00f3n de seguros con m\u00e1s de 50 a\u00f1os de trayectoria y un volumen de negocio de 80 millones de euros en primas gestionadas.<br \/>\nVitorinos Group est\u00e1 compuesto por diversas compa\u00f1\u00edas: Vitorinos Seguros, Linha Medieval, Beneseg, Miranseguros, Afirma Media\u00e7\u00e3o Seguros, APR Esteves y Pr\u00e9mio Total. El grupo opera en todo el territorio portugu\u00e9s con 16 oficinas, m\u00e1s de 120 profesionales y una cartera de m\u00e1s de 150.000 clientes.<br \/>\n\u201cEsta operaci\u00f3n representa un paso estrat\u00e9gico clave para PIB Group Iberia, siendo la operaci\u00f3n m\u00e1s importante de la compa\u00f1\u00eda en el territorio ib\u00e9rico, consolid\u00e1ndonos como l\u00edderes en la mediaci\u00f3n de seguros en el sur de Europa y reafirmando nuestro compromiso con el crecimiento y la excelencia\u201d, apunta Mart\u00edn Navaz, CEO de PIB Group Iberia.<br \/>\nEsta expansi\u00f3n se enmarca en la estrategia de crecimiento internacional de PIB Group, que en noviembre de 2024 tambi\u00e9n inici\u00f3 operaciones en Francia.<br \/>\nOnno Jansen, CEO de PIB Group Europe comenta \u201cDespu\u00e9s de la entrada en Francia a finales del 2024, es todo un \u00e9xito para nuestro grupo iniciar el a\u00f1o 2025 con nuestra llegada a Portugal de la mano del Hub de Iberia. Esta nueva operaci\u00f3n es clave con tal de seguir adelante con nuestra estrategia de consolidaci\u00f3n y expansi\u00f3n en el sur de Europa\u201d.<\/p>\n<p><strong>Mauricio Oliveira y Hugo Vitorino, nuevos GM y COO de PIB Group Iberia en Portugal<\/strong><\/p>\n<p>Mauricio Oliveira, actual General Manager de Vitorinos Seguros, asumir\u00e1 el cargo de General Manager de PIB Group Iberia en Portugal. Por su parte, Hugo Vitorino, hasta ahora propietario de la compa\u00f1\u00eda, desempe\u00f1ar\u00e1 el rol de Chief Operating Officer (COO). Ambos reportar\u00e1n directamente al Hub de Iberia liderado por Mart\u00edn Navaz.<br \/>\n\u201cNuestra integraci\u00f3n en PIB Group Iberia marca un emocionante nuevo cap\u00edtulo para Vitorinos Group. Estamos convencidos de que esta uni\u00f3n fortalecer\u00e1 nuestra capacidad de ofrecer soluciones innovadoras y un servicio excepcional a nuestros clientes en Portugal\u201d, se\u00f1ala Mauricio Oliveira, General Manager Portugla de PIB Group Iberia.<\/p>\n","protected":false},"excerpt":{"rendered":"<p>\u00b7 A trav\u00e9s de esta operaci\u00f3n, Portugal se consolida como el 12\u00ba pa\u00eds en el que el grupo tiene presencia \u00b7 Mauricio Oliveira, actual General&#8230;<\/p>\n","protected":false},"author":197,"featured_media":18372,"comment_status":"closed","ping_status":"closed","sticky":false,"template":"","format":"standard","meta":{"_acf_changed":false,"_price":"","_stock":"","_tribe_ticket_header":"","_tribe_default_ticket_provider":"","_tribe_ticket_capacity":"0","_ticket_start_date":"","_ticket_end_date":"","_tribe_ticket_show_description":"","_tribe_ticket_show_not_going":false,"_tribe_ticket_use_global_stock":"","_tribe_ticket_global_stock_level":"","_global_stock_mode":"","_global_stock_cap":"","_tribe_rsvp_for_event":"","_tribe_ticket_going_count":"","_tribe_ticket_not_going_count":"","_tribe_tickets_list":"[]","_tribe_ticket_has_attendee_info_fields":false,"footnotes":""},"categories":[339],"tags":[517,519,544],"class_list":["post-18418","post","type-post","status-publish","format-standard","has-post-thumbnail","category-espacio-correduriasadecose","tag-corredurias-de-seguros","tag-integracion","tag-pib-group-iberia"],"acf":[],"yoast_head":"<!-- This site is optimized with the Yoast SEO plugin v27.2 - https:\/\/yoast.com\/product\/yoast-seo-wordpress\/ -->\n<title>PIB Group Iberia inicia su negocio en Portugal con la integraci\u00f3n en el grupo de Vitorinos Group - ADECOSE<\/title>\n<meta name=\"robots\" content=\"index, follow, max-snippet:-1, max-image-preview:large, max-video-preview:-1\" \/>\n<link rel=\"canonical\" href=\"https:\/\/www.adecose.com\/pib-group-iberia-inicia-su-negocio-en-portugal-con-la-integracion-en-el-grupo-de-vitorinos-group\/\" \/>\n<meta property=\"og:locale\" content=\"en_US\" \/>\n<meta property=\"og:type\" content=\"article\" \/>\n<meta property=\"og:title\" content=\"PIB Group Iberia inicia su negocio en Portugal con la integraci\u00f3n en el grupo de Vitorinos Group - ADECOSE\" \/>\n<meta property=\"og:description\" content=\"\u00b7 A trav\u00e9s de esta operaci\u00f3n, Portugal se consolida como el 12\u00ba pa\u00eds en el que el grupo tiene presencia \u00b7 Mauricio Oliveira, actual General...\" \/>\n<meta property=\"og:url\" content=\"https:\/\/www.adecose.com\/pib-group-iberia-inicia-su-negocio-en-portugal-con-la-integracion-en-el-grupo-de-vitorinos-group\/\" \/>\n<meta property=\"og:site_name\" content=\"ADECOSE\" \/>\n<meta property=\"article:published_time\" content=\"2025-01-16T11:56:57+00:00\" \/>\n<meta property=\"article:modified_time\" content=\"2025-01-16T11:57:47+00:00\" \/>\n<meta property=\"og:image\" content=\"https:\/\/www.adecose.com\/wp-content\/uploads\/2025\/01\/Captura-de-pantalla-2025-01-14-a-las-10.28.27.png\" \/>\n\t<meta property=\"og:image:width\" content=\"1221\" \/>\n\t<meta property=\"og:image:height\" content=\"784\" \/>\n\t<meta property=\"og:image:type\" content=\"image\/png\" \/>\n<meta name=\"author\" content=\"Comunicaci\u00f3n ADECOSE\" \/>\n<meta name=\"twitter:card\" content=\"summary_large_image\" \/>\n<meta name=\"twitter:label1\" content=\"Written by\" \/>\n\t<meta name=\"twitter:data1\" content=\"Comunicaci\u00f3n ADECOSE\" \/>\n\t<meta name=\"twitter:label2\" content=\"Est. reading time\" \/>\n\t<meta name=\"twitter:data2\" content=\"3 minutes\" \/>\n<script type=\"application\/ld+json\" class=\"yoast-schema-graph\">{\"@context\":\"https:\/\/schema.org\",\"@graph\":[{\"@type\":\"Article\",\"@id\":\"https:\/\/www.adecose.com\/pib-group-iberia-inicia-su-negocio-en-portugal-con-la-integracion-en-el-grupo-de-vitorinos-group\/#article\",\"isPartOf\":{\"@id\":\"https:\/\/www.adecose.com\/pib-group-iberia-inicia-su-negocio-en-portugal-con-la-integracion-en-el-grupo-de-vitorinos-group\/\"},\"author\":{\"name\":\"Comunicaci\u00f3n ADECOSE\",\"@id\":\"https:\/\/www.adecose.com\/gl\/#\/schema\/person\/ff086ce55f6379e1d225a2c0dca5eeb6\"},\"headline\":\"PIB Group Iberia inicia su negocio en Portugal con la integraci\u00f3n en el grupo de Vitorinos Group\",\"datePublished\":\"2025-01-16T11:56:57+00:00\",\"dateModified\":\"2025-01-16T11:57:47+00:00\",\"mainEntityOfPage\":{\"@id\":\"https:\/\/www.adecose.com\/pib-group-iberia-inicia-su-negocio-en-portugal-con-la-integracion-en-el-grupo-de-vitorinos-group\/\"},\"wordCount\":468,\"publisher\":{\"@id\":\"https:\/\/www.adecose.com\/gl\/#organization\"},\"image\":{\"@id\":\"https:\/\/www.adecose.com\/pib-group-iberia-inicia-su-negocio-en-portugal-con-la-integracion-en-el-grupo-de-vitorinos-group\/#primaryimage\"},\"thumbnailUrl\":\"https:\/\/www.adecose.com\/wp-content\/uploads\/2025\/01\/Captura-de-pantalla-2025-01-14-a-las-10.28.27.png\",\"keywords\":[\"Corredur\u00edas de seguros\",\"Integraci\u00f3n\",\"PIB Group Iberia\"],\"articleSection\":[\"Espacio #Corredur\u00edasADECOSE\"],\"inLanguage\":\"en-US\"},{\"@type\":\"WebPage\",\"@id\":\"https:\/\/www.adecose.com\/pib-group-iberia-inicia-su-negocio-en-portugal-con-la-integracion-en-el-grupo-de-vitorinos-group\/\",\"url\":\"https:\/\/www.adecose.com\/pib-group-iberia-inicia-su-negocio-en-portugal-con-la-integracion-en-el-grupo-de-vitorinos-group\/\",\"name\":\"PIB Group Iberia inicia su negocio en Portugal con la integraci\u00f3n en el grupo de Vitorinos Group - ADECOSE\",\"isPartOf\":{\"@id\":\"https:\/\/www.adecose.com\/gl\/#website\"},\"primaryImageOfPage\":{\"@id\":\"https:\/\/www.adecose.com\/pib-group-iberia-inicia-su-negocio-en-portugal-con-la-integracion-en-el-grupo-de-vitorinos-group\/#primaryimage\"},\"image\":{\"@id\":\"https:\/\/www.adecose.com\/pib-group-iberia-inicia-su-negocio-en-portugal-con-la-integracion-en-el-grupo-de-vitorinos-group\/#primaryimage\"},\"thumbnailUrl\":\"https:\/\/www.adecose.com\/wp-content\/uploads\/2025\/01\/Captura-de-pantalla-2025-01-14-a-las-10.28.27.png\",\"datePublished\":\"2025-01-16T11:56:57+00:00\",\"dateModified\":\"2025-01-16T11:57:47+00:00\",\"breadcrumb\":{\"@id\":\"https:\/\/www.adecose.com\/pib-group-iberia-inicia-su-negocio-en-portugal-con-la-integracion-en-el-grupo-de-vitorinos-group\/#breadcrumb\"},\"inLanguage\":\"en-US\",\"potentialAction\":[{\"@type\":\"ReadAction\",\"target\":[\"https:\/\/www.adecose.com\/pib-group-iberia-inicia-su-negocio-en-portugal-con-la-integracion-en-el-grupo-de-vitorinos-group\/\"]}]},{\"@type\":\"ImageObject\",\"inLanguage\":\"en-US\",\"@id\":\"https:\/\/www.adecose.com\/pib-group-iberia-inicia-su-negocio-en-portugal-con-la-integracion-en-el-grupo-de-vitorinos-group\/#primaryimage\",\"url\":\"https:\/\/www.adecose.com\/wp-content\/uploads\/2025\/01\/Captura-de-pantalla-2025-01-14-a-las-10.28.27.png\",\"contentUrl\":\"https:\/\/www.adecose.com\/wp-content\/uploads\/2025\/01\/Captura-de-pantalla-2025-01-14-a-las-10.28.27.png\",\"width\":1221,\"height\":784},{\"@type\":\"BreadcrumbList\",\"@id\":\"https:\/\/www.adecose.com\/pib-group-iberia-inicia-su-negocio-en-portugal-con-la-integracion-en-el-grupo-de-vitorinos-group\/#breadcrumb\",\"itemListElement\":[{\"@type\":\"ListItem\",\"position\":1,\"name\":\"Portada\",\"item\":\"https:\/\/www.adecose.com\/en\/\"},{\"@type\":\"ListItem\",\"position\":2,\"name\":\"PIB Group Iberia inicia su negocio en Portugal con la integraci\u00f3n en el grupo de Vitorinos Group\"}]},{\"@type\":\"WebSite\",\"@id\":\"https:\/\/www.adecose.com\/gl\/#website\",\"url\":\"https:\/\/www.adecose.com\/gl\/\",\"name\":\"ADECOSE\",\"description\":\"Spanish Association of Insurance and Reinsurance Brokers\",\"publisher\":{\"@id\":\"https:\/\/www.adecose.com\/gl\/#organization\"},\"potentialAction\":[{\"@type\":\"SearchAction\",\"target\":{\"@type\":\"EntryPoint\",\"urlTemplate\":\"https:\/\/www.adecose.com\/gl\/?s={search_term_string}\"},\"query-input\":{\"@type\":\"PropertyValueSpecification\",\"valueRequired\":true,\"valueName\":\"search_term_string\"}}],\"inLanguage\":\"en-US\"},{\"@type\":\"Organization\",\"@id\":\"https:\/\/www.adecose.com\/gl\/#organization\",\"name\":\"ADECOSE\",\"url\":\"https:\/\/www.adecose.com\/gl\/\",\"logo\":{\"@type\":\"ImageObject\",\"inLanguage\":\"en-US\",\"@id\":\"https:\/\/www.adecose.com\/gl\/#\/schema\/logo\/image\/\",\"url\":\"https:\/\/www.adecose.com\/wp-content\/uploads\/2020\/07\/favicon.png\",\"contentUrl\":\"https:\/\/www.adecose.com\/wp-content\/uploads\/2020\/07\/favicon.png\",\"width\":512,\"height\":512,\"caption\":\"ADECOSE\"},\"image\":{\"@id\":\"https:\/\/www.adecose.com\/gl\/#\/schema\/logo\/image\/\"}},{\"@type\":\"Person\",\"@id\":\"https:\/\/www.adecose.com\/gl\/#\/schema\/person\/ff086ce55f6379e1d225a2c0dca5eeb6\",\"name\":\"Comunicaci\u00f3n ADECOSE\",\"image\":{\"@type\":\"ImageObject\",\"inLanguage\":\"en-US\",\"@id\":\"https:\/\/secure.gravatar.com\/avatar\/01cd1f9571997441bf1da6d1cc147351305f03fe8f2acf1ebbec60ebb26924ce?s=96&d=mm&r=g\",\"url\":\"https:\/\/secure.gravatar.com\/avatar\/01cd1f9571997441bf1da6d1cc147351305f03fe8f2acf1ebbec60ebb26924ce?s=96&d=mm&r=g\",\"contentUrl\":\"https:\/\/secure.gravatar.com\/avatar\/01cd1f9571997441bf1da6d1cc147351305f03fe8f2acf1ebbec60ebb26924ce?s=96&d=mm&r=g\",\"caption\":\"Comunicaci\u00f3n ADECOSE\"}}]}<\/script>\n<!-- \/ Yoast SEO plugin. -->","yoast_head_json":{"title":"PIB Group Iberia inicia su negocio en Portugal con la integraci\u00f3n en el grupo de Vitorinos Group - ADECOSE","robots":{"index":"index","follow":"follow","max-snippet":"max-snippet:-1","max-image-preview":"max-image-preview:large","max-video-preview":"max-video-preview:-1"},"canonical":"https:\/\/www.adecose.com\/pib-group-iberia-inicia-su-negocio-en-portugal-con-la-integracion-en-el-grupo-de-vitorinos-group\/","og_locale":"en_US","og_type":"article","og_title":"PIB Group Iberia inicia su negocio en Portugal con la integraci\u00f3n en el grupo de Vitorinos Group - ADECOSE","og_description":"\u00b7 A trav\u00e9s de esta operaci\u00f3n, Portugal se consolida como el 12\u00ba pa\u00eds en el que el grupo tiene presencia \u00b7 Mauricio Oliveira, actual General...","og_url":"https:\/\/www.adecose.com\/pib-group-iberia-inicia-su-negocio-en-portugal-con-la-integracion-en-el-grupo-de-vitorinos-group\/","og_site_name":"ADECOSE","article_published_time":"2025-01-16T11:56:57+00:00","article_modified_time":"2025-01-16T11:57:47+00:00","og_image":[{"width":1221,"height":784,"url":"https:\/\/www.adecose.com\/wp-content\/uploads\/2025\/01\/Captura-de-pantalla-2025-01-14-a-las-10.28.27.png","type":"image\/png"}],"author":"Comunicaci\u00f3n ADECOSE","twitter_card":"summary_large_image","twitter_misc":{"Written by":"Comunicaci\u00f3n ADECOSE","Est. reading time":"3 minutes"},"schema":{"@context":"https:\/\/schema.org","@graph":[{"@type":"Article","@id":"https:\/\/www.adecose.com\/pib-group-iberia-inicia-su-negocio-en-portugal-con-la-integracion-en-el-grupo-de-vitorinos-group\/#article","isPartOf":{"@id":"https:\/\/www.adecose.com\/pib-group-iberia-inicia-su-negocio-en-portugal-con-la-integracion-en-el-grupo-de-vitorinos-group\/"},"author":{"name":"Comunicaci\u00f3n ADECOSE","@id":"https:\/\/www.adecose.com\/gl\/#\/schema\/person\/ff086ce55f6379e1d225a2c0dca5eeb6"},"headline":"PIB Group Iberia inicia su negocio en Portugal con la integraci\u00f3n en el grupo de Vitorinos Group","datePublished":"2025-01-16T11:56:57+00:00","dateModified":"2025-01-16T11:57:47+00:00","mainEntityOfPage":{"@id":"https:\/\/www.adecose.com\/pib-group-iberia-inicia-su-negocio-en-portugal-con-la-integracion-en-el-grupo-de-vitorinos-group\/"},"wordCount":468,"publisher":{"@id":"https:\/\/www.adecose.com\/gl\/#organization"},"image":{"@id":"https:\/\/www.adecose.com\/pib-group-iberia-inicia-su-negocio-en-portugal-con-la-integracion-en-el-grupo-de-vitorinos-group\/#primaryimage"},"thumbnailUrl":"https:\/\/www.adecose.com\/wp-content\/uploads\/2025\/01\/Captura-de-pantalla-2025-01-14-a-las-10.28.27.png","keywords":["Corredur\u00edas de seguros","Integraci\u00f3n","PIB Group Iberia"],"articleSection":["Espacio #Corredur\u00edasADECOSE"],"inLanguage":"en-US"},{"@type":"WebPage","@id":"https:\/\/www.adecose.com\/pib-group-iberia-inicia-su-negocio-en-portugal-con-la-integracion-en-el-grupo-de-vitorinos-group\/","url":"https:\/\/www.adecose.com\/pib-group-iberia-inicia-su-negocio-en-portugal-con-la-integracion-en-el-grupo-de-vitorinos-group\/","name":"PIB Group Iberia inicia su negocio en Portugal con la integraci\u00f3n en el grupo de Vitorinos Group - ADECOSE","isPartOf":{"@id":"https:\/\/www.adecose.com\/gl\/#website"},"primaryImageOfPage":{"@id":"https:\/\/www.adecose.com\/pib-group-iberia-inicia-su-negocio-en-portugal-con-la-integracion-en-el-grupo-de-vitorinos-group\/#primaryimage"},"image":{"@id":"https:\/\/www.adecose.com\/pib-group-iberia-inicia-su-negocio-en-portugal-con-la-integracion-en-el-grupo-de-vitorinos-group\/#primaryimage"},"thumbnailUrl":"https:\/\/www.adecose.com\/wp-content\/uploads\/2025\/01\/Captura-de-pantalla-2025-01-14-a-las-10.28.27.png","datePublished":"2025-01-16T11:56:57+00:00","dateModified":"2025-01-16T11:57:47+00:00","breadcrumb":{"@id":"https:\/\/www.adecose.com\/pib-group-iberia-inicia-su-negocio-en-portugal-con-la-integracion-en-el-grupo-de-vitorinos-group\/#breadcrumb"},"inLanguage":"en-US","potentialAction":[{"@type":"ReadAction","target":["https:\/\/www.adecose.com\/pib-group-iberia-inicia-su-negocio-en-portugal-con-la-integracion-en-el-grupo-de-vitorinos-group\/"]}]},{"@type":"ImageObject","inLanguage":"en-US","@id":"https:\/\/www.adecose.com\/pib-group-iberia-inicia-su-negocio-en-portugal-con-la-integracion-en-el-grupo-de-vitorinos-group\/#primaryimage","url":"https:\/\/www.adecose.com\/wp-content\/uploads\/2025\/01\/Captura-de-pantalla-2025-01-14-a-las-10.28.27.png","contentUrl":"https:\/\/www.adecose.com\/wp-content\/uploads\/2025\/01\/Captura-de-pantalla-2025-01-14-a-las-10.28.27.png","width":1221,"height":784},{"@type":"BreadcrumbList","@id":"https:\/\/www.adecose.com\/pib-group-iberia-inicia-su-negocio-en-portugal-con-la-integracion-en-el-grupo-de-vitorinos-group\/#breadcrumb","itemListElement":[{"@type":"ListItem","position":1,"name":"Portada","item":"https:\/\/www.adecose.com\/en\/"},{"@type":"ListItem","position":2,"name":"PIB Group Iberia inicia su negocio en Portugal con la integraci\u00f3n en el grupo de Vitorinos Group"}]},{"@type":"WebSite","@id":"https:\/\/www.adecose.com\/gl\/#website","url":"https:\/\/www.adecose.com\/gl\/","name":"ADECOSE","description":"Spanish Association of Insurance and Reinsurance Brokers","publisher":{"@id":"https:\/\/www.adecose.com\/gl\/#organization"},"potentialAction":[{"@type":"SearchAction","target":{"@type":"EntryPoint","urlTemplate":"https:\/\/www.adecose.com\/gl\/?s={search_term_string}"},"query-input":{"@type":"PropertyValueSpecification","valueRequired":true,"valueName":"search_term_string"}}],"inLanguage":"en-US"},{"@type":"Organization","@id":"https:\/\/www.adecose.com\/gl\/#organization","name":"ADECOSE","url":"https:\/\/www.adecose.com\/gl\/","logo":{"@type":"ImageObject","inLanguage":"en-US","@id":"https:\/\/www.adecose.com\/gl\/#\/schema\/logo\/image\/","url":"https:\/\/www.adecose.com\/wp-content\/uploads\/2020\/07\/favicon.png","contentUrl":"https:\/\/www.adecose.com\/wp-content\/uploads\/2020\/07\/favicon.png","width":512,"height":512,"caption":"ADECOSE"},"image":{"@id":"https:\/\/www.adecose.com\/gl\/#\/schema\/logo\/image\/"}},{"@type":"Person","@id":"https:\/\/www.adecose.com\/gl\/#\/schema\/person\/ff086ce55f6379e1d225a2c0dca5eeb6","name":"Comunicaci\u00f3n ADECOSE","image":{"@type":"ImageObject","inLanguage":"en-US","@id":"https:\/\/secure.gravatar.com\/avatar\/01cd1f9571997441bf1da6d1cc147351305f03fe8f2acf1ebbec60ebb26924ce?s=96&d=mm&r=g","url":"https:\/\/secure.gravatar.com\/avatar\/01cd1f9571997441bf1da6d1cc147351305f03fe8f2acf1ebbec60ebb26924ce?s=96&d=mm&r=g","contentUrl":"https:\/\/secure.gravatar.com\/avatar\/01cd1f9571997441bf1da6d1cc147351305f03fe8f2acf1ebbec60ebb26924ce?s=96&d=mm&r=g","caption":"Comunicaci\u00f3n ADECOSE"}}]}},"_links":{"self":[{"href":"https:\/\/www.adecose.com\/en\/wp-json\/wp\/v2\/posts\/18418","targetHints":{"allow":["GET"]}}],"collection":[{"href":"https:\/\/www.adecose.com\/en\/wp-json\/wp\/v2\/posts"}],"about":[{"href":"https:\/\/www.adecose.com\/en\/wp-json\/wp\/v2\/types\/post"}],"author":[{"embeddable":true,"href":"https:\/\/www.adecose.com\/en\/wp-json\/wp\/v2\/users\/197"}],"replies":[{"embeddable":true,"href":"https:\/\/www.adecose.com\/en\/wp-json\/wp\/v2\/comments?post=18418"}],"version-history":[{"count":0,"href":"https:\/\/www.adecose.com\/en\/wp-json\/wp\/v2\/posts\/18418\/revisions"}],"wp:featuredmedia":[{"embeddable":true,"href":"https:\/\/www.adecose.com\/en\/wp-json\/wp\/v2\/media\/18372"}],"wp:attachment":[{"href":"https:\/\/www.adecose.com\/en\/wp-json\/wp\/v2\/media?parent=18418"}],"wp:term":[{"taxonomy":"category","embeddable":true,"href":"https:\/\/www.adecose.com\/en\/wp-json\/wp\/v2\/categories?post=18418"},{"taxonomy":"post_tag","embeddable":true,"href":"https:\/\/www.adecose.com\/en\/wp-json\/wp\/v2\/tags?post=18418"}],"curies":[{"name":"wp","href":"https:\/\/api.w.org\/{rel}","templated":true}]}}