{"id":15901,"date":"2023-12-22T12:30:35","date_gmt":"2023-12-22T11:30:35","guid":{"rendered":"https:\/\/www.adecose.com\/?p=15901"},"modified":"2023-12-22T12:30:35","modified_gmt":"2023-12-22T11:30:35","slug":"ruiz-re-celebra-la-segunda-edicion-del-dia-re-el-que-es-ya-considerado-su-evento-anual-mas-esperado","status":"publish","type":"post","link":"https:\/\/www.adecose.com\/en\/ruiz-re-celebra-la-segunda-edicion-del-dia-re-el-que-es-ya-considerado-su-evento-anual-mas-esperado\/","title":{"rendered":"Ruiz Re celebra la segunda edici\u00f3n del D\u00eda RE, el que es ya considerado su evento anual m\u00e1s esperado"},"content":{"rendered":"[vc_row type=&#8221;in_container&#8221; full_screen_row_position=&#8221;middle&#8221; column_margin=&#8221;default&#8221; column_direction=&#8221;default&#8221; column_direction_tablet=&#8221;default&#8221; column_direction_phone=&#8221;default&#8221; scene_position=&#8221;center&#8221; text_color=&#8221;dark&#8221; text_align=&#8221;left&#8221; row_border_radius=&#8221;none&#8221; row_border_radius_applies=&#8221;bg&#8221; overflow=&#8221;visible&#8221; overlay_strength=&#8221;0.3&#8243; gradient_direction=&#8221;left_to_right&#8221; shape_divider_position=&#8221;bottom&#8221; bg_image_animation=&#8221;none&#8221;][vc_column column_padding=&#8221;no-extra-padding&#8221; column_padding_tablet=&#8221;inherit&#8221; column_padding_phone=&#8221;inherit&#8221; column_padding_position=&#8221;all&#8221; column_element_direction_desktop=&#8221;default&#8221; column_element_spacing=&#8221;default&#8221; desktop_text_alignment=&#8221;default&#8221; tablet_text_alignment=&#8221;default&#8221; phone_text_alignment=&#8221;default&#8221; background_color_opacity=&#8221;1&#8243; background_hover_color_opacity=&#8221;1&#8243; column_backdrop_filter=&#8221;none&#8221; column_shadow=&#8221;none&#8221; column_border_radius=&#8221;none&#8221; column_link_target=&#8221;_self&#8221; column_position=&#8221;default&#8221; gradient_direction=&#8221;left_to_right&#8221; overlay_strength=&#8221;0.3&#8243; width=&#8221;1\/1&#8243; tablet_width_inherit=&#8221;default&#8221; animation_type=&#8221;default&#8221; bg_image_animation=&#8221;none&#8221; border_type=&#8221;simple&#8221; column_border_width=&#8221;none&#8221; column_border_style=&#8221;solid&#8221;][vc_column_text]\n<ul>\n<li class=\"s8\"><em><strong><span class=\"s7\">El lugar elegido para albergar <\/span><span class=\"s7\">a los <\/span><span class=\"s7\">m\u00e1s de <\/span><span class=\"s7\">70<\/span><span class=\"s7\"> asistentes fueron<\/span><span class=\"s7\"> las famosas Bodegas Barahonda, situadas en el municipio de Yecla.<\/span><\/strong><\/em><\/li>\n<\/ul>\n[\/vc_column_text][vc_column_text]\n<ul>\n<li class=\"s8\"><em><strong><span class=\"s7\">La jornada estuvo marcada por actividades en equipo, un intangible para la corredur\u00eda murciana, y por una visita guiada por <\/span><span class=\"s7\">las bodegas. <\/span><span class=\"s7\">Adem\u00e1s, m\u00fasica y comida durante todo el d\u00eda hicieron de este encuentro una fecha para recordar.<\/span><\/strong><\/em><\/li>\n<\/ul>\n[\/vc_column_text][vc_column_text]\n<p class=\"s12\"><span class=\"s7\">El pasado <\/span><span class=\"s7\">s\u00e1bado<\/span><span class=\"s7\">, 1<\/span><span class=\"s7\">6<\/span><span class=\"s7\"> de diciembre, se celebr\u00f3 <\/span><span class=\"s7\">la segunda edici\u00f3n del D\u00eda <\/span><span class=\"s7\">RE<\/span><span class=\"s7\">, la nueva <\/span><span class=\"s7\">f\u00f3rmula<\/span><span class=\"s7\"> que tienen en la corredur\u00eda de seguros murciana, Ruiz Re, <\/span><span class=\"s7\">de desarrollar su <\/span><span class=\"s7\">tradicional <\/span><span class=\"s7\">comida navide\u00f1a<\/span><span class=\"s7\">.<\/span><\/p>\n<p class=\"s12\"><span class=\"s7\">Las <\/span><span class=\"s7\">famosas Bodegas Barahonda, situadas en el municipio <\/span><span class=\"s7\">de Yecla, fueron el lugar elegido para <\/span><span class=\"s7\">disfrutar de una jornada <\/span><span class=\"s7\">con muchas actividades que favorec\u00edan el trabajo en equipo, uno de los intangibles de la empresa murciana. <\/span><\/p>\n<p class=\"s12\"><span class=\"s7\">Hasta el lugar se desplazaron <\/span><span class=\"s7\">m\u00e1s de<\/span> <span class=\"s7\">70<\/span><span class=\"s7\"> personas que representaban a cada delegaci\u00f3n de Ruiz Re en Espa\u00f1a. La corredur\u00eda, cuenta ya con <\/span><span class=\"s7\">77 oficinas repartidas por todo el territorio pen\u00ednsular, y sus representantes no se quisieron perder <\/span><span class=\"s7\">este acontecimiento<\/span><span class=\"s7\">. <\/span><\/p>\n<p class=\"s12\"><span class=\"s7\">Durante el d\u00eda, los <\/span><span class=\"s7\">trabajadores de Ruiz Re<\/span><span class=\"s7\"> pudieron disfrutar de diferentes actividades<\/span><span class=\"s7\">. Primero, comenzaron con <\/span><span class=\"s7\">una visita guiada <\/span><span class=\"s7\">por la<\/span><span class=\"s7\">s Bodegas Barahonda<\/span><span class=\"s7\">y una cata de vinos maridada. Luego,<\/span><span class=\"s7\"> los invitados participaron en un teambuilding, denominado \u201clogo &#8211; building\u201d, <\/span><span class=\"s7\">mediante la cual con sus <\/span><span class=\"s7\">camisetas <\/span><span class=\"s7\">y gorras <\/span><span class=\"s7\">corporativas<\/span> <span class=\"s7\">que vest\u00edan ese d\u00eda<\/span><span class=\"s7\"> junto con una multitud de globos naranja<\/span><span class=\"s7\">,<\/span><span class=\"s7\"> tuvieron que crear el logo de Ruiz Re. Adem\u00e1s, un dron pudo grabar toda la activida<\/span><span class=\"s7\">d, dejando unas im\u00e1genes que demuestra<\/span><span class=\"s7\">n<\/span><span class=\"s7\"> lo bien que cooperaron entre todos para cumplir con el objetivo. La fiesta continu\u00f3 con la tradicional comida de Navidad<\/span><span class=\"s7\"> y la uni\u00f3n de todo el personal en un ambiente distendido.<\/span><\/p>\n<p class=\"s12\"><span class=\"s7\">Juan Antonio Gil, <\/span><span class=\"s7\">director<\/span><span class=\"s7\"> de <\/span><span class=\"s7\">Personas, Organizaci\u00f3n &amp; RSC<\/span><span class=\"s7\"> de la corredur\u00eda, ha <\/span><span class=\"s7\">destacado que <\/span><span class=\"s13\">\u201cun encuentro como el D\u00eda RE es fundamental para <\/span><span class=\"s13\">fortalecer nuestra <\/span><span class=\"s14\">unidad y <\/span><span class=\"s14\">cohesi\u00f3n<\/span><span class=\"s13\">, que es especialmente importante <\/span><span class=\"s13\">en estos a\u00f1os de fuerte crecimiento de la compa\u00f1\u00eda<\/span><span class=\"s13\">. Todos los compa\u00f1eros y compa\u00f1eras pudieron disfrutar <\/span><span class=\"s13\">de una jornada fant\u00e1stica que deja un<\/span><span class=\"s13\">a estela duradera en el tiempo<\/span><span class=\"s13\">,<\/span><span class=\"s13\"> y que potencia<\/span> <span class=\"s13\">el orgullo de pertenencia<\/span><span class=\"s13\"> a la empresa<\/span><span class=\"s13\">\u201d.<\/span><\/p>\n<p class=\"s12\"><span class=\"s7\">Por otro lado, Juan David Ruiz, GEO de Ruiz Re, resume la jornada como \u201c<\/span><span class=\"s13\">un d\u00eda donde pusimos de manifiesto uno de los valores que m\u00e1s nos caracteriza: <\/span><span class=\"s14\">el trabajo en equipo y el trato humano.<\/span><span class=\"s13\"> Con jornadas como esta vemos la<\/span><span class=\"s13\"> suerte que tenemos de trabajar en Ruiz Re. Somos parte de una compa\u00f1\u00eda que apuesta por un d\u00eda <\/span><span class=\"s13\">a d\u00eda donde el trabajo en equipo es la base <\/span><span class=\"s13\">de<\/span><span class=\"s13\"> todas nuestra<\/span><span class=\"s13\">s<\/span><span class=\"s13\"> operaciones. Nuestro \u00e9xito se lo debemos a todos los trabajadores que conforman la compa\u00f1\u00eda y a los clientes que conf\u00edan en nosotros<\/span><span class=\"s13\">\u201d. <\/span><\/p>\n<p class=\"s12\"><span class=\"s7\">El esfuerzo y compromiso<\/span><span class=\"s7\"> diario de los trabajadores<\/span><span class=\"s7\"> se reconoci\u00f3 durante la jornada, y es que se entregaron tres reconocimientos para tres trabajadores que llevan m\u00e1s de 20 a\u00f1os en la compa\u00f1\u00eda: <\/span><span class=\"s7\">Antonio Giner<\/span><span class=\"s7\">,<\/span><span class=\"s7\"> 28 a\u00f1os<\/span><span class=\"s7\">, Mar\u00eda del Carmen Giner, 29 a\u00f1os y Alfonso Morenilla 32 a\u00f1os. \u00a0<\/span><\/p>\n[\/vc_column_text][\/vc_column][\/vc_row]\n","protected":false},"excerpt":{"rendered":"<p>[vc_row type=&#8221;in_container&#8221; full_screen_row_position=&#8221;middle&#8221; column_margin=&#8221;default&#8221; column_direction=&#8221;default&#8221; column_direction_tablet=&#8221;default&#8221; column_direction_phone=&#8221;default&#8221; scene_position=&#8221;center&#8221; text_color=&#8221;dark&#8221; text_align=&#8221;left&#8221; row_border_radius=&#8221;none&#8221; row_border_radius_applies=&#8221;bg&#8221; overflow=&#8221;visible&#8221; overlay_strength=&#8221;0.3&#8243; gradient_direction=&#8221;left_to_right&#8221; shape_divider_position=&#8221;bottom&#8221; bg_image_animation=&#8221;none&#8221;][vc_column column_padding=&#8221;no-extra-padding&#8221; column_padding_tablet=&#8221;inherit&#8221; column_padding_phone=&#8221;inherit&#8221; column_padding_position=&#8221;all&#8221; column_element_direction_desktop=&#8221;default&#8221; column_element_spacing=&#8221;default&#8221; desktop_text_alignment=&#8221;default&#8221; tablet_text_alignment=&#8221;default&#8221;&#8230;<\/p>\n","protected":false},"author":197,"featured_media":15902,"comment_status":"closed","ping_status":"closed","sticky":false,"template":"","format":"standard","meta":{"_acf_changed":false,"_price":"","_stock":"","_tribe_ticket_header":"","_tribe_default_ticket_provider":"","_tribe_ticket_capacity":"0","_ticket_start_date":"","_ticket_end_date":"","_tribe_ticket_show_description":"","_tribe_ticket_show_not_going":false,"_tribe_ticket_use_global_stock":"","_tribe_ticket_global_stock_level":"","_global_stock_mode":"","_global_stock_cap":"","_tribe_rsvp_for_event":"","_tribe_ticket_going_count":"","_tribe_ticket_not_going_count":"","_tribe_tickets_list":"[]","_tribe_ticket_has_attendee_info_fields":false,"footnotes":""},"categories":[339],"tags":[404],"class_list":["post-15901","post","type-post","status-publish","format-standard","has-post-thumbnail","category-espacio-correduriasadecose","tag-ruiz-re"],"acf":[],"yoast_head":"<!-- This site is optimized with the Yoast SEO plugin v27.2 - https:\/\/yoast.com\/product\/yoast-seo-wordpress\/ -->\n<title>Ruiz Re celebra la segunda edici\u00f3n del D\u00eda RE, el que es ya considerado su evento anual m\u00e1s esperado - ADECOSE<\/title>\n<meta name=\"robots\" content=\"index, follow, max-snippet:-1, max-image-preview:large, max-video-preview:-1\" \/>\n<link rel=\"canonical\" href=\"https:\/\/www.adecose.com\/ruiz-re-celebra-la-segunda-edicion-del-dia-re-el-que-es-ya-considerado-su-evento-anual-mas-esperado\/\" \/>\n<meta property=\"og:locale\" content=\"en_US\" \/>\n<meta property=\"og:type\" content=\"article\" \/>\n<meta property=\"og:title\" content=\"Ruiz Re celebra la segunda edici\u00f3n del D\u00eda RE, el que es ya considerado su evento anual m\u00e1s esperado - ADECOSE\" \/>\n<meta property=\"og:description\" content=\"[vc_row type=&#8221;in_container&#8221; full_screen_row_position=&#8221;middle&#8221; column_margin=&#8221;default&#8221; column_direction=&#8221;default&#8221; column_direction_tablet=&#8221;default&#8221; column_direction_phone=&#8221;default&#8221; scene_position=&#8221;center&#8221; text_color=&#8221;dark&#8221; text_align=&#8221;left&#8221; row_border_radius=&#8221;none&#8221; row_border_radius_applies=&#8221;bg&#8221; overflow=&#8221;visible&#8221; overlay_strength=&#8221;0.3&#8243; gradient_direction=&#8221;left_to_right&#8221; shape_divider_position=&#8221;bottom&#8221; bg_image_animation=&#8221;none&#8221;][vc_column column_padding=&#8221;no-extra-padding&#8221; column_padding_tablet=&#8221;inherit&#8221; column_padding_phone=&#8221;inherit&#8221; column_padding_position=&#8221;all&#8221; column_element_direction_desktop=&#8221;default&#8221; column_element_spacing=&#8221;default&#8221; desktop_text_alignment=&#8221;default&#8221; tablet_text_alignment=&#8221;default&#8221;...\" \/>\n<meta property=\"og:url\" content=\"https:\/\/www.adecose.com\/ruiz-re-celebra-la-segunda-edicion-del-dia-re-el-que-es-ya-considerado-su-evento-anual-mas-esperado\/\" \/>\n<meta property=\"og:site_name\" content=\"ADECOSE\" \/>\n<meta property=\"article:published_time\" content=\"2023-12-22T11:30:35+00:00\" \/>\n<meta property=\"og:image\" content=\"https:\/\/www.adecose.com\/wp-content\/uploads\/2023\/12\/Trabajadores-en-el-Dia-RE.jpg\" \/>\n\t<meta property=\"og:image:width\" content=\"1600\" \/>\n\t<meta property=\"og:image:height\" content=\"1066\" \/>\n\t<meta property=\"og:image:type\" content=\"image\/jpeg\" \/>\n<meta name=\"author\" content=\"Comunicaci\u00f3n ADECOSE\" \/>\n<meta name=\"twitter:card\" content=\"summary_large_image\" \/>\n<meta name=\"twitter:label1\" content=\"Written by\" \/>\n\t<meta name=\"twitter:data1\" content=\"Comunicaci\u00f3n ADECOSE\" \/>\n\t<meta name=\"twitter:label2\" content=\"Est. reading time\" \/>\n\t<meta name=\"twitter:data2\" content=\"3 minutes\" \/>\n<script type=\"application\/ld+json\" class=\"yoast-schema-graph\">{\"@context\":\"https:\/\/schema.org\",\"@graph\":[{\"@type\":\"Article\",\"@id\":\"https:\/\/www.adecose.com\/ruiz-re-celebra-la-segunda-edicion-del-dia-re-el-que-es-ya-considerado-su-evento-anual-mas-esperado\/#article\",\"isPartOf\":{\"@id\":\"https:\/\/www.adecose.com\/ruiz-re-celebra-la-segunda-edicion-del-dia-re-el-que-es-ya-considerado-su-evento-anual-mas-esperado\/\"},\"author\":{\"name\":\"Comunicaci\u00f3n ADECOSE\",\"@id\":\"https:\/\/www.adecose.com\/gl\/#\/schema\/person\/ff086ce55f6379e1d225a2c0dca5eeb6\"},\"headline\":\"Ruiz Re celebra la segunda edici\u00f3n del D\u00eda RE, el que es ya considerado su evento anual m\u00e1s esperado\",\"datePublished\":\"2023-12-22T11:30:35+00:00\",\"mainEntityOfPage\":{\"@id\":\"https:\/\/www.adecose.com\/ruiz-re-celebra-la-segunda-edicion-del-dia-re-el-que-es-ya-considerado-su-evento-anual-mas-esperado\/\"},\"wordCount\":734,\"publisher\":{\"@id\":\"https:\/\/www.adecose.com\/gl\/#organization\"},\"image\":{\"@id\":\"https:\/\/www.adecose.com\/ruiz-re-celebra-la-segunda-edicion-del-dia-re-el-que-es-ya-considerado-su-evento-anual-mas-esperado\/#primaryimage\"},\"thumbnailUrl\":\"https:\/\/www.adecose.com\/wp-content\/uploads\/2023\/12\/Trabajadores-en-el-Dia-RE.jpg\",\"keywords\":[\"Ruiz Re\"],\"articleSection\":[\"Espacio #Corredur\u00edasADECOSE\"],\"inLanguage\":\"en-US\"},{\"@type\":\"WebPage\",\"@id\":\"https:\/\/www.adecose.com\/ruiz-re-celebra-la-segunda-edicion-del-dia-re-el-que-es-ya-considerado-su-evento-anual-mas-esperado\/\",\"url\":\"https:\/\/www.adecose.com\/ruiz-re-celebra-la-segunda-edicion-del-dia-re-el-que-es-ya-considerado-su-evento-anual-mas-esperado\/\",\"name\":\"Ruiz Re celebra la segunda edici\u00f3n del D\u00eda RE, el que es ya considerado su evento anual m\u00e1s esperado - ADECOSE\",\"isPartOf\":{\"@id\":\"https:\/\/www.adecose.com\/gl\/#website\"},\"primaryImageOfPage\":{\"@id\":\"https:\/\/www.adecose.com\/ruiz-re-celebra-la-segunda-edicion-del-dia-re-el-que-es-ya-considerado-su-evento-anual-mas-esperado\/#primaryimage\"},\"image\":{\"@id\":\"https:\/\/www.adecose.com\/ruiz-re-celebra-la-segunda-edicion-del-dia-re-el-que-es-ya-considerado-su-evento-anual-mas-esperado\/#primaryimage\"},\"thumbnailUrl\":\"https:\/\/www.adecose.com\/wp-content\/uploads\/2023\/12\/Trabajadores-en-el-Dia-RE.jpg\",\"datePublished\":\"2023-12-22T11:30:35+00:00\",\"breadcrumb\":{\"@id\":\"https:\/\/www.adecose.com\/ruiz-re-celebra-la-segunda-edicion-del-dia-re-el-que-es-ya-considerado-su-evento-anual-mas-esperado\/#breadcrumb\"},\"inLanguage\":\"en-US\",\"potentialAction\":[{\"@type\":\"ReadAction\",\"target\":[\"https:\/\/www.adecose.com\/ruiz-re-celebra-la-segunda-edicion-del-dia-re-el-que-es-ya-considerado-su-evento-anual-mas-esperado\/\"]}]},{\"@type\":\"ImageObject\",\"inLanguage\":\"en-US\",\"@id\":\"https:\/\/www.adecose.com\/ruiz-re-celebra-la-segunda-edicion-del-dia-re-el-que-es-ya-considerado-su-evento-anual-mas-esperado\/#primaryimage\",\"url\":\"https:\/\/www.adecose.com\/wp-content\/uploads\/2023\/12\/Trabajadores-en-el-Dia-RE.jpg\",\"contentUrl\":\"https:\/\/www.adecose.com\/wp-content\/uploads\/2023\/12\/Trabajadores-en-el-Dia-RE.jpg\",\"width\":1600,\"height\":1066},{\"@type\":\"BreadcrumbList\",\"@id\":\"https:\/\/www.adecose.com\/ruiz-re-celebra-la-segunda-edicion-del-dia-re-el-que-es-ya-considerado-su-evento-anual-mas-esperado\/#breadcrumb\",\"itemListElement\":[{\"@type\":\"ListItem\",\"position\":1,\"name\":\"Portada\",\"item\":\"https:\/\/www.adecose.com\/en\/\"},{\"@type\":\"ListItem\",\"position\":2,\"name\":\"Ruiz Re celebra la segunda edici\u00f3n del D\u00eda RE, el que es ya considerado su evento anual m\u00e1s esperado\"}]},{\"@type\":\"WebSite\",\"@id\":\"https:\/\/www.adecose.com\/gl\/#website\",\"url\":\"https:\/\/www.adecose.com\/gl\/\",\"name\":\"ADECOSE\",\"description\":\"Spanish Association of Insurance and Reinsurance Brokers\",\"publisher\":{\"@id\":\"https:\/\/www.adecose.com\/gl\/#organization\"},\"potentialAction\":[{\"@type\":\"SearchAction\",\"target\":{\"@type\":\"EntryPoint\",\"urlTemplate\":\"https:\/\/www.adecose.com\/gl\/?s={search_term_string}\"},\"query-input\":{\"@type\":\"PropertyValueSpecification\",\"valueRequired\":true,\"valueName\":\"search_term_string\"}}],\"inLanguage\":\"en-US\"},{\"@type\":\"Organization\",\"@id\":\"https:\/\/www.adecose.com\/gl\/#organization\",\"name\":\"ADECOSE\",\"url\":\"https:\/\/www.adecose.com\/gl\/\",\"logo\":{\"@type\":\"ImageObject\",\"inLanguage\":\"en-US\",\"@id\":\"https:\/\/www.adecose.com\/gl\/#\/schema\/logo\/image\/\",\"url\":\"https:\/\/www.adecose.com\/wp-content\/uploads\/2020\/07\/favicon.png\",\"contentUrl\":\"https:\/\/www.adecose.com\/wp-content\/uploads\/2020\/07\/favicon.png\",\"width\":512,\"height\":512,\"caption\":\"ADECOSE\"},\"image\":{\"@id\":\"https:\/\/www.adecose.com\/gl\/#\/schema\/logo\/image\/\"}},{\"@type\":\"Person\",\"@id\":\"https:\/\/www.adecose.com\/gl\/#\/schema\/person\/ff086ce55f6379e1d225a2c0dca5eeb6\",\"name\":\"Comunicaci\u00f3n ADECOSE\",\"image\":{\"@type\":\"ImageObject\",\"inLanguage\":\"en-US\",\"@id\":\"https:\/\/secure.gravatar.com\/avatar\/01cd1f9571997441bf1da6d1cc147351305f03fe8f2acf1ebbec60ebb26924ce?s=96&d=mm&r=g\",\"url\":\"https:\/\/secure.gravatar.com\/avatar\/01cd1f9571997441bf1da6d1cc147351305f03fe8f2acf1ebbec60ebb26924ce?s=96&d=mm&r=g\",\"contentUrl\":\"https:\/\/secure.gravatar.com\/avatar\/01cd1f9571997441bf1da6d1cc147351305f03fe8f2acf1ebbec60ebb26924ce?s=96&d=mm&r=g\",\"caption\":\"Comunicaci\u00f3n ADECOSE\"}}]}<\/script>\n<!-- \/ Yoast SEO plugin. -->","yoast_head_json":{"title":"Ruiz Re celebra la segunda edici\u00f3n del D\u00eda RE, el que es ya considerado su evento anual m\u00e1s esperado - ADECOSE","robots":{"index":"index","follow":"follow","max-snippet":"max-snippet:-1","max-image-preview":"max-image-preview:large","max-video-preview":"max-video-preview:-1"},"canonical":"https:\/\/www.adecose.com\/ruiz-re-celebra-la-segunda-edicion-del-dia-re-el-que-es-ya-considerado-su-evento-anual-mas-esperado\/","og_locale":"en_US","og_type":"article","og_title":"Ruiz Re celebra la segunda edici\u00f3n del D\u00eda RE, el que es ya considerado su evento anual m\u00e1s esperado - ADECOSE","og_description":"[vc_row type=&#8221;in_container&#8221; full_screen_row_position=&#8221;middle&#8221; column_margin=&#8221;default&#8221; column_direction=&#8221;default&#8221; column_direction_tablet=&#8221;default&#8221; column_direction_phone=&#8221;default&#8221; scene_position=&#8221;center&#8221; text_color=&#8221;dark&#8221; text_align=&#8221;left&#8221; row_border_radius=&#8221;none&#8221; row_border_radius_applies=&#8221;bg&#8221; overflow=&#8221;visible&#8221; overlay_strength=&#8221;0.3&#8243; gradient_direction=&#8221;left_to_right&#8221; shape_divider_position=&#8221;bottom&#8221; bg_image_animation=&#8221;none&#8221;][vc_column column_padding=&#8221;no-extra-padding&#8221; column_padding_tablet=&#8221;inherit&#8221; column_padding_phone=&#8221;inherit&#8221; column_padding_position=&#8221;all&#8221; column_element_direction_desktop=&#8221;default&#8221; column_element_spacing=&#8221;default&#8221; desktop_text_alignment=&#8221;default&#8221; tablet_text_alignment=&#8221;default&#8221;...","og_url":"https:\/\/www.adecose.com\/ruiz-re-celebra-la-segunda-edicion-del-dia-re-el-que-es-ya-considerado-su-evento-anual-mas-esperado\/","og_site_name":"ADECOSE","article_published_time":"2023-12-22T11:30:35+00:00","og_image":[{"width":1600,"height":1066,"url":"https:\/\/www.adecose.com\/wp-content\/uploads\/2023\/12\/Trabajadores-en-el-Dia-RE.jpg","type":"image\/jpeg"}],"author":"Comunicaci\u00f3n ADECOSE","twitter_card":"summary_large_image","twitter_misc":{"Written by":"Comunicaci\u00f3n ADECOSE","Est. reading time":"3 minutes"},"schema":{"@context":"https:\/\/schema.org","@graph":[{"@type":"Article","@id":"https:\/\/www.adecose.com\/ruiz-re-celebra-la-segunda-edicion-del-dia-re-el-que-es-ya-considerado-su-evento-anual-mas-esperado\/#article","isPartOf":{"@id":"https:\/\/www.adecose.com\/ruiz-re-celebra-la-segunda-edicion-del-dia-re-el-que-es-ya-considerado-su-evento-anual-mas-esperado\/"},"author":{"name":"Comunicaci\u00f3n ADECOSE","@id":"https:\/\/www.adecose.com\/gl\/#\/schema\/person\/ff086ce55f6379e1d225a2c0dca5eeb6"},"headline":"Ruiz Re celebra la segunda edici\u00f3n del D\u00eda RE, el que es ya considerado su evento anual m\u00e1s esperado","datePublished":"2023-12-22T11:30:35+00:00","mainEntityOfPage":{"@id":"https:\/\/www.adecose.com\/ruiz-re-celebra-la-segunda-edicion-del-dia-re-el-que-es-ya-considerado-su-evento-anual-mas-esperado\/"},"wordCount":734,"publisher":{"@id":"https:\/\/www.adecose.com\/gl\/#organization"},"image":{"@id":"https:\/\/www.adecose.com\/ruiz-re-celebra-la-segunda-edicion-del-dia-re-el-que-es-ya-considerado-su-evento-anual-mas-esperado\/#primaryimage"},"thumbnailUrl":"https:\/\/www.adecose.com\/wp-content\/uploads\/2023\/12\/Trabajadores-en-el-Dia-RE.jpg","keywords":["Ruiz Re"],"articleSection":["Espacio #Corredur\u00edasADECOSE"],"inLanguage":"en-US"},{"@type":"WebPage","@id":"https:\/\/www.adecose.com\/ruiz-re-celebra-la-segunda-edicion-del-dia-re-el-que-es-ya-considerado-su-evento-anual-mas-esperado\/","url":"https:\/\/www.adecose.com\/ruiz-re-celebra-la-segunda-edicion-del-dia-re-el-que-es-ya-considerado-su-evento-anual-mas-esperado\/","name":"Ruiz Re celebra la segunda edici\u00f3n del D\u00eda RE, el que es ya considerado su evento anual m\u00e1s esperado - ADECOSE","isPartOf":{"@id":"https:\/\/www.adecose.com\/gl\/#website"},"primaryImageOfPage":{"@id":"https:\/\/www.adecose.com\/ruiz-re-celebra-la-segunda-edicion-del-dia-re-el-que-es-ya-considerado-su-evento-anual-mas-esperado\/#primaryimage"},"image":{"@id":"https:\/\/www.adecose.com\/ruiz-re-celebra-la-segunda-edicion-del-dia-re-el-que-es-ya-considerado-su-evento-anual-mas-esperado\/#primaryimage"},"thumbnailUrl":"https:\/\/www.adecose.com\/wp-content\/uploads\/2023\/12\/Trabajadores-en-el-Dia-RE.jpg","datePublished":"2023-12-22T11:30:35+00:00","breadcrumb":{"@id":"https:\/\/www.adecose.com\/ruiz-re-celebra-la-segunda-edicion-del-dia-re-el-que-es-ya-considerado-su-evento-anual-mas-esperado\/#breadcrumb"},"inLanguage":"en-US","potentialAction":[{"@type":"ReadAction","target":["https:\/\/www.adecose.com\/ruiz-re-celebra-la-segunda-edicion-del-dia-re-el-que-es-ya-considerado-su-evento-anual-mas-esperado\/"]}]},{"@type":"ImageObject","inLanguage":"en-US","@id":"https:\/\/www.adecose.com\/ruiz-re-celebra-la-segunda-edicion-del-dia-re-el-que-es-ya-considerado-su-evento-anual-mas-esperado\/#primaryimage","url":"https:\/\/www.adecose.com\/wp-content\/uploads\/2023\/12\/Trabajadores-en-el-Dia-RE.jpg","contentUrl":"https:\/\/www.adecose.com\/wp-content\/uploads\/2023\/12\/Trabajadores-en-el-Dia-RE.jpg","width":1600,"height":1066},{"@type":"BreadcrumbList","@id":"https:\/\/www.adecose.com\/ruiz-re-celebra-la-segunda-edicion-del-dia-re-el-que-es-ya-considerado-su-evento-anual-mas-esperado\/#breadcrumb","itemListElement":[{"@type":"ListItem","position":1,"name":"Portada","item":"https:\/\/www.adecose.com\/en\/"},{"@type":"ListItem","position":2,"name":"Ruiz Re celebra la segunda edici\u00f3n del D\u00eda RE, el que es ya considerado su evento anual m\u00e1s esperado"}]},{"@type":"WebSite","@id":"https:\/\/www.adecose.com\/gl\/#website","url":"https:\/\/www.adecose.com\/gl\/","name":"ADECOSE","description":"Spanish Association of Insurance and Reinsurance Brokers","publisher":{"@id":"https:\/\/www.adecose.com\/gl\/#organization"},"potentialAction":[{"@type":"SearchAction","target":{"@type":"EntryPoint","urlTemplate":"https:\/\/www.adecose.com\/gl\/?s={search_term_string}"},"query-input":{"@type":"PropertyValueSpecification","valueRequired":true,"valueName":"search_term_string"}}],"inLanguage":"en-US"},{"@type":"Organization","@id":"https:\/\/www.adecose.com\/gl\/#organization","name":"ADECOSE","url":"https:\/\/www.adecose.com\/gl\/","logo":{"@type":"ImageObject","inLanguage":"en-US","@id":"https:\/\/www.adecose.com\/gl\/#\/schema\/logo\/image\/","url":"https:\/\/www.adecose.com\/wp-content\/uploads\/2020\/07\/favicon.png","contentUrl":"https:\/\/www.adecose.com\/wp-content\/uploads\/2020\/07\/favicon.png","width":512,"height":512,"caption":"ADECOSE"},"image":{"@id":"https:\/\/www.adecose.com\/gl\/#\/schema\/logo\/image\/"}},{"@type":"Person","@id":"https:\/\/www.adecose.com\/gl\/#\/schema\/person\/ff086ce55f6379e1d225a2c0dca5eeb6","name":"Comunicaci\u00f3n ADECOSE","image":{"@type":"ImageObject","inLanguage":"en-US","@id":"https:\/\/secure.gravatar.com\/avatar\/01cd1f9571997441bf1da6d1cc147351305f03fe8f2acf1ebbec60ebb26924ce?s=96&d=mm&r=g","url":"https:\/\/secure.gravatar.com\/avatar\/01cd1f9571997441bf1da6d1cc147351305f03fe8f2acf1ebbec60ebb26924ce?s=96&d=mm&r=g","contentUrl":"https:\/\/secure.gravatar.com\/avatar\/01cd1f9571997441bf1da6d1cc147351305f03fe8f2acf1ebbec60ebb26924ce?s=96&d=mm&r=g","caption":"Comunicaci\u00f3n ADECOSE"}}]}},"_links":{"self":[{"href":"https:\/\/www.adecose.com\/en\/wp-json\/wp\/v2\/posts\/15901","targetHints":{"allow":["GET"]}}],"collection":[{"href":"https:\/\/www.adecose.com\/en\/wp-json\/wp\/v2\/posts"}],"about":[{"href":"https:\/\/www.adecose.com\/en\/wp-json\/wp\/v2\/types\/post"}],"author":[{"embeddable":true,"href":"https:\/\/www.adecose.com\/en\/wp-json\/wp\/v2\/users\/197"}],"replies":[{"embeddable":true,"href":"https:\/\/www.adecose.com\/en\/wp-json\/wp\/v2\/comments?post=15901"}],"version-history":[{"count":0,"href":"https:\/\/www.adecose.com\/en\/wp-json\/wp\/v2\/posts\/15901\/revisions"}],"wp:featuredmedia":[{"embeddable":true,"href":"https:\/\/www.adecose.com\/en\/wp-json\/wp\/v2\/media\/15902"}],"wp:attachment":[{"href":"https:\/\/www.adecose.com\/en\/wp-json\/wp\/v2\/media?parent=15901"}],"wp:term":[{"taxonomy":"category","embeddable":true,"href":"https:\/\/www.adecose.com\/en\/wp-json\/wp\/v2\/categories?post=15901"},{"taxonomy":"post_tag","embeddable":true,"href":"https:\/\/www.adecose.com\/en\/wp-json\/wp\/v2\/tags?post=15901"}],"curies":[{"name":"wp","href":"https:\/\/api.w.org\/{rel}","templated":true}]}}