{"id":15450,"date":"2023-09-25T15:34:24","date_gmt":"2023-09-25T13:34:24","guid":{"rendered":"https:\/\/www.adecose.com\/?p=15450"},"modified":"2023-10-11T16:49:59","modified_gmt":"2023-10-11T14:49:59","slug":"la-alianza-wtw-networks-celebra-en-londres-su-xiii-forum-en-su-15o-aniversario","status":"publish","type":"post","link":"https:\/\/www.adecose.com\/en\/la-alianza-wtw-networks-celebra-en-londres-su-xiii-forum-en-su-15o-aniversario\/","title":{"rendered":"La Alianza WTW Networks celebra en Londres su XIII F\u00f3rum en su 15\u00ba Aniversario"},"content":{"rendered":"[vc_row type=&#8221;in_container&#8221; full_screen_row_position=&#8221;middle&#8221; column_margin=&#8221;default&#8221; column_direction=&#8221;default&#8221; column_direction_tablet=&#8221;default&#8221; column_direction_phone=&#8221;default&#8221; scene_position=&#8221;center&#8221; text_color=&#8221;dark&#8221; text_align=&#8221;left&#8221; row_border_radius=&#8221;none&#8221; row_border_radius_applies=&#8221;bg&#8221; overflow=&#8221;visible&#8221; overlay_strength=&#8221;0.3&#8243; gradient_direction=&#8221;left_to_right&#8221; shape_divider_position=&#8221;bottom&#8221; bg_image_animation=&#8221;none&#8221;][vc_column column_padding=&#8221;no-extra-padding&#8221; column_padding_tablet=&#8221;inherit&#8221; column_padding_phone=&#8221;inherit&#8221; column_padding_position=&#8221;all&#8221; column_element_direction_desktop=&#8221;default&#8221; column_element_spacing=&#8221;default&#8221; desktop_text_alignment=&#8221;default&#8221; tablet_text_alignment=&#8221;default&#8221; phone_text_alignment=&#8221;default&#8221; background_color_opacity=&#8221;1&#8243; background_hover_color_opacity=&#8221;1&#8243; column_backdrop_filter=&#8221;none&#8221; column_shadow=&#8221;none&#8221; column_border_radius=&#8221;none&#8221; column_link_target=&#8221;_self&#8221; column_position=&#8221;default&#8221; gradient_direction=&#8221;left_to_right&#8221; overlay_strength=&#8221;0.3&#8243; width=&#8221;1\/1&#8243; tablet_width_inherit=&#8221;default&#8221; animation_type=&#8221;default&#8221; bg_image_animation=&#8221;none&#8221; border_type=&#8221;simple&#8221; column_border_width=&#8221;none&#8221; column_border_style=&#8221;solid&#8221;][vc_column_text]\n<ul>\n<li><strong>El evento arranc\u00f3 con un tour guiado por el Lloyd\u00b4s, con la participaci\u00f3n de Jos\u00e9 N\u00fa\u00f1ez, consejero delegado de la entidad en Espa\u00f1a y Portugal<\/strong><\/li>\n<\/ul>\n[\/vc_column_text][vc_column_text]<strong>En la jornada de trabajo se present\u00f3 el nuevo producto para Aut\u00f3nomos que ha creado Chance, la agencia de suscripci\u00f3n del grupo WTW<\/strong>[\/vc_column_text][vc_column_text]La tecnolog\u00eda como herramienta b\u00e1sica de gesti\u00f3n del negocio y las relaciones personales como pilar en la generaci\u00f3n del mismo han sido las premisas protagonistas del XIII Forum WTW Networks, celebrado este a\u00f1o en Londres.<\/p>\n<p>La sede central de WTW en Londres acogi\u00f3 la jornada de trabajo donde, tras el discurso de bienvenida de su director, Javier Gaus\u00ed, los asistentes pudieron recordar la fundaci\u00f3n de la Alianza 15 a\u00f1os atr\u00e1s mediante los testimonios de sus fundadores: Javier Gim\u00e9nez Costa, Javier Gaus\u00ed y Agust\u00edn Fern\u00e1ndez, as\u00ed como Alejandro Fraile, quien colabor\u00f3 como consultor en los comienzos de la Alianza.<\/p>\n<p>La jornada reserv\u00f3 tambi\u00e9n un espacio a la plataforma tecnol\u00f3gica Willplatine, se\u00f1a de identidad de la Alianza en el \u00e1rea tecnol\u00f3gica, dando a conocer las \u00faltimas novedades respecto a la configuraci\u00f3n de nuevos productos con conectividad webservice.<\/p>\n<p>La Agencia de Suscripci\u00f3n CHANCE, perteneciente al grupo WTW, aprovech\u00f3 la ocasi\u00f3n para presentar su nuevo producto exclusivo de aut\u00f3nomos, donde se a\u00fana la cobertura de previsi\u00f3n social y la de RC General y profesional en un solo producto y conectado en webservice a trav\u00e9s de Willplatine.<\/p>\n<p>&nbsp;<\/p>\n<p>Las aseguradoras participaron tambi\u00e9n en una mesa redonda, donde Fernando Calv\u00edn (Santaluc\u00eda), Jose Ram\u00f3n Alvarez (Allianz), Agust\u00edn Fern\u00e1ndez (Zurich), Eva Tom\u00e1s (AXA) y Elena Garc\u00eda Llorente (Generali) comentaron las perspectivas de sus respectivas compa\u00f1\u00edas para el pr\u00f3ximo a\u00f1o, as\u00ed como su visi\u00f3n del nuevo panorama econ\u00f3mico.<\/p>\n<p>Como cierre a la jornada de trabajo, Jos\u00e9 Nu\u00f1ez, responsable de Reaseguro en WTW, instruy\u00f3 a los asistentes sobre las funciones de un br\u00f3ker de reaseguro y las oportunidades y sinergias que se pueden generar con los Asociados de la Alianza.<\/p>\n<p>Tampoco ha faltado este a\u00f1o el ya tradicional <em>Panel Corner,<\/em> al que han asistido la pr\u00e1ctica totalidad de compa\u00f1\u00edas y en el que los asociados han podido debatir sobre la situaci\u00f3n del mercado y las oportunidades de negocio.<\/p>\n<p>WTW Networks es la alianza entre WTW y un selecto grupo de corredores de seguros independientes cuya finalidad es ofrecer un servicio altamente profesional en el mundo de la empresa. Con esta combinaci\u00f3n, se consigue que los asociados a la Alianza WTW Networks ofrezcan a sus clientes un servicio competitivo, global y especializado con el apoyo de los recursos internacionales y nacionales de WTW. La alianza intermedia un volumen de primas superior a 240 millones de euros en Espa\u00f1a.<\/p>\n<p>La red cuenta con una exclusiva representaci\u00f3n de 55 asociados, est\u00e1 en la mayor\u00eda de las provincias espa\u00f1olas y prev\u00e9 continuar con su expansi\u00f3n de forma selectiva, especialmente en aquellas en las que a\u00fan no tiene representatividad.[\/vc_column_text][\/vc_column][\/vc_row]\n","protected":false},"excerpt":{"rendered":"<p>[vc_row type=&#8221;in_container&#8221; full_screen_row_position=&#8221;middle&#8221; column_margin=&#8221;default&#8221; column_direction=&#8221;default&#8221; column_direction_tablet=&#8221;default&#8221; column_direction_phone=&#8221;default&#8221; scene_position=&#8221;center&#8221; text_color=&#8221;dark&#8221; text_align=&#8221;left&#8221; row_border_radius=&#8221;none&#8221; row_border_radius_applies=&#8221;bg&#8221; overflow=&#8221;visible&#8221; overlay_strength=&#8221;0.3&#8243; gradient_direction=&#8221;left_to_right&#8221; shape_divider_position=&#8221;bottom&#8221; bg_image_animation=&#8221;none&#8221;][vc_column column_padding=&#8221;no-extra-padding&#8221; column_padding_tablet=&#8221;inherit&#8221; column_padding_phone=&#8221;inherit&#8221; column_padding_position=&#8221;all&#8221; column_element_direction_desktop=&#8221;default&#8221; column_element_spacing=&#8221;default&#8221; desktop_text_alignment=&#8221;default&#8221; tablet_text_alignment=&#8221;default&#8221;&#8230;<\/p>\n","protected":false},"author":197,"featured_media":15452,"comment_status":"closed","ping_status":"closed","sticky":false,"template":"","format":"standard","meta":{"_acf_changed":false,"_price":"","_stock":"","_tribe_ticket_header":"","_tribe_default_ticket_provider":"","_tribe_ticket_capacity":"0","_ticket_start_date":"","_ticket_end_date":"","_tribe_ticket_show_description":"","_tribe_ticket_show_not_going":false,"_tribe_ticket_use_global_stock":"","_tribe_ticket_global_stock_level":"","_global_stock_mode":"","_global_stock_cap":"","_tribe_rsvp_for_event":"","_tribe_ticket_going_count":"","_tribe_ticket_not_going_count":"","_tribe_tickets_list":"[]","_tribe_ticket_has_attendee_info_fields":false,"footnotes":""},"categories":[339],"tags":[],"class_list":["post-15450","post","type-post","status-publish","format-standard","has-post-thumbnail","category-espacio-correduriasadecose"],"acf":[],"yoast_head":"<!-- This site is optimized with the Yoast SEO plugin v27.2 - https:\/\/yoast.com\/product\/yoast-seo-wordpress\/ -->\n<title>La Alianza WTW Networks celebra en Londres su XIII F\u00f3rum en su 15\u00ba Aniversario - ADECOSE<\/title>\n<meta name=\"robots\" content=\"index, follow, max-snippet:-1, max-image-preview:large, max-video-preview:-1\" \/>\n<link rel=\"canonical\" href=\"https:\/\/www.adecose.com\/la-alianza-wtw-networks-celebra-en-londres-su-xiii-forum-en-su-15o-aniversario\/\" \/>\n<meta property=\"og:locale\" content=\"en_US\" \/>\n<meta property=\"og:type\" content=\"article\" \/>\n<meta property=\"og:title\" content=\"La Alianza WTW Networks celebra en Londres su XIII F\u00f3rum en su 15\u00ba Aniversario - ADECOSE\" \/>\n<meta property=\"og:description\" content=\"[vc_row type=&#8221;in_container&#8221; full_screen_row_position=&#8221;middle&#8221; column_margin=&#8221;default&#8221; column_direction=&#8221;default&#8221; column_direction_tablet=&#8221;default&#8221; column_direction_phone=&#8221;default&#8221; scene_position=&#8221;center&#8221; text_color=&#8221;dark&#8221; text_align=&#8221;left&#8221; row_border_radius=&#8221;none&#8221; row_border_radius_applies=&#8221;bg&#8221; overflow=&#8221;visible&#8221; overlay_strength=&#8221;0.3&#8243; gradient_direction=&#8221;left_to_right&#8221; shape_divider_position=&#8221;bottom&#8221; bg_image_animation=&#8221;none&#8221;][vc_column column_padding=&#8221;no-extra-padding&#8221; column_padding_tablet=&#8221;inherit&#8221; column_padding_phone=&#8221;inherit&#8221; column_padding_position=&#8221;all&#8221; column_element_direction_desktop=&#8221;default&#8221; column_element_spacing=&#8221;default&#8221; desktop_text_alignment=&#8221;default&#8221; tablet_text_alignment=&#8221;default&#8221;...\" \/>\n<meta property=\"og:url\" content=\"https:\/\/www.adecose.com\/la-alianza-wtw-networks-celebra-en-londres-su-xiii-forum-en-su-15o-aniversario\/\" \/>\n<meta property=\"og:site_name\" content=\"ADECOSE\" \/>\n<meta property=\"article:published_time\" content=\"2023-09-25T13:34:24+00:00\" \/>\n<meta property=\"article:modified_time\" content=\"2023-10-11T14:49:59+00:00\" \/>\n<meta property=\"og:image\" content=\"https:\/\/www.adecose.com\/wp-content\/uploads\/2023\/09\/Forum-WTW-Networks.jpeg\" \/>\n\t<meta property=\"og:image:width\" content=\"1616\" \/>\n\t<meta property=\"og:image:height\" content=\"1080\" \/>\n\t<meta property=\"og:image:type\" content=\"image\/jpeg\" \/>\n<meta name=\"author\" content=\"Comunicaci\u00f3n ADECOSE\" \/>\n<meta name=\"twitter:card\" content=\"summary_large_image\" \/>\n<meta name=\"twitter:label1\" content=\"Written by\" \/>\n\t<meta name=\"twitter:data1\" content=\"Comunicaci\u00f3n ADECOSE\" \/>\n\t<meta name=\"twitter:label2\" content=\"Est. reading time\" \/>\n\t<meta name=\"twitter:data2\" content=\"3 minutes\" \/>\n<script type=\"application\/ld+json\" class=\"yoast-schema-graph\">{\"@context\":\"https:\/\/schema.org\",\"@graph\":[{\"@type\":\"Article\",\"@id\":\"https:\/\/www.adecose.com\/la-alianza-wtw-networks-celebra-en-londres-su-xiii-forum-en-su-15o-aniversario\/#article\",\"isPartOf\":{\"@id\":\"https:\/\/www.adecose.com\/la-alianza-wtw-networks-celebra-en-londres-su-xiii-forum-en-su-15o-aniversario\/\"},\"author\":{\"name\":\"Comunicaci\u00f3n ADECOSE\",\"@id\":\"https:\/\/www.adecose.com\/gl\/#\/schema\/person\/ff086ce55f6379e1d225a2c0dca5eeb6\"},\"headline\":\"La Alianza WTW Networks celebra en Londres su XIII F\u00f3rum en su 15\u00ba Aniversario\",\"datePublished\":\"2023-09-25T13:34:24+00:00\",\"dateModified\":\"2023-10-11T14:49:59+00:00\",\"mainEntityOfPage\":{\"@id\":\"https:\/\/www.adecose.com\/la-alianza-wtw-networks-celebra-en-londres-su-xiii-forum-en-su-15o-aniversario\/\"},\"wordCount\":711,\"publisher\":{\"@id\":\"https:\/\/www.adecose.com\/gl\/#organization\"},\"image\":{\"@id\":\"https:\/\/www.adecose.com\/la-alianza-wtw-networks-celebra-en-londres-su-xiii-forum-en-su-15o-aniversario\/#primaryimage\"},\"thumbnailUrl\":\"https:\/\/www.adecose.com\/wp-content\/uploads\/2023\/09\/Forum-WTW-Networks.jpeg\",\"articleSection\":[\"Espacio #Corredur\u00edasADECOSE\"],\"inLanguage\":\"en-US\"},{\"@type\":\"WebPage\",\"@id\":\"https:\/\/www.adecose.com\/la-alianza-wtw-networks-celebra-en-londres-su-xiii-forum-en-su-15o-aniversario\/\",\"url\":\"https:\/\/www.adecose.com\/la-alianza-wtw-networks-celebra-en-londres-su-xiii-forum-en-su-15o-aniversario\/\",\"name\":\"La Alianza WTW Networks celebra en Londres su XIII F\u00f3rum en su 15\u00ba Aniversario - ADECOSE\",\"isPartOf\":{\"@id\":\"https:\/\/www.adecose.com\/gl\/#website\"},\"primaryImageOfPage\":{\"@id\":\"https:\/\/www.adecose.com\/la-alianza-wtw-networks-celebra-en-londres-su-xiii-forum-en-su-15o-aniversario\/#primaryimage\"},\"image\":{\"@id\":\"https:\/\/www.adecose.com\/la-alianza-wtw-networks-celebra-en-londres-su-xiii-forum-en-su-15o-aniversario\/#primaryimage\"},\"thumbnailUrl\":\"https:\/\/www.adecose.com\/wp-content\/uploads\/2023\/09\/Forum-WTW-Networks.jpeg\",\"datePublished\":\"2023-09-25T13:34:24+00:00\",\"dateModified\":\"2023-10-11T14:49:59+00:00\",\"breadcrumb\":{\"@id\":\"https:\/\/www.adecose.com\/la-alianza-wtw-networks-celebra-en-londres-su-xiii-forum-en-su-15o-aniversario\/#breadcrumb\"},\"inLanguage\":\"en-US\",\"potentialAction\":[{\"@type\":\"ReadAction\",\"target\":[\"https:\/\/www.adecose.com\/la-alianza-wtw-networks-celebra-en-londres-su-xiii-forum-en-su-15o-aniversario\/\"]}]},{\"@type\":\"ImageObject\",\"inLanguage\":\"en-US\",\"@id\":\"https:\/\/www.adecose.com\/la-alianza-wtw-networks-celebra-en-londres-su-xiii-forum-en-su-15o-aniversario\/#primaryimage\",\"url\":\"https:\/\/www.adecose.com\/wp-content\/uploads\/2023\/09\/Forum-WTW-Networks.jpeg\",\"contentUrl\":\"https:\/\/www.adecose.com\/wp-content\/uploads\/2023\/09\/Forum-WTW-Networks.jpeg\",\"width\":1616,\"height\":1080},{\"@type\":\"BreadcrumbList\",\"@id\":\"https:\/\/www.adecose.com\/la-alianza-wtw-networks-celebra-en-londres-su-xiii-forum-en-su-15o-aniversario\/#breadcrumb\",\"itemListElement\":[{\"@type\":\"ListItem\",\"position\":1,\"name\":\"Portada\",\"item\":\"https:\/\/www.adecose.com\/en\/\"},{\"@type\":\"ListItem\",\"position\":2,\"name\":\"La Alianza WTW Networks celebra en Londres su XIII F\u00f3rum en su 15\u00ba Aniversario\"}]},{\"@type\":\"WebSite\",\"@id\":\"https:\/\/www.adecose.com\/gl\/#website\",\"url\":\"https:\/\/www.adecose.com\/gl\/\",\"name\":\"ADECOSE\",\"description\":\"Spanish Association of Insurance and Reinsurance Brokers\",\"publisher\":{\"@id\":\"https:\/\/www.adecose.com\/gl\/#organization\"},\"potentialAction\":[{\"@type\":\"SearchAction\",\"target\":{\"@type\":\"EntryPoint\",\"urlTemplate\":\"https:\/\/www.adecose.com\/gl\/?s={search_term_string}\"},\"query-input\":{\"@type\":\"PropertyValueSpecification\",\"valueRequired\":true,\"valueName\":\"search_term_string\"}}],\"inLanguage\":\"en-US\"},{\"@type\":\"Organization\",\"@id\":\"https:\/\/www.adecose.com\/gl\/#organization\",\"name\":\"ADECOSE\",\"url\":\"https:\/\/www.adecose.com\/gl\/\",\"logo\":{\"@type\":\"ImageObject\",\"inLanguage\":\"en-US\",\"@id\":\"https:\/\/www.adecose.com\/gl\/#\/schema\/logo\/image\/\",\"url\":\"https:\/\/www.adecose.com\/wp-content\/uploads\/2020\/07\/favicon.png\",\"contentUrl\":\"https:\/\/www.adecose.com\/wp-content\/uploads\/2020\/07\/favicon.png\",\"width\":512,\"height\":512,\"caption\":\"ADECOSE\"},\"image\":{\"@id\":\"https:\/\/www.adecose.com\/gl\/#\/schema\/logo\/image\/\"}},{\"@type\":\"Person\",\"@id\":\"https:\/\/www.adecose.com\/gl\/#\/schema\/person\/ff086ce55f6379e1d225a2c0dca5eeb6\",\"name\":\"Comunicaci\u00f3n ADECOSE\",\"image\":{\"@type\":\"ImageObject\",\"inLanguage\":\"en-US\",\"@id\":\"https:\/\/secure.gravatar.com\/avatar\/01cd1f9571997441bf1da6d1cc147351305f03fe8f2acf1ebbec60ebb26924ce?s=96&d=mm&r=g\",\"url\":\"https:\/\/secure.gravatar.com\/avatar\/01cd1f9571997441bf1da6d1cc147351305f03fe8f2acf1ebbec60ebb26924ce?s=96&d=mm&r=g\",\"contentUrl\":\"https:\/\/secure.gravatar.com\/avatar\/01cd1f9571997441bf1da6d1cc147351305f03fe8f2acf1ebbec60ebb26924ce?s=96&d=mm&r=g\",\"caption\":\"Comunicaci\u00f3n ADECOSE\"}}]}<\/script>\n<!-- \/ Yoast SEO plugin. -->","yoast_head_json":{"title":"La Alianza WTW Networks celebra en Londres su XIII F\u00f3rum en su 15\u00ba Aniversario - ADECOSE","robots":{"index":"index","follow":"follow","max-snippet":"max-snippet:-1","max-image-preview":"max-image-preview:large","max-video-preview":"max-video-preview:-1"},"canonical":"https:\/\/www.adecose.com\/la-alianza-wtw-networks-celebra-en-londres-su-xiii-forum-en-su-15o-aniversario\/","og_locale":"en_US","og_type":"article","og_title":"La Alianza WTW Networks celebra en Londres su XIII F\u00f3rum en su 15\u00ba Aniversario - ADECOSE","og_description":"[vc_row type=&#8221;in_container&#8221; full_screen_row_position=&#8221;middle&#8221; column_margin=&#8221;default&#8221; column_direction=&#8221;default&#8221; column_direction_tablet=&#8221;default&#8221; column_direction_phone=&#8221;default&#8221; scene_position=&#8221;center&#8221; text_color=&#8221;dark&#8221; text_align=&#8221;left&#8221; row_border_radius=&#8221;none&#8221; row_border_radius_applies=&#8221;bg&#8221; overflow=&#8221;visible&#8221; overlay_strength=&#8221;0.3&#8243; gradient_direction=&#8221;left_to_right&#8221; shape_divider_position=&#8221;bottom&#8221; bg_image_animation=&#8221;none&#8221;][vc_column column_padding=&#8221;no-extra-padding&#8221; column_padding_tablet=&#8221;inherit&#8221; column_padding_phone=&#8221;inherit&#8221; column_padding_position=&#8221;all&#8221; column_element_direction_desktop=&#8221;default&#8221; column_element_spacing=&#8221;default&#8221; desktop_text_alignment=&#8221;default&#8221; tablet_text_alignment=&#8221;default&#8221;...","og_url":"https:\/\/www.adecose.com\/la-alianza-wtw-networks-celebra-en-londres-su-xiii-forum-en-su-15o-aniversario\/","og_site_name":"ADECOSE","article_published_time":"2023-09-25T13:34:24+00:00","article_modified_time":"2023-10-11T14:49:59+00:00","og_image":[{"width":1616,"height":1080,"url":"https:\/\/www.adecose.com\/wp-content\/uploads\/2023\/09\/Forum-WTW-Networks.jpeg","type":"image\/jpeg"}],"author":"Comunicaci\u00f3n ADECOSE","twitter_card":"summary_large_image","twitter_misc":{"Written by":"Comunicaci\u00f3n ADECOSE","Est. reading time":"3 minutes"},"schema":{"@context":"https:\/\/schema.org","@graph":[{"@type":"Article","@id":"https:\/\/www.adecose.com\/la-alianza-wtw-networks-celebra-en-londres-su-xiii-forum-en-su-15o-aniversario\/#article","isPartOf":{"@id":"https:\/\/www.adecose.com\/la-alianza-wtw-networks-celebra-en-londres-su-xiii-forum-en-su-15o-aniversario\/"},"author":{"name":"Comunicaci\u00f3n ADECOSE","@id":"https:\/\/www.adecose.com\/gl\/#\/schema\/person\/ff086ce55f6379e1d225a2c0dca5eeb6"},"headline":"La Alianza WTW Networks celebra en Londres su XIII F\u00f3rum en su 15\u00ba Aniversario","datePublished":"2023-09-25T13:34:24+00:00","dateModified":"2023-10-11T14:49:59+00:00","mainEntityOfPage":{"@id":"https:\/\/www.adecose.com\/la-alianza-wtw-networks-celebra-en-londres-su-xiii-forum-en-su-15o-aniversario\/"},"wordCount":711,"publisher":{"@id":"https:\/\/www.adecose.com\/gl\/#organization"},"image":{"@id":"https:\/\/www.adecose.com\/la-alianza-wtw-networks-celebra-en-londres-su-xiii-forum-en-su-15o-aniversario\/#primaryimage"},"thumbnailUrl":"https:\/\/www.adecose.com\/wp-content\/uploads\/2023\/09\/Forum-WTW-Networks.jpeg","articleSection":["Espacio #Corredur\u00edasADECOSE"],"inLanguage":"en-US"},{"@type":"WebPage","@id":"https:\/\/www.adecose.com\/la-alianza-wtw-networks-celebra-en-londres-su-xiii-forum-en-su-15o-aniversario\/","url":"https:\/\/www.adecose.com\/la-alianza-wtw-networks-celebra-en-londres-su-xiii-forum-en-su-15o-aniversario\/","name":"La Alianza WTW Networks celebra en Londres su XIII F\u00f3rum en su 15\u00ba Aniversario - ADECOSE","isPartOf":{"@id":"https:\/\/www.adecose.com\/gl\/#website"},"primaryImageOfPage":{"@id":"https:\/\/www.adecose.com\/la-alianza-wtw-networks-celebra-en-londres-su-xiii-forum-en-su-15o-aniversario\/#primaryimage"},"image":{"@id":"https:\/\/www.adecose.com\/la-alianza-wtw-networks-celebra-en-londres-su-xiii-forum-en-su-15o-aniversario\/#primaryimage"},"thumbnailUrl":"https:\/\/www.adecose.com\/wp-content\/uploads\/2023\/09\/Forum-WTW-Networks.jpeg","datePublished":"2023-09-25T13:34:24+00:00","dateModified":"2023-10-11T14:49:59+00:00","breadcrumb":{"@id":"https:\/\/www.adecose.com\/la-alianza-wtw-networks-celebra-en-londres-su-xiii-forum-en-su-15o-aniversario\/#breadcrumb"},"inLanguage":"en-US","potentialAction":[{"@type":"ReadAction","target":["https:\/\/www.adecose.com\/la-alianza-wtw-networks-celebra-en-londres-su-xiii-forum-en-su-15o-aniversario\/"]}]},{"@type":"ImageObject","inLanguage":"en-US","@id":"https:\/\/www.adecose.com\/la-alianza-wtw-networks-celebra-en-londres-su-xiii-forum-en-su-15o-aniversario\/#primaryimage","url":"https:\/\/www.adecose.com\/wp-content\/uploads\/2023\/09\/Forum-WTW-Networks.jpeg","contentUrl":"https:\/\/www.adecose.com\/wp-content\/uploads\/2023\/09\/Forum-WTW-Networks.jpeg","width":1616,"height":1080},{"@type":"BreadcrumbList","@id":"https:\/\/www.adecose.com\/la-alianza-wtw-networks-celebra-en-londres-su-xiii-forum-en-su-15o-aniversario\/#breadcrumb","itemListElement":[{"@type":"ListItem","position":1,"name":"Portada","item":"https:\/\/www.adecose.com\/en\/"},{"@type":"ListItem","position":2,"name":"La Alianza WTW Networks celebra en Londres su XIII F\u00f3rum en su 15\u00ba Aniversario"}]},{"@type":"WebSite","@id":"https:\/\/www.adecose.com\/gl\/#website","url":"https:\/\/www.adecose.com\/gl\/","name":"ADECOSE","description":"Spanish Association of Insurance and Reinsurance Brokers","publisher":{"@id":"https:\/\/www.adecose.com\/gl\/#organization"},"potentialAction":[{"@type":"SearchAction","target":{"@type":"EntryPoint","urlTemplate":"https:\/\/www.adecose.com\/gl\/?s={search_term_string}"},"query-input":{"@type":"PropertyValueSpecification","valueRequired":true,"valueName":"search_term_string"}}],"inLanguage":"en-US"},{"@type":"Organization","@id":"https:\/\/www.adecose.com\/gl\/#organization","name":"ADECOSE","url":"https:\/\/www.adecose.com\/gl\/","logo":{"@type":"ImageObject","inLanguage":"en-US","@id":"https:\/\/www.adecose.com\/gl\/#\/schema\/logo\/image\/","url":"https:\/\/www.adecose.com\/wp-content\/uploads\/2020\/07\/favicon.png","contentUrl":"https:\/\/www.adecose.com\/wp-content\/uploads\/2020\/07\/favicon.png","width":512,"height":512,"caption":"ADECOSE"},"image":{"@id":"https:\/\/www.adecose.com\/gl\/#\/schema\/logo\/image\/"}},{"@type":"Person","@id":"https:\/\/www.adecose.com\/gl\/#\/schema\/person\/ff086ce55f6379e1d225a2c0dca5eeb6","name":"Comunicaci\u00f3n ADECOSE","image":{"@type":"ImageObject","inLanguage":"en-US","@id":"https:\/\/secure.gravatar.com\/avatar\/01cd1f9571997441bf1da6d1cc147351305f03fe8f2acf1ebbec60ebb26924ce?s=96&d=mm&r=g","url":"https:\/\/secure.gravatar.com\/avatar\/01cd1f9571997441bf1da6d1cc147351305f03fe8f2acf1ebbec60ebb26924ce?s=96&d=mm&r=g","contentUrl":"https:\/\/secure.gravatar.com\/avatar\/01cd1f9571997441bf1da6d1cc147351305f03fe8f2acf1ebbec60ebb26924ce?s=96&d=mm&r=g","caption":"Comunicaci\u00f3n ADECOSE"}}]}},"_links":{"self":[{"href":"https:\/\/www.adecose.com\/en\/wp-json\/wp\/v2\/posts\/15450","targetHints":{"allow":["GET"]}}],"collection":[{"href":"https:\/\/www.adecose.com\/en\/wp-json\/wp\/v2\/posts"}],"about":[{"href":"https:\/\/www.adecose.com\/en\/wp-json\/wp\/v2\/types\/post"}],"author":[{"embeddable":true,"href":"https:\/\/www.adecose.com\/en\/wp-json\/wp\/v2\/users\/197"}],"replies":[{"embeddable":true,"href":"https:\/\/www.adecose.com\/en\/wp-json\/wp\/v2\/comments?post=15450"}],"version-history":[{"count":0,"href":"https:\/\/www.adecose.com\/en\/wp-json\/wp\/v2\/posts\/15450\/revisions"}],"wp:featuredmedia":[{"embeddable":true,"href":"https:\/\/www.adecose.com\/en\/wp-json\/wp\/v2\/media\/15452"}],"wp:attachment":[{"href":"https:\/\/www.adecose.com\/en\/wp-json\/wp\/v2\/media?parent=15450"}],"wp:term":[{"taxonomy":"category","embeddable":true,"href":"https:\/\/www.adecose.com\/en\/wp-json\/wp\/v2\/categories?post=15450"},{"taxonomy":"post_tag","embeddable":true,"href":"https:\/\/www.adecose.com\/en\/wp-json\/wp\/v2\/tags?post=15450"}],"curies":[{"name":"wp","href":"https:\/\/api.w.org\/{rel}","templated":true}]}}