{"id":15216,"date":"2023-07-26T11:00:41","date_gmt":"2023-07-26T09:00:41","guid":{"rendered":"https:\/\/www.adecose.com\/?p=15216"},"modified":"2023-07-26T11:07:23","modified_gmt":"2023-07-26T09:07:23","slug":"el-nino-podria-tener-un-impacto-significativo-en-la-produccion-de-energias-renovables","status":"publish","type":"post","link":"https:\/\/www.adecose.com\/en\/el-nino-podria-tener-un-impacto-significativo-en-la-produccion-de-energias-renovables\/","title":{"rendered":"El Ni\u00f1o podr\u00eda tener un impacto significativo en la producci\u00f3n de energ\u00edas renovables"},"content":{"rendered":"[vc_row type=&#8221;in_container&#8221; full_screen_row_position=&#8221;middle&#8221; column_margin=&#8221;default&#8221; column_direction=&#8221;default&#8221; column_direction_tablet=&#8221;default&#8221; column_direction_phone=&#8221;default&#8221; scene_position=&#8221;center&#8221; text_color=&#8221;dark&#8221; text_align=&#8221;left&#8221; row_border_radius=&#8221;none&#8221; row_border_radius_applies=&#8221;bg&#8221; overflow=&#8221;visible&#8221; overlay_strength=&#8221;0.3&#8243; gradient_direction=&#8221;left_to_right&#8221; shape_divider_position=&#8221;bottom&#8221; bg_image_animation=&#8221;none&#8221;][vc_column column_padding=&#8221;no-extra-padding&#8221; column_padding_tablet=&#8221;inherit&#8221; column_padding_phone=&#8221;inherit&#8221; column_padding_position=&#8221;all&#8221; column_element_direction_desktop=&#8221;default&#8221; column_element_spacing=&#8221;default&#8221; desktop_text_alignment=&#8221;default&#8221; tablet_text_alignment=&#8221;default&#8221; phone_text_alignment=&#8221;default&#8221; background_color_opacity=&#8221;1&#8243; background_hover_color_opacity=&#8221;1&#8243; column_backdrop_filter=&#8221;none&#8221; column_shadow=&#8221;none&#8221; column_border_radius=&#8221;none&#8221; column_link_target=&#8221;_self&#8221; column_position=&#8221;default&#8221; gradient_direction=&#8221;left_to_right&#8221; overlay_strength=&#8221;0.3&#8243; width=&#8221;1\/1&#8243; tablet_width_inherit=&#8221;default&#8221; animation_type=&#8221;default&#8221; bg_image_animation=&#8221;none&#8221; border_type=&#8221;simple&#8221; column_border_width=&#8221;none&#8221; column_border_style=&#8221;solid&#8221;][vc_column_text]\n<ul>\n<li><strong><em>El estudio <\/em><a href=\"https:\/\/www.wtwco.com\/en-be\/insights\/2023\/07\/natural-catastrophe-review-january-june-2023\"><em>Natural Catastrophe Review<\/em><\/a><em> (enero-junio de 2023), elaborado por WTW (antes Willis Towers Watson) en colaboraci\u00f3n con prestigiosas instituciones de investigaci\u00f3n a trav\u00e9s de la WTW Research Network, proporciona un an\u00e1lisis en profundidad del riesgo de cat\u00e1strofes naturales.<\/em><\/strong><\/li>\n<\/ul>\n<p>El fen\u00f3meno climatol\u00f3gico conocido como El Ni\u00f1o podr\u00eda provocar sequ\u00eda e\u00f3lica en Norteam\u00e9rica, lo que afectar\u00eda considerablemente a la producci\u00f3n de energ\u00edas renovables en la regi\u00f3n. Esta es una de las conclusiones que arroja un nuevo informe presentado por la <em>WTW Research Network<\/em>. El estudio, que puede descargarse \u00edntegramente <a href=\"https:\/\/www.wtwco.com\/en-be\/insights\/2023\/07\/natural-catastrophe-review-january-june-2023\"><strong>aqu\u00ed<\/strong><\/a><strong>, <\/strong>se ha desarrollado analizando en profundidad los riesgos y las consecuencias de las principales cat\u00e1strofes naturales que se han producido entre enero y junio de 2023 en todo el mundo.<\/p>\n<p>El informe tambi\u00e9n destaca lo peculiar que ha sido el primer semestre de 2023, con cinco tormentas de categor\u00eda cinco en los cinco primeros meses. Se espera que la combinaci\u00f3n de El Ni\u00f1o con el excepcional calor que se est\u00e1 dando en el Atl\u00e1ntico tenga un impacto significativo en los patrones clim\u00e1ticos y las temperaturas de todo el planeta este a\u00f1o.<\/p>\n<p>El an\u00e1lisis destaca los <strong>principales riesgos clim\u00e1ticos<\/strong> de los que hay que hacer un seguimiento y explora las razones por las que esas cat\u00e1strofes naturales se convirtieron en graves desastres naturales, yendo m\u00e1s all\u00e1 de la propia gravedad del suceso e incorporando perspectivas sobre la ex<strong>posici\u00f3n y vulnerabilidad de las regiones afectadas<\/strong>. Asimismo, profundiza en la ciencia que subyace a esos sucesos y ofrece ideas sobre lo que hay que vigilar en el segundo semestre del a\u00f1o. Las principales conclusiones del an\u00e1lisis son:<\/p>\n<ul>\n<li>A medida que avanza el <strong>calentamiento global<\/strong>, proliferan <strong>cat\u00e1strofes naturales<\/strong> como los incendios forestales de Canad\u00e1, fen\u00f3menos sin precedentes que comenzaron en mayo y han destruido m\u00e1s de once millones de hect\u00e1reas hasta la fecha.<\/li>\n<li>La <strong>acci\u00f3n del hombre<\/strong>, especialmente por lo que respecta a la explotaci\u00f3n y uso del suelo, suele agravar los efectos de las cat\u00e1strofes naturales, como hemos visto este a\u00f1o con las inundaciones de Nueva Zelanda e Italia y los incendios forestales de Chile.<\/li>\n<li>Es necesario concienciar sobre los <strong>cambios socioecon\u00f3micos repentinos<\/strong> que el cambio clim\u00e1tico gradual provoca, entre ellos, el desplome de los precios en el sector inmobiliario.<\/li>\n<li>Durante un fen\u00f3meno de El Ni\u00f1o, la atm\u00f3sfera absorbe m\u00e1s calor y el oc\u00e9ano menos, por lo que dos o tres meses despu\u00e9s de su inicio la temperatura de<strong> la superficie del planeta aumenta<\/strong>.<\/li>\n<li>Durante tres a\u00f1os consecutivos, el <strong>oc\u00e9ano Pac\u00edfico se ha estancado<\/strong> en su configuraci\u00f3n de La Ni\u00f1a. Si vira hacia El Ni\u00f1o, hasta ahora centrado en el Atl\u00e1ntico, las empresas deber\u00e1n prepararse para temperaturas r\u00e9cord, condiciones meteorol\u00f3gicas inusuales y un crecimiento econ\u00f3mico m\u00e1s lento.<\/li>\n<\/ul>\n<p>Como explica <strong>Helene Galy, <em>Managing Director<\/em> de la <em>WTW Research Network<\/em><\/strong>, &#8220;<em>Nuestros v\u00ednculos directos y estrecha colaboraci\u00f3n con la comunidad cient\u00edfica a trav\u00e9s de la red de investigaci\u00f3n de WTW nos permiten ofrecer una visi\u00f3n profunda de las principales cat\u00e1strofes naturales y de las lecciones aprendidas de ellas<\/em>. <em>A la hora de cuantificar el riesgo de cat\u00e1strofes naturales es crucial incorporar un exhaustivo an\u00e1lisis cient\u00edfico a nuestros modelos. Como estamos viendo con los actuales incendios forestales y fen\u00f3menos meteorol\u00f3gicos extremos en Europa, China y Norteam\u00e9rica, el impacto empresarial de estas cat\u00e1strofes hace crucial que los gestores de riesgos comprendan sus posibles consecuencias, as\u00ed como lo aprendido de sucesos anteriores y el valor y los l\u00edmites de la previsi\u00f3n estacional. Creemos que nuestra \u00faltima revisi\u00f3n cient\u00edfica semestral puede ayudar a nuestros clientes y al mercado a comprender y mitigar los riesgos de las cat\u00e1strofes naturales.&#8221;<\/em>[\/vc_column_text][nectar_single_testimonial testimonial_style=&#8221;small_modern&#8221; color=&#8221;Default&#8221; quote=&#8221;&#8220;Como estamos viendo con los actuales incendios forestales y fen\u00f3menos meteorol\u00f3gicos extremos en Europa, China y Norteam\u00e9rica, el impacto empresarial de estas cat\u00e1strofes hace crucial que los gestores de riesgos comprendan sus posibles consecuencias, as\u00ed como lo aprendido de sucesos anteriores y el valor y los l\u00edmites de la previsi\u00f3n estacional. Creemos que nuestra \u00faltima revisi\u00f3n cient\u00edfica semestral puede ayudar a nuestros clientes y al mercado a comprender y mitigar los riesgos de las cat\u00e1strofes naturales.&#8220;&#8221; name=&#8221;Helene Galy&#8221; subtitle=&#8221;Managing Director de la WTW Research Network&#8221;][\/vc_column][\/vc_row]\n","protected":false},"excerpt":{"rendered":"<p>[vc_row type=&#8221;in_container&#8221; full_screen_row_position=&#8221;middle&#8221; column_margin=&#8221;default&#8221; column_direction=&#8221;default&#8221; column_direction_tablet=&#8221;default&#8221; column_direction_phone=&#8221;default&#8221; scene_position=&#8221;center&#8221; text_color=&#8221;dark&#8221; text_align=&#8221;left&#8221; row_border_radius=&#8221;none&#8221; row_border_radius_applies=&#8221;bg&#8221; overflow=&#8221;visible&#8221; overlay_strength=&#8221;0.3&#8243; gradient_direction=&#8221;left_to_right&#8221; shape_divider_position=&#8221;bottom&#8221; bg_image_animation=&#8221;none&#8221;][vc_column column_padding=&#8221;no-extra-padding&#8221; column_padding_tablet=&#8221;inherit&#8221; column_padding_phone=&#8221;inherit&#8221; column_padding_position=&#8221;all&#8221; column_element_direction_desktop=&#8221;default&#8221; column_element_spacing=&#8221;default&#8221; desktop_text_alignment=&#8221;default&#8221; tablet_text_alignment=&#8221;default&#8221;&#8230;<\/p>\n","protected":false},"author":197,"featured_media":15219,"comment_status":"closed","ping_status":"closed","sticky":false,"template":"","format":"standard","meta":{"_acf_changed":false,"_price":"","_stock":"","_tribe_ticket_header":"","_tribe_default_ticket_provider":"","_tribe_ticket_capacity":"0","_ticket_start_date":"","_ticket_end_date":"","_tribe_ticket_show_description":"","_tribe_ticket_show_not_going":false,"_tribe_ticket_use_global_stock":"","_tribe_ticket_global_stock_level":"","_global_stock_mode":"","_global_stock_cap":"","_tribe_rsvp_for_event":"","_tribe_ticket_going_count":"","_tribe_ticket_not_going_count":"","_tribe_tickets_list":"[]","_tribe_ticket_has_attendee_info_fields":false,"footnotes":""},"categories":[339],"tags":[352,342],"class_list":["post-15216","post","type-post","status-publish","format-standard","has-post-thumbnail","category-espacio-correduriasadecose","tag-espacio-correduriasadecose","tag-wtw"],"acf":[],"yoast_head":"<!-- This site is optimized with the Yoast SEO plugin v27.2 - https:\/\/yoast.com\/product\/yoast-seo-wordpress\/ -->\n<title>El Ni\u00f1o podr\u00eda tener un impacto significativo en la producci\u00f3n de energ\u00edas renovables - ADECOSE<\/title>\n<meta name=\"description\" content=\"El estudio Natural Catastrophe Review (enero-junio de 2023), elaborado por WTW (antes Willis Towers Watson) en colaboraci\u00f3n con prestigiosas instituciones de investigaci\u00f3n a trav\u00e9s de la WTW Research Network, proporciona un an\u00e1lisis en profundidad del riesgo de cat\u00e1strofes naturales.\" \/>\n<meta name=\"robots\" content=\"index, follow, max-snippet:-1, max-image-preview:large, max-video-preview:-1\" \/>\n<link rel=\"canonical\" href=\"https:\/\/www.adecose.com\/el-nino-podria-tener-un-impacto-significativo-en-la-produccion-de-energias-renovables\/\" \/>\n<meta property=\"og:locale\" content=\"en_US\" \/>\n<meta property=\"og:type\" content=\"article\" \/>\n<meta property=\"og:title\" content=\"El Ni\u00f1o podr\u00eda tener un impacto significativo en la producci\u00f3n de energ\u00edas renovables - ADECOSE\" \/>\n<meta property=\"og:description\" content=\"El estudio Natural Catastrophe Review (enero-junio de 2023), elaborado por WTW (antes Willis Towers Watson) en colaboraci\u00f3n con prestigiosas instituciones de investigaci\u00f3n a trav\u00e9s de la WTW Research Network, proporciona un an\u00e1lisis en profundidad del riesgo de cat\u00e1strofes naturales.\" \/>\n<meta property=\"og:url\" content=\"https:\/\/www.adecose.com\/el-nino-podria-tener-un-impacto-significativo-en-la-produccion-de-energias-renovables\/\" \/>\n<meta property=\"og:site_name\" content=\"ADECOSE\" \/>\n<meta property=\"article:published_time\" content=\"2023-07-26T09:00:41+00:00\" \/>\n<meta property=\"article:modified_time\" content=\"2023-07-26T09:07:23+00:00\" \/>\n<meta property=\"og:image\" content=\"https:\/\/www.adecose.com\/wp-content\/uploads\/2023\/07\/AdobeStock_135264435.jpg\" \/>\n\t<meta property=\"og:image:width\" content=\"930\" \/>\n\t<meta property=\"og:image:height\" content=\"655\" \/>\n\t<meta property=\"og:image:type\" content=\"image\/jpeg\" \/>\n<meta name=\"author\" content=\"Comunicaci\u00f3n ADECOSE\" \/>\n<meta name=\"twitter:card\" content=\"summary_large_image\" \/>\n<meta name=\"twitter:label1\" content=\"Written by\" \/>\n\t<meta name=\"twitter:data1\" content=\"Comunicaci\u00f3n ADECOSE\" \/>\n\t<meta name=\"twitter:label2\" content=\"Est. reading time\" \/>\n\t<meta name=\"twitter:data2\" content=\"4 minutes\" \/>\n<script type=\"application\/ld+json\" class=\"yoast-schema-graph\">{\"@context\":\"https:\/\/schema.org\",\"@graph\":[{\"@type\":\"Article\",\"@id\":\"https:\/\/www.adecose.com\/el-nino-podria-tener-un-impacto-significativo-en-la-produccion-de-energias-renovables\/#article\",\"isPartOf\":{\"@id\":\"https:\/\/www.adecose.com\/el-nino-podria-tener-un-impacto-significativo-en-la-produccion-de-energias-renovables\/\"},\"author\":{\"name\":\"Comunicaci\u00f3n ADECOSE\",\"@id\":\"https:\/\/www.adecose.com\/gl\/#\/schema\/person\/ff086ce55f6379e1d225a2c0dca5eeb6\"},\"headline\":\"El Ni\u00f1o podr\u00eda tener un impacto significativo en la producci\u00f3n de energ\u00edas renovables\",\"datePublished\":\"2023-07-26T09:00:41+00:00\",\"dateModified\":\"2023-07-26T09:07:23+00:00\",\"mainEntityOfPage\":{\"@id\":\"https:\/\/www.adecose.com\/el-nino-podria-tener-un-impacto-significativo-en-la-produccion-de-energias-renovables\/\"},\"wordCount\":947,\"publisher\":{\"@id\":\"https:\/\/www.adecose.com\/gl\/#organization\"},\"image\":{\"@id\":\"https:\/\/www.adecose.com\/el-nino-podria-tener-un-impacto-significativo-en-la-produccion-de-energias-renovables\/#primaryimage\"},\"thumbnailUrl\":\"https:\/\/www.adecose.com\/wp-content\/uploads\/2023\/07\/AdobeStock_135264435.jpg\",\"keywords\":[\"Espacio #Corredur\u00edasADECOSE\",\"WTW\"],\"articleSection\":[\"Espacio #Corredur\u00edasADECOSE\"],\"inLanguage\":\"en-US\"},{\"@type\":\"WebPage\",\"@id\":\"https:\/\/www.adecose.com\/el-nino-podria-tener-un-impacto-significativo-en-la-produccion-de-energias-renovables\/\",\"url\":\"https:\/\/www.adecose.com\/el-nino-podria-tener-un-impacto-significativo-en-la-produccion-de-energias-renovables\/\",\"name\":\"El Ni\u00f1o podr\u00eda tener un impacto significativo en la producci\u00f3n de energ\u00edas renovables - ADECOSE\",\"isPartOf\":{\"@id\":\"https:\/\/www.adecose.com\/gl\/#website\"},\"primaryImageOfPage\":{\"@id\":\"https:\/\/www.adecose.com\/el-nino-podria-tener-un-impacto-significativo-en-la-produccion-de-energias-renovables\/#primaryimage\"},\"image\":{\"@id\":\"https:\/\/www.adecose.com\/el-nino-podria-tener-un-impacto-significativo-en-la-produccion-de-energias-renovables\/#primaryimage\"},\"thumbnailUrl\":\"https:\/\/www.adecose.com\/wp-content\/uploads\/2023\/07\/AdobeStock_135264435.jpg\",\"datePublished\":\"2023-07-26T09:00:41+00:00\",\"dateModified\":\"2023-07-26T09:07:23+00:00\",\"description\":\"El estudio Natural Catastrophe Review (enero-junio de 2023), elaborado por WTW (antes Willis Towers Watson) en colaboraci\u00f3n con prestigiosas instituciones de investigaci\u00f3n a trav\u00e9s de la WTW Research Network, proporciona un an\u00e1lisis en profundidad del riesgo de cat\u00e1strofes naturales.\",\"breadcrumb\":{\"@id\":\"https:\/\/www.adecose.com\/el-nino-podria-tener-un-impacto-significativo-en-la-produccion-de-energias-renovables\/#breadcrumb\"},\"inLanguage\":\"en-US\",\"potentialAction\":[{\"@type\":\"ReadAction\",\"target\":[\"https:\/\/www.adecose.com\/el-nino-podria-tener-un-impacto-significativo-en-la-produccion-de-energias-renovables\/\"]}]},{\"@type\":\"ImageObject\",\"inLanguage\":\"en-US\",\"@id\":\"https:\/\/www.adecose.com\/el-nino-podria-tener-un-impacto-significativo-en-la-produccion-de-energias-renovables\/#primaryimage\",\"url\":\"https:\/\/www.adecose.com\/wp-content\/uploads\/2023\/07\/AdobeStock_135264435.jpg\",\"contentUrl\":\"https:\/\/www.adecose.com\/wp-content\/uploads\/2023\/07\/AdobeStock_135264435.jpg\",\"width\":930,\"height\":655},{\"@type\":\"BreadcrumbList\",\"@id\":\"https:\/\/www.adecose.com\/el-nino-podria-tener-un-impacto-significativo-en-la-produccion-de-energias-renovables\/#breadcrumb\",\"itemListElement\":[{\"@type\":\"ListItem\",\"position\":1,\"name\":\"Portada\",\"item\":\"https:\/\/www.adecose.com\/en\/\"},{\"@type\":\"ListItem\",\"position\":2,\"name\":\"El Ni\u00f1o podr\u00eda tener un impacto significativo en la producci\u00f3n de energ\u00edas renovables\"}]},{\"@type\":\"WebSite\",\"@id\":\"https:\/\/www.adecose.com\/gl\/#website\",\"url\":\"https:\/\/www.adecose.com\/gl\/\",\"name\":\"ADECOSE\",\"description\":\"Spanish Association of Insurance and Reinsurance Brokers\",\"publisher\":{\"@id\":\"https:\/\/www.adecose.com\/gl\/#organization\"},\"potentialAction\":[{\"@type\":\"SearchAction\",\"target\":{\"@type\":\"EntryPoint\",\"urlTemplate\":\"https:\/\/www.adecose.com\/gl\/?s={search_term_string}\"},\"query-input\":{\"@type\":\"PropertyValueSpecification\",\"valueRequired\":true,\"valueName\":\"search_term_string\"}}],\"inLanguage\":\"en-US\"},{\"@type\":\"Organization\",\"@id\":\"https:\/\/www.adecose.com\/gl\/#organization\",\"name\":\"ADECOSE\",\"url\":\"https:\/\/www.adecose.com\/gl\/\",\"logo\":{\"@type\":\"ImageObject\",\"inLanguage\":\"en-US\",\"@id\":\"https:\/\/www.adecose.com\/gl\/#\/schema\/logo\/image\/\",\"url\":\"https:\/\/www.adecose.com\/wp-content\/uploads\/2020\/07\/favicon.png\",\"contentUrl\":\"https:\/\/www.adecose.com\/wp-content\/uploads\/2020\/07\/favicon.png\",\"width\":512,\"height\":512,\"caption\":\"ADECOSE\"},\"image\":{\"@id\":\"https:\/\/www.adecose.com\/gl\/#\/schema\/logo\/image\/\"}},{\"@type\":\"Person\",\"@id\":\"https:\/\/www.adecose.com\/gl\/#\/schema\/person\/ff086ce55f6379e1d225a2c0dca5eeb6\",\"name\":\"Comunicaci\u00f3n ADECOSE\",\"image\":{\"@type\":\"ImageObject\",\"inLanguage\":\"en-US\",\"@id\":\"https:\/\/secure.gravatar.com\/avatar\/01cd1f9571997441bf1da6d1cc147351305f03fe8f2acf1ebbec60ebb26924ce?s=96&d=mm&r=g\",\"url\":\"https:\/\/secure.gravatar.com\/avatar\/01cd1f9571997441bf1da6d1cc147351305f03fe8f2acf1ebbec60ebb26924ce?s=96&d=mm&r=g\",\"contentUrl\":\"https:\/\/secure.gravatar.com\/avatar\/01cd1f9571997441bf1da6d1cc147351305f03fe8f2acf1ebbec60ebb26924ce?s=96&d=mm&r=g\",\"caption\":\"Comunicaci\u00f3n ADECOSE\"}}]}<\/script>\n<!-- \/ Yoast SEO plugin. -->","yoast_head_json":{"title":"El Ni\u00f1o podr\u00eda tener un impacto significativo en la producci\u00f3n de energ\u00edas renovables - ADECOSE","description":"El estudio Natural Catastrophe Review (enero-junio de 2023), elaborado por WTW (antes Willis Towers Watson) en colaboraci\u00f3n con prestigiosas instituciones de investigaci\u00f3n a trav\u00e9s de la WTW Research Network, proporciona un an\u00e1lisis en profundidad del riesgo de cat\u00e1strofes naturales.","robots":{"index":"index","follow":"follow","max-snippet":"max-snippet:-1","max-image-preview":"max-image-preview:large","max-video-preview":"max-video-preview:-1"},"canonical":"https:\/\/www.adecose.com\/el-nino-podria-tener-un-impacto-significativo-en-la-produccion-de-energias-renovables\/","og_locale":"en_US","og_type":"article","og_title":"El Ni\u00f1o podr\u00eda tener un impacto significativo en la producci\u00f3n de energ\u00edas renovables - ADECOSE","og_description":"El estudio Natural Catastrophe Review (enero-junio de 2023), elaborado por WTW (antes Willis Towers Watson) en colaboraci\u00f3n con prestigiosas instituciones de investigaci\u00f3n a trav\u00e9s de la WTW Research Network, proporciona un an\u00e1lisis en profundidad del riesgo de cat\u00e1strofes naturales.","og_url":"https:\/\/www.adecose.com\/el-nino-podria-tener-un-impacto-significativo-en-la-produccion-de-energias-renovables\/","og_site_name":"ADECOSE","article_published_time":"2023-07-26T09:00:41+00:00","article_modified_time":"2023-07-26T09:07:23+00:00","og_image":[{"width":930,"height":655,"url":"https:\/\/www.adecose.com\/wp-content\/uploads\/2023\/07\/AdobeStock_135264435.jpg","type":"image\/jpeg"}],"author":"Comunicaci\u00f3n ADECOSE","twitter_card":"summary_large_image","twitter_misc":{"Written by":"Comunicaci\u00f3n ADECOSE","Est. reading time":"4 minutes"},"schema":{"@context":"https:\/\/schema.org","@graph":[{"@type":"Article","@id":"https:\/\/www.adecose.com\/el-nino-podria-tener-un-impacto-significativo-en-la-produccion-de-energias-renovables\/#article","isPartOf":{"@id":"https:\/\/www.adecose.com\/el-nino-podria-tener-un-impacto-significativo-en-la-produccion-de-energias-renovables\/"},"author":{"name":"Comunicaci\u00f3n ADECOSE","@id":"https:\/\/www.adecose.com\/gl\/#\/schema\/person\/ff086ce55f6379e1d225a2c0dca5eeb6"},"headline":"El Ni\u00f1o podr\u00eda tener un impacto significativo en la producci\u00f3n de energ\u00edas renovables","datePublished":"2023-07-26T09:00:41+00:00","dateModified":"2023-07-26T09:07:23+00:00","mainEntityOfPage":{"@id":"https:\/\/www.adecose.com\/el-nino-podria-tener-un-impacto-significativo-en-la-produccion-de-energias-renovables\/"},"wordCount":947,"publisher":{"@id":"https:\/\/www.adecose.com\/gl\/#organization"},"image":{"@id":"https:\/\/www.adecose.com\/el-nino-podria-tener-un-impacto-significativo-en-la-produccion-de-energias-renovables\/#primaryimage"},"thumbnailUrl":"https:\/\/www.adecose.com\/wp-content\/uploads\/2023\/07\/AdobeStock_135264435.jpg","keywords":["Espacio #Corredur\u00edasADECOSE","WTW"],"articleSection":["Espacio #Corredur\u00edasADECOSE"],"inLanguage":"en-US"},{"@type":"WebPage","@id":"https:\/\/www.adecose.com\/el-nino-podria-tener-un-impacto-significativo-en-la-produccion-de-energias-renovables\/","url":"https:\/\/www.adecose.com\/el-nino-podria-tener-un-impacto-significativo-en-la-produccion-de-energias-renovables\/","name":"El Ni\u00f1o podr\u00eda tener un impacto significativo en la producci\u00f3n de energ\u00edas renovables - ADECOSE","isPartOf":{"@id":"https:\/\/www.adecose.com\/gl\/#website"},"primaryImageOfPage":{"@id":"https:\/\/www.adecose.com\/el-nino-podria-tener-un-impacto-significativo-en-la-produccion-de-energias-renovables\/#primaryimage"},"image":{"@id":"https:\/\/www.adecose.com\/el-nino-podria-tener-un-impacto-significativo-en-la-produccion-de-energias-renovables\/#primaryimage"},"thumbnailUrl":"https:\/\/www.adecose.com\/wp-content\/uploads\/2023\/07\/AdobeStock_135264435.jpg","datePublished":"2023-07-26T09:00:41+00:00","dateModified":"2023-07-26T09:07:23+00:00","description":"El estudio Natural Catastrophe Review (enero-junio de 2023), elaborado por WTW (antes Willis Towers Watson) en colaboraci\u00f3n con prestigiosas instituciones de investigaci\u00f3n a trav\u00e9s de la WTW Research Network, proporciona un an\u00e1lisis en profundidad del riesgo de cat\u00e1strofes naturales.","breadcrumb":{"@id":"https:\/\/www.adecose.com\/el-nino-podria-tener-un-impacto-significativo-en-la-produccion-de-energias-renovables\/#breadcrumb"},"inLanguage":"en-US","potentialAction":[{"@type":"ReadAction","target":["https:\/\/www.adecose.com\/el-nino-podria-tener-un-impacto-significativo-en-la-produccion-de-energias-renovables\/"]}]},{"@type":"ImageObject","inLanguage":"en-US","@id":"https:\/\/www.adecose.com\/el-nino-podria-tener-un-impacto-significativo-en-la-produccion-de-energias-renovables\/#primaryimage","url":"https:\/\/www.adecose.com\/wp-content\/uploads\/2023\/07\/AdobeStock_135264435.jpg","contentUrl":"https:\/\/www.adecose.com\/wp-content\/uploads\/2023\/07\/AdobeStock_135264435.jpg","width":930,"height":655},{"@type":"BreadcrumbList","@id":"https:\/\/www.adecose.com\/el-nino-podria-tener-un-impacto-significativo-en-la-produccion-de-energias-renovables\/#breadcrumb","itemListElement":[{"@type":"ListItem","position":1,"name":"Portada","item":"https:\/\/www.adecose.com\/en\/"},{"@type":"ListItem","position":2,"name":"El Ni\u00f1o podr\u00eda tener un impacto significativo en la producci\u00f3n de energ\u00edas renovables"}]},{"@type":"WebSite","@id":"https:\/\/www.adecose.com\/gl\/#website","url":"https:\/\/www.adecose.com\/gl\/","name":"ADECOSE","description":"Spanish Association of Insurance and Reinsurance Brokers","publisher":{"@id":"https:\/\/www.adecose.com\/gl\/#organization"},"potentialAction":[{"@type":"SearchAction","target":{"@type":"EntryPoint","urlTemplate":"https:\/\/www.adecose.com\/gl\/?s={search_term_string}"},"query-input":{"@type":"PropertyValueSpecification","valueRequired":true,"valueName":"search_term_string"}}],"inLanguage":"en-US"},{"@type":"Organization","@id":"https:\/\/www.adecose.com\/gl\/#organization","name":"ADECOSE","url":"https:\/\/www.adecose.com\/gl\/","logo":{"@type":"ImageObject","inLanguage":"en-US","@id":"https:\/\/www.adecose.com\/gl\/#\/schema\/logo\/image\/","url":"https:\/\/www.adecose.com\/wp-content\/uploads\/2020\/07\/favicon.png","contentUrl":"https:\/\/www.adecose.com\/wp-content\/uploads\/2020\/07\/favicon.png","width":512,"height":512,"caption":"ADECOSE"},"image":{"@id":"https:\/\/www.adecose.com\/gl\/#\/schema\/logo\/image\/"}},{"@type":"Person","@id":"https:\/\/www.adecose.com\/gl\/#\/schema\/person\/ff086ce55f6379e1d225a2c0dca5eeb6","name":"Comunicaci\u00f3n ADECOSE","image":{"@type":"ImageObject","inLanguage":"en-US","@id":"https:\/\/secure.gravatar.com\/avatar\/01cd1f9571997441bf1da6d1cc147351305f03fe8f2acf1ebbec60ebb26924ce?s=96&d=mm&r=g","url":"https:\/\/secure.gravatar.com\/avatar\/01cd1f9571997441bf1da6d1cc147351305f03fe8f2acf1ebbec60ebb26924ce?s=96&d=mm&r=g","contentUrl":"https:\/\/secure.gravatar.com\/avatar\/01cd1f9571997441bf1da6d1cc147351305f03fe8f2acf1ebbec60ebb26924ce?s=96&d=mm&r=g","caption":"Comunicaci\u00f3n ADECOSE"}}]}},"_links":{"self":[{"href":"https:\/\/www.adecose.com\/en\/wp-json\/wp\/v2\/posts\/15216","targetHints":{"allow":["GET"]}}],"collection":[{"href":"https:\/\/www.adecose.com\/en\/wp-json\/wp\/v2\/posts"}],"about":[{"href":"https:\/\/www.adecose.com\/en\/wp-json\/wp\/v2\/types\/post"}],"author":[{"embeddable":true,"href":"https:\/\/www.adecose.com\/en\/wp-json\/wp\/v2\/users\/197"}],"replies":[{"embeddable":true,"href":"https:\/\/www.adecose.com\/en\/wp-json\/wp\/v2\/comments?post=15216"}],"version-history":[{"count":0,"href":"https:\/\/www.adecose.com\/en\/wp-json\/wp\/v2\/posts\/15216\/revisions"}],"wp:featuredmedia":[{"embeddable":true,"href":"https:\/\/www.adecose.com\/en\/wp-json\/wp\/v2\/media\/15219"}],"wp:attachment":[{"href":"https:\/\/www.adecose.com\/en\/wp-json\/wp\/v2\/media?parent=15216"}],"wp:term":[{"taxonomy":"category","embeddable":true,"href":"https:\/\/www.adecose.com\/en\/wp-json\/wp\/v2\/categories?post=15216"},{"taxonomy":"post_tag","embeddable":true,"href":"https:\/\/www.adecose.com\/en\/wp-json\/wp\/v2\/tags?post=15216"}],"curies":[{"name":"wp","href":"https:\/\/api.w.org\/{rel}","templated":true}]}}