{"id":15175,"date":"2023-07-20T10:41:24","date_gmt":"2023-07-20T08:41:24","guid":{"rendered":"https:\/\/www.adecose.com\/?p=15175"},"modified":"2023-07-20T10:42:07","modified_gmt":"2023-07-20T08:42:07","slug":"las-tasas-para-danos-materiales-seguiran-al-alza-y-las-de-responsabilidad-civil-tienden-a-estabilizarse","status":"publish","type":"post","link":"https:\/\/www.adecose.com\/en\/las-tasas-para-danos-materiales-seguiran-al-alza-y-las-de-responsabilidad-civil-tienden-a-estabilizarse\/","title":{"rendered":"Las tasas para Dan\u0303os materiales seguira\u0301n al alza y las de Responsabilidad Civil tienden a estabilizarse"},"content":{"rendered":"[vc_row type=&#8221;in_container&#8221; full_screen_row_position=&#8221;middle&#8221; column_margin=&#8221;default&#8221; column_direction=&#8221;default&#8221; column_direction_tablet=&#8221;default&#8221; column_direction_phone=&#8221;default&#8221; scene_position=&#8221;center&#8221; text_color=&#8221;dark&#8221; text_align=&#8221;left&#8221; row_border_radius=&#8221;none&#8221; row_border_radius_applies=&#8221;bg&#8221; overflow=&#8221;visible&#8221; overlay_strength=&#8221;0.3&#8243; gradient_direction=&#8221;left_to_right&#8221; shape_divider_position=&#8221;bottom&#8221; bg_image_animation=&#8221;none&#8221;][vc_column column_padding=&#8221;no-extra-padding&#8221; column_padding_tablet=&#8221;inherit&#8221; column_padding_phone=&#8221;inherit&#8221; column_padding_position=&#8221;all&#8221; column_element_direction_desktop=&#8221;default&#8221; column_element_spacing=&#8221;default&#8221; desktop_text_alignment=&#8221;default&#8221; tablet_text_alignment=&#8221;default&#8221; phone_text_alignment=&#8221;default&#8221; background_color_opacity=&#8221;1&#8243; background_hover_color_opacity=&#8221;1&#8243; column_backdrop_filter=&#8221;none&#8221; column_shadow=&#8221;none&#8221; column_border_radius=&#8221;none&#8221; column_link_target=&#8221;_self&#8221; column_position=&#8221;default&#8221; gradient_direction=&#8221;left_to_right&#8221; overlay_strength=&#8221;0.3&#8243; width=&#8221;1\/1&#8243; tablet_width_inherit=&#8221;default&#8221; animation_type=&#8221;default&#8221; bg_image_animation=&#8221;none&#8221; border_type=&#8221;simple&#8221; column_border_width=&#8221;none&#8221; column_border_style=&#8221;solid&#8221;][vc_column_text]\n<ul>\n<li><em><strong>Los riesgos con poca o nula inversi\u00f3n en protecci\u00f3n y mejora no est\u00e1n superando los filtros de ingenier\u00eda para poder ser cotizados por los equipos de suscripci\u00f3n adecuadamente.<\/strong><\/em><\/li>\n<\/ul>\n<p style=\"font-weight: 400;\"><strong>\u00a0<\/strong><\/p>\n<p style=\"font-weight: 400;\">El informe sectorial elaborado por WTW analizando el primer semestre de 2023 <strong>muestra un mercado asegurador estabilizado<\/strong> para la mayor\u00eda de las l\u00edneas de seguros comerciales. En cualquier caso, la creciente competencia, impulsada por la vuelta al crecimiento de muchos mercados tradicionales y la entrada de nuevos jugadores con planes ambiciosos para sus operaciones en Espa\u00f1a, ha frenado, pero no eliminado, la subida de tasas y el endurecimiento de los t\u00e9rminos y condiciones en algunas l\u00edneas de negocio, que, en mayor o menor medida, continuar\u00e1n en el segundo semestre del a\u00f1o.<\/p>\n<p style=\"font-weight: 400;\">Nos seguimos enfrentando a un <strong>problema hist\u00f3rico de la cadena de suministro mundial y a una alta inflaci\u00f3n<\/strong> que muestra pocas se\u00f1ales de disminuir. Estos factores tienen un impacto directo e impulsan a las aseguradoras a analizar detenidamente los <strong>costes de reemplazo (siniestros) e incrementar las tasas y primas<\/strong> en dos de las \u00e1reas analizadas en el informe: <strong>Da\u00f1os materiales y Responsabilidad civil<\/strong>.<\/p>\n<p style=\"font-weight: 400;\">En el caso de las p\u00f3lizas de Da\u00f1os materiales, WTW ha detectado que los aumentos de las primas para la mayor\u00eda de las compa\u00f1\u00edas aseguradoras vienen impulsados por los mencionados <strong>costes inflacionarios<\/strong> (construcci\u00f3n y reposici\u00f3n de activos cr\u00edtico -siniestros-), las <strong>presiones del reaseguro<\/strong>, el <strong>escenario econ\u00f3mico financiero mundial<\/strong>, las restricciones generales de capacidad de sus casas matrices y el aumento de las cat\u00e1strofes naturales.<\/p>\n<p style=\"font-weight: 400;\">En cuanto a las tendencias en los precios de las p\u00f3lizas de Da\u00f1os materiales durante el primer semestre de 2023, WTW ha detectado incrementos de entre el<strong> 5% y el 10%<\/strong> para los <strong>riesgos materiales no catastr\u00f3ficos<\/strong>; de entre un 10% y un 30% para los no catastr\u00f3ficos de protecci\u00f3n media y de entre un<strong> 50% y un 100%<\/strong> para los <strong>riesgos catastr\u00f3ficos<\/strong>.<\/p>\n<p style=\"font-weight: 400;\">Como expone <strong>Javier Gim\u00e9nez, director de Broking y Mercados de WTW<\/strong>, \u201c<em>La actualizaci\u00f3n de los valores asegurados en l\u00ednea con el actual escenario inflacionario en las p\u00f3lizas de da\u00f1os materiales sigue siendo uno de los principales temas pendientes en 2023. En este sentido, resulta clave realizar un buen ejercicio de valoraci\u00f3n de activos y de actualizaci\u00f3n de capitales, explicando el resultado de este a los mercados. Es muy recomendable usar una empresa de valorizaci\u00f3n externa\u201d.<\/em><\/p>\n<p style=\"font-weight: 400;\">El mercado de directo y los reaseguradores contin\u00faan teniendo un enfoque altamente discriminatorio y muy t\u00e9cnico para la selecci\u00f3n de riesgos, el despliegue de capacidad y la fijaci\u00f3n de precios fundamentando sus decisiones en base a la madurez de las empresas en materia de protecci\u00f3n y prevenci\u00f3n de riesgos, as\u00ed como su planificaci\u00f3n de inversi\u00f3n futura. Por ello, es muy importante trabajar profundamente en la calidad del riesgo.<\/p>\n<p style=\"font-weight: 400;\">Si bien han entrado nuevos jugadores de \u201c<strong>seguro directo<\/strong>\u201d que quieren situarse en el mercado asegurador espa\u00f1ol, suelen presentar principalmente capacidades de seguimiento y\/o reaseguro con porcentajes no muy elevados, siguiendo una filosof\u00eda de colocaci\u00f3n de cierta cautela.<\/p>\n<p style=\"font-weight: 400;\">Con respecto a las renovaciones en el \u00e1rea de <strong>Da\u00f1os materiales<\/strong>, y en el actual escenario de mercado todav\u00eda duro, WTW recomienda que se comience el proceso de renovaci\u00f3n lo antes posible, m\u00ednimo tres meses antes del vencimiento consensuando con el cliente tanto objetivos como expectativas.<\/p>\n<p style=\"font-weight: 400;\">La situaci\u00f3n mundial financiera y las importantes p\u00e9rdidas en siniestros de riesgos de la <strong>naturaleza catastr\u00f3ficos<\/strong> (aumento medio anual de entre el 5% y el 7% de las p\u00e9rdidas aseguradas en las \u00faltimas tres d\u00e9cadas), han provocado el freno de afluencia de nuevo capital de inversores en valores vinculados a seguros (ILS). Esto abre muchas posibilidades de que la oferta de capital, en particular para el reaseguro agregado y la retrocesi\u00f3n, seguir\u00e1 siendo \u201ctibia\u201d durante alg\u00fan tiempo, a pesar de su elevada demanda, actuando con cautela por las importantes p\u00e9rdidas econ\u00f3micas sufridas en siniestros, su intensidad y mayor frecuencia, la creciente inflaci\u00f3n y las menores valoraciones relativas de los activos.<\/p>\n<p style=\"font-weight: 400;\">De media en Europa, los precios de los seguros globales para Da\u00f1os aumentaron un 10% en el primer trimestre de 2023 en comparaci\u00f3n con 7% del cuarto trimestre de 2022.<\/p>\n<p style=\"font-weight: 400;\"><strong>Punto de inflexi\u00f3n para la Responsabilidad civil <\/strong><\/p>\n<p style=\"font-weight: 400;\">En el \u00e1rea de Responsabilidad civil, como explica <strong>Javier Gim\u00e9nez,<\/strong> \u201c<em>Las aseguradoras se encuentran en un punto de inflexi\u00f3n, ya que enfrentan un ciclo continuo de incertidumbres econ\u00f3micas que incluye inflaci\u00f3n social, obst\u00e1culos geopol\u00edticos, desaf\u00edos ambientales y restricciones de capital. Por ello, aquellas compa\u00f1\u00edas con mayor \u00e9xito han definido una clara fuente de distinci\u00f3n que les permite competir m\u00e1s all\u00e1 de los precios<\/em>\u201d. El an\u00e1lisis de WTW muestra que el primer semestre de 2023 los precios en el \u00e1rea de Responsabilidad civil se han incrementado en una franja de entre el 5% y el 30%.<\/p>\n<p style=\"font-weight: 400;\">Los temas clave que probablemente configurar\u00e1n el panorama de <strong>Responsabilidad Civil<\/strong> de las empresas en el segundo semestre del a\u00f1o son un entorno de litigios civiles m\u00e1s favorable a los demandantes; el <strong>aumento del riesgo de litigios<\/strong> por el cambio clim\u00e1tico, con \u00e1reas emergentes de riesgo como la falta de prevenci\u00f3n o mitigaci\u00f3n y el \u00ab<strong>green washing<\/strong>\u00bb; el cada vez mayor n\u00famero de los efectos adversos de los contaminantes industriales; y la mayor atenci\u00f3n a la responsabilidad social de las empresas y a la gobernanza. La <strong>falta de transparencia<\/strong> y <strong>especificidad en torno a la diversidad, la equidad y las normas de inclusi\u00f3n<\/strong>, son bases para una posible responsabilidad relacionada con ESG. Tambi\u00e9n se espera que la normativa sobre seguridad y privacidad de los datos influya significativamente en la futura responsabilidad de las empresas.<\/p>\n<p style=\"font-weight: 400;\">Como grandes conclusiones para el \u00e1rea de Responsabilidad civil, <strong>Javier Gim\u00e9nez<\/strong> marcar\u00eda que \u201c<em>Las aseguradoras y reaseguradoras reconocen la necesidad de adaptar continuamente<\/em> <em>sus ofertas debido al cambiante panorama macroecon\u00f3mico. No se est\u00e1n estableciendo exclusiones \u201cgeneralizadas\u201d adicionales como en a\u00f1os anteriores en \u00e1reas como Ciber, Enfermedades Infecciosas, etc&#8230; El establecimiento de nuevos mercados en Espa\u00f1a y su apetito por entrar en los riesgos permiten crear cierta competencia entre las aseguradoras lo que provoca una cierta relajaci\u00f3n en los precios<\/em>\u201d.<\/p>\n<p style=\"font-weight: 400;\">En 2023 las renovaciones est\u00e1n siendo m\u00e1s estables en t\u00e9rminos de primas en determinados sectores de actividad (<em>Real Estate<\/em>) y con ligeros incrementos de primas y franquicias en sectores considerados como m\u00e1s expuestos (<em>Farma, Qu\u00edmicas, Industrias con mayor impacto siniestral en patronal<\/em>). Los suscriptores siguen con un alto nivel de exigencia en la informaci\u00f3n de los riesgos, proyecci\u00f3n futura de la empresa e hist\u00f3rico siniestral, pidiendo la presentaci\u00f3n de informes de ingenier\u00eda en riesgos de alta frecuencia o exposici\u00f3n de intensidad. Continua el foco en la evoluci\u00f3n alcista de la inflaci\u00f3n, lo que repercute directamente en la siniestralidad, revisando al alza las reservas de los siniestros pendientes.<\/p>\n[\/vc_column_text][nectar_single_testimonial testimonial_style=&#8221;small_modern&#8221; color=&#8221;Default&#8221; quote=&#8221;\u201cLa actualizaci\u00f3n de los valores asegurados en l\u00ednea con el actual escenario inflacionario en las p\u00f3lizas de da\u00f1os materiales sigue siendo uno de los principales temas pendientes en 2023. En este sentido, resulta clave realizar un buen ejercicio de valoraci\u00f3n de activos y de actualizaci\u00f3n de capitales, explicando el resultado de este a los mercados. Es muy recomendable usar una empresa de valorizaci\u00f3n externa\u201d.&#8221; name=&#8221;Javier Gim\u00e9nez&#8221; subtitle=&#8221;Director de Broking y Mercados de WTW&#8221;][\/vc_column][\/vc_row]\n","protected":false},"excerpt":{"rendered":"<p>[vc_row type=&#8221;in_container&#8221; full_screen_row_position=&#8221;middle&#8221; column_margin=&#8221;default&#8221; column_direction=&#8221;default&#8221; column_direction_tablet=&#8221;default&#8221; column_direction_phone=&#8221;default&#8221; scene_position=&#8221;center&#8221; text_color=&#8221;dark&#8221; text_align=&#8221;left&#8221; row_border_radius=&#8221;none&#8221; row_border_radius_applies=&#8221;bg&#8221; overflow=&#8221;visible&#8221; overlay_strength=&#8221;0.3&#8243; gradient_direction=&#8221;left_to_right&#8221; shape_divider_position=&#8221;bottom&#8221; bg_image_animation=&#8221;none&#8221;][vc_column column_padding=&#8221;no-extra-padding&#8221; column_padding_tablet=&#8221;inherit&#8221; column_padding_phone=&#8221;inherit&#8221; column_padding_position=&#8221;all&#8221; column_element_direction_desktop=&#8221;default&#8221; column_element_spacing=&#8221;default&#8221; desktop_text_alignment=&#8221;default&#8221; tablet_text_alignment=&#8221;default&#8221;&#8230;<\/p>\n","protected":false},"author":197,"featured_media":13234,"comment_status":"closed","ping_status":"closed","sticky":false,"template":"","format":"standard","meta":{"_acf_changed":false,"_price":"","_stock":"","_tribe_ticket_header":"","_tribe_default_ticket_provider":"","_tribe_ticket_capacity":"0","_ticket_start_date":"","_ticket_end_date":"","_tribe_ticket_show_description":"","_tribe_ticket_show_not_going":false,"_tribe_ticket_use_global_stock":"","_tribe_ticket_global_stock_level":"","_global_stock_mode":"","_global_stock_cap":"","_tribe_rsvp_for_event":"","_tribe_ticket_going_count":"","_tribe_ticket_not_going_count":"","_tribe_tickets_list":"[]","_tribe_ticket_has_attendee_info_fields":false,"footnotes":""},"categories":[339],"tags":[352,342],"class_list":["post-15175","post","type-post","status-publish","format-standard","has-post-thumbnail","category-espacio-correduriasadecose","tag-espacio-correduriasadecose","tag-wtw"],"acf":[],"yoast_head":"<!-- This site is optimized with the Yoast SEO plugin v27.2 - https:\/\/yoast.com\/product\/yoast-seo-wordpress\/ -->\n<title>Las tasas para Dan\u0303os materiales seguira\u0301n al alza y las de Responsabilidad Civil tienden a estabilizarse - ADECOSE<\/title>\n<meta name=\"robots\" content=\"index, follow, max-snippet:-1, max-image-preview:large, max-video-preview:-1\" \/>\n<link rel=\"canonical\" href=\"https:\/\/www.adecose.com\/las-tasas-para-danos-materiales-seguiran-al-alza-y-las-de-responsabilidad-civil-tienden-a-estabilizarse\/\" \/>\n<meta property=\"og:locale\" content=\"en_US\" \/>\n<meta property=\"og:type\" content=\"article\" \/>\n<meta property=\"og:title\" content=\"Las tasas para Dan\u0303os materiales seguira\u0301n al alza y las de Responsabilidad Civil tienden a estabilizarse - ADECOSE\" \/>\n<meta property=\"og:description\" content=\"[vc_row type=&#8221;in_container&#8221; full_screen_row_position=&#8221;middle&#8221; column_margin=&#8221;default&#8221; column_direction=&#8221;default&#8221; column_direction_tablet=&#8221;default&#8221; column_direction_phone=&#8221;default&#8221; scene_position=&#8221;center&#8221; text_color=&#8221;dark&#8221; text_align=&#8221;left&#8221; row_border_radius=&#8221;none&#8221; row_border_radius_applies=&#8221;bg&#8221; overflow=&#8221;visible&#8221; overlay_strength=&#8221;0.3&#8243; gradient_direction=&#8221;left_to_right&#8221; shape_divider_position=&#8221;bottom&#8221; bg_image_animation=&#8221;none&#8221;][vc_column column_padding=&#8221;no-extra-padding&#8221; column_padding_tablet=&#8221;inherit&#8221; column_padding_phone=&#8221;inherit&#8221; column_padding_position=&#8221;all&#8221; column_element_direction_desktop=&#8221;default&#8221; column_element_spacing=&#8221;default&#8221; desktop_text_alignment=&#8221;default&#8221; tablet_text_alignment=&#8221;default&#8221;...\" \/>\n<meta property=\"og:url\" content=\"https:\/\/www.adecose.com\/las-tasas-para-danos-materiales-seguiran-al-alza-y-las-de-responsabilidad-civil-tienden-a-estabilizarse\/\" \/>\n<meta property=\"og:site_name\" content=\"ADECOSE\" \/>\n<meta property=\"article:published_time\" content=\"2023-07-20T08:41:24+00:00\" \/>\n<meta property=\"article:modified_time\" content=\"2023-07-20T08:42:07+00:00\" \/>\n<meta property=\"og:image\" content=\"https:\/\/www.adecose.com\/wp-content\/uploads\/2022\/11\/Captura-de-Pantalla-2022-11-18-a-las-10.46.16.png\" \/>\n\t<meta property=\"og:image:width\" content=\"1192\" \/>\n\t<meta property=\"og:image:height\" content=\"746\" \/>\n\t<meta property=\"og:image:type\" content=\"image\/png\" \/>\n<meta name=\"author\" content=\"Comunicaci\u00f3n ADECOSE\" \/>\n<meta name=\"twitter:card\" content=\"summary_large_image\" \/>\n<meta name=\"twitter:label1\" content=\"Written by\" \/>\n\t<meta name=\"twitter:data1\" content=\"Comunicaci\u00f3n ADECOSE\" \/>\n\t<meta name=\"twitter:label2\" content=\"Est. reading time\" \/>\n\t<meta name=\"twitter:data2\" content=\"6 minutes\" \/>\n<script type=\"application\/ld+json\" class=\"yoast-schema-graph\">{\"@context\":\"https:\/\/schema.org\",\"@graph\":[{\"@type\":\"Article\",\"@id\":\"https:\/\/www.adecose.com\/las-tasas-para-danos-materiales-seguiran-al-alza-y-las-de-responsabilidad-civil-tienden-a-estabilizarse\/#article\",\"isPartOf\":{\"@id\":\"https:\/\/www.adecose.com\/las-tasas-para-danos-materiales-seguiran-al-alza-y-las-de-responsabilidad-civil-tienden-a-estabilizarse\/\"},\"author\":{\"name\":\"Comunicaci\u00f3n ADECOSE\",\"@id\":\"https:\/\/www.adecose.com\/gl\/#\/schema\/person\/ff086ce55f6379e1d225a2c0dca5eeb6\"},\"headline\":\"Las tasas para Dan\u0303os materiales seguira\u0301n al alza y las de Responsabilidad Civil tienden a estabilizarse\",\"datePublished\":\"2023-07-20T08:41:24+00:00\",\"dateModified\":\"2023-07-20T08:42:07+00:00\",\"mainEntityOfPage\":{\"@id\":\"https:\/\/www.adecose.com\/las-tasas-para-danos-materiales-seguiran-al-alza-y-las-de-responsabilidad-civil-tienden-a-estabilizarse\/\"},\"wordCount\":1460,\"publisher\":{\"@id\":\"https:\/\/www.adecose.com\/gl\/#organization\"},\"image\":{\"@id\":\"https:\/\/www.adecose.com\/las-tasas-para-danos-materiales-seguiran-al-alza-y-las-de-responsabilidad-civil-tienden-a-estabilizarse\/#primaryimage\"},\"thumbnailUrl\":\"https:\/\/www.adecose.com\/wp-content\/uploads\/2022\/11\/Captura-de-Pantalla-2022-11-18-a-las-10.46.16.png\",\"keywords\":[\"Espacio #Corredur\u00edasADECOSE\",\"WTW\"],\"articleSection\":[\"Espacio #Corredur\u00edasADECOSE\"],\"inLanguage\":\"en-US\"},{\"@type\":\"WebPage\",\"@id\":\"https:\/\/www.adecose.com\/las-tasas-para-danos-materiales-seguiran-al-alza-y-las-de-responsabilidad-civil-tienden-a-estabilizarse\/\",\"url\":\"https:\/\/www.adecose.com\/las-tasas-para-danos-materiales-seguiran-al-alza-y-las-de-responsabilidad-civil-tienden-a-estabilizarse\/\",\"name\":\"Las tasas para Dan\u0303os materiales seguira\u0301n al alza y las de Responsabilidad Civil tienden a estabilizarse - ADECOSE\",\"isPartOf\":{\"@id\":\"https:\/\/www.adecose.com\/gl\/#website\"},\"primaryImageOfPage\":{\"@id\":\"https:\/\/www.adecose.com\/las-tasas-para-danos-materiales-seguiran-al-alza-y-las-de-responsabilidad-civil-tienden-a-estabilizarse\/#primaryimage\"},\"image\":{\"@id\":\"https:\/\/www.adecose.com\/las-tasas-para-danos-materiales-seguiran-al-alza-y-las-de-responsabilidad-civil-tienden-a-estabilizarse\/#primaryimage\"},\"thumbnailUrl\":\"https:\/\/www.adecose.com\/wp-content\/uploads\/2022\/11\/Captura-de-Pantalla-2022-11-18-a-las-10.46.16.png\",\"datePublished\":\"2023-07-20T08:41:24+00:00\",\"dateModified\":\"2023-07-20T08:42:07+00:00\",\"breadcrumb\":{\"@id\":\"https:\/\/www.adecose.com\/las-tasas-para-danos-materiales-seguiran-al-alza-y-las-de-responsabilidad-civil-tienden-a-estabilizarse\/#breadcrumb\"},\"inLanguage\":\"en-US\",\"potentialAction\":[{\"@type\":\"ReadAction\",\"target\":[\"https:\/\/www.adecose.com\/las-tasas-para-danos-materiales-seguiran-al-alza-y-las-de-responsabilidad-civil-tienden-a-estabilizarse\/\"]}]},{\"@type\":\"ImageObject\",\"inLanguage\":\"en-US\",\"@id\":\"https:\/\/www.adecose.com\/las-tasas-para-danos-materiales-seguiran-al-alza-y-las-de-responsabilidad-civil-tienden-a-estabilizarse\/#primaryimage\",\"url\":\"https:\/\/www.adecose.com\/wp-content\/uploads\/2022\/11\/Captura-de-Pantalla-2022-11-18-a-las-10.46.16.png\",\"contentUrl\":\"https:\/\/www.adecose.com\/wp-content\/uploads\/2022\/11\/Captura-de-Pantalla-2022-11-18-a-las-10.46.16.png\",\"width\":1192,\"height\":746},{\"@type\":\"BreadcrumbList\",\"@id\":\"https:\/\/www.adecose.com\/las-tasas-para-danos-materiales-seguiran-al-alza-y-las-de-responsabilidad-civil-tienden-a-estabilizarse\/#breadcrumb\",\"itemListElement\":[{\"@type\":\"ListItem\",\"position\":1,\"name\":\"Portada\",\"item\":\"https:\/\/www.adecose.com\/en\/\"},{\"@type\":\"ListItem\",\"position\":2,\"name\":\"Las tasas para Dan\u0303os materiales seguira\u0301n al alza y las de Responsabilidad Civil tienden a estabilizarse\"}]},{\"@type\":\"WebSite\",\"@id\":\"https:\/\/www.adecose.com\/gl\/#website\",\"url\":\"https:\/\/www.adecose.com\/gl\/\",\"name\":\"ADECOSE\",\"description\":\"Spanish Association of Insurance and Reinsurance Brokers\",\"publisher\":{\"@id\":\"https:\/\/www.adecose.com\/gl\/#organization\"},\"potentialAction\":[{\"@type\":\"SearchAction\",\"target\":{\"@type\":\"EntryPoint\",\"urlTemplate\":\"https:\/\/www.adecose.com\/gl\/?s={search_term_string}\"},\"query-input\":{\"@type\":\"PropertyValueSpecification\",\"valueRequired\":true,\"valueName\":\"search_term_string\"}}],\"inLanguage\":\"en-US\"},{\"@type\":\"Organization\",\"@id\":\"https:\/\/www.adecose.com\/gl\/#organization\",\"name\":\"ADECOSE\",\"url\":\"https:\/\/www.adecose.com\/gl\/\",\"logo\":{\"@type\":\"ImageObject\",\"inLanguage\":\"en-US\",\"@id\":\"https:\/\/www.adecose.com\/gl\/#\/schema\/logo\/image\/\",\"url\":\"https:\/\/www.adecose.com\/wp-content\/uploads\/2020\/07\/favicon.png\",\"contentUrl\":\"https:\/\/www.adecose.com\/wp-content\/uploads\/2020\/07\/favicon.png\",\"width\":512,\"height\":512,\"caption\":\"ADECOSE\"},\"image\":{\"@id\":\"https:\/\/www.adecose.com\/gl\/#\/schema\/logo\/image\/\"}},{\"@type\":\"Person\",\"@id\":\"https:\/\/www.adecose.com\/gl\/#\/schema\/person\/ff086ce55f6379e1d225a2c0dca5eeb6\",\"name\":\"Comunicaci\u00f3n ADECOSE\",\"image\":{\"@type\":\"ImageObject\",\"inLanguage\":\"en-US\",\"@id\":\"https:\/\/secure.gravatar.com\/avatar\/01cd1f9571997441bf1da6d1cc147351305f03fe8f2acf1ebbec60ebb26924ce?s=96&d=mm&r=g\",\"url\":\"https:\/\/secure.gravatar.com\/avatar\/01cd1f9571997441bf1da6d1cc147351305f03fe8f2acf1ebbec60ebb26924ce?s=96&d=mm&r=g\",\"contentUrl\":\"https:\/\/secure.gravatar.com\/avatar\/01cd1f9571997441bf1da6d1cc147351305f03fe8f2acf1ebbec60ebb26924ce?s=96&d=mm&r=g\",\"caption\":\"Comunicaci\u00f3n ADECOSE\"}}]}<\/script>\n<!-- \/ Yoast SEO plugin. -->","yoast_head_json":{"title":"Las tasas para Dan\u0303os materiales seguira\u0301n al alza y las de Responsabilidad Civil tienden a estabilizarse - ADECOSE","robots":{"index":"index","follow":"follow","max-snippet":"max-snippet:-1","max-image-preview":"max-image-preview:large","max-video-preview":"max-video-preview:-1"},"canonical":"https:\/\/www.adecose.com\/las-tasas-para-danos-materiales-seguiran-al-alza-y-las-de-responsabilidad-civil-tienden-a-estabilizarse\/","og_locale":"en_US","og_type":"article","og_title":"Las tasas para Dan\u0303os materiales seguira\u0301n al alza y las de Responsabilidad Civil tienden a estabilizarse - ADECOSE","og_description":"[vc_row type=&#8221;in_container&#8221; full_screen_row_position=&#8221;middle&#8221; column_margin=&#8221;default&#8221; column_direction=&#8221;default&#8221; column_direction_tablet=&#8221;default&#8221; column_direction_phone=&#8221;default&#8221; scene_position=&#8221;center&#8221; text_color=&#8221;dark&#8221; text_align=&#8221;left&#8221; row_border_radius=&#8221;none&#8221; row_border_radius_applies=&#8221;bg&#8221; overflow=&#8221;visible&#8221; overlay_strength=&#8221;0.3&#8243; gradient_direction=&#8221;left_to_right&#8221; shape_divider_position=&#8221;bottom&#8221; bg_image_animation=&#8221;none&#8221;][vc_column column_padding=&#8221;no-extra-padding&#8221; column_padding_tablet=&#8221;inherit&#8221; column_padding_phone=&#8221;inherit&#8221; column_padding_position=&#8221;all&#8221; column_element_direction_desktop=&#8221;default&#8221; column_element_spacing=&#8221;default&#8221; desktop_text_alignment=&#8221;default&#8221; tablet_text_alignment=&#8221;default&#8221;...","og_url":"https:\/\/www.adecose.com\/las-tasas-para-danos-materiales-seguiran-al-alza-y-las-de-responsabilidad-civil-tienden-a-estabilizarse\/","og_site_name":"ADECOSE","article_published_time":"2023-07-20T08:41:24+00:00","article_modified_time":"2023-07-20T08:42:07+00:00","og_image":[{"width":1192,"height":746,"url":"https:\/\/www.adecose.com\/wp-content\/uploads\/2022\/11\/Captura-de-Pantalla-2022-11-18-a-las-10.46.16.png","type":"image\/png"}],"author":"Comunicaci\u00f3n ADECOSE","twitter_card":"summary_large_image","twitter_misc":{"Written by":"Comunicaci\u00f3n ADECOSE","Est. reading time":"6 minutes"},"schema":{"@context":"https:\/\/schema.org","@graph":[{"@type":"Article","@id":"https:\/\/www.adecose.com\/las-tasas-para-danos-materiales-seguiran-al-alza-y-las-de-responsabilidad-civil-tienden-a-estabilizarse\/#article","isPartOf":{"@id":"https:\/\/www.adecose.com\/las-tasas-para-danos-materiales-seguiran-al-alza-y-las-de-responsabilidad-civil-tienden-a-estabilizarse\/"},"author":{"name":"Comunicaci\u00f3n ADECOSE","@id":"https:\/\/www.adecose.com\/gl\/#\/schema\/person\/ff086ce55f6379e1d225a2c0dca5eeb6"},"headline":"Las tasas para Dan\u0303os materiales seguira\u0301n al alza y las de Responsabilidad Civil tienden a estabilizarse","datePublished":"2023-07-20T08:41:24+00:00","dateModified":"2023-07-20T08:42:07+00:00","mainEntityOfPage":{"@id":"https:\/\/www.adecose.com\/las-tasas-para-danos-materiales-seguiran-al-alza-y-las-de-responsabilidad-civil-tienden-a-estabilizarse\/"},"wordCount":1460,"publisher":{"@id":"https:\/\/www.adecose.com\/gl\/#organization"},"image":{"@id":"https:\/\/www.adecose.com\/las-tasas-para-danos-materiales-seguiran-al-alza-y-las-de-responsabilidad-civil-tienden-a-estabilizarse\/#primaryimage"},"thumbnailUrl":"https:\/\/www.adecose.com\/wp-content\/uploads\/2022\/11\/Captura-de-Pantalla-2022-11-18-a-las-10.46.16.png","keywords":["Espacio #Corredur\u00edasADECOSE","WTW"],"articleSection":["Espacio #Corredur\u00edasADECOSE"],"inLanguage":"en-US"},{"@type":"WebPage","@id":"https:\/\/www.adecose.com\/las-tasas-para-danos-materiales-seguiran-al-alza-y-las-de-responsabilidad-civil-tienden-a-estabilizarse\/","url":"https:\/\/www.adecose.com\/las-tasas-para-danos-materiales-seguiran-al-alza-y-las-de-responsabilidad-civil-tienden-a-estabilizarse\/","name":"Las tasas para Dan\u0303os materiales seguira\u0301n al alza y las de Responsabilidad Civil tienden a estabilizarse - ADECOSE","isPartOf":{"@id":"https:\/\/www.adecose.com\/gl\/#website"},"primaryImageOfPage":{"@id":"https:\/\/www.adecose.com\/las-tasas-para-danos-materiales-seguiran-al-alza-y-las-de-responsabilidad-civil-tienden-a-estabilizarse\/#primaryimage"},"image":{"@id":"https:\/\/www.adecose.com\/las-tasas-para-danos-materiales-seguiran-al-alza-y-las-de-responsabilidad-civil-tienden-a-estabilizarse\/#primaryimage"},"thumbnailUrl":"https:\/\/www.adecose.com\/wp-content\/uploads\/2022\/11\/Captura-de-Pantalla-2022-11-18-a-las-10.46.16.png","datePublished":"2023-07-20T08:41:24+00:00","dateModified":"2023-07-20T08:42:07+00:00","breadcrumb":{"@id":"https:\/\/www.adecose.com\/las-tasas-para-danos-materiales-seguiran-al-alza-y-las-de-responsabilidad-civil-tienden-a-estabilizarse\/#breadcrumb"},"inLanguage":"en-US","potentialAction":[{"@type":"ReadAction","target":["https:\/\/www.adecose.com\/las-tasas-para-danos-materiales-seguiran-al-alza-y-las-de-responsabilidad-civil-tienden-a-estabilizarse\/"]}]},{"@type":"ImageObject","inLanguage":"en-US","@id":"https:\/\/www.adecose.com\/las-tasas-para-danos-materiales-seguiran-al-alza-y-las-de-responsabilidad-civil-tienden-a-estabilizarse\/#primaryimage","url":"https:\/\/www.adecose.com\/wp-content\/uploads\/2022\/11\/Captura-de-Pantalla-2022-11-18-a-las-10.46.16.png","contentUrl":"https:\/\/www.adecose.com\/wp-content\/uploads\/2022\/11\/Captura-de-Pantalla-2022-11-18-a-las-10.46.16.png","width":1192,"height":746},{"@type":"BreadcrumbList","@id":"https:\/\/www.adecose.com\/las-tasas-para-danos-materiales-seguiran-al-alza-y-las-de-responsabilidad-civil-tienden-a-estabilizarse\/#breadcrumb","itemListElement":[{"@type":"ListItem","position":1,"name":"Portada","item":"https:\/\/www.adecose.com\/en\/"},{"@type":"ListItem","position":2,"name":"Las tasas para Dan\u0303os materiales seguira\u0301n al alza y las de Responsabilidad Civil tienden a estabilizarse"}]},{"@type":"WebSite","@id":"https:\/\/www.adecose.com\/gl\/#website","url":"https:\/\/www.adecose.com\/gl\/","name":"ADECOSE","description":"Spanish Association of Insurance and Reinsurance Brokers","publisher":{"@id":"https:\/\/www.adecose.com\/gl\/#organization"},"potentialAction":[{"@type":"SearchAction","target":{"@type":"EntryPoint","urlTemplate":"https:\/\/www.adecose.com\/gl\/?s={search_term_string}"},"query-input":{"@type":"PropertyValueSpecification","valueRequired":true,"valueName":"search_term_string"}}],"inLanguage":"en-US"},{"@type":"Organization","@id":"https:\/\/www.adecose.com\/gl\/#organization","name":"ADECOSE","url":"https:\/\/www.adecose.com\/gl\/","logo":{"@type":"ImageObject","inLanguage":"en-US","@id":"https:\/\/www.adecose.com\/gl\/#\/schema\/logo\/image\/","url":"https:\/\/www.adecose.com\/wp-content\/uploads\/2020\/07\/favicon.png","contentUrl":"https:\/\/www.adecose.com\/wp-content\/uploads\/2020\/07\/favicon.png","width":512,"height":512,"caption":"ADECOSE"},"image":{"@id":"https:\/\/www.adecose.com\/gl\/#\/schema\/logo\/image\/"}},{"@type":"Person","@id":"https:\/\/www.adecose.com\/gl\/#\/schema\/person\/ff086ce55f6379e1d225a2c0dca5eeb6","name":"Comunicaci\u00f3n ADECOSE","image":{"@type":"ImageObject","inLanguage":"en-US","@id":"https:\/\/secure.gravatar.com\/avatar\/01cd1f9571997441bf1da6d1cc147351305f03fe8f2acf1ebbec60ebb26924ce?s=96&d=mm&r=g","url":"https:\/\/secure.gravatar.com\/avatar\/01cd1f9571997441bf1da6d1cc147351305f03fe8f2acf1ebbec60ebb26924ce?s=96&d=mm&r=g","contentUrl":"https:\/\/secure.gravatar.com\/avatar\/01cd1f9571997441bf1da6d1cc147351305f03fe8f2acf1ebbec60ebb26924ce?s=96&d=mm&r=g","caption":"Comunicaci\u00f3n ADECOSE"}}]}},"_links":{"self":[{"href":"https:\/\/www.adecose.com\/en\/wp-json\/wp\/v2\/posts\/15175","targetHints":{"allow":["GET"]}}],"collection":[{"href":"https:\/\/www.adecose.com\/en\/wp-json\/wp\/v2\/posts"}],"about":[{"href":"https:\/\/www.adecose.com\/en\/wp-json\/wp\/v2\/types\/post"}],"author":[{"embeddable":true,"href":"https:\/\/www.adecose.com\/en\/wp-json\/wp\/v2\/users\/197"}],"replies":[{"embeddable":true,"href":"https:\/\/www.adecose.com\/en\/wp-json\/wp\/v2\/comments?post=15175"}],"version-history":[{"count":0,"href":"https:\/\/www.adecose.com\/en\/wp-json\/wp\/v2\/posts\/15175\/revisions"}],"wp:featuredmedia":[{"embeddable":true,"href":"https:\/\/www.adecose.com\/en\/wp-json\/wp\/v2\/media\/13234"}],"wp:attachment":[{"href":"https:\/\/www.adecose.com\/en\/wp-json\/wp\/v2\/media?parent=15175"}],"wp:term":[{"taxonomy":"category","embeddable":true,"href":"https:\/\/www.adecose.com\/en\/wp-json\/wp\/v2\/categories?post=15175"},{"taxonomy":"post_tag","embeddable":true,"href":"https:\/\/www.adecose.com\/en\/wp-json\/wp\/v2\/tags?post=15175"}],"curies":[{"name":"wp","href":"https:\/\/api.w.org\/{rel}","templated":true}]}}