{"id":14635,"date":"2023-05-22T10:44:53","date_gmt":"2023-05-22T08:44:53","guid":{"rendered":"https:\/\/www.adecose.com\/?p=14635"},"modified":"2023-05-22T10:45:45","modified_gmt":"2023-05-22T08:45:45","slug":"el-63-de-los-empleados-europeos-trabajaran-de-forma-remota-o-hibrida-en-tres-anos","status":"publish","type":"post","link":"https:\/\/www.adecose.com\/en\/el-63-de-los-empleados-europeos-trabajaran-de-forma-remota-o-hibrida-en-tres-anos\/","title":{"rendered":"El 63% de los empleados europeos trabajar\u00e1n de forma remota o h\u00edbrida en tres a\u00f1os"},"content":{"rendered":"[vc_row type=&#8221;in_container&#8221; full_screen_row_position=&#8221;middle&#8221; column_margin=&#8221;default&#8221; column_direction=&#8221;default&#8221; column_direction_tablet=&#8221;default&#8221; column_direction_phone=&#8221;default&#8221; scene_position=&#8221;center&#8221; text_color=&#8221;dark&#8221; text_align=&#8221;left&#8221; row_border_radius=&#8221;none&#8221; row_border_radius_applies=&#8221;bg&#8221; overflow=&#8221;visible&#8221; overlay_strength=&#8221;0.3&#8243; gradient_direction=&#8221;left_to_right&#8221; shape_divider_position=&#8221;bottom&#8221; bg_image_animation=&#8221;none&#8221;][vc_column column_padding=&#8221;no-extra-padding&#8221; column_padding_tablet=&#8221;inherit&#8221; column_padding_phone=&#8221;inherit&#8221; column_padding_position=&#8221;all&#8221; column_element_direction_desktop=&#8221;default&#8221; column_element_spacing=&#8221;default&#8221; desktop_text_alignment=&#8221;default&#8221; tablet_text_alignment=&#8221;default&#8221; phone_text_alignment=&#8221;default&#8221; background_color_opacity=&#8221;1&#8243; background_hover_color_opacity=&#8221;1&#8243; column_backdrop_filter=&#8221;none&#8221; column_shadow=&#8221;none&#8221; column_border_radius=&#8221;none&#8221; column_link_target=&#8221;_self&#8221; column_position=&#8221;default&#8221; gradient_direction=&#8221;left_to_right&#8221; overlay_strength=&#8221;0.3&#8243; width=&#8221;1\/1&#8243; tablet_width_inherit=&#8221;default&#8221; animation_type=&#8221;default&#8221; bg_image_animation=&#8221;none&#8221; border_type=&#8221;simple&#8221; column_border_width=&#8221;none&#8221; column_border_style=&#8221;solid&#8221;][vc_column_text]\n<ul>\n<li><em><strong>Se espera que el 80% de las empresas europeas automaticen parte de su trabajo en los pr\u00f3ximos tres a\u00f1os<\/strong><strong>\u00a0<\/strong><\/em><\/li>\n<\/ul>\n<ul style=\"font-weight: 400;\">\n<li><em><strong>S\u00f3lo cuatro de cada diez compa\u00f1\u00edas europeas gestionaron eficazmente los riesgos personales, empresariales y operacionales durante la pandemia<\/strong><\/em><\/li>\n<\/ul>\n[\/vc_column_text][vc_column_text]\n<p style=\"font-weight: 400;\">Contin\u00faa la remodelaci\u00f3n de los modelos de trabajo en las organizaciones, seg\u00fan la \u00faltima Encuesta sobre la Din\u00e1mica del Trabajo realizada por WTW (NASDAQ: WTW), compa\u00f1\u00eda l\u00edder mundial en asesoramiento, broking y soluciones. El informe tambi\u00e9n revela que s\u00f3lo un reducido n\u00famero de empresas europeas \u2013 cuatro de cada diez- est\u00e1n gestionando eficazmente los diversos riesgos empresariales y personales asociados en este panorama laboral que se encuentra en constante cambio.<\/p>\n<p style=\"font-weight: 400;\">Seg\u00fan el estudio, se espera que el 80% de las empresas europeas automaticen parte de su trabajo en los pr\u00f3ximos tres a\u00f1os, frente al 76% de este a\u00f1o y el 59% de hace tres. Concretamente, estas compa\u00f1\u00edas conf\u00edan tener m\u00e1s de un tercio de las tareas automatizadas, un porcentaje que ha crecido m\u00e1s del doble (17%) con respecto a 2020. Los encuestados tambi\u00e9n esperan que m\u00e1s de la mitad de sus empleados (63%) trabajen de forma totalmente remota o h\u00edbrida en tres a\u00f1os, en comparaci\u00f3n con el 16% antes de la pandemia.<\/p>\n<p style=\"font-weight: 400;\"><em>&#8220;A medida que salimos de la pandemia, es crucial replantearse c\u00f3mo y d\u00f3nde se realiza el trabajo &#8220;,<\/em> se\u00f1ala <strong>Ana Arnau, directora de <em>Work, Careers &amp; Rewards<\/em> de WTW Espa\u00f1a.<\/strong> &#8220;<em>Esta transformaci\u00f3n, incluido el cambio del teletrabajo, ha provocado un aumento de los riesgos personales, empresariales y operacionales. Desafortunadamente, muchas compa\u00f1\u00edas creen que no est\u00e1n cumpliendo con la responsabilidad cr\u00edtica de gestionar estos riesgos, ni est\u00e1n aprovechando las oportunidades que implica&#8221;<\/em><\/p>\n<p style=\"font-weight: 400;\">De hecho, solo el 41 % de las empresas consultadas afirma haber gestionado eficazmente los riesgos asociados a la din\u00e1mica del trabajo -digitalizaci\u00f3n, cambio de las condiciones de trabajo y fuentes alternativas de talento- en los \u00faltimos tres a\u00f1os. Para hacer frente a estos riesgos, las empresas est\u00e1n tomando o planean tomar, entre otras, las siguientes medidas:<\/p>\n<ul style=\"font-weight: 400;\">\n<li><strong>Digitalizaci\u00f3n<\/strong>: M\u00e1s de un tercio de los encuestados europeos (36%) esperan y est\u00e1n preparados para un mayor uso de la digitalizaci\u00f3n y la automatizaci\u00f3n, en comparaci\u00f3n con un 33% a nivel mundial. Entre estos \u00faltimos, el 39% est\u00e1 redise\u00f1ando puestos o funciones para reasignar el trabajo entre empleados, no empleados y nuevas tecnolog\u00edas, y otro 19% tiene previsto hacerlo este a\u00f1o.<\/li>\n<li><strong>Condiciones de trabajo:<\/strong> El 44% de las empresas europeas que han respondido esperan y est\u00e1n preparadas para incorporar cambios en las condiciones de trabajo, el mismo porcentaje que a nivel mundial. Entre el total de la muestra global, el 37% ha llevado a cabo actividades de escucha a los empleados para identificar cambios en sus preferencias o medir el impacto del cambio de las condiciones de trabajo. Otro 36% est\u00e1 redise\u00f1ando la experiencia del empleado para promover el cambio hacia la nueva cultura laboral.<\/li>\n<li><strong>Fuentes alternativas de talento:<\/strong> M\u00e1s de una quinta parte de las compa\u00f1\u00edas europeas consultadas (22%) esperan y est\u00e1n preparadas para un mayor uso de fuentes alternativas de talento, pr\u00e1cticamente la misma proporci\u00f3n que a nivel mundial (21%). El 39% de la muestra global est\u00e1 redise\u00f1ando la experiencia del empleado para adaptarla a los nuevos modelos de trabajo y carrera profesional, mientras que otro 15% tiene previsto reforzar este a\u00f1o la comunicaci\u00f3n externa sobre los cambios a los potenciales empleados.<\/li>\n<\/ul>\n<p style=\"font-weight: 400;\">&#8220;<em>La din\u00e1mica del trabajo seguir\u00e1 evolucionando en los pr\u00f3ximos a\u00f1os. Las compa\u00f1\u00edas que se anticipen y sean capaces de definir estrategias eficaces para aprovechar estos cambios obtendr\u00e1n una clara ventaja competitiva. La clave reside en situar al talento en el centro de los cambios, comprendiendo las preferencias y percepciones de los empleados y candidatos, alineando el trabajo y los programas de compensaci\u00f3n total, as\u00ed como reforzando la gesti\u00f3n de riesgos&#8221;,<\/em> se\u00f1ala <strong>Ana Arnau<\/strong>.<\/p>\n<p style=\"font-weight: 400;\"><strong>Sobre la Encuesta<\/strong><\/p>\n<p style=\"font-weight: 400;\">Un total de 720 encuestados de todo el mundo han participado en la Encuesta sobre la Din\u00e1mica del Trabajo. De ellos, 228 proceden de Europa Occidental, incluido el Reino Unido. La encuesta se ha llevado a cabo entre febrero y marzo de 2023.<\/p>\n[\/vc_column_text][\/vc_column][\/vc_row][vc_row type=&#8221;in_container&#8221; full_screen_row_position=&#8221;middle&#8221; column_margin=&#8221;default&#8221; column_direction=&#8221;default&#8221; column_direction_tablet=&#8221;default&#8221; column_direction_phone=&#8221;default&#8221; scene_position=&#8221;center&#8221; text_color=&#8221;dark&#8221; text_align=&#8221;left&#8221; row_border_radius=&#8221;none&#8221; row_border_radius_applies=&#8221;bg&#8221; overflow=&#8221;visible&#8221; overlay_strength=&#8221;0.3&#8243; gradient_direction=&#8221;left_to_right&#8221; shape_divider_position=&#8221;bottom&#8221; bg_image_animation=&#8221;none&#8221;][vc_column column_padding=&#8221;no-extra-padding&#8221; column_padding_tablet=&#8221;inherit&#8221; column_padding_phone=&#8221;inherit&#8221; column_padding_position=&#8221;all&#8221; column_element_direction_desktop=&#8221;default&#8221; column_element_spacing=&#8221;default&#8221; desktop_text_alignment=&#8221;default&#8221; tablet_text_alignment=&#8221;default&#8221; phone_text_alignment=&#8221;default&#8221; background_color_opacity=&#8221;1&#8243; background_hover_color_opacity=&#8221;1&#8243; column_backdrop_filter=&#8221;none&#8221; column_shadow=&#8221;none&#8221; column_border_radius=&#8221;none&#8221; column_link_target=&#8221;_self&#8221; column_position=&#8221;default&#8221; gradient_direction=&#8221;left_to_right&#8221; overlay_strength=&#8221;0.3&#8243; width=&#8221;1\/1&#8243; tablet_width_inherit=&#8221;default&#8221; animation_type=&#8221;default&#8221; bg_image_animation=&#8221;none&#8221; border_type=&#8221;simple&#8221; column_border_width=&#8221;none&#8221; column_border_style=&#8221;solid&#8221;][nectar_single_testimonial testimonial_style=&#8221;small_modern&#8221; color=&#8221;Default&#8221; quote=&#8221;&#8220;La din\u00e1mica del trabajo seguir\u00e1 evolucionando en los pr\u00f3ximos a\u00f1os. Las compa\u00f1\u00edas que se anticipen y sean capaces de definir estrategias eficaces para aprovechar estos cambios obtendr\u00e1n una clara ventaja competitiva. La clave reside en situar al talento en el centro de los cambios, comprendiendo las preferencias y percepciones de los empleados y candidatos, alineando el trabajo y los programas de compensaci\u00f3n total, as\u00ed como reforzando la gesti\u00f3n de riesgos&#8220;, se\u00f1ala Ana Arnau.&#8221; name=&#8221;Ana Arnau&#8221; subtitle=&#8221;Directora de Work, Careers &amp; Rewards de WTW Espa\u00f1a&#8221;][\/vc_column][\/vc_row]\n","protected":false},"excerpt":{"rendered":"<p>[vc_row type=&#8221;in_container&#8221; full_screen_row_position=&#8221;middle&#8221; column_margin=&#8221;default&#8221; column_direction=&#8221;default&#8221; column_direction_tablet=&#8221;default&#8221; column_direction_phone=&#8221;default&#8221; scene_position=&#8221;center&#8221; text_color=&#8221;dark&#8221; text_align=&#8221;left&#8221; row_border_radius=&#8221;none&#8221; row_border_radius_applies=&#8221;bg&#8221; overflow=&#8221;visible&#8221; overlay_strength=&#8221;0.3&#8243; gradient_direction=&#8221;left_to_right&#8221; shape_divider_position=&#8221;bottom&#8221; bg_image_animation=&#8221;none&#8221;][vc_column column_padding=&#8221;no-extra-padding&#8221; column_padding_tablet=&#8221;inherit&#8221; column_padding_phone=&#8221;inherit&#8221; column_padding_position=&#8221;all&#8221; column_element_direction_desktop=&#8221;default&#8221; column_element_spacing=&#8221;default&#8221; desktop_text_alignment=&#8221;default&#8221; tablet_text_alignment=&#8221;default&#8221;&#8230;<\/p>\n","protected":false},"author":197,"featured_media":11185,"comment_status":"closed","ping_status":"closed","sticky":false,"template":"","format":"standard","meta":{"_acf_changed":false,"_price":"","_stock":"","_tribe_ticket_header":"","_tribe_default_ticket_provider":"","_tribe_ticket_capacity":"0","_ticket_start_date":"","_ticket_end_date":"","_tribe_ticket_show_description":"","_tribe_ticket_show_not_going":false,"_tribe_ticket_use_global_stock":"","_tribe_ticket_global_stock_level":"","_global_stock_mode":"","_global_stock_cap":"","_tribe_rsvp_for_event":"","_tribe_ticket_going_count":"","_tribe_ticket_not_going_count":"","_tribe_tickets_list":"[]","_tribe_ticket_has_attendee_info_fields":false,"footnotes":""},"categories":[339],"tags":[352,342],"class_list":["post-14635","post","type-post","status-publish","format-standard","has-post-thumbnail","category-espacio-correduriasadecose","tag-espacio-correduriasadecose","tag-wtw"],"acf":[],"yoast_head":"<!-- This site is optimized with the Yoast SEO plugin v27.2 - https:\/\/yoast.com\/product\/yoast-seo-wordpress\/ -->\n<title>El 63% de los empleados europeos trabajar\u00e1n de forma remota o h\u00edbrida en tres a\u00f1os - ADECOSE<\/title>\n<meta name=\"robots\" content=\"index, follow, max-snippet:-1, max-image-preview:large, max-video-preview:-1\" \/>\n<link rel=\"canonical\" href=\"https:\/\/www.adecose.com\/el-63-de-los-empleados-europeos-trabajaran-de-forma-remota-o-hibrida-en-tres-anos\/\" \/>\n<meta property=\"og:locale\" content=\"en_US\" \/>\n<meta property=\"og:type\" content=\"article\" \/>\n<meta property=\"og:title\" content=\"El 63% de los empleados europeos trabajar\u00e1n de forma remota o h\u00edbrida en tres a\u00f1os - ADECOSE\" \/>\n<meta property=\"og:description\" content=\"[vc_row type=&#8221;in_container&#8221; full_screen_row_position=&#8221;middle&#8221; column_margin=&#8221;default&#8221; column_direction=&#8221;default&#8221; column_direction_tablet=&#8221;default&#8221; column_direction_phone=&#8221;default&#8221; scene_position=&#8221;center&#8221; text_color=&#8221;dark&#8221; text_align=&#8221;left&#8221; row_border_radius=&#8221;none&#8221; row_border_radius_applies=&#8221;bg&#8221; overflow=&#8221;visible&#8221; overlay_strength=&#8221;0.3&#8243; gradient_direction=&#8221;left_to_right&#8221; shape_divider_position=&#8221;bottom&#8221; bg_image_animation=&#8221;none&#8221;][vc_column column_padding=&#8221;no-extra-padding&#8221; column_padding_tablet=&#8221;inherit&#8221; column_padding_phone=&#8221;inherit&#8221; column_padding_position=&#8221;all&#8221; column_element_direction_desktop=&#8221;default&#8221; column_element_spacing=&#8221;default&#8221; desktop_text_alignment=&#8221;default&#8221; tablet_text_alignment=&#8221;default&#8221;...\" \/>\n<meta property=\"og:url\" content=\"https:\/\/www.adecose.com\/el-63-de-los-empleados-europeos-trabajaran-de-forma-remota-o-hibrida-en-tres-anos\/\" \/>\n<meta property=\"og:site_name\" content=\"ADECOSE\" \/>\n<meta property=\"article:published_time\" content=\"2023-05-22T08:44:53+00:00\" \/>\n<meta property=\"article:modified_time\" content=\"2023-05-22T08:45:45+00:00\" \/>\n<meta property=\"og:image\" content=\"https:\/\/www.adecose.com\/wp-content\/uploads\/2021\/10\/brometro.jpg\" \/>\n\t<meta property=\"og:image:width\" content=\"847\" \/>\n\t<meta property=\"og:image:height\" content=\"532\" \/>\n\t<meta property=\"og:image:type\" content=\"image\/jpeg\" \/>\n<meta name=\"author\" content=\"Comunicaci\u00f3n ADECOSE\" \/>\n<meta name=\"twitter:card\" content=\"summary_large_image\" \/>\n<meta name=\"twitter:label1\" content=\"Written by\" \/>\n\t<meta name=\"twitter:data1\" content=\"Comunicaci\u00f3n ADECOSE\" \/>\n\t<meta name=\"twitter:label2\" content=\"Est. reading time\" \/>\n\t<meta name=\"twitter:data2\" content=\"4 minutes\" \/>\n<script type=\"application\/ld+json\" class=\"yoast-schema-graph\">{\"@context\":\"https:\/\/schema.org\",\"@graph\":[{\"@type\":\"Article\",\"@id\":\"https:\/\/www.adecose.com\/el-63-de-los-empleados-europeos-trabajaran-de-forma-remota-o-hibrida-en-tres-anos\/#article\",\"isPartOf\":{\"@id\":\"https:\/\/www.adecose.com\/el-63-de-los-empleados-europeos-trabajaran-de-forma-remota-o-hibrida-en-tres-anos\/\"},\"author\":{\"name\":\"Comunicaci\u00f3n ADECOSE\",\"@id\":\"https:\/\/www.adecose.com\/gl\/#\/schema\/person\/ff086ce55f6379e1d225a2c0dca5eeb6\"},\"headline\":\"El 63% de los empleados europeos trabajar\u00e1n de forma remota o h\u00edbrida en tres a\u00f1os\",\"datePublished\":\"2023-05-22T08:44:53+00:00\",\"dateModified\":\"2023-05-22T08:45:45+00:00\",\"mainEntityOfPage\":{\"@id\":\"https:\/\/www.adecose.com\/el-63-de-los-empleados-europeos-trabajaran-de-forma-remota-o-hibrida-en-tres-anos\/\"},\"wordCount\":1158,\"publisher\":{\"@id\":\"https:\/\/www.adecose.com\/gl\/#organization\"},\"image\":{\"@id\":\"https:\/\/www.adecose.com\/el-63-de-los-empleados-europeos-trabajaran-de-forma-remota-o-hibrida-en-tres-anos\/#primaryimage\"},\"thumbnailUrl\":\"https:\/\/www.adecose.com\/wp-content\/uploads\/2021\/10\/brometro.jpg\",\"keywords\":[\"Espacio #Corredur\u00edasADECOSE\",\"WTW\"],\"articleSection\":[\"Espacio #Corredur\u00edasADECOSE\"],\"inLanguage\":\"en-US\"},{\"@type\":\"WebPage\",\"@id\":\"https:\/\/www.adecose.com\/el-63-de-los-empleados-europeos-trabajaran-de-forma-remota-o-hibrida-en-tres-anos\/\",\"url\":\"https:\/\/www.adecose.com\/el-63-de-los-empleados-europeos-trabajaran-de-forma-remota-o-hibrida-en-tres-anos\/\",\"name\":\"El 63% de los empleados europeos trabajar\u00e1n de forma remota o h\u00edbrida en tres a\u00f1os - ADECOSE\",\"isPartOf\":{\"@id\":\"https:\/\/www.adecose.com\/gl\/#website\"},\"primaryImageOfPage\":{\"@id\":\"https:\/\/www.adecose.com\/el-63-de-los-empleados-europeos-trabajaran-de-forma-remota-o-hibrida-en-tres-anos\/#primaryimage\"},\"image\":{\"@id\":\"https:\/\/www.adecose.com\/el-63-de-los-empleados-europeos-trabajaran-de-forma-remota-o-hibrida-en-tres-anos\/#primaryimage\"},\"thumbnailUrl\":\"https:\/\/www.adecose.com\/wp-content\/uploads\/2021\/10\/brometro.jpg\",\"datePublished\":\"2023-05-22T08:44:53+00:00\",\"dateModified\":\"2023-05-22T08:45:45+00:00\",\"breadcrumb\":{\"@id\":\"https:\/\/www.adecose.com\/el-63-de-los-empleados-europeos-trabajaran-de-forma-remota-o-hibrida-en-tres-anos\/#breadcrumb\"},\"inLanguage\":\"en-US\",\"potentialAction\":[{\"@type\":\"ReadAction\",\"target\":[\"https:\/\/www.adecose.com\/el-63-de-los-empleados-europeos-trabajaran-de-forma-remota-o-hibrida-en-tres-anos\/\"]}]},{\"@type\":\"ImageObject\",\"inLanguage\":\"en-US\",\"@id\":\"https:\/\/www.adecose.com\/el-63-de-los-empleados-europeos-trabajaran-de-forma-remota-o-hibrida-en-tres-anos\/#primaryimage\",\"url\":\"https:\/\/www.adecose.com\/wp-content\/uploads\/2021\/10\/brometro.jpg\",\"contentUrl\":\"https:\/\/www.adecose.com\/wp-content\/uploads\/2021\/10\/brometro.jpg\",\"width\":847,\"height\":532},{\"@type\":\"BreadcrumbList\",\"@id\":\"https:\/\/www.adecose.com\/el-63-de-los-empleados-europeos-trabajaran-de-forma-remota-o-hibrida-en-tres-anos\/#breadcrumb\",\"itemListElement\":[{\"@type\":\"ListItem\",\"position\":1,\"name\":\"Portada\",\"item\":\"https:\/\/www.adecose.com\/en\/\"},{\"@type\":\"ListItem\",\"position\":2,\"name\":\"El 63% de los empleados europeos trabajar\u00e1n de forma remota o h\u00edbrida en tres a\u00f1os\"}]},{\"@type\":\"WebSite\",\"@id\":\"https:\/\/www.adecose.com\/gl\/#website\",\"url\":\"https:\/\/www.adecose.com\/gl\/\",\"name\":\"ADECOSE\",\"description\":\"Spanish Association of Insurance and Reinsurance Brokers\",\"publisher\":{\"@id\":\"https:\/\/www.adecose.com\/gl\/#organization\"},\"potentialAction\":[{\"@type\":\"SearchAction\",\"target\":{\"@type\":\"EntryPoint\",\"urlTemplate\":\"https:\/\/www.adecose.com\/gl\/?s={search_term_string}\"},\"query-input\":{\"@type\":\"PropertyValueSpecification\",\"valueRequired\":true,\"valueName\":\"search_term_string\"}}],\"inLanguage\":\"en-US\"},{\"@type\":\"Organization\",\"@id\":\"https:\/\/www.adecose.com\/gl\/#organization\",\"name\":\"ADECOSE\",\"url\":\"https:\/\/www.adecose.com\/gl\/\",\"logo\":{\"@type\":\"ImageObject\",\"inLanguage\":\"en-US\",\"@id\":\"https:\/\/www.adecose.com\/gl\/#\/schema\/logo\/image\/\",\"url\":\"https:\/\/www.adecose.com\/wp-content\/uploads\/2020\/07\/favicon.png\",\"contentUrl\":\"https:\/\/www.adecose.com\/wp-content\/uploads\/2020\/07\/favicon.png\",\"width\":512,\"height\":512,\"caption\":\"ADECOSE\"},\"image\":{\"@id\":\"https:\/\/www.adecose.com\/gl\/#\/schema\/logo\/image\/\"}},{\"@type\":\"Person\",\"@id\":\"https:\/\/www.adecose.com\/gl\/#\/schema\/person\/ff086ce55f6379e1d225a2c0dca5eeb6\",\"name\":\"Comunicaci\u00f3n ADECOSE\",\"image\":{\"@type\":\"ImageObject\",\"inLanguage\":\"en-US\",\"@id\":\"https:\/\/secure.gravatar.com\/avatar\/01cd1f9571997441bf1da6d1cc147351305f03fe8f2acf1ebbec60ebb26924ce?s=96&d=mm&r=g\",\"url\":\"https:\/\/secure.gravatar.com\/avatar\/01cd1f9571997441bf1da6d1cc147351305f03fe8f2acf1ebbec60ebb26924ce?s=96&d=mm&r=g\",\"contentUrl\":\"https:\/\/secure.gravatar.com\/avatar\/01cd1f9571997441bf1da6d1cc147351305f03fe8f2acf1ebbec60ebb26924ce?s=96&d=mm&r=g\",\"caption\":\"Comunicaci\u00f3n ADECOSE\"}}]}<\/script>\n<!-- \/ Yoast SEO plugin. -->","yoast_head_json":{"title":"El 63% de los empleados europeos trabajar\u00e1n de forma remota o h\u00edbrida en tres a\u00f1os - ADECOSE","robots":{"index":"index","follow":"follow","max-snippet":"max-snippet:-1","max-image-preview":"max-image-preview:large","max-video-preview":"max-video-preview:-1"},"canonical":"https:\/\/www.adecose.com\/el-63-de-los-empleados-europeos-trabajaran-de-forma-remota-o-hibrida-en-tres-anos\/","og_locale":"en_US","og_type":"article","og_title":"El 63% de los empleados europeos trabajar\u00e1n de forma remota o h\u00edbrida en tres a\u00f1os - ADECOSE","og_description":"[vc_row type=&#8221;in_container&#8221; full_screen_row_position=&#8221;middle&#8221; column_margin=&#8221;default&#8221; column_direction=&#8221;default&#8221; column_direction_tablet=&#8221;default&#8221; column_direction_phone=&#8221;default&#8221; scene_position=&#8221;center&#8221; text_color=&#8221;dark&#8221; text_align=&#8221;left&#8221; row_border_radius=&#8221;none&#8221; row_border_radius_applies=&#8221;bg&#8221; overflow=&#8221;visible&#8221; overlay_strength=&#8221;0.3&#8243; gradient_direction=&#8221;left_to_right&#8221; shape_divider_position=&#8221;bottom&#8221; bg_image_animation=&#8221;none&#8221;][vc_column column_padding=&#8221;no-extra-padding&#8221; column_padding_tablet=&#8221;inherit&#8221; column_padding_phone=&#8221;inherit&#8221; column_padding_position=&#8221;all&#8221; column_element_direction_desktop=&#8221;default&#8221; column_element_spacing=&#8221;default&#8221; desktop_text_alignment=&#8221;default&#8221; tablet_text_alignment=&#8221;default&#8221;...","og_url":"https:\/\/www.adecose.com\/el-63-de-los-empleados-europeos-trabajaran-de-forma-remota-o-hibrida-en-tres-anos\/","og_site_name":"ADECOSE","article_published_time":"2023-05-22T08:44:53+00:00","article_modified_time":"2023-05-22T08:45:45+00:00","og_image":[{"width":847,"height":532,"url":"https:\/\/www.adecose.com\/wp-content\/uploads\/2021\/10\/brometro.jpg","type":"image\/jpeg"}],"author":"Comunicaci\u00f3n ADECOSE","twitter_card":"summary_large_image","twitter_misc":{"Written by":"Comunicaci\u00f3n ADECOSE","Est. reading time":"4 minutes"},"schema":{"@context":"https:\/\/schema.org","@graph":[{"@type":"Article","@id":"https:\/\/www.adecose.com\/el-63-de-los-empleados-europeos-trabajaran-de-forma-remota-o-hibrida-en-tres-anos\/#article","isPartOf":{"@id":"https:\/\/www.adecose.com\/el-63-de-los-empleados-europeos-trabajaran-de-forma-remota-o-hibrida-en-tres-anos\/"},"author":{"name":"Comunicaci\u00f3n ADECOSE","@id":"https:\/\/www.adecose.com\/gl\/#\/schema\/person\/ff086ce55f6379e1d225a2c0dca5eeb6"},"headline":"El 63% de los empleados europeos trabajar\u00e1n de forma remota o h\u00edbrida en tres a\u00f1os","datePublished":"2023-05-22T08:44:53+00:00","dateModified":"2023-05-22T08:45:45+00:00","mainEntityOfPage":{"@id":"https:\/\/www.adecose.com\/el-63-de-los-empleados-europeos-trabajaran-de-forma-remota-o-hibrida-en-tres-anos\/"},"wordCount":1158,"publisher":{"@id":"https:\/\/www.adecose.com\/gl\/#organization"},"image":{"@id":"https:\/\/www.adecose.com\/el-63-de-los-empleados-europeos-trabajaran-de-forma-remota-o-hibrida-en-tres-anos\/#primaryimage"},"thumbnailUrl":"https:\/\/www.adecose.com\/wp-content\/uploads\/2021\/10\/brometro.jpg","keywords":["Espacio #Corredur\u00edasADECOSE","WTW"],"articleSection":["Espacio #Corredur\u00edasADECOSE"],"inLanguage":"en-US"},{"@type":"WebPage","@id":"https:\/\/www.adecose.com\/el-63-de-los-empleados-europeos-trabajaran-de-forma-remota-o-hibrida-en-tres-anos\/","url":"https:\/\/www.adecose.com\/el-63-de-los-empleados-europeos-trabajaran-de-forma-remota-o-hibrida-en-tres-anos\/","name":"El 63% de los empleados europeos trabajar\u00e1n de forma remota o h\u00edbrida en tres a\u00f1os - ADECOSE","isPartOf":{"@id":"https:\/\/www.adecose.com\/gl\/#website"},"primaryImageOfPage":{"@id":"https:\/\/www.adecose.com\/el-63-de-los-empleados-europeos-trabajaran-de-forma-remota-o-hibrida-en-tres-anos\/#primaryimage"},"image":{"@id":"https:\/\/www.adecose.com\/el-63-de-los-empleados-europeos-trabajaran-de-forma-remota-o-hibrida-en-tres-anos\/#primaryimage"},"thumbnailUrl":"https:\/\/www.adecose.com\/wp-content\/uploads\/2021\/10\/brometro.jpg","datePublished":"2023-05-22T08:44:53+00:00","dateModified":"2023-05-22T08:45:45+00:00","breadcrumb":{"@id":"https:\/\/www.adecose.com\/el-63-de-los-empleados-europeos-trabajaran-de-forma-remota-o-hibrida-en-tres-anos\/#breadcrumb"},"inLanguage":"en-US","potentialAction":[{"@type":"ReadAction","target":["https:\/\/www.adecose.com\/el-63-de-los-empleados-europeos-trabajaran-de-forma-remota-o-hibrida-en-tres-anos\/"]}]},{"@type":"ImageObject","inLanguage":"en-US","@id":"https:\/\/www.adecose.com\/el-63-de-los-empleados-europeos-trabajaran-de-forma-remota-o-hibrida-en-tres-anos\/#primaryimage","url":"https:\/\/www.adecose.com\/wp-content\/uploads\/2021\/10\/brometro.jpg","contentUrl":"https:\/\/www.adecose.com\/wp-content\/uploads\/2021\/10\/brometro.jpg","width":847,"height":532},{"@type":"BreadcrumbList","@id":"https:\/\/www.adecose.com\/el-63-de-los-empleados-europeos-trabajaran-de-forma-remota-o-hibrida-en-tres-anos\/#breadcrumb","itemListElement":[{"@type":"ListItem","position":1,"name":"Portada","item":"https:\/\/www.adecose.com\/en\/"},{"@type":"ListItem","position":2,"name":"El 63% de los empleados europeos trabajar\u00e1n de forma remota o h\u00edbrida en tres a\u00f1os"}]},{"@type":"WebSite","@id":"https:\/\/www.adecose.com\/gl\/#website","url":"https:\/\/www.adecose.com\/gl\/","name":"ADECOSE","description":"Spanish Association of Insurance and Reinsurance Brokers","publisher":{"@id":"https:\/\/www.adecose.com\/gl\/#organization"},"potentialAction":[{"@type":"SearchAction","target":{"@type":"EntryPoint","urlTemplate":"https:\/\/www.adecose.com\/gl\/?s={search_term_string}"},"query-input":{"@type":"PropertyValueSpecification","valueRequired":true,"valueName":"search_term_string"}}],"inLanguage":"en-US"},{"@type":"Organization","@id":"https:\/\/www.adecose.com\/gl\/#organization","name":"ADECOSE","url":"https:\/\/www.adecose.com\/gl\/","logo":{"@type":"ImageObject","inLanguage":"en-US","@id":"https:\/\/www.adecose.com\/gl\/#\/schema\/logo\/image\/","url":"https:\/\/www.adecose.com\/wp-content\/uploads\/2020\/07\/favicon.png","contentUrl":"https:\/\/www.adecose.com\/wp-content\/uploads\/2020\/07\/favicon.png","width":512,"height":512,"caption":"ADECOSE"},"image":{"@id":"https:\/\/www.adecose.com\/gl\/#\/schema\/logo\/image\/"}},{"@type":"Person","@id":"https:\/\/www.adecose.com\/gl\/#\/schema\/person\/ff086ce55f6379e1d225a2c0dca5eeb6","name":"Comunicaci\u00f3n ADECOSE","image":{"@type":"ImageObject","inLanguage":"en-US","@id":"https:\/\/secure.gravatar.com\/avatar\/01cd1f9571997441bf1da6d1cc147351305f03fe8f2acf1ebbec60ebb26924ce?s=96&d=mm&r=g","url":"https:\/\/secure.gravatar.com\/avatar\/01cd1f9571997441bf1da6d1cc147351305f03fe8f2acf1ebbec60ebb26924ce?s=96&d=mm&r=g","contentUrl":"https:\/\/secure.gravatar.com\/avatar\/01cd1f9571997441bf1da6d1cc147351305f03fe8f2acf1ebbec60ebb26924ce?s=96&d=mm&r=g","caption":"Comunicaci\u00f3n ADECOSE"}}]}},"_links":{"self":[{"href":"https:\/\/www.adecose.com\/en\/wp-json\/wp\/v2\/posts\/14635","targetHints":{"allow":["GET"]}}],"collection":[{"href":"https:\/\/www.adecose.com\/en\/wp-json\/wp\/v2\/posts"}],"about":[{"href":"https:\/\/www.adecose.com\/en\/wp-json\/wp\/v2\/types\/post"}],"author":[{"embeddable":true,"href":"https:\/\/www.adecose.com\/en\/wp-json\/wp\/v2\/users\/197"}],"replies":[{"embeddable":true,"href":"https:\/\/www.adecose.com\/en\/wp-json\/wp\/v2\/comments?post=14635"}],"version-history":[{"count":0,"href":"https:\/\/www.adecose.com\/en\/wp-json\/wp\/v2\/posts\/14635\/revisions"}],"wp:featuredmedia":[{"embeddable":true,"href":"https:\/\/www.adecose.com\/en\/wp-json\/wp\/v2\/media\/11185"}],"wp:attachment":[{"href":"https:\/\/www.adecose.com\/en\/wp-json\/wp\/v2\/media?parent=14635"}],"wp:term":[{"taxonomy":"category","embeddable":true,"href":"https:\/\/www.adecose.com\/en\/wp-json\/wp\/v2\/categories?post=14635"},{"taxonomy":"post_tag","embeddable":true,"href":"https:\/\/www.adecose.com\/en\/wp-json\/wp\/v2\/tags?post=14635"}],"curies":[{"name":"wp","href":"https:\/\/api.w.org\/{rel}","templated":true}]}}