{"id":14617,"date":"2023-05-19T09:15:25","date_gmt":"2023-05-19T07:15:25","guid":{"rendered":"https:\/\/www.adecose.com\/?p=14617"},"modified":"2023-05-19T09:19:01","modified_gmt":"2023-05-19T07:19:01","slug":"adecose-lamenta-que-no-se-incluya-su-propuesta-de-enmienda-de-proteccion-al-cliente-hipotecario-en-el-proyecto-de-ley-de-la-autoridad-administrativa-independiente-de-defensa-del-cliente-financiero","status":"publish","type":"post","link":"https:\/\/www.adecose.com\/en\/adecose-lamenta-que-no-se-incluya-su-propuesta-de-enmienda-de-proteccion-al-cliente-hipotecario-en-el-proyecto-de-ley-de-la-autoridad-administrativa-independiente-de-defensa-del-cliente-financiero\/","title":{"rendered":"ADECOSE lamenta que no se incluya su propuesta de enmienda de protecci\u00f3n al cliente hipotecario en el Proyecto de Ley de la Autoridad Administrativa Independiente de defensa del cliente financiero"},"content":{"rendered":"[vc_row type=&#8221;in_container&#8221; full_screen_row_position=&#8221;middle&#8221; column_margin=&#8221;default&#8221; column_direction=&#8221;default&#8221; column_direction_tablet=&#8221;default&#8221; column_direction_phone=&#8221;default&#8221; scene_position=&#8221;center&#8221; text_color=&#8221;dark&#8221; text_align=&#8221;left&#8221; row_border_radius=&#8221;none&#8221; row_border_radius_applies=&#8221;bg&#8221; overflow=&#8221;visible&#8221; overlay_strength=&#8221;0.3&#8243; gradient_direction=&#8221;left_to_right&#8221; shape_divider_position=&#8221;bottom&#8221; bg_image_animation=&#8221;none&#8221;][vc_column column_padding=&#8221;no-extra-padding&#8221; column_padding_tablet=&#8221;inherit&#8221; column_padding_phone=&#8221;inherit&#8221; column_padding_position=&#8221;all&#8221; column_element_direction_desktop=&#8221;default&#8221; column_element_spacing=&#8221;default&#8221; desktop_text_alignment=&#8221;default&#8221; tablet_text_alignment=&#8221;default&#8221; phone_text_alignment=&#8221;default&#8221; background_color_opacity=&#8221;1&#8243; background_hover_color_opacity=&#8221;1&#8243; column_backdrop_filter=&#8221;none&#8221; column_shadow=&#8221;none&#8221; column_border_radius=&#8221;none&#8221; column_link_target=&#8221;_self&#8221; column_position=&#8221;default&#8221; gradient_direction=&#8221;left_to_right&#8221; overlay_strength=&#8221;0.3&#8243; width=&#8221;1\/1&#8243; tablet_width_inherit=&#8221;default&#8221; animation_type=&#8221;default&#8221; bg_image_animation=&#8221;none&#8221; border_type=&#8221;simple&#8221; column_border_width=&#8221;none&#8221; column_border_style=&#8221;solid&#8221;][vc_column_text]\n<ul>\n<li><em>La enmienda propuesta por ADECOSE fue presentada por los Grupos de Ciudadanos, ERC, PDeCAT y PNV.<\/em><em>\u00a0<\/em><\/li>\n<\/ul>\n<ul>\n<li><em>La enmienda propon\u00eda, <\/em><em>entre otros aspectos, que las entidades financieras tuviesen la obligaci\u00f3n de advertir al prestatario sobre los seguros contratados mediante pr\u00e1cticas de venta vinculada o de venta combinada, con una antelaci\u00f3n m\u00ednima de dos meses del vencimiento de cada anualidad, e indicando el derecho a contratar los seguros con un proveedor diferente.<\/em><\/li>\n<\/ul>\n<ul>\n<li><em>Asimismo, se establec\u00eda que<\/em>, en el caso de que la p\u00f3liza de seguro en garant\u00eda del cumplimiento de las obligaciones del pr\u00e9stamo\u00a0fuera\u00a0un seguro de vida del prestatario,\u00a0la p\u00f3liza de seguro deb\u00eda ser renovable en cada anualidad y nunca de prima \u00fanica.<\/li>\n<\/ul>\n<p>ADECOSE lamenta que la enmienda al Proyecto de Ley de la Autoridad Administrativa Independiente de defensa del cliente financiero <strong>presentada a propuesta de ADECOSE por los Grupos de Ciudadanos, ERC, PDeCAT y PNV<\/strong> haya sido retirada antes de la \u00faltima votaci\u00f3n en el Congreso. La enmienda pretend\u00eda\u00a0que se incorporara una disposici\u00f3n adicional de modificaci\u00f3n de la Ley 5\/2019, de 15 de marzo, reguladora de los contratos de cr\u00e9dito inmobiliario, con el fin de reforzar los derechos de los consumidores.<\/p>\n<p>Por un lado, propon\u00eda que\u00a0se obligara a las <strong>entidades financieras a advertir al prestatario <\/strong>sobre los seguros contratados\u00a0mediante pr\u00e1cticas de <strong>venta vinculada o de venta combinada con una antelaci\u00f3n m\u00ednima de dos meses del vencimiento <\/strong>de cada anualidad; as\u00ed como del derecho del prestatario a <strong>contratar los seguros con un proveedor diferente<\/strong> con indicaci\u00f3n expresa en cada comunicaci\u00f3n.<\/p>\n<p>Por otro, a\u00f1ad\u00eda que, en el caso de que la p\u00f3liza de seguro en garant\u00eda del cumplimiento de las obligaciones del pr\u00e9stamo\u00a0fuera\u00a0un <strong>seguro de vida<\/strong> del prestatario,\u00a0la p\u00f3liza de seguro exigida o propuesta deb\u00eda ser <strong>renovable en cada anualidad<\/strong>, equivalente al capital pendiente de amortizaci\u00f3n y <strong>nunca de prima \u00fanica<\/strong>.<\/p>\n<p>Esta propuesta de ADECOSE ha sido muy bien valorada por las distintas formaciones pol\u00edticas, a pesar de que finalmente no ha pasado el tr\u00e1mite del Congreso, si bien la Asociaci\u00f3n seguir\u00e1 insistiendo en el Senado por si alg\u00fan Grupo pol\u00edtico pudiera presentarla.<\/p>\n<p>&nbsp;<\/p>\n<p>Asimismo, desde la Asociaci\u00f3n se insistir\u00e1 en el futuro en el mismo planteamiento cuando se inicie el proceso de revisi\u00f3n de la Directiva sobre los contratos de cr\u00e9dito celebrados con los consumidores para bienes inmuebles de uso residencial y su posterior transposici\u00f3n en el ordenamiento espa\u00f1ol.[\/vc_column_text][\/vc_column][\/vc_row]\n","protected":false},"excerpt":{"rendered":"<p>[vc_row type=&#8221;in_container&#8221; full_screen_row_position=&#8221;middle&#8221; column_margin=&#8221;default&#8221; column_direction=&#8221;default&#8221; column_direction_tablet=&#8221;default&#8221; column_direction_phone=&#8221;default&#8221; scene_position=&#8221;center&#8221; text_color=&#8221;dark&#8221; text_align=&#8221;left&#8221; row_border_radius=&#8221;none&#8221; row_border_radius_applies=&#8221;bg&#8221; overflow=&#8221;visible&#8221; overlay_strength=&#8221;0.3&#8243; gradient_direction=&#8221;left_to_right&#8221; shape_divider_position=&#8221;bottom&#8221; bg_image_animation=&#8221;none&#8221;][vc_column column_padding=&#8221;no-extra-padding&#8221; column_padding_tablet=&#8221;inherit&#8221; column_padding_phone=&#8221;inherit&#8221; column_padding_position=&#8221;all&#8221; column_element_direction_desktop=&#8221;default&#8221; column_element_spacing=&#8221;default&#8221; desktop_text_alignment=&#8221;default&#8221; tablet_text_alignment=&#8221;default&#8221;&#8230;<\/p>\n","protected":false},"author":197,"featured_media":14619,"comment_status":"closed","ping_status":"closed","sticky":false,"template":"","format":"standard","meta":{"_acf_changed":false,"_price":"","_stock":"","_tribe_ticket_header":"","_tribe_default_ticket_provider":"","_tribe_ticket_capacity":"0","_ticket_start_date":"","_ticket_end_date":"","_tribe_ticket_show_description":"","_tribe_ticket_show_not_going":false,"_tribe_ticket_use_global_stock":"","_tribe_ticket_global_stock_level":"","_global_stock_mode":"","_global_stock_cap":"","_tribe_rsvp_for_event":"","_tribe_ticket_going_count":"","_tribe_ticket_not_going_count":"","_tribe_tickets_list":"[]","_tribe_ticket_has_attendee_info_fields":false,"footnotes":""},"categories":[2],"tags":[337,381],"class_list":["post-14617","post","type-post","status-publish","format-standard","has-post-thumbnail","category-noticias","tag-enmienda","tag-lobby"],"acf":[],"yoast_head":"<!-- This site is optimized with the Yoast SEO plugin v27.2 - https:\/\/yoast.com\/product\/yoast-seo-wordpress\/ -->\n<title>ADECOSE lamenta que no se incluya su propuesta de enmienda de protecci\u00f3n al cliente hipotecario en el Proyecto de Ley de la Autoridad Administrativa Independiente de defensa del cliente financiero - ADECOSE<\/title>\n<meta name=\"robots\" content=\"index, follow, max-snippet:-1, max-image-preview:large, max-video-preview:-1\" \/>\n<link rel=\"canonical\" href=\"https:\/\/www.adecose.com\/adecose-lamenta-que-no-se-incluya-su-propuesta-de-enmienda-de-proteccion-al-cliente-hipotecario-en-el-proyecto-de-ley-de-la-autoridad-administrativa-independiente-de-defensa-del-cliente-financiero\/\" \/>\n<meta property=\"og:locale\" content=\"en_US\" \/>\n<meta property=\"og:type\" content=\"article\" \/>\n<meta property=\"og:title\" content=\"ADECOSE lamenta que no se incluya su propuesta de enmienda de protecci\u00f3n al cliente hipotecario en el Proyecto de Ley de la Autoridad Administrativa Independiente de defensa del cliente financiero - ADECOSE\" \/>\n<meta property=\"og:description\" content=\"[vc_row type=&#8221;in_container&#8221; full_screen_row_position=&#8221;middle&#8221; column_margin=&#8221;default&#8221; column_direction=&#8221;default&#8221; column_direction_tablet=&#8221;default&#8221; column_direction_phone=&#8221;default&#8221; scene_position=&#8221;center&#8221; text_color=&#8221;dark&#8221; text_align=&#8221;left&#8221; row_border_radius=&#8221;none&#8221; row_border_radius_applies=&#8221;bg&#8221; overflow=&#8221;visible&#8221; overlay_strength=&#8221;0.3&#8243; gradient_direction=&#8221;left_to_right&#8221; shape_divider_position=&#8221;bottom&#8221; bg_image_animation=&#8221;none&#8221;][vc_column column_padding=&#8221;no-extra-padding&#8221; column_padding_tablet=&#8221;inherit&#8221; column_padding_phone=&#8221;inherit&#8221; column_padding_position=&#8221;all&#8221; column_element_direction_desktop=&#8221;default&#8221; column_element_spacing=&#8221;default&#8221; desktop_text_alignment=&#8221;default&#8221; tablet_text_alignment=&#8221;default&#8221;...\" \/>\n<meta property=\"og:url\" content=\"https:\/\/www.adecose.com\/adecose-lamenta-que-no-se-incluya-su-propuesta-de-enmienda-de-proteccion-al-cliente-hipotecario-en-el-proyecto-de-ley-de-la-autoridad-administrativa-independiente-de-defensa-del-cliente-financiero\/\" \/>\n<meta property=\"og:site_name\" content=\"ADECOSE\" \/>\n<meta property=\"article:published_time\" content=\"2023-05-19T07:15:25+00:00\" \/>\n<meta property=\"article:modified_time\" content=\"2023-05-19T07:19:01+00:00\" \/>\n<meta property=\"og:image\" content=\"https:\/\/www.adecose.com\/wp-content\/uploads\/2023\/05\/congreso-diputados-01.jpg\" \/>\n\t<meta property=\"og:image:width\" content=\"819\" \/>\n\t<meta property=\"og:image:height\" content=\"547\" \/>\n\t<meta property=\"og:image:type\" content=\"image\/jpeg\" \/>\n<meta name=\"author\" content=\"Comunicaci\u00f3n ADECOSE\" \/>\n<meta name=\"twitter:card\" content=\"summary_large_image\" \/>\n<meta name=\"twitter:label1\" content=\"Written by\" \/>\n\t<meta name=\"twitter:data1\" content=\"Comunicaci\u00f3n ADECOSE\" \/>\n\t<meta name=\"twitter:label2\" content=\"Est. reading time\" \/>\n\t<meta name=\"twitter:data2\" content=\"3 minutes\" \/>\n<script type=\"application\/ld+json\" class=\"yoast-schema-graph\">{\"@context\":\"https:\/\/schema.org\",\"@graph\":[{\"@type\":\"Article\",\"@id\":\"https:\/\/www.adecose.com\/adecose-lamenta-que-no-se-incluya-su-propuesta-de-enmienda-de-proteccion-al-cliente-hipotecario-en-el-proyecto-de-ley-de-la-autoridad-administrativa-independiente-de-defensa-del-cliente-financiero\/#article\",\"isPartOf\":{\"@id\":\"https:\/\/www.adecose.com\/adecose-lamenta-que-no-se-incluya-su-propuesta-de-enmienda-de-proteccion-al-cliente-hipotecario-en-el-proyecto-de-ley-de-la-autoridad-administrativa-independiente-de-defensa-del-cliente-financiero\/\"},\"author\":{\"name\":\"Comunicaci\u00f3n ADECOSE\",\"@id\":\"https:\/\/www.adecose.com\/gl\/#\/schema\/person\/ff086ce55f6379e1d225a2c0dca5eeb6\"},\"headline\":\"ADECOSE lamenta que no se incluya su propuesta de enmienda de protecci\u00f3n al cliente hipotecario en el Proyecto de Ley de la Autoridad Administrativa Independiente de defensa del cliente financiero\",\"datePublished\":\"2023-05-19T07:15:25+00:00\",\"dateModified\":\"2023-05-19T07:19:01+00:00\",\"mainEntityOfPage\":{\"@id\":\"https:\/\/www.adecose.com\/adecose-lamenta-que-no-se-incluya-su-propuesta-de-enmienda-de-proteccion-al-cliente-hipotecario-en-el-proyecto-de-ley-de-la-autoridad-administrativa-independiente-de-defensa-del-cliente-financiero\/\"},\"wordCount\":627,\"publisher\":{\"@id\":\"https:\/\/www.adecose.com\/gl\/#organization\"},\"image\":{\"@id\":\"https:\/\/www.adecose.com\/adecose-lamenta-que-no-se-incluya-su-propuesta-de-enmienda-de-proteccion-al-cliente-hipotecario-en-el-proyecto-de-ley-de-la-autoridad-administrativa-independiente-de-defensa-del-cliente-financiero\/#primaryimage\"},\"thumbnailUrl\":\"https:\/\/www.adecose.com\/wp-content\/uploads\/2023\/05\/congreso-diputados-01.jpg\",\"keywords\":[\"Enmienda\",\"Lobby\"],\"articleSection\":[\"Noticias\"],\"inLanguage\":\"en-US\"},{\"@type\":\"WebPage\",\"@id\":\"https:\/\/www.adecose.com\/adecose-lamenta-que-no-se-incluya-su-propuesta-de-enmienda-de-proteccion-al-cliente-hipotecario-en-el-proyecto-de-ley-de-la-autoridad-administrativa-independiente-de-defensa-del-cliente-financiero\/\",\"url\":\"https:\/\/www.adecose.com\/adecose-lamenta-que-no-se-incluya-su-propuesta-de-enmienda-de-proteccion-al-cliente-hipotecario-en-el-proyecto-de-ley-de-la-autoridad-administrativa-independiente-de-defensa-del-cliente-financiero\/\",\"name\":\"ADECOSE lamenta que no se incluya su propuesta de enmienda de protecci\u00f3n al cliente hipotecario en el Proyecto de Ley de la Autoridad Administrativa Independiente de defensa del cliente financiero - ADECOSE\",\"isPartOf\":{\"@id\":\"https:\/\/www.adecose.com\/gl\/#website\"},\"primaryImageOfPage\":{\"@id\":\"https:\/\/www.adecose.com\/adecose-lamenta-que-no-se-incluya-su-propuesta-de-enmienda-de-proteccion-al-cliente-hipotecario-en-el-proyecto-de-ley-de-la-autoridad-administrativa-independiente-de-defensa-del-cliente-financiero\/#primaryimage\"},\"image\":{\"@id\":\"https:\/\/www.adecose.com\/adecose-lamenta-que-no-se-incluya-su-propuesta-de-enmienda-de-proteccion-al-cliente-hipotecario-en-el-proyecto-de-ley-de-la-autoridad-administrativa-independiente-de-defensa-del-cliente-financiero\/#primaryimage\"},\"thumbnailUrl\":\"https:\/\/www.adecose.com\/wp-content\/uploads\/2023\/05\/congreso-diputados-01.jpg\",\"datePublished\":\"2023-05-19T07:15:25+00:00\",\"dateModified\":\"2023-05-19T07:19:01+00:00\",\"breadcrumb\":{\"@id\":\"https:\/\/www.adecose.com\/adecose-lamenta-que-no-se-incluya-su-propuesta-de-enmienda-de-proteccion-al-cliente-hipotecario-en-el-proyecto-de-ley-de-la-autoridad-administrativa-independiente-de-defensa-del-cliente-financiero\/#breadcrumb\"},\"inLanguage\":\"en-US\",\"potentialAction\":[{\"@type\":\"ReadAction\",\"target\":[\"https:\/\/www.adecose.com\/adecose-lamenta-que-no-se-incluya-su-propuesta-de-enmienda-de-proteccion-al-cliente-hipotecario-en-el-proyecto-de-ley-de-la-autoridad-administrativa-independiente-de-defensa-del-cliente-financiero\/\"]}]},{\"@type\":\"ImageObject\",\"inLanguage\":\"en-US\",\"@id\":\"https:\/\/www.adecose.com\/adecose-lamenta-que-no-se-incluya-su-propuesta-de-enmienda-de-proteccion-al-cliente-hipotecario-en-el-proyecto-de-ley-de-la-autoridad-administrativa-independiente-de-defensa-del-cliente-financiero\/#primaryimage\",\"url\":\"https:\/\/www.adecose.com\/wp-content\/uploads\/2023\/05\/congreso-diputados-01.jpg\",\"contentUrl\":\"https:\/\/www.adecose.com\/wp-content\/uploads\/2023\/05\/congreso-diputados-01.jpg\",\"width\":819,\"height\":547},{\"@type\":\"BreadcrumbList\",\"@id\":\"https:\/\/www.adecose.com\/adecose-lamenta-que-no-se-incluya-su-propuesta-de-enmienda-de-proteccion-al-cliente-hipotecario-en-el-proyecto-de-ley-de-la-autoridad-administrativa-independiente-de-defensa-del-cliente-financiero\/#breadcrumb\",\"itemListElement\":[{\"@type\":\"ListItem\",\"position\":1,\"name\":\"Portada\",\"item\":\"https:\/\/www.adecose.com\/en\/\"},{\"@type\":\"ListItem\",\"position\":2,\"name\":\"ADECOSE lamenta que no se incluya su propuesta de enmienda de protecci\u00f3n al cliente hipotecario en el Proyecto de Ley de la Autoridad Administrativa Independiente de defensa del cliente financiero\"}]},{\"@type\":\"WebSite\",\"@id\":\"https:\/\/www.adecose.com\/gl\/#website\",\"url\":\"https:\/\/www.adecose.com\/gl\/\",\"name\":\"ADECOSE\",\"description\":\"Spanish Association of Insurance and Reinsurance Brokers\",\"publisher\":{\"@id\":\"https:\/\/www.adecose.com\/gl\/#organization\"},\"potentialAction\":[{\"@type\":\"SearchAction\",\"target\":{\"@type\":\"EntryPoint\",\"urlTemplate\":\"https:\/\/www.adecose.com\/gl\/?s={search_term_string}\"},\"query-input\":{\"@type\":\"PropertyValueSpecification\",\"valueRequired\":true,\"valueName\":\"search_term_string\"}}],\"inLanguage\":\"en-US\"},{\"@type\":\"Organization\",\"@id\":\"https:\/\/www.adecose.com\/gl\/#organization\",\"name\":\"ADECOSE\",\"url\":\"https:\/\/www.adecose.com\/gl\/\",\"logo\":{\"@type\":\"ImageObject\",\"inLanguage\":\"en-US\",\"@id\":\"https:\/\/www.adecose.com\/gl\/#\/schema\/logo\/image\/\",\"url\":\"https:\/\/www.adecose.com\/wp-content\/uploads\/2020\/07\/favicon.png\",\"contentUrl\":\"https:\/\/www.adecose.com\/wp-content\/uploads\/2020\/07\/favicon.png\",\"width\":512,\"height\":512,\"caption\":\"ADECOSE\"},\"image\":{\"@id\":\"https:\/\/www.adecose.com\/gl\/#\/schema\/logo\/image\/\"}},{\"@type\":\"Person\",\"@id\":\"https:\/\/www.adecose.com\/gl\/#\/schema\/person\/ff086ce55f6379e1d225a2c0dca5eeb6\",\"name\":\"Comunicaci\u00f3n ADECOSE\",\"image\":{\"@type\":\"ImageObject\",\"inLanguage\":\"en-US\",\"@id\":\"https:\/\/secure.gravatar.com\/avatar\/01cd1f9571997441bf1da6d1cc147351305f03fe8f2acf1ebbec60ebb26924ce?s=96&d=mm&r=g\",\"url\":\"https:\/\/secure.gravatar.com\/avatar\/01cd1f9571997441bf1da6d1cc147351305f03fe8f2acf1ebbec60ebb26924ce?s=96&d=mm&r=g\",\"contentUrl\":\"https:\/\/secure.gravatar.com\/avatar\/01cd1f9571997441bf1da6d1cc147351305f03fe8f2acf1ebbec60ebb26924ce?s=96&d=mm&r=g\",\"caption\":\"Comunicaci\u00f3n ADECOSE\"}}]}<\/script>\n<!-- \/ Yoast SEO plugin. -->","yoast_head_json":{"title":"ADECOSE lamenta que no se incluya su propuesta de enmienda de protecci\u00f3n al cliente hipotecario en el Proyecto de Ley de la Autoridad Administrativa Independiente de defensa del cliente financiero - ADECOSE","robots":{"index":"index","follow":"follow","max-snippet":"max-snippet:-1","max-image-preview":"max-image-preview:large","max-video-preview":"max-video-preview:-1"},"canonical":"https:\/\/www.adecose.com\/adecose-lamenta-que-no-se-incluya-su-propuesta-de-enmienda-de-proteccion-al-cliente-hipotecario-en-el-proyecto-de-ley-de-la-autoridad-administrativa-independiente-de-defensa-del-cliente-financiero\/","og_locale":"en_US","og_type":"article","og_title":"ADECOSE lamenta que no se incluya su propuesta de enmienda de protecci\u00f3n al cliente hipotecario en el Proyecto de Ley de la Autoridad Administrativa Independiente de defensa del cliente financiero - ADECOSE","og_description":"[vc_row type=&#8221;in_container&#8221; full_screen_row_position=&#8221;middle&#8221; column_margin=&#8221;default&#8221; column_direction=&#8221;default&#8221; column_direction_tablet=&#8221;default&#8221; column_direction_phone=&#8221;default&#8221; scene_position=&#8221;center&#8221; text_color=&#8221;dark&#8221; text_align=&#8221;left&#8221; row_border_radius=&#8221;none&#8221; row_border_radius_applies=&#8221;bg&#8221; overflow=&#8221;visible&#8221; overlay_strength=&#8221;0.3&#8243; gradient_direction=&#8221;left_to_right&#8221; shape_divider_position=&#8221;bottom&#8221; bg_image_animation=&#8221;none&#8221;][vc_column column_padding=&#8221;no-extra-padding&#8221; column_padding_tablet=&#8221;inherit&#8221; column_padding_phone=&#8221;inherit&#8221; column_padding_position=&#8221;all&#8221; column_element_direction_desktop=&#8221;default&#8221; column_element_spacing=&#8221;default&#8221; desktop_text_alignment=&#8221;default&#8221; tablet_text_alignment=&#8221;default&#8221;...","og_url":"https:\/\/www.adecose.com\/adecose-lamenta-que-no-se-incluya-su-propuesta-de-enmienda-de-proteccion-al-cliente-hipotecario-en-el-proyecto-de-ley-de-la-autoridad-administrativa-independiente-de-defensa-del-cliente-financiero\/","og_site_name":"ADECOSE","article_published_time":"2023-05-19T07:15:25+00:00","article_modified_time":"2023-05-19T07:19:01+00:00","og_image":[{"width":819,"height":547,"url":"https:\/\/www.adecose.com\/wp-content\/uploads\/2023\/05\/congreso-diputados-01.jpg","type":"image\/jpeg"}],"author":"Comunicaci\u00f3n ADECOSE","twitter_card":"summary_large_image","twitter_misc":{"Written by":"Comunicaci\u00f3n ADECOSE","Est. reading time":"3 minutes"},"schema":{"@context":"https:\/\/schema.org","@graph":[{"@type":"Article","@id":"https:\/\/www.adecose.com\/adecose-lamenta-que-no-se-incluya-su-propuesta-de-enmienda-de-proteccion-al-cliente-hipotecario-en-el-proyecto-de-ley-de-la-autoridad-administrativa-independiente-de-defensa-del-cliente-financiero\/#article","isPartOf":{"@id":"https:\/\/www.adecose.com\/adecose-lamenta-que-no-se-incluya-su-propuesta-de-enmienda-de-proteccion-al-cliente-hipotecario-en-el-proyecto-de-ley-de-la-autoridad-administrativa-independiente-de-defensa-del-cliente-financiero\/"},"author":{"name":"Comunicaci\u00f3n ADECOSE","@id":"https:\/\/www.adecose.com\/gl\/#\/schema\/person\/ff086ce55f6379e1d225a2c0dca5eeb6"},"headline":"ADECOSE lamenta que no se incluya su propuesta de enmienda de protecci\u00f3n al cliente hipotecario en el Proyecto de Ley de la Autoridad Administrativa Independiente de defensa del cliente financiero","datePublished":"2023-05-19T07:15:25+00:00","dateModified":"2023-05-19T07:19:01+00:00","mainEntityOfPage":{"@id":"https:\/\/www.adecose.com\/adecose-lamenta-que-no-se-incluya-su-propuesta-de-enmienda-de-proteccion-al-cliente-hipotecario-en-el-proyecto-de-ley-de-la-autoridad-administrativa-independiente-de-defensa-del-cliente-financiero\/"},"wordCount":627,"publisher":{"@id":"https:\/\/www.adecose.com\/gl\/#organization"},"image":{"@id":"https:\/\/www.adecose.com\/adecose-lamenta-que-no-se-incluya-su-propuesta-de-enmienda-de-proteccion-al-cliente-hipotecario-en-el-proyecto-de-ley-de-la-autoridad-administrativa-independiente-de-defensa-del-cliente-financiero\/#primaryimage"},"thumbnailUrl":"https:\/\/www.adecose.com\/wp-content\/uploads\/2023\/05\/congreso-diputados-01.jpg","keywords":["Enmienda","Lobby"],"articleSection":["Noticias"],"inLanguage":"en-US"},{"@type":"WebPage","@id":"https:\/\/www.adecose.com\/adecose-lamenta-que-no-se-incluya-su-propuesta-de-enmienda-de-proteccion-al-cliente-hipotecario-en-el-proyecto-de-ley-de-la-autoridad-administrativa-independiente-de-defensa-del-cliente-financiero\/","url":"https:\/\/www.adecose.com\/adecose-lamenta-que-no-se-incluya-su-propuesta-de-enmienda-de-proteccion-al-cliente-hipotecario-en-el-proyecto-de-ley-de-la-autoridad-administrativa-independiente-de-defensa-del-cliente-financiero\/","name":"ADECOSE lamenta que no se incluya su propuesta de enmienda de protecci\u00f3n al cliente hipotecario en el Proyecto de Ley de la Autoridad Administrativa Independiente de defensa del cliente financiero - ADECOSE","isPartOf":{"@id":"https:\/\/www.adecose.com\/gl\/#website"},"primaryImageOfPage":{"@id":"https:\/\/www.adecose.com\/adecose-lamenta-que-no-se-incluya-su-propuesta-de-enmienda-de-proteccion-al-cliente-hipotecario-en-el-proyecto-de-ley-de-la-autoridad-administrativa-independiente-de-defensa-del-cliente-financiero\/#primaryimage"},"image":{"@id":"https:\/\/www.adecose.com\/adecose-lamenta-que-no-se-incluya-su-propuesta-de-enmienda-de-proteccion-al-cliente-hipotecario-en-el-proyecto-de-ley-de-la-autoridad-administrativa-independiente-de-defensa-del-cliente-financiero\/#primaryimage"},"thumbnailUrl":"https:\/\/www.adecose.com\/wp-content\/uploads\/2023\/05\/congreso-diputados-01.jpg","datePublished":"2023-05-19T07:15:25+00:00","dateModified":"2023-05-19T07:19:01+00:00","breadcrumb":{"@id":"https:\/\/www.adecose.com\/adecose-lamenta-que-no-se-incluya-su-propuesta-de-enmienda-de-proteccion-al-cliente-hipotecario-en-el-proyecto-de-ley-de-la-autoridad-administrativa-independiente-de-defensa-del-cliente-financiero\/#breadcrumb"},"inLanguage":"en-US","potentialAction":[{"@type":"ReadAction","target":["https:\/\/www.adecose.com\/adecose-lamenta-que-no-se-incluya-su-propuesta-de-enmienda-de-proteccion-al-cliente-hipotecario-en-el-proyecto-de-ley-de-la-autoridad-administrativa-independiente-de-defensa-del-cliente-financiero\/"]}]},{"@type":"ImageObject","inLanguage":"en-US","@id":"https:\/\/www.adecose.com\/adecose-lamenta-que-no-se-incluya-su-propuesta-de-enmienda-de-proteccion-al-cliente-hipotecario-en-el-proyecto-de-ley-de-la-autoridad-administrativa-independiente-de-defensa-del-cliente-financiero\/#primaryimage","url":"https:\/\/www.adecose.com\/wp-content\/uploads\/2023\/05\/congreso-diputados-01.jpg","contentUrl":"https:\/\/www.adecose.com\/wp-content\/uploads\/2023\/05\/congreso-diputados-01.jpg","width":819,"height":547},{"@type":"BreadcrumbList","@id":"https:\/\/www.adecose.com\/adecose-lamenta-que-no-se-incluya-su-propuesta-de-enmienda-de-proteccion-al-cliente-hipotecario-en-el-proyecto-de-ley-de-la-autoridad-administrativa-independiente-de-defensa-del-cliente-financiero\/#breadcrumb","itemListElement":[{"@type":"ListItem","position":1,"name":"Portada","item":"https:\/\/www.adecose.com\/en\/"},{"@type":"ListItem","position":2,"name":"ADECOSE lamenta que no se incluya su propuesta de enmienda de protecci\u00f3n al cliente hipotecario en el Proyecto de Ley de la Autoridad Administrativa Independiente de defensa del cliente financiero"}]},{"@type":"WebSite","@id":"https:\/\/www.adecose.com\/gl\/#website","url":"https:\/\/www.adecose.com\/gl\/","name":"ADECOSE","description":"Spanish Association of Insurance and Reinsurance Brokers","publisher":{"@id":"https:\/\/www.adecose.com\/gl\/#organization"},"potentialAction":[{"@type":"SearchAction","target":{"@type":"EntryPoint","urlTemplate":"https:\/\/www.adecose.com\/gl\/?s={search_term_string}"},"query-input":{"@type":"PropertyValueSpecification","valueRequired":true,"valueName":"search_term_string"}}],"inLanguage":"en-US"},{"@type":"Organization","@id":"https:\/\/www.adecose.com\/gl\/#organization","name":"ADECOSE","url":"https:\/\/www.adecose.com\/gl\/","logo":{"@type":"ImageObject","inLanguage":"en-US","@id":"https:\/\/www.adecose.com\/gl\/#\/schema\/logo\/image\/","url":"https:\/\/www.adecose.com\/wp-content\/uploads\/2020\/07\/favicon.png","contentUrl":"https:\/\/www.adecose.com\/wp-content\/uploads\/2020\/07\/favicon.png","width":512,"height":512,"caption":"ADECOSE"},"image":{"@id":"https:\/\/www.adecose.com\/gl\/#\/schema\/logo\/image\/"}},{"@type":"Person","@id":"https:\/\/www.adecose.com\/gl\/#\/schema\/person\/ff086ce55f6379e1d225a2c0dca5eeb6","name":"Comunicaci\u00f3n ADECOSE","image":{"@type":"ImageObject","inLanguage":"en-US","@id":"https:\/\/secure.gravatar.com\/avatar\/01cd1f9571997441bf1da6d1cc147351305f03fe8f2acf1ebbec60ebb26924ce?s=96&d=mm&r=g","url":"https:\/\/secure.gravatar.com\/avatar\/01cd1f9571997441bf1da6d1cc147351305f03fe8f2acf1ebbec60ebb26924ce?s=96&d=mm&r=g","contentUrl":"https:\/\/secure.gravatar.com\/avatar\/01cd1f9571997441bf1da6d1cc147351305f03fe8f2acf1ebbec60ebb26924ce?s=96&d=mm&r=g","caption":"Comunicaci\u00f3n ADECOSE"}}]}},"_links":{"self":[{"href":"https:\/\/www.adecose.com\/en\/wp-json\/wp\/v2\/posts\/14617","targetHints":{"allow":["GET"]}}],"collection":[{"href":"https:\/\/www.adecose.com\/en\/wp-json\/wp\/v2\/posts"}],"about":[{"href":"https:\/\/www.adecose.com\/en\/wp-json\/wp\/v2\/types\/post"}],"author":[{"embeddable":true,"href":"https:\/\/www.adecose.com\/en\/wp-json\/wp\/v2\/users\/197"}],"replies":[{"embeddable":true,"href":"https:\/\/www.adecose.com\/en\/wp-json\/wp\/v2\/comments?post=14617"}],"version-history":[{"count":0,"href":"https:\/\/www.adecose.com\/en\/wp-json\/wp\/v2\/posts\/14617\/revisions"}],"wp:featuredmedia":[{"embeddable":true,"href":"https:\/\/www.adecose.com\/en\/wp-json\/wp\/v2\/media\/14619"}],"wp:attachment":[{"href":"https:\/\/www.adecose.com\/en\/wp-json\/wp\/v2\/media?parent=14617"}],"wp:term":[{"taxonomy":"category","embeddable":true,"href":"https:\/\/www.adecose.com\/en\/wp-json\/wp\/v2\/categories?post=14617"},{"taxonomy":"post_tag","embeddable":true,"href":"https:\/\/www.adecose.com\/en\/wp-json\/wp\/v2\/tags?post=14617"}],"curies":[{"name":"wp","href":"https:\/\/api.w.org\/{rel}","templated":true}]}}