{"id":13461,"date":"2022-12-16T13:58:20","date_gmt":"2022-12-16T12:58:20","guid":{"rendered":"https:\/\/www.adecose.com\/?p=13461"},"modified":"2022-12-22T13:59:23","modified_gmt":"2022-12-22T12:59:23","slug":"wtw-reune-a-autoridades-y-gran-parte-del-tejido-empresarial-de-murcia-en-la-inauguracion-de-su-nueva-sede-en-la-region","status":"publish","type":"post","link":"https:\/\/www.adecose.com\/en\/wtw-reune-a-autoridades-y-gran-parte-del-tejido-empresarial-de-murcia-en-la-inauguracion-de-su-nueva-sede-en-la-region\/","title":{"rendered":"WTW re\u00fane a autoridades y gran parte del tejido empresarial de Murcia en la inauguraci\u00f3n de su nueva sede en la regi\u00f3n"},"content":{"rendered":"[vc_row type=&#8221;in_container&#8221; full_screen_row_position=&#8221;middle&#8221; column_margin=&#8221;default&#8221; column_direction=&#8221;default&#8221; column_direction_tablet=&#8221;default&#8221; column_direction_phone=&#8221;default&#8221; scene_position=&#8221;center&#8221; text_color=&#8221;dark&#8221; text_align=&#8221;left&#8221; row_border_radius=&#8221;none&#8221; row_border_radius_applies=&#8221;bg&#8221; overflow=&#8221;visible&#8221; overlay_strength=&#8221;0.3&#8243; gradient_direction=&#8221;left_to_right&#8221; shape_divider_position=&#8221;bottom&#8221; bg_image_animation=&#8221;none&#8221;][vc_column column_padding=&#8221;no-extra-padding&#8221; column_padding_tablet=&#8221;inherit&#8221; column_padding_phone=&#8221;inherit&#8221; column_padding_position=&#8221;all&#8221; column_element_direction_desktop=&#8221;default&#8221; column_element_spacing=&#8221;default&#8221; desktop_text_alignment=&#8221;default&#8221; tablet_text_alignment=&#8221;default&#8221; phone_text_alignment=&#8221;default&#8221; background_color_opacity=&#8221;1&#8243; background_hover_color_opacity=&#8221;1&#8243; column_backdrop_filter=&#8221;none&#8221; column_shadow=&#8221;none&#8221; column_border_radius=&#8221;none&#8221; column_link_target=&#8221;_self&#8221; column_position=&#8221;default&#8221; gradient_direction=&#8221;left_to_right&#8221; overlay_strength=&#8221;0.3&#8243; width=&#8221;1\/1&#8243; tablet_width_inherit=&#8221;default&#8221; animation_type=&#8221;default&#8221; bg_image_animation=&#8221;none&#8221; border_type=&#8221;simple&#8221; column_border_width=&#8221;none&#8221; column_border_style=&#8221;solid&#8221;][vc_column_text]\n<ul>\n<li><strong>La Consejera de Empresa, Empleo, Universidades y Portavoc\u00eda de la Regi\u00f3n de Murcia, y el Director del Instituto de Fomento de la Regi\u00f3n de Murcia han acompa\u00f1ado a WTW en esta ocasi\u00f3n tan especial <\/strong><\/li>\n<\/ul>\n<p><strong>\u00a0<\/strong><\/p>\n<p>WTW (antes Willis Towers Watson) ha reunido a m\u00e1s de 100 invitados en la puesta de largo de sus reci\u00e9n estrenadas oficinas en el emblem\u00e1tico edificio JC1 de Murcia, creando un importante foro de encuentro para una nutrida representaci\u00f3n del tejido empresarial de la regi\u00f3n entre clientes, aseguradoras, colaboradores y otras entidades. WTW ha contado adem\u00e1s para esta ocasi\u00f3n tan especial con la presencia de la Consejera de Empresa, Empleo, Universidades y Portavoc\u00eda de la Regi\u00f3n de Murcia, Mar\u00eda del Valle Migu\u00e9lez, y del Director del Instituto de Fomento de la Regi\u00f3n de Murcia, Joaqu\u00edn G\u00f3mez.<\/p>\n<p>La asistencia <strong>de Iv\u00e1n Sainz de la Mora, m\u00e1ximo responsable de WTW en Espa\u00f1a<\/strong> al evento oficial de inauguraci\u00f3n, ha sido una clara muestra del compromiso de la compa\u00f1\u00eda para con su proyecto en Murcia, una regi\u00f3n en la que, como afirma el directivo, \u201c<em>WTW tiene un futuro cada vez m\u00e1s emocionante y prometedor. Y para ello contamos con un equipo magn\u00edfico, con una vocaci\u00f3n de servicio inigualable y capaz de hacer llegar todas las capacidades del grupo internacional a los clientes de la regi\u00f3n de Murcia. Estamos orgullosos de mejorar y reforzar nuestra oficina aqu\u00ed, con unas instalaciones fant\u00e1sticas, el mejor talento y los mejores profesionales<\/em>\u201d.<\/p>\n<p>Por su parte <strong>Ricardo Tejera, director de la oficina de WTW en Murcia, <\/strong>ha destacado: \u201c<em>Tras unos duros momentos de mercado, marcados por la pandemia y movimientos corporativos globales de la compa\u00f1\u00eda, WTW entra en una nueva etapa en la que Murcia tiene un papel fundamental. Es momento de reafirmar en el mercado los valores de esta casa, que ha sido redefinida pensando en proporcionar un servicio integral en materia de gesti\u00f3n de personas, riesgos y capital, con equipos s\u00faper especializados para hacer lo que siempre hemos hecho:<\/em> <em>que nuestros clientes tengan sus contratos con las mejores coberturas, la mejor compa\u00f1\u00eda y el mejor precio en todo momento, desde el rigor, la solvencia, la profesionalidad y con el apoyo de nuestra red internacional con presencia en todo el mundo<\/em>\u201d.<\/p>\n<p>Con la inauguraci\u00f3n oficial de la nueva oficina en Murcia, la compa\u00f1\u00eda da un paso m\u00e1s en su compromiso de conformar una red de sedes que se conviertan en un referente para el mercado, para los clientes y para los propios empleados de WTW, tanto los locales, como los de otras geograf\u00edas que se desplacen de forma puntual. El evento inaugural ha permitido adem\u00e1s a los presentes disfrutar de una ponencia magistral sobre \u201cGesti\u00f3n del miedo\u201d del TEDAX y coach para ejecutivos Julio de la Iglesia, as\u00ed como compartir un \u201cvino espa\u00f1ol\u201d al final del evento corporativo para estrechar relaciones en un ambiente distendido.<\/p>\n<p>WTW contin\u00faa su camino hacia delante con unas capacidades \u00fanicas, diferenciales y con demostrada resiliencia. Contando con un equipo fuerte, cohesionado y muy s\u00f3lido, y siempre al lado de sus clientes.[\/vc_column_text][\/vc_column][\/vc_row][vc_row type=&#8221;in_container&#8221; full_screen_row_position=&#8221;middle&#8221; column_margin=&#8221;default&#8221; column_direction=&#8221;default&#8221; column_direction_tablet=&#8221;default&#8221; column_direction_phone=&#8221;default&#8221; scene_position=&#8221;center&#8221; text_color=&#8221;dark&#8221; text_align=&#8221;left&#8221; row_border_radius=&#8221;none&#8221; row_border_radius_applies=&#8221;bg&#8221; overflow=&#8221;visible&#8221; overlay_strength=&#8221;0.3&#8243; gradient_direction=&#8221;left_to_right&#8221; shape_divider_position=&#8221;bottom&#8221; bg_image_animation=&#8221;none&#8221;][vc_column column_padding=&#8221;no-extra-padding&#8221; column_padding_tablet=&#8221;inherit&#8221; column_padding_phone=&#8221;inherit&#8221; column_padding_position=&#8221;all&#8221; column_element_direction_desktop=&#8221;default&#8221; column_element_spacing=&#8221;default&#8221; desktop_text_alignment=&#8221;default&#8221; tablet_text_alignment=&#8221;default&#8221; phone_text_alignment=&#8221;default&#8221; background_color_opacity=&#8221;1&#8243; background_hover_color_opacity=&#8221;1&#8243; column_backdrop_filter=&#8221;none&#8221; column_shadow=&#8221;none&#8221; column_border_radius=&#8221;none&#8221; column_link_target=&#8221;_self&#8221; column_position=&#8221;default&#8221; gradient_direction=&#8221;left_to_right&#8221; overlay_strength=&#8221;0.3&#8243; width=&#8221;1\/1&#8243; tablet_width_inherit=&#8221;default&#8221; animation_type=&#8221;default&#8221; bg_image_animation=&#8221;none&#8221; border_type=&#8221;simple&#8221; column_border_width=&#8221;none&#8221; column_border_style=&#8221;solid&#8221;][testimonial_slider style=&#8221;default&#8221; star_rating_color=&#8221;accent-color&#8221;][testimonial star_rating=&#8221;none&#8221; title=&#8221;Testimonial&#8221; id=&#8221;1671713580277-7&#8243; tab_id=&#8221;1671713580278-8&#8243; name=&#8221;Iv\u00e1n Sainz de la Mora&#8221; subtitle=&#8221;M\u00e1ximo responsable de WTW en Espa\u00f1a&#8221; quote=&#8221;\u201cWTW tiene un futuro cada vez m\u00e1s emocionante y prometedor. Y para ello contamos con un equipo magn\u00edfico, con una vocaci\u00f3n de servicio inigualable y capaz de hacer llegar todas las capacidades del grupo internacional a los clientes de la regi\u00f3n de Murcia\u201d.&#8221;][testimonial star_rating=&#8221;none&#8221; title=&#8221;Testimonial&#8221; id=&#8221;1671713580289-3&#8243; tab_id=&#8221;1671713580290-0&#8243; name=&#8221;Ricardo Tejera&#8221; subtitle=&#8221;Director de la oficina de WTW en Murcia&#8221; quote=&#8221; \u201cTras unos duros momentos de mercado, marcados por la pandemia y movimientos corporativos globales de la compa\u00f1\u00eda, WTW entra en una nueva etapa en la que Murcia tiene un papel fundamental. Es momento de reafirmar en el mercado los valores de esta casa\u201d.&#8221;][\/testimonial_slider][\/vc_column][\/vc_row]\n","protected":false},"excerpt":{"rendered":"<p>[vc_row type=&#8221;in_container&#8221; full_screen_row_position=&#8221;middle&#8221; column_margin=&#8221;default&#8221; column_direction=&#8221;default&#8221; column_direction_tablet=&#8221;default&#8221; column_direction_phone=&#8221;default&#8221; scene_position=&#8221;center&#8221; text_color=&#8221;dark&#8221; text_align=&#8221;left&#8221; row_border_radius=&#8221;none&#8221; row_border_radius_applies=&#8221;bg&#8221; overflow=&#8221;visible&#8221; overlay_strength=&#8221;0.3&#8243; gradient_direction=&#8221;left_to_right&#8221; shape_divider_position=&#8221;bottom&#8221; bg_image_animation=&#8221;none&#8221;][vc_column column_padding=&#8221;no-extra-padding&#8221; column_padding_tablet=&#8221;inherit&#8221; column_padding_phone=&#8221;inherit&#8221; column_padding_position=&#8221;all&#8221; column_element_direction_desktop=&#8221;default&#8221; column_element_spacing=&#8221;default&#8221; desktop_text_alignment=&#8221;default&#8221; tablet_text_alignment=&#8221;default&#8221;&#8230;<\/p>\n","protected":false},"author":197,"featured_media":13462,"comment_status":"closed","ping_status":"closed","sticky":false,"template":"","format":"standard","meta":{"_acf_changed":false,"_price":"","_stock":"","_tribe_ticket_header":"","_tribe_default_ticket_provider":"","_tribe_ticket_capacity":"0","_ticket_start_date":"","_ticket_end_date":"","_tribe_ticket_show_description":"","_tribe_ticket_show_not_going":false,"_tribe_ticket_use_global_stock":"","_tribe_ticket_global_stock_level":"","_global_stock_mode":"","_global_stock_cap":"","_tribe_rsvp_for_event":"","_tribe_ticket_going_count":"","_tribe_ticket_not_going_count":"","_tribe_tickets_list":"[]","_tribe_ticket_has_attendee_info_fields":false,"footnotes":""},"categories":[339],"tags":[341,342],"class_list":["post-13461","post","type-post","status-publish","format-standard","has-post-thumbnail","category-espacio-correduriasadecose","tag-espacio-corredurias-adecose","tag-wtw"],"acf":[],"yoast_head":"<!-- This site is optimized with the Yoast SEO plugin v27.2 - https:\/\/yoast.com\/product\/yoast-seo-wordpress\/ -->\n<title>WTW re\u00fane a autoridades y gran parte del tejido empresarial de Murcia en la inauguraci\u00f3n de su nueva sede en la regi\u00f3n - ADECOSE<\/title>\n<meta name=\"robots\" content=\"index, follow, max-snippet:-1, max-image-preview:large, max-video-preview:-1\" \/>\n<link rel=\"canonical\" href=\"https:\/\/www.adecose.com\/wtw-reune-a-autoridades-y-gran-parte-del-tejido-empresarial-de-murcia-en-la-inauguracion-de-su-nueva-sede-en-la-region\/\" \/>\n<meta property=\"og:locale\" content=\"en_US\" \/>\n<meta property=\"og:type\" content=\"article\" \/>\n<meta property=\"og:title\" content=\"WTW re\u00fane a autoridades y gran parte del tejido empresarial de Murcia en la inauguraci\u00f3n de su nueva sede en la regi\u00f3n - ADECOSE\" \/>\n<meta property=\"og:description\" content=\"[vc_row type=&#8221;in_container&#8221; full_screen_row_position=&#8221;middle&#8221; column_margin=&#8221;default&#8221; column_direction=&#8221;default&#8221; column_direction_tablet=&#8221;default&#8221; column_direction_phone=&#8221;default&#8221; scene_position=&#8221;center&#8221; text_color=&#8221;dark&#8221; text_align=&#8221;left&#8221; row_border_radius=&#8221;none&#8221; row_border_radius_applies=&#8221;bg&#8221; overflow=&#8221;visible&#8221; overlay_strength=&#8221;0.3&#8243; gradient_direction=&#8221;left_to_right&#8221; shape_divider_position=&#8221;bottom&#8221; bg_image_animation=&#8221;none&#8221;][vc_column column_padding=&#8221;no-extra-padding&#8221; column_padding_tablet=&#8221;inherit&#8221; column_padding_phone=&#8221;inherit&#8221; column_padding_position=&#8221;all&#8221; column_element_direction_desktop=&#8221;default&#8221; column_element_spacing=&#8221;default&#8221; desktop_text_alignment=&#8221;default&#8221; tablet_text_alignment=&#8221;default&#8221;...\" \/>\n<meta property=\"og:url\" content=\"https:\/\/www.adecose.com\/wtw-reune-a-autoridades-y-gran-parte-del-tejido-empresarial-de-murcia-en-la-inauguracion-de-su-nueva-sede-en-la-region\/\" \/>\n<meta property=\"og:site_name\" content=\"ADECOSE\" \/>\n<meta property=\"article:published_time\" content=\"2022-12-16T12:58:20+00:00\" \/>\n<meta property=\"article:modified_time\" content=\"2022-12-22T12:59:23+00:00\" \/>\n<meta property=\"og:image\" content=\"https:\/\/www.adecose.com\/wp-content\/uploads\/2022\/12\/Captura-de-Pantalla-2022-12-22-a-las-13.57.07.png\" \/>\n\t<meta property=\"og:image:width\" content=\"702\" \/>\n\t<meta property=\"og:image:height\" content=\"376\" \/>\n\t<meta property=\"og:image:type\" content=\"image\/png\" \/>\n<meta name=\"author\" content=\"Comunicaci\u00f3n ADECOSE\" \/>\n<meta name=\"twitter:card\" content=\"summary_large_image\" \/>\n<meta name=\"twitter:label1\" content=\"Written by\" \/>\n\t<meta name=\"twitter:data1\" content=\"Comunicaci\u00f3n ADECOSE\" \/>\n\t<meta name=\"twitter:label2\" content=\"Est. reading time\" \/>\n\t<meta name=\"twitter:data2\" content=\"4 minutes\" \/>\n<script type=\"application\/ld+json\" class=\"yoast-schema-graph\">{\"@context\":\"https:\/\/schema.org\",\"@graph\":[{\"@type\":\"Article\",\"@id\":\"https:\/\/www.adecose.com\/wtw-reune-a-autoridades-y-gran-parte-del-tejido-empresarial-de-murcia-en-la-inauguracion-de-su-nueva-sede-en-la-region\/#article\",\"isPartOf\":{\"@id\":\"https:\/\/www.adecose.com\/wtw-reune-a-autoridades-y-gran-parte-del-tejido-empresarial-de-murcia-en-la-inauguracion-de-su-nueva-sede-en-la-region\/\"},\"author\":{\"name\":\"Comunicaci\u00f3n ADECOSE\",\"@id\":\"https:\/\/www.adecose.com\/gl\/#\/schema\/person\/ff086ce55f6379e1d225a2c0dca5eeb6\"},\"headline\":\"WTW re\u00fane a autoridades y gran parte del tejido empresarial de Murcia en la inauguraci\u00f3n de su nueva sede en la regi\u00f3n\",\"datePublished\":\"2022-12-16T12:58:20+00:00\",\"dateModified\":\"2022-12-22T12:59:23+00:00\",\"mainEntityOfPage\":{\"@id\":\"https:\/\/www.adecose.com\/wtw-reune-a-autoridades-y-gran-parte-del-tejido-empresarial-de-murcia-en-la-inauguracion-de-su-nueva-sede-en-la-region\/\"},\"wordCount\":1039,\"publisher\":{\"@id\":\"https:\/\/www.adecose.com\/gl\/#organization\"},\"image\":{\"@id\":\"https:\/\/www.adecose.com\/wtw-reune-a-autoridades-y-gran-parte-del-tejido-empresarial-de-murcia-en-la-inauguracion-de-su-nueva-sede-en-la-region\/#primaryimage\"},\"thumbnailUrl\":\"https:\/\/www.adecose.com\/wp-content\/uploads\/2022\/12\/Captura-de-Pantalla-2022-12-22-a-las-13.57.07.png\",\"keywords\":[\"Espacio Corredur\u00edas ADECOSE\",\"WTW\"],\"articleSection\":[\"Espacio #Corredur\u00edasADECOSE\"],\"inLanguage\":\"en-US\"},{\"@type\":\"WebPage\",\"@id\":\"https:\/\/www.adecose.com\/wtw-reune-a-autoridades-y-gran-parte-del-tejido-empresarial-de-murcia-en-la-inauguracion-de-su-nueva-sede-en-la-region\/\",\"url\":\"https:\/\/www.adecose.com\/wtw-reune-a-autoridades-y-gran-parte-del-tejido-empresarial-de-murcia-en-la-inauguracion-de-su-nueva-sede-en-la-region\/\",\"name\":\"WTW re\u00fane a autoridades y gran parte del tejido empresarial de Murcia en la inauguraci\u00f3n de su nueva sede en la regi\u00f3n - ADECOSE\",\"isPartOf\":{\"@id\":\"https:\/\/www.adecose.com\/gl\/#website\"},\"primaryImageOfPage\":{\"@id\":\"https:\/\/www.adecose.com\/wtw-reune-a-autoridades-y-gran-parte-del-tejido-empresarial-de-murcia-en-la-inauguracion-de-su-nueva-sede-en-la-region\/#primaryimage\"},\"image\":{\"@id\":\"https:\/\/www.adecose.com\/wtw-reune-a-autoridades-y-gran-parte-del-tejido-empresarial-de-murcia-en-la-inauguracion-de-su-nueva-sede-en-la-region\/#primaryimage\"},\"thumbnailUrl\":\"https:\/\/www.adecose.com\/wp-content\/uploads\/2022\/12\/Captura-de-Pantalla-2022-12-22-a-las-13.57.07.png\",\"datePublished\":\"2022-12-16T12:58:20+00:00\",\"dateModified\":\"2022-12-22T12:59:23+00:00\",\"breadcrumb\":{\"@id\":\"https:\/\/www.adecose.com\/wtw-reune-a-autoridades-y-gran-parte-del-tejido-empresarial-de-murcia-en-la-inauguracion-de-su-nueva-sede-en-la-region\/#breadcrumb\"},\"inLanguage\":\"en-US\",\"potentialAction\":[{\"@type\":\"ReadAction\",\"target\":[\"https:\/\/www.adecose.com\/wtw-reune-a-autoridades-y-gran-parte-del-tejido-empresarial-de-murcia-en-la-inauguracion-de-su-nueva-sede-en-la-region\/\"]}]},{\"@type\":\"ImageObject\",\"inLanguage\":\"en-US\",\"@id\":\"https:\/\/www.adecose.com\/wtw-reune-a-autoridades-y-gran-parte-del-tejido-empresarial-de-murcia-en-la-inauguracion-de-su-nueva-sede-en-la-region\/#primaryimage\",\"url\":\"https:\/\/www.adecose.com\/wp-content\/uploads\/2022\/12\/Captura-de-Pantalla-2022-12-22-a-las-13.57.07.png\",\"contentUrl\":\"https:\/\/www.adecose.com\/wp-content\/uploads\/2022\/12\/Captura-de-Pantalla-2022-12-22-a-las-13.57.07.png\",\"width\":702,\"height\":376},{\"@type\":\"BreadcrumbList\",\"@id\":\"https:\/\/www.adecose.com\/wtw-reune-a-autoridades-y-gran-parte-del-tejido-empresarial-de-murcia-en-la-inauguracion-de-su-nueva-sede-en-la-region\/#breadcrumb\",\"itemListElement\":[{\"@type\":\"ListItem\",\"position\":1,\"name\":\"Portada\",\"item\":\"https:\/\/www.adecose.com\/en\/\"},{\"@type\":\"ListItem\",\"position\":2,\"name\":\"WTW re\u00fane a autoridades y gran parte del tejido empresarial de Murcia en la inauguraci\u00f3n de su nueva sede en la regi\u00f3n\"}]},{\"@type\":\"WebSite\",\"@id\":\"https:\/\/www.adecose.com\/gl\/#website\",\"url\":\"https:\/\/www.adecose.com\/gl\/\",\"name\":\"ADECOSE\",\"description\":\"Spanish Association of Insurance and Reinsurance Brokers\",\"publisher\":{\"@id\":\"https:\/\/www.adecose.com\/gl\/#organization\"},\"potentialAction\":[{\"@type\":\"SearchAction\",\"target\":{\"@type\":\"EntryPoint\",\"urlTemplate\":\"https:\/\/www.adecose.com\/gl\/?s={search_term_string}\"},\"query-input\":{\"@type\":\"PropertyValueSpecification\",\"valueRequired\":true,\"valueName\":\"search_term_string\"}}],\"inLanguage\":\"en-US\"},{\"@type\":\"Organization\",\"@id\":\"https:\/\/www.adecose.com\/gl\/#organization\",\"name\":\"ADECOSE\",\"url\":\"https:\/\/www.adecose.com\/gl\/\",\"logo\":{\"@type\":\"ImageObject\",\"inLanguage\":\"en-US\",\"@id\":\"https:\/\/www.adecose.com\/gl\/#\/schema\/logo\/image\/\",\"url\":\"https:\/\/www.adecose.com\/wp-content\/uploads\/2020\/07\/favicon.png\",\"contentUrl\":\"https:\/\/www.adecose.com\/wp-content\/uploads\/2020\/07\/favicon.png\",\"width\":512,\"height\":512,\"caption\":\"ADECOSE\"},\"image\":{\"@id\":\"https:\/\/www.adecose.com\/gl\/#\/schema\/logo\/image\/\"}},{\"@type\":\"Person\",\"@id\":\"https:\/\/www.adecose.com\/gl\/#\/schema\/person\/ff086ce55f6379e1d225a2c0dca5eeb6\",\"name\":\"Comunicaci\u00f3n ADECOSE\",\"image\":{\"@type\":\"ImageObject\",\"inLanguage\":\"en-US\",\"@id\":\"https:\/\/secure.gravatar.com\/avatar\/01cd1f9571997441bf1da6d1cc147351305f03fe8f2acf1ebbec60ebb26924ce?s=96&d=mm&r=g\",\"url\":\"https:\/\/secure.gravatar.com\/avatar\/01cd1f9571997441bf1da6d1cc147351305f03fe8f2acf1ebbec60ebb26924ce?s=96&d=mm&r=g\",\"contentUrl\":\"https:\/\/secure.gravatar.com\/avatar\/01cd1f9571997441bf1da6d1cc147351305f03fe8f2acf1ebbec60ebb26924ce?s=96&d=mm&r=g\",\"caption\":\"Comunicaci\u00f3n ADECOSE\"}}]}<\/script>\n<!-- \/ Yoast SEO plugin. -->","yoast_head_json":{"title":"WTW re\u00fane a autoridades y gran parte del tejido empresarial de Murcia en la inauguraci\u00f3n de su nueva sede en la regi\u00f3n - ADECOSE","robots":{"index":"index","follow":"follow","max-snippet":"max-snippet:-1","max-image-preview":"max-image-preview:large","max-video-preview":"max-video-preview:-1"},"canonical":"https:\/\/www.adecose.com\/wtw-reune-a-autoridades-y-gran-parte-del-tejido-empresarial-de-murcia-en-la-inauguracion-de-su-nueva-sede-en-la-region\/","og_locale":"en_US","og_type":"article","og_title":"WTW re\u00fane a autoridades y gran parte del tejido empresarial de Murcia en la inauguraci\u00f3n de su nueva sede en la regi\u00f3n - ADECOSE","og_description":"[vc_row type=&#8221;in_container&#8221; full_screen_row_position=&#8221;middle&#8221; column_margin=&#8221;default&#8221; column_direction=&#8221;default&#8221; column_direction_tablet=&#8221;default&#8221; column_direction_phone=&#8221;default&#8221; scene_position=&#8221;center&#8221; text_color=&#8221;dark&#8221; text_align=&#8221;left&#8221; row_border_radius=&#8221;none&#8221; row_border_radius_applies=&#8221;bg&#8221; overflow=&#8221;visible&#8221; overlay_strength=&#8221;0.3&#8243; gradient_direction=&#8221;left_to_right&#8221; shape_divider_position=&#8221;bottom&#8221; bg_image_animation=&#8221;none&#8221;][vc_column column_padding=&#8221;no-extra-padding&#8221; column_padding_tablet=&#8221;inherit&#8221; column_padding_phone=&#8221;inherit&#8221; column_padding_position=&#8221;all&#8221; column_element_direction_desktop=&#8221;default&#8221; column_element_spacing=&#8221;default&#8221; desktop_text_alignment=&#8221;default&#8221; tablet_text_alignment=&#8221;default&#8221;...","og_url":"https:\/\/www.adecose.com\/wtw-reune-a-autoridades-y-gran-parte-del-tejido-empresarial-de-murcia-en-la-inauguracion-de-su-nueva-sede-en-la-region\/","og_site_name":"ADECOSE","article_published_time":"2022-12-16T12:58:20+00:00","article_modified_time":"2022-12-22T12:59:23+00:00","og_image":[{"width":702,"height":376,"url":"https:\/\/www.adecose.com\/wp-content\/uploads\/2022\/12\/Captura-de-Pantalla-2022-12-22-a-las-13.57.07.png","type":"image\/png"}],"author":"Comunicaci\u00f3n ADECOSE","twitter_card":"summary_large_image","twitter_misc":{"Written by":"Comunicaci\u00f3n ADECOSE","Est. reading time":"4 minutes"},"schema":{"@context":"https:\/\/schema.org","@graph":[{"@type":"Article","@id":"https:\/\/www.adecose.com\/wtw-reune-a-autoridades-y-gran-parte-del-tejido-empresarial-de-murcia-en-la-inauguracion-de-su-nueva-sede-en-la-region\/#article","isPartOf":{"@id":"https:\/\/www.adecose.com\/wtw-reune-a-autoridades-y-gran-parte-del-tejido-empresarial-de-murcia-en-la-inauguracion-de-su-nueva-sede-en-la-region\/"},"author":{"name":"Comunicaci\u00f3n ADECOSE","@id":"https:\/\/www.adecose.com\/gl\/#\/schema\/person\/ff086ce55f6379e1d225a2c0dca5eeb6"},"headline":"WTW re\u00fane a autoridades y gran parte del tejido empresarial de Murcia en la inauguraci\u00f3n de su nueva sede en la regi\u00f3n","datePublished":"2022-12-16T12:58:20+00:00","dateModified":"2022-12-22T12:59:23+00:00","mainEntityOfPage":{"@id":"https:\/\/www.adecose.com\/wtw-reune-a-autoridades-y-gran-parte-del-tejido-empresarial-de-murcia-en-la-inauguracion-de-su-nueva-sede-en-la-region\/"},"wordCount":1039,"publisher":{"@id":"https:\/\/www.adecose.com\/gl\/#organization"},"image":{"@id":"https:\/\/www.adecose.com\/wtw-reune-a-autoridades-y-gran-parte-del-tejido-empresarial-de-murcia-en-la-inauguracion-de-su-nueva-sede-en-la-region\/#primaryimage"},"thumbnailUrl":"https:\/\/www.adecose.com\/wp-content\/uploads\/2022\/12\/Captura-de-Pantalla-2022-12-22-a-las-13.57.07.png","keywords":["Espacio Corredur\u00edas ADECOSE","WTW"],"articleSection":["Espacio #Corredur\u00edasADECOSE"],"inLanguage":"en-US"},{"@type":"WebPage","@id":"https:\/\/www.adecose.com\/wtw-reune-a-autoridades-y-gran-parte-del-tejido-empresarial-de-murcia-en-la-inauguracion-de-su-nueva-sede-en-la-region\/","url":"https:\/\/www.adecose.com\/wtw-reune-a-autoridades-y-gran-parte-del-tejido-empresarial-de-murcia-en-la-inauguracion-de-su-nueva-sede-en-la-region\/","name":"WTW re\u00fane a autoridades y gran parte del tejido empresarial de Murcia en la inauguraci\u00f3n de su nueva sede en la regi\u00f3n - ADECOSE","isPartOf":{"@id":"https:\/\/www.adecose.com\/gl\/#website"},"primaryImageOfPage":{"@id":"https:\/\/www.adecose.com\/wtw-reune-a-autoridades-y-gran-parte-del-tejido-empresarial-de-murcia-en-la-inauguracion-de-su-nueva-sede-en-la-region\/#primaryimage"},"image":{"@id":"https:\/\/www.adecose.com\/wtw-reune-a-autoridades-y-gran-parte-del-tejido-empresarial-de-murcia-en-la-inauguracion-de-su-nueva-sede-en-la-region\/#primaryimage"},"thumbnailUrl":"https:\/\/www.adecose.com\/wp-content\/uploads\/2022\/12\/Captura-de-Pantalla-2022-12-22-a-las-13.57.07.png","datePublished":"2022-12-16T12:58:20+00:00","dateModified":"2022-12-22T12:59:23+00:00","breadcrumb":{"@id":"https:\/\/www.adecose.com\/wtw-reune-a-autoridades-y-gran-parte-del-tejido-empresarial-de-murcia-en-la-inauguracion-de-su-nueva-sede-en-la-region\/#breadcrumb"},"inLanguage":"en-US","potentialAction":[{"@type":"ReadAction","target":["https:\/\/www.adecose.com\/wtw-reune-a-autoridades-y-gran-parte-del-tejido-empresarial-de-murcia-en-la-inauguracion-de-su-nueva-sede-en-la-region\/"]}]},{"@type":"ImageObject","inLanguage":"en-US","@id":"https:\/\/www.adecose.com\/wtw-reune-a-autoridades-y-gran-parte-del-tejido-empresarial-de-murcia-en-la-inauguracion-de-su-nueva-sede-en-la-region\/#primaryimage","url":"https:\/\/www.adecose.com\/wp-content\/uploads\/2022\/12\/Captura-de-Pantalla-2022-12-22-a-las-13.57.07.png","contentUrl":"https:\/\/www.adecose.com\/wp-content\/uploads\/2022\/12\/Captura-de-Pantalla-2022-12-22-a-las-13.57.07.png","width":702,"height":376},{"@type":"BreadcrumbList","@id":"https:\/\/www.adecose.com\/wtw-reune-a-autoridades-y-gran-parte-del-tejido-empresarial-de-murcia-en-la-inauguracion-de-su-nueva-sede-en-la-region\/#breadcrumb","itemListElement":[{"@type":"ListItem","position":1,"name":"Portada","item":"https:\/\/www.adecose.com\/en\/"},{"@type":"ListItem","position":2,"name":"WTW re\u00fane a autoridades y gran parte del tejido empresarial de Murcia en la inauguraci\u00f3n de su nueva sede en la regi\u00f3n"}]},{"@type":"WebSite","@id":"https:\/\/www.adecose.com\/gl\/#website","url":"https:\/\/www.adecose.com\/gl\/","name":"ADECOSE","description":"Spanish Association of Insurance and Reinsurance Brokers","publisher":{"@id":"https:\/\/www.adecose.com\/gl\/#organization"},"potentialAction":[{"@type":"SearchAction","target":{"@type":"EntryPoint","urlTemplate":"https:\/\/www.adecose.com\/gl\/?s={search_term_string}"},"query-input":{"@type":"PropertyValueSpecification","valueRequired":true,"valueName":"search_term_string"}}],"inLanguage":"en-US"},{"@type":"Organization","@id":"https:\/\/www.adecose.com\/gl\/#organization","name":"ADECOSE","url":"https:\/\/www.adecose.com\/gl\/","logo":{"@type":"ImageObject","inLanguage":"en-US","@id":"https:\/\/www.adecose.com\/gl\/#\/schema\/logo\/image\/","url":"https:\/\/www.adecose.com\/wp-content\/uploads\/2020\/07\/favicon.png","contentUrl":"https:\/\/www.adecose.com\/wp-content\/uploads\/2020\/07\/favicon.png","width":512,"height":512,"caption":"ADECOSE"},"image":{"@id":"https:\/\/www.adecose.com\/gl\/#\/schema\/logo\/image\/"}},{"@type":"Person","@id":"https:\/\/www.adecose.com\/gl\/#\/schema\/person\/ff086ce55f6379e1d225a2c0dca5eeb6","name":"Comunicaci\u00f3n ADECOSE","image":{"@type":"ImageObject","inLanguage":"en-US","@id":"https:\/\/secure.gravatar.com\/avatar\/01cd1f9571997441bf1da6d1cc147351305f03fe8f2acf1ebbec60ebb26924ce?s=96&d=mm&r=g","url":"https:\/\/secure.gravatar.com\/avatar\/01cd1f9571997441bf1da6d1cc147351305f03fe8f2acf1ebbec60ebb26924ce?s=96&d=mm&r=g","contentUrl":"https:\/\/secure.gravatar.com\/avatar\/01cd1f9571997441bf1da6d1cc147351305f03fe8f2acf1ebbec60ebb26924ce?s=96&d=mm&r=g","caption":"Comunicaci\u00f3n ADECOSE"}}]}},"_links":{"self":[{"href":"https:\/\/www.adecose.com\/en\/wp-json\/wp\/v2\/posts\/13461","targetHints":{"allow":["GET"]}}],"collection":[{"href":"https:\/\/www.adecose.com\/en\/wp-json\/wp\/v2\/posts"}],"about":[{"href":"https:\/\/www.adecose.com\/en\/wp-json\/wp\/v2\/types\/post"}],"author":[{"embeddable":true,"href":"https:\/\/www.adecose.com\/en\/wp-json\/wp\/v2\/users\/197"}],"replies":[{"embeddable":true,"href":"https:\/\/www.adecose.com\/en\/wp-json\/wp\/v2\/comments?post=13461"}],"version-history":[{"count":0,"href":"https:\/\/www.adecose.com\/en\/wp-json\/wp\/v2\/posts\/13461\/revisions"}],"wp:featuredmedia":[{"embeddable":true,"href":"https:\/\/www.adecose.com\/en\/wp-json\/wp\/v2\/media\/13462"}],"wp:attachment":[{"href":"https:\/\/www.adecose.com\/en\/wp-json\/wp\/v2\/media?parent=13461"}],"wp:term":[{"taxonomy":"category","embeddable":true,"href":"https:\/\/www.adecose.com\/en\/wp-json\/wp\/v2\/categories?post=13461"},{"taxonomy":"post_tag","embeddable":true,"href":"https:\/\/www.adecose.com\/en\/wp-json\/wp\/v2\/tags?post=13461"}],"curies":[{"name":"wp","href":"https:\/\/api.w.org\/{rel}","templated":true}]}}