{"id":12405,"date":"2022-04-25T10:10:05","date_gmt":"2022-04-25T08:10:05","guid":{"rendered":"https:\/\/www.adecose.com\/?p=12405"},"modified":"2022-04-26T09:28:48","modified_gmt":"2022-04-26T07:28:48","slug":"adecose-presenta-observaciones-a-la-consulta-publica-de-la-normativa-de-responsabilidad-civil-y-seguro-en-la-circulacion-de-vehiculos-a-motor","status":"publish","type":"post","link":"https:\/\/www.adecose.com\/en\/adecose-presenta-observaciones-a-la-consulta-publica-de-la-normativa-de-responsabilidad-civil-y-seguro-en-la-circulacion-de-vehiculos-a-motor\/","title":{"rendered":"ADECOSE presenta observaciones a la Consulta P\u00fablica de la normativa de responsabilidad civil y seguro en la circulaci\u00f3n de veh\u00edculos a motor"},"content":{"rendered":"<ul>\n<li><em>A<strong>DECOSE ha presentado observaciones a la Consulta P\u00fablica previa del Ministerio de Asuntos Econ\u00f3micos y Transformaci\u00f3n Digital y el Ministerio de Justicia al Proyecto por el que se modifica la normativa legal y reglamentaria relativa a la responsabilidad civil y seguro en la circulaci\u00f3n de veh\u00edculos a motor.<\/strong><\/em><strong><em>\u00a0<\/em><\/strong><\/li>\n<\/ul>\n<ul>\n<li><strong><em>ADECOSE ha presentado un pormenorizado an\u00e1lisis para que la nueva normativa extienda la protecci\u00f3n de los perjudicados en aspectos claves que plantea la consulta.<\/em><\/strong><\/li>\n<\/ul>\n<p>ADECOSE ha presentado observaciones a la Consulta P\u00fablica de los Ministerios de Asuntos Econ\u00f3micos y Transformaci\u00f3n Digital y de Justicia, previa al Proyecto por el que se modifica la normativa legal y reglamentaria relativa a la responsabilidad civil y seguro en la circulaci\u00f3n de veh\u00edculos a motor.<\/p>\n<p>En sus propuestas, ADECOSE ha centrado sus comentarios en tres de los aspectos m\u00e1s relevantes de la consulta:<\/p>\n<ul>\n<li>Asegurar la protecci\u00f3n de los perjudicados en accidentes de tr\u00e1fico en los que est\u00e9 implicado un remolque arrastrado por un veh\u00edculo;<\/li>\n<li>Dar respuesta en materia de seguro a la realidad de los nuevos veh\u00edculos de movilidad personal;<\/li>\n<li>Y adecuar las funciones del Consorcio de Compensaci\u00f3n de Seguros al nuevo marco legal en relaci\u00f3n con los veh\u00edculos de movilidad personal, as\u00ed como en los casos de insolvencia de compa\u00f1\u00edas de la responsabilidad civil obligatoria de autom\u00f3viles cuando son de nacionalidad extranjera y operan en Espa\u00f1a en r\u00e9gimen de establecimiento o de libre prestaci\u00f3n de servicios.<\/li>\n<\/ul>\n<p>Para justificar su posicionamiento en estas observaciones, <strong>ADECOSE ha presentado un pormenorizado an\u00e1lisis<\/strong> para que la nueva normativa extienda la protecci\u00f3n de los perjudicados, tanto para los accidentes en los que est\u00e9 implicado un remolque arrastrado por un veh\u00edculo, como para los ocasionados por veh\u00edculos de movilidad personal, as\u00ed como para que se extienda la cobertura del Consorcio de Compensaci\u00f3n de Seguros en los supuestos que plantea la Consulta.<\/p>\n<p>ADECOSE conf\u00eda en que el texto que surja de la Consulta recoja las peticiones de la Asociaci\u00f3n, para lo cual seguir\u00e1 muy de cerca esta iniciativa.<\/p>\n","protected":false},"excerpt":{"rendered":"<p>ADECOSE ha presentado observaciones a la Consulta P\u00fablica previa del Ministerio de Asuntos Econ\u00f3micos y Transformaci\u00f3n Digital y el Ministerio de Justicia al Proyecto por&#8230;<\/p>\n","protected":false},"author":197,"featured_media":12406,"comment_status":"closed","ping_status":"closed","sticky":false,"template":"","format":"standard","meta":{"_acf_changed":false,"_price":"","_stock":"","_tribe_ticket_header":"","_tribe_default_ticket_provider":"","_tribe_ticket_capacity":"0","_ticket_start_date":"","_ticket_end_date":"","_tribe_ticket_show_description":"","_tribe_ticket_show_not_going":false,"_tribe_ticket_use_global_stock":"","_tribe_ticket_global_stock_level":"","_global_stock_mode":"","_global_stock_cap":"","_tribe_rsvp_for_event":"","_tribe_ticket_going_count":"","_tribe_ticket_not_going_count":"","_tribe_tickets_list":"[]","_tribe_ticket_has_attendee_info_fields":false,"footnotes":""},"categories":[2],"tags":[326,327],"class_list":["post-12405","post","type-post","status-publish","format-standard","has-post-thumbnail","category-noticias","tag-consulta-publica","tag-responsabilidad-civil"],"acf":[],"yoast_head":"<!-- This site is optimized with the Yoast SEO plugin v27.2 - https:\/\/yoast.com\/product\/yoast-seo-wordpress\/ -->\n<title>ADECOSE presenta observaciones a la Consulta P\u00fablica de la normativa de responsabilidad civil y seguro en la circulaci\u00f3n de veh\u00edculos a motor - ADECOSE<\/title>\n<meta name=\"robots\" content=\"index, follow, max-snippet:-1, max-image-preview:large, max-video-preview:-1\" \/>\n<link rel=\"canonical\" href=\"https:\/\/www.adecose.com\/adecose-presenta-observaciones-a-la-consulta-publica-de-la-normativa-de-responsabilidad-civil-y-seguro-en-la-circulacion-de-vehiculos-a-motor\/\" \/>\n<meta property=\"og:locale\" content=\"en_US\" \/>\n<meta property=\"og:type\" content=\"article\" \/>\n<meta property=\"og:title\" content=\"ADECOSE presenta observaciones a la Consulta P\u00fablica de la normativa de responsabilidad civil y seguro en la circulaci\u00f3n de veh\u00edculos a motor - ADECOSE\" \/>\n<meta property=\"og:description\" content=\"ADECOSE ha presentado observaciones a la Consulta P\u00fablica previa del Ministerio de Asuntos Econ\u00f3micos y Transformaci\u00f3n Digital y el Ministerio de Justicia al Proyecto por...\" \/>\n<meta property=\"og:url\" content=\"https:\/\/www.adecose.com\/adecose-presenta-observaciones-a-la-consulta-publica-de-la-normativa-de-responsabilidad-civil-y-seguro-en-la-circulacion-de-vehiculos-a-motor\/\" \/>\n<meta property=\"og:site_name\" content=\"ADECOSE\" \/>\n<meta property=\"article:published_time\" content=\"2022-04-25T08:10:05+00:00\" \/>\n<meta property=\"article:modified_time\" content=\"2022-04-26T07:28:48+00:00\" \/>\n<meta property=\"og:image\" content=\"https:\/\/www.adecose.com\/wp-content\/uploads\/2022\/04\/Captura-de-pantalla-2022-04-25-a-las-10.09.16.png\" \/>\n\t<meta property=\"og:image:width\" content=\"628\" \/>\n\t<meta property=\"og:image:height\" content=\"350\" \/>\n\t<meta property=\"og:image:type\" content=\"image\/png\" \/>\n<meta name=\"author\" content=\"Comunicaci\u00f3n ADECOSE\" \/>\n<meta name=\"twitter:card\" content=\"summary_large_image\" \/>\n<meta name=\"twitter:label1\" content=\"Written by\" \/>\n\t<meta name=\"twitter:data1\" content=\"Comunicaci\u00f3n ADECOSE\" \/>\n\t<meta name=\"twitter:label2\" content=\"Est. reading time\" \/>\n\t<meta name=\"twitter:data2\" content=\"2 minutes\" \/>\n<script type=\"application\/ld+json\" class=\"yoast-schema-graph\">{\"@context\":\"https:\/\/schema.org\",\"@graph\":[{\"@type\":\"Article\",\"@id\":\"https:\/\/www.adecose.com\/adecose-presenta-observaciones-a-la-consulta-publica-de-la-normativa-de-responsabilidad-civil-y-seguro-en-la-circulacion-de-vehiculos-a-motor\/#article\",\"isPartOf\":{\"@id\":\"https:\/\/www.adecose.com\/adecose-presenta-observaciones-a-la-consulta-publica-de-la-normativa-de-responsabilidad-civil-y-seguro-en-la-circulacion-de-vehiculos-a-motor\/\"},\"author\":{\"name\":\"Comunicaci\u00f3n ADECOSE\",\"@id\":\"https:\/\/www.adecose.com\/gl\/#\/schema\/person\/ff086ce55f6379e1d225a2c0dca5eeb6\"},\"headline\":\"ADECOSE presenta observaciones a la Consulta P\u00fablica de la normativa de responsabilidad civil y seguro en la circulaci\u00f3n de veh\u00edculos a motor\",\"datePublished\":\"2022-04-25T08:10:05+00:00\",\"dateModified\":\"2022-04-26T07:28:48+00:00\",\"mainEntityOfPage\":{\"@id\":\"https:\/\/www.adecose.com\/adecose-presenta-observaciones-a-la-consulta-publica-de-la-normativa-de-responsabilidad-civil-y-seguro-en-la-circulacion-de-vehiculos-a-motor\/\"},\"wordCount\":383,\"publisher\":{\"@id\":\"https:\/\/www.adecose.com\/gl\/#organization\"},\"image\":{\"@id\":\"https:\/\/www.adecose.com\/adecose-presenta-observaciones-a-la-consulta-publica-de-la-normativa-de-responsabilidad-civil-y-seguro-en-la-circulacion-de-vehiculos-a-motor\/#primaryimage\"},\"thumbnailUrl\":\"https:\/\/www.adecose.com\/wp-content\/uploads\/2022\/04\/Captura-de-pantalla-2022-04-25-a-las-10.09.16.png\",\"keywords\":[\"Consulta p\u00fablica\",\"Responsabilidad Civil\"],\"articleSection\":[\"Noticias\"],\"inLanguage\":\"en-US\"},{\"@type\":\"WebPage\",\"@id\":\"https:\/\/www.adecose.com\/adecose-presenta-observaciones-a-la-consulta-publica-de-la-normativa-de-responsabilidad-civil-y-seguro-en-la-circulacion-de-vehiculos-a-motor\/\",\"url\":\"https:\/\/www.adecose.com\/adecose-presenta-observaciones-a-la-consulta-publica-de-la-normativa-de-responsabilidad-civil-y-seguro-en-la-circulacion-de-vehiculos-a-motor\/\",\"name\":\"ADECOSE presenta observaciones a la Consulta P\u00fablica de la normativa de responsabilidad civil y seguro en la circulaci\u00f3n de veh\u00edculos a motor - ADECOSE\",\"isPartOf\":{\"@id\":\"https:\/\/www.adecose.com\/gl\/#website\"},\"primaryImageOfPage\":{\"@id\":\"https:\/\/www.adecose.com\/adecose-presenta-observaciones-a-la-consulta-publica-de-la-normativa-de-responsabilidad-civil-y-seguro-en-la-circulacion-de-vehiculos-a-motor\/#primaryimage\"},\"image\":{\"@id\":\"https:\/\/www.adecose.com\/adecose-presenta-observaciones-a-la-consulta-publica-de-la-normativa-de-responsabilidad-civil-y-seguro-en-la-circulacion-de-vehiculos-a-motor\/#primaryimage\"},\"thumbnailUrl\":\"https:\/\/www.adecose.com\/wp-content\/uploads\/2022\/04\/Captura-de-pantalla-2022-04-25-a-las-10.09.16.png\",\"datePublished\":\"2022-04-25T08:10:05+00:00\",\"dateModified\":\"2022-04-26T07:28:48+00:00\",\"breadcrumb\":{\"@id\":\"https:\/\/www.adecose.com\/adecose-presenta-observaciones-a-la-consulta-publica-de-la-normativa-de-responsabilidad-civil-y-seguro-en-la-circulacion-de-vehiculos-a-motor\/#breadcrumb\"},\"inLanguage\":\"en-US\",\"potentialAction\":[{\"@type\":\"ReadAction\",\"target\":[\"https:\/\/www.adecose.com\/adecose-presenta-observaciones-a-la-consulta-publica-de-la-normativa-de-responsabilidad-civil-y-seguro-en-la-circulacion-de-vehiculos-a-motor\/\"]}]},{\"@type\":\"ImageObject\",\"inLanguage\":\"en-US\",\"@id\":\"https:\/\/www.adecose.com\/adecose-presenta-observaciones-a-la-consulta-publica-de-la-normativa-de-responsabilidad-civil-y-seguro-en-la-circulacion-de-vehiculos-a-motor\/#primaryimage\",\"url\":\"https:\/\/www.adecose.com\/wp-content\/uploads\/2022\/04\/Captura-de-pantalla-2022-04-25-a-las-10.09.16.png\",\"contentUrl\":\"https:\/\/www.adecose.com\/wp-content\/uploads\/2022\/04\/Captura-de-pantalla-2022-04-25-a-las-10.09.16.png\",\"width\":628,\"height\":350},{\"@type\":\"BreadcrumbList\",\"@id\":\"https:\/\/www.adecose.com\/adecose-presenta-observaciones-a-la-consulta-publica-de-la-normativa-de-responsabilidad-civil-y-seguro-en-la-circulacion-de-vehiculos-a-motor\/#breadcrumb\",\"itemListElement\":[{\"@type\":\"ListItem\",\"position\":1,\"name\":\"Portada\",\"item\":\"https:\/\/www.adecose.com\/en\/\"},{\"@type\":\"ListItem\",\"position\":2,\"name\":\"ADECOSE presenta observaciones a la Consulta P\u00fablica de la normativa de responsabilidad civil y seguro en la circulaci\u00f3n de veh\u00edculos a motor\"}]},{\"@type\":\"WebSite\",\"@id\":\"https:\/\/www.adecose.com\/gl\/#website\",\"url\":\"https:\/\/www.adecose.com\/gl\/\",\"name\":\"ADECOSE\",\"description\":\"Spanish Association of Insurance and Reinsurance Brokers\",\"publisher\":{\"@id\":\"https:\/\/www.adecose.com\/gl\/#organization\"},\"potentialAction\":[{\"@type\":\"SearchAction\",\"target\":{\"@type\":\"EntryPoint\",\"urlTemplate\":\"https:\/\/www.adecose.com\/gl\/?s={search_term_string}\"},\"query-input\":{\"@type\":\"PropertyValueSpecification\",\"valueRequired\":true,\"valueName\":\"search_term_string\"}}],\"inLanguage\":\"en-US\"},{\"@type\":\"Organization\",\"@id\":\"https:\/\/www.adecose.com\/gl\/#organization\",\"name\":\"ADECOSE\",\"url\":\"https:\/\/www.adecose.com\/gl\/\",\"logo\":{\"@type\":\"ImageObject\",\"inLanguage\":\"en-US\",\"@id\":\"https:\/\/www.adecose.com\/gl\/#\/schema\/logo\/image\/\",\"url\":\"https:\/\/www.adecose.com\/wp-content\/uploads\/2020\/07\/favicon.png\",\"contentUrl\":\"https:\/\/www.adecose.com\/wp-content\/uploads\/2020\/07\/favicon.png\",\"width\":512,\"height\":512,\"caption\":\"ADECOSE\"},\"image\":{\"@id\":\"https:\/\/www.adecose.com\/gl\/#\/schema\/logo\/image\/\"}},{\"@type\":\"Person\",\"@id\":\"https:\/\/www.adecose.com\/gl\/#\/schema\/person\/ff086ce55f6379e1d225a2c0dca5eeb6\",\"name\":\"Comunicaci\u00f3n ADECOSE\",\"image\":{\"@type\":\"ImageObject\",\"inLanguage\":\"en-US\",\"@id\":\"https:\/\/secure.gravatar.com\/avatar\/01cd1f9571997441bf1da6d1cc147351305f03fe8f2acf1ebbec60ebb26924ce?s=96&d=mm&r=g\",\"url\":\"https:\/\/secure.gravatar.com\/avatar\/01cd1f9571997441bf1da6d1cc147351305f03fe8f2acf1ebbec60ebb26924ce?s=96&d=mm&r=g\",\"contentUrl\":\"https:\/\/secure.gravatar.com\/avatar\/01cd1f9571997441bf1da6d1cc147351305f03fe8f2acf1ebbec60ebb26924ce?s=96&d=mm&r=g\",\"caption\":\"Comunicaci\u00f3n ADECOSE\"}}]}<\/script>\n<!-- \/ Yoast SEO plugin. -->","yoast_head_json":{"title":"ADECOSE presenta observaciones a la Consulta P\u00fablica de la normativa de responsabilidad civil y seguro en la circulaci\u00f3n de veh\u00edculos a motor - ADECOSE","robots":{"index":"index","follow":"follow","max-snippet":"max-snippet:-1","max-image-preview":"max-image-preview:large","max-video-preview":"max-video-preview:-1"},"canonical":"https:\/\/www.adecose.com\/adecose-presenta-observaciones-a-la-consulta-publica-de-la-normativa-de-responsabilidad-civil-y-seguro-en-la-circulacion-de-vehiculos-a-motor\/","og_locale":"en_US","og_type":"article","og_title":"ADECOSE presenta observaciones a la Consulta P\u00fablica de la normativa de responsabilidad civil y seguro en la circulaci\u00f3n de veh\u00edculos a motor - ADECOSE","og_description":"ADECOSE ha presentado observaciones a la Consulta P\u00fablica previa del Ministerio de Asuntos Econ\u00f3micos y Transformaci\u00f3n Digital y el Ministerio de Justicia al Proyecto por...","og_url":"https:\/\/www.adecose.com\/adecose-presenta-observaciones-a-la-consulta-publica-de-la-normativa-de-responsabilidad-civil-y-seguro-en-la-circulacion-de-vehiculos-a-motor\/","og_site_name":"ADECOSE","article_published_time":"2022-04-25T08:10:05+00:00","article_modified_time":"2022-04-26T07:28:48+00:00","og_image":[{"width":628,"height":350,"url":"https:\/\/www.adecose.com\/wp-content\/uploads\/2022\/04\/Captura-de-pantalla-2022-04-25-a-las-10.09.16.png","type":"image\/png"}],"author":"Comunicaci\u00f3n ADECOSE","twitter_card":"summary_large_image","twitter_misc":{"Written by":"Comunicaci\u00f3n ADECOSE","Est. reading time":"2 minutes"},"schema":{"@context":"https:\/\/schema.org","@graph":[{"@type":"Article","@id":"https:\/\/www.adecose.com\/adecose-presenta-observaciones-a-la-consulta-publica-de-la-normativa-de-responsabilidad-civil-y-seguro-en-la-circulacion-de-vehiculos-a-motor\/#article","isPartOf":{"@id":"https:\/\/www.adecose.com\/adecose-presenta-observaciones-a-la-consulta-publica-de-la-normativa-de-responsabilidad-civil-y-seguro-en-la-circulacion-de-vehiculos-a-motor\/"},"author":{"name":"Comunicaci\u00f3n ADECOSE","@id":"https:\/\/www.adecose.com\/gl\/#\/schema\/person\/ff086ce55f6379e1d225a2c0dca5eeb6"},"headline":"ADECOSE presenta observaciones a la Consulta P\u00fablica de la normativa de responsabilidad civil y seguro en la circulaci\u00f3n de veh\u00edculos a motor","datePublished":"2022-04-25T08:10:05+00:00","dateModified":"2022-04-26T07:28:48+00:00","mainEntityOfPage":{"@id":"https:\/\/www.adecose.com\/adecose-presenta-observaciones-a-la-consulta-publica-de-la-normativa-de-responsabilidad-civil-y-seguro-en-la-circulacion-de-vehiculos-a-motor\/"},"wordCount":383,"publisher":{"@id":"https:\/\/www.adecose.com\/gl\/#organization"},"image":{"@id":"https:\/\/www.adecose.com\/adecose-presenta-observaciones-a-la-consulta-publica-de-la-normativa-de-responsabilidad-civil-y-seguro-en-la-circulacion-de-vehiculos-a-motor\/#primaryimage"},"thumbnailUrl":"https:\/\/www.adecose.com\/wp-content\/uploads\/2022\/04\/Captura-de-pantalla-2022-04-25-a-las-10.09.16.png","keywords":["Consulta p\u00fablica","Responsabilidad Civil"],"articleSection":["Noticias"],"inLanguage":"en-US"},{"@type":"WebPage","@id":"https:\/\/www.adecose.com\/adecose-presenta-observaciones-a-la-consulta-publica-de-la-normativa-de-responsabilidad-civil-y-seguro-en-la-circulacion-de-vehiculos-a-motor\/","url":"https:\/\/www.adecose.com\/adecose-presenta-observaciones-a-la-consulta-publica-de-la-normativa-de-responsabilidad-civil-y-seguro-en-la-circulacion-de-vehiculos-a-motor\/","name":"ADECOSE presenta observaciones a la Consulta P\u00fablica de la normativa de responsabilidad civil y seguro en la circulaci\u00f3n de veh\u00edculos a motor - ADECOSE","isPartOf":{"@id":"https:\/\/www.adecose.com\/gl\/#website"},"primaryImageOfPage":{"@id":"https:\/\/www.adecose.com\/adecose-presenta-observaciones-a-la-consulta-publica-de-la-normativa-de-responsabilidad-civil-y-seguro-en-la-circulacion-de-vehiculos-a-motor\/#primaryimage"},"image":{"@id":"https:\/\/www.adecose.com\/adecose-presenta-observaciones-a-la-consulta-publica-de-la-normativa-de-responsabilidad-civil-y-seguro-en-la-circulacion-de-vehiculos-a-motor\/#primaryimage"},"thumbnailUrl":"https:\/\/www.adecose.com\/wp-content\/uploads\/2022\/04\/Captura-de-pantalla-2022-04-25-a-las-10.09.16.png","datePublished":"2022-04-25T08:10:05+00:00","dateModified":"2022-04-26T07:28:48+00:00","breadcrumb":{"@id":"https:\/\/www.adecose.com\/adecose-presenta-observaciones-a-la-consulta-publica-de-la-normativa-de-responsabilidad-civil-y-seguro-en-la-circulacion-de-vehiculos-a-motor\/#breadcrumb"},"inLanguage":"en-US","potentialAction":[{"@type":"ReadAction","target":["https:\/\/www.adecose.com\/adecose-presenta-observaciones-a-la-consulta-publica-de-la-normativa-de-responsabilidad-civil-y-seguro-en-la-circulacion-de-vehiculos-a-motor\/"]}]},{"@type":"ImageObject","inLanguage":"en-US","@id":"https:\/\/www.adecose.com\/adecose-presenta-observaciones-a-la-consulta-publica-de-la-normativa-de-responsabilidad-civil-y-seguro-en-la-circulacion-de-vehiculos-a-motor\/#primaryimage","url":"https:\/\/www.adecose.com\/wp-content\/uploads\/2022\/04\/Captura-de-pantalla-2022-04-25-a-las-10.09.16.png","contentUrl":"https:\/\/www.adecose.com\/wp-content\/uploads\/2022\/04\/Captura-de-pantalla-2022-04-25-a-las-10.09.16.png","width":628,"height":350},{"@type":"BreadcrumbList","@id":"https:\/\/www.adecose.com\/adecose-presenta-observaciones-a-la-consulta-publica-de-la-normativa-de-responsabilidad-civil-y-seguro-en-la-circulacion-de-vehiculos-a-motor\/#breadcrumb","itemListElement":[{"@type":"ListItem","position":1,"name":"Portada","item":"https:\/\/www.adecose.com\/en\/"},{"@type":"ListItem","position":2,"name":"ADECOSE presenta observaciones a la Consulta P\u00fablica de la normativa de responsabilidad civil y seguro en la circulaci\u00f3n de veh\u00edculos a motor"}]},{"@type":"WebSite","@id":"https:\/\/www.adecose.com\/gl\/#website","url":"https:\/\/www.adecose.com\/gl\/","name":"ADECOSE","description":"Spanish Association of Insurance and Reinsurance Brokers","publisher":{"@id":"https:\/\/www.adecose.com\/gl\/#organization"},"potentialAction":[{"@type":"SearchAction","target":{"@type":"EntryPoint","urlTemplate":"https:\/\/www.adecose.com\/gl\/?s={search_term_string}"},"query-input":{"@type":"PropertyValueSpecification","valueRequired":true,"valueName":"search_term_string"}}],"inLanguage":"en-US"},{"@type":"Organization","@id":"https:\/\/www.adecose.com\/gl\/#organization","name":"ADECOSE","url":"https:\/\/www.adecose.com\/gl\/","logo":{"@type":"ImageObject","inLanguage":"en-US","@id":"https:\/\/www.adecose.com\/gl\/#\/schema\/logo\/image\/","url":"https:\/\/www.adecose.com\/wp-content\/uploads\/2020\/07\/favicon.png","contentUrl":"https:\/\/www.adecose.com\/wp-content\/uploads\/2020\/07\/favicon.png","width":512,"height":512,"caption":"ADECOSE"},"image":{"@id":"https:\/\/www.adecose.com\/gl\/#\/schema\/logo\/image\/"}},{"@type":"Person","@id":"https:\/\/www.adecose.com\/gl\/#\/schema\/person\/ff086ce55f6379e1d225a2c0dca5eeb6","name":"Comunicaci\u00f3n ADECOSE","image":{"@type":"ImageObject","inLanguage":"en-US","@id":"https:\/\/secure.gravatar.com\/avatar\/01cd1f9571997441bf1da6d1cc147351305f03fe8f2acf1ebbec60ebb26924ce?s=96&d=mm&r=g","url":"https:\/\/secure.gravatar.com\/avatar\/01cd1f9571997441bf1da6d1cc147351305f03fe8f2acf1ebbec60ebb26924ce?s=96&d=mm&r=g","contentUrl":"https:\/\/secure.gravatar.com\/avatar\/01cd1f9571997441bf1da6d1cc147351305f03fe8f2acf1ebbec60ebb26924ce?s=96&d=mm&r=g","caption":"Comunicaci\u00f3n ADECOSE"}}]}},"_links":{"self":[{"href":"https:\/\/www.adecose.com\/en\/wp-json\/wp\/v2\/posts\/12405","targetHints":{"allow":["GET"]}}],"collection":[{"href":"https:\/\/www.adecose.com\/en\/wp-json\/wp\/v2\/posts"}],"about":[{"href":"https:\/\/www.adecose.com\/en\/wp-json\/wp\/v2\/types\/post"}],"author":[{"embeddable":true,"href":"https:\/\/www.adecose.com\/en\/wp-json\/wp\/v2\/users\/197"}],"replies":[{"embeddable":true,"href":"https:\/\/www.adecose.com\/en\/wp-json\/wp\/v2\/comments?post=12405"}],"version-history":[{"count":0,"href":"https:\/\/www.adecose.com\/en\/wp-json\/wp\/v2\/posts\/12405\/revisions"}],"wp:featuredmedia":[{"embeddable":true,"href":"https:\/\/www.adecose.com\/en\/wp-json\/wp\/v2\/media\/12406"}],"wp:attachment":[{"href":"https:\/\/www.adecose.com\/en\/wp-json\/wp\/v2\/media?parent=12405"}],"wp:term":[{"taxonomy":"category","embeddable":true,"href":"https:\/\/www.adecose.com\/en\/wp-json\/wp\/v2\/categories?post=12405"},{"taxonomy":"post_tag","embeddable":true,"href":"https:\/\/www.adecose.com\/en\/wp-json\/wp\/v2\/tags?post=12405"}],"curies":[{"name":"wp","href":"https:\/\/api.w.org\/{rel}","templated":true}]}}