{"id":12130,"date":"2022-03-16T10:56:42","date_gmt":"2022-03-16T09:56:42","guid":{"rendered":"https:\/\/www.adecose.com\/?p=12130"},"modified":"2022-03-16T11:02:09","modified_gmt":"2022-03-16T10:02:09","slug":"adecose-invita-a-florence-cesmat-directora-general-de-asefa-seguros-a-su-almuerzo-mensual-con-socios","status":"publish","type":"post","link":"https:\/\/www.adecose.com\/en\/adecose-invita-a-florence-cesmat-directora-general-de-asefa-seguros-a-su-almuerzo-mensual-con-socios\/","title":{"rendered":"ADECOSE invita a Florence Cesmat, directora general de ASEFA Seguros, a su almuerzo mensual con socios"},"content":{"rendered":"[vc_row type=&#8221;in_container&#8221; full_screen_row_position=&#8221;middle&#8221; column_margin=&#8221;default&#8221; column_direction=&#8221;default&#8221; column_direction_tablet=&#8221;default&#8221; column_direction_phone=&#8221;default&#8221; scene_position=&#8221;center&#8221; text_color=&#8221;dark&#8221; text_align=&#8221;left&#8221; row_border_radius=&#8221;none&#8221; row_border_radius_applies=&#8221;bg&#8221; overflow=&#8221;visible&#8221; overlay_strength=&#8221;0.3&#8243; gradient_direction=&#8221;left_to_right&#8221; shape_divider_position=&#8221;bottom&#8221; bg_image_animation=&#8221;none&#8221;][vc_column column_padding=&#8221;no-extra-padding&#8221; column_padding_tablet=&#8221;inherit&#8221; column_padding_phone=&#8221;inherit&#8221; column_padding_position=&#8221;all&#8221; column_element_spacing=&#8221;default&#8221; background_color_opacity=&#8221;1&#8243; background_hover_color_opacity=&#8221;1&#8243; column_shadow=&#8221;none&#8221; column_border_radius=&#8221;none&#8221; column_link_target=&#8221;_self&#8221; column_position=&#8221;default&#8221; gradient_direction=&#8221;left_to_right&#8221; overlay_strength=&#8221;0.3&#8243; width=&#8221;1\/1&#8243; tablet_width_inherit=&#8221;default&#8221; tablet_text_alignment=&#8221;default&#8221; phone_text_alignment=&#8221;default&#8221; animation_type=&#8221;default&#8221; bg_image_animation=&#8221;none&#8221; border_type=&#8221;simple&#8221; column_border_width=&#8221;none&#8221; column_border_style=&#8221;solid&#8221;][split_line_heading animation_type=&#8221;line-reveal-by-space&#8221; font_style=&#8221;i&#8221; text_color=&#8221;#045b9c&#8221; line_reveal_by_space_text_effect=&#8221;default&#8221; content_alignment=&#8221;default&#8221; mobile_content_alignment=&#8221;inherit&#8221; link_target=&#8221;_self&#8221; text_content=&#8221;Florence Cesmat, directora general de ASEFA Seguros, y Juan Ruiz, director comercial de la compa\u00f1\u00eda, han asistido al almuerzo mensual de la Junta Directiva de ADECOSE para intercambiar informaci\u00f3n sobre temas sectoriales con los socios de ADECOSE.<br \/>\nDurante la reuni\u00f3n de la Junta Directiva se aprob\u00f3 la incorporaci\u00f3n a la Asociaci\u00f3n de la corredur\u00eda Bergantin Insurance Brokers.&#8221;][\/split_line_heading][\/vc_column][\/vc_row][vc_row type=&#8221;in_container&#8221; full_screen_row_position=&#8221;middle&#8221; column_margin=&#8221;default&#8221; column_direction=&#8221;default&#8221; column_direction_tablet=&#8221;default&#8221; column_direction_phone=&#8221;default&#8221; scene_position=&#8221;center&#8221; text_color=&#8221;dark&#8221; text_align=&#8221;left&#8221; row_border_radius=&#8221;none&#8221; row_border_radius_applies=&#8221;bg&#8221; overflow=&#8221;visible&#8221; overlay_strength=&#8221;0.3&#8243; gradient_direction=&#8221;left_to_right&#8221; shape_divider_position=&#8221;bottom&#8221; bg_image_animation=&#8221;none&#8221;][vc_column column_padding=&#8221;no-extra-padding&#8221; column_padding_tablet=&#8221;inherit&#8221; column_padding_phone=&#8221;inherit&#8221; column_padding_position=&#8221;all&#8221; column_element_spacing=&#8221;default&#8221; background_color_opacity=&#8221;1&#8243; background_hover_color_opacity=&#8221;1&#8243; column_shadow=&#8221;none&#8221; column_border_radius=&#8221;none&#8221; column_link_target=&#8221;_self&#8221; column_position=&#8221;default&#8221; gradient_direction=&#8221;left_to_right&#8221; overlay_strength=&#8221;0.3&#8243; width=&#8221;1\/1&#8243; tablet_width_inherit=&#8221;default&#8221; tablet_text_alignment=&#8221;default&#8221; phone_text_alignment=&#8221;default&#8221; animation_type=&#8221;default&#8221; bg_image_animation=&#8221;none&#8221; border_type=&#8221;simple&#8221; column_border_width=&#8221;none&#8221; column_border_style=&#8221;solid&#8221;][vc_column_text]ADECOSE\u00a0ha retomado, despu\u00e9s de la pandemia, sus habituales <strong>almuerzos con socios<\/strong> que tienen lugar despu\u00e9s de la reuni\u00f3n mensual de la Junta Directiva y cuentan con la participaci\u00f3n de los m\u00e1ximos directivos de compa\u00f1\u00edas e instituciones del sector. En esta ocasi\u00f3n, los socios de ADECOSE han contado con la visita de <strong>Florence Cesmat<\/strong>, directora general de ASEFA Seguros; y <strong>Juan Ruiz<\/strong>, director comercial de la compa\u00f1\u00eda, con los que han podido intercambiar informaci\u00f3n sobre temas sectoriales.<\/p>\n<p>Durante el almuerzo, Cesmat repas\u00f3 la trayectoria de la compa\u00f1\u00eda aseguradora, as\u00ed como las novedades en su actividad y los retos y objetivos que tiene por delante como nueva directora general de la compa\u00f1\u00eda. Por otra parte, aludi\u00f3 al compromiso de ASEFA Seguros con las corredur\u00edas de seguros, destacando que representan uno de los principales canales de distribuci\u00f3n para la compa\u00f1\u00eda. Tambi\u00e9n hizo referencia a la buena relaci\u00f3n que mantienen con los corredores, como as\u00ed lo demuestran los resultados del Bar\u00f3metro ADECOSE 2021.[\/vc_column_text][\/vc_column][\/vc_row][vc_row type=&#8221;in_container&#8221; full_screen_row_position=&#8221;middle&#8221; column_margin=&#8221;default&#8221; column_direction=&#8221;default&#8221; column_direction_tablet=&#8221;default&#8221; column_direction_phone=&#8221;default&#8221; scene_position=&#8221;center&#8221; text_color=&#8221;dark&#8221; text_align=&#8221;left&#8221; row_border_radius=&#8221;none&#8221; row_border_radius_applies=&#8221;bg&#8221; overflow=&#8221;visible&#8221; overlay_strength=&#8221;0.3&#8243; gradient_direction=&#8221;left_to_right&#8221; shape_divider_position=&#8221;bottom&#8221; bg_image_animation=&#8221;none&#8221;][vc_column column_padding=&#8221;no-extra-padding&#8221; column_padding_tablet=&#8221;inherit&#8221; column_padding_phone=&#8221;inherit&#8221; column_padding_position=&#8221;all&#8221; column_element_spacing=&#8221;default&#8221; background_color_opacity=&#8221;1&#8243; background_hover_color_opacity=&#8221;1&#8243; column_shadow=&#8221;none&#8221; column_border_radius=&#8221;none&#8221; column_link_target=&#8221;_self&#8221; column_position=&#8221;default&#8221; gradient_direction=&#8221;left_to_right&#8221; overlay_strength=&#8221;0.3&#8243; width=&#8221;1\/1&#8243; tablet_width_inherit=&#8221;default&#8221; tablet_text_alignment=&#8221;default&#8221; phone_text_alignment=&#8221;default&#8221; animation_type=&#8221;default&#8221; bg_image_animation=&#8221;none&#8221; border_type=&#8221;simple&#8221; column_border_width=&#8221;none&#8221; column_border_style=&#8221;solid&#8221;][split_line_heading animation_type=&#8221;line-reveal-by-space&#8221; font_style=&#8221;i&#8221; text_color=&#8221;#045b9c&#8221; line_reveal_by_space_text_effect=&#8221;default&#8221; content_alignment=&#8221;default&#8221; mobile_content_alignment=&#8221;inherit&#8221; link_target=&#8221;_self&#8221; text_content=&#8221;Reuni\u00f3n de la Junta Directiva de ADECOSE&#8221;]<strong><em>Reuni\u00f3n de la Junta Directiva de ADECOSE<\/em><\/strong>[\/split_line_heading][\/vc_column][\/vc_row][vc_row type=&#8221;in_container&#8221; full_screen_row_position=&#8221;middle&#8221; column_margin=&#8221;default&#8221; column_direction=&#8221;default&#8221; column_direction_tablet=&#8221;default&#8221; column_direction_phone=&#8221;default&#8221; scene_position=&#8221;center&#8221; text_color=&#8221;dark&#8221; text_align=&#8221;left&#8221; row_border_radius=&#8221;none&#8221; row_border_radius_applies=&#8221;bg&#8221; overflow=&#8221;visible&#8221; overlay_strength=&#8221;0.3&#8243; gradient_direction=&#8221;left_to_right&#8221; shape_divider_position=&#8221;bottom&#8221; bg_image_animation=&#8221;none&#8221;][vc_column column_padding=&#8221;no-extra-padding&#8221; column_padding_tablet=&#8221;inherit&#8221; column_padding_phone=&#8221;inherit&#8221; column_padding_position=&#8221;all&#8221; column_element_spacing=&#8221;default&#8221; background_color_opacity=&#8221;1&#8243; background_hover_color_opacity=&#8221;1&#8243; column_shadow=&#8221;none&#8221; column_border_radius=&#8221;none&#8221; column_link_target=&#8221;_self&#8221; column_position=&#8221;default&#8221; gradient_direction=&#8221;left_to_right&#8221; overlay_strength=&#8221;0.3&#8243; width=&#8221;1\/1&#8243; tablet_width_inherit=&#8221;default&#8221; tablet_text_alignment=&#8221;default&#8221; phone_text_alignment=&#8221;default&#8221; animation_type=&#8221;default&#8221; bg_image_animation=&#8221;none&#8221; border_type=&#8221;simple&#8221; column_border_width=&#8221;none&#8221; column_border_style=&#8221;solid&#8221;][vc_column_text]Por otro lado, en la reuni\u00f3n previa a este almuerzo, la Junta Directiva de ADECOSE aprob\u00f3 la incorporaci\u00f3n de una nueva corredur\u00eda asociada: <strong>Bergantin Insurance Brokers<\/strong>, con sede en Sevilla, con la que ADECOSE aumenta su representatividad en Andaluc\u00eda.<\/p>\n<p>Por \u00faltimo, se trataron otros asuntos de inter\u00e9s para la Asociaci\u00f3n. Destacan la <strong>Asamblea General Ordinaria<\/strong> y la entrega de los <strong>Premios Estrella 2021 <\/strong>que se celebrar\u00e1n el 6 de abril en el hotel Hyatt Regency Hesperia de Madrid; los avances en la renovaci\u00f3n de las <strong>cartas de condiciones<\/strong> con las principales compa\u00f1\u00edas aseguradoras; as\u00ed como las novedades en el reparto de los <strong>Fondos Next Generation<\/strong>, entre otros puntos de la actividad de ADECOSE.<\/p>\n[\/vc_column_text][\/vc_column][\/vc_row]\n","protected":false},"excerpt":{"rendered":"<p>[vc_row type=&#8221;in_container&#8221; full_screen_row_position=&#8221;middle&#8221; column_margin=&#8221;default&#8221; column_direction=&#8221;default&#8221; column_direction_tablet=&#8221;default&#8221; column_direction_phone=&#8221;default&#8221; scene_position=&#8221;center&#8221; text_color=&#8221;dark&#8221; text_align=&#8221;left&#8221; row_border_radius=&#8221;none&#8221; row_border_radius_applies=&#8221;bg&#8221; overflow=&#8221;visible&#8221; overlay_strength=&#8221;0.3&#8243; gradient_direction=&#8221;left_to_right&#8221; shape_divider_position=&#8221;bottom&#8221; bg_image_animation=&#8221;none&#8221;][vc_column column_padding=&#8221;no-extra-padding&#8221; column_padding_tablet=&#8221;inherit&#8221; column_padding_phone=&#8221;inherit&#8221; column_padding_position=&#8221;all&#8221; column_element_spacing=&#8221;default&#8221; background_color_opacity=&#8221;1&#8243; background_hover_color_opacity=&#8221;1&#8243; column_shadow=&#8221;none&#8221;&#8230;<\/p>\n","protected":false},"author":197,"featured_media":12131,"comment_status":"closed","ping_status":"closed","sticky":false,"template":"","format":"standard","meta":{"_acf_changed":false,"_price":"","_stock":"","_tribe_ticket_header":"","_tribe_default_ticket_provider":"","_tribe_ticket_capacity":"0","_ticket_start_date":"","_ticket_end_date":"","_tribe_ticket_show_description":"","_tribe_ticket_show_not_going":false,"_tribe_ticket_use_global_stock":"","_tribe_ticket_global_stock_level":"","_global_stock_mode":"","_global_stock_cap":"","_tribe_rsvp_for_event":"","_tribe_ticket_going_count":"","_tribe_ticket_not_going_count":"","_tribe_tickets_list":"[]","_tribe_ticket_has_attendee_info_fields":false,"footnotes":""},"categories":[2],"tags":[321,225],"class_list":["post-12130","post","type-post","status-publish","format-standard","has-post-thumbnail","category-noticias","tag-almuerzo-con-socios","tag-junta-directiva"],"acf":[],"yoast_head":"<!-- This site is optimized with the Yoast SEO plugin v27.2 - https:\/\/yoast.com\/product\/yoast-seo-wordpress\/ -->\n<title>ADECOSE invita a Florence Cesmat, directora general de ASEFA Seguros, a su almuerzo mensual con socios - ADECOSE<\/title>\n<meta name=\"robots\" content=\"index, follow, max-snippet:-1, max-image-preview:large, max-video-preview:-1\" \/>\n<link rel=\"canonical\" href=\"https:\/\/www.adecose.com\/adecose-invita-a-florence-cesmat-directora-general-de-asefa-seguros-a-su-almuerzo-mensual-con-socios\/\" \/>\n<meta property=\"og:locale\" content=\"en_US\" \/>\n<meta property=\"og:type\" content=\"article\" \/>\n<meta property=\"og:title\" content=\"ADECOSE invita a Florence Cesmat, directora general de ASEFA Seguros, a su almuerzo mensual con socios - ADECOSE\" \/>\n<meta property=\"og:description\" content=\"[vc_row type=&#8221;in_container&#8221; full_screen_row_position=&#8221;middle&#8221; column_margin=&#8221;default&#8221; column_direction=&#8221;default&#8221; column_direction_tablet=&#8221;default&#8221; column_direction_phone=&#8221;default&#8221; scene_position=&#8221;center&#8221; text_color=&#8221;dark&#8221; text_align=&#8221;left&#8221; row_border_radius=&#8221;none&#8221; row_border_radius_applies=&#8221;bg&#8221; overflow=&#8221;visible&#8221; overlay_strength=&#8221;0.3&#8243; gradient_direction=&#8221;left_to_right&#8221; shape_divider_position=&#8221;bottom&#8221; bg_image_animation=&#8221;none&#8221;][vc_column column_padding=&#8221;no-extra-padding&#8221; column_padding_tablet=&#8221;inherit&#8221; column_padding_phone=&#8221;inherit&#8221; column_padding_position=&#8221;all&#8221; column_element_spacing=&#8221;default&#8221; background_color_opacity=&#8221;1&#8243; background_hover_color_opacity=&#8221;1&#8243; column_shadow=&#8221;none&#8221;...\" \/>\n<meta property=\"og:url\" content=\"https:\/\/www.adecose.com\/adecose-invita-a-florence-cesmat-directora-general-de-asefa-seguros-a-su-almuerzo-mensual-con-socios\/\" \/>\n<meta property=\"og:site_name\" content=\"ADECOSE\" \/>\n<meta property=\"article:published_time\" content=\"2022-03-16T09:56:42+00:00\" \/>\n<meta property=\"article:modified_time\" content=\"2022-03-16T10:02:09+00:00\" \/>\n<meta property=\"og:image\" content=\"https:\/\/www.adecose.com\/wp-content\/uploads\/2022\/03\/DSC_0564.jpg\" \/>\n\t<meta property=\"og:image:width\" content=\"1500\" \/>\n\t<meta property=\"og:image:height\" content=\"1138\" \/>\n\t<meta property=\"og:image:type\" content=\"image\/jpeg\" \/>\n<meta name=\"author\" content=\"Comunicaci\u00f3n ADECOSE\" \/>\n<meta name=\"twitter:card\" content=\"summary_large_image\" \/>\n<meta name=\"twitter:label1\" content=\"Written by\" \/>\n\t<meta name=\"twitter:data1\" content=\"Comunicaci\u00f3n ADECOSE\" \/>\n\t<meta name=\"twitter:label2\" content=\"Est. reading time\" \/>\n\t<meta name=\"twitter:data2\" content=\"3 minutes\" \/>\n<script type=\"application\/ld+json\" class=\"yoast-schema-graph\">{\"@context\":\"https:\/\/schema.org\",\"@graph\":[{\"@type\":\"Article\",\"@id\":\"https:\/\/www.adecose.com\/adecose-invita-a-florence-cesmat-directora-general-de-asefa-seguros-a-su-almuerzo-mensual-con-socios\/#article\",\"isPartOf\":{\"@id\":\"https:\/\/www.adecose.com\/adecose-invita-a-florence-cesmat-directora-general-de-asefa-seguros-a-su-almuerzo-mensual-con-socios\/\"},\"author\":{\"name\":\"Comunicaci\u00f3n ADECOSE\",\"@id\":\"https:\/\/www.adecose.com\/gl\/#\/schema\/person\/ff086ce55f6379e1d225a2c0dca5eeb6\"},\"headline\":\"ADECOSE invita a Florence Cesmat, directora general de ASEFA Seguros, a su almuerzo mensual con socios\",\"datePublished\":\"2022-03-16T09:56:42+00:00\",\"dateModified\":\"2022-03-16T10:02:09+00:00\",\"mainEntityOfPage\":{\"@id\":\"https:\/\/www.adecose.com\/adecose-invita-a-florence-cesmat-directora-general-de-asefa-seguros-a-su-almuerzo-mensual-con-socios\/\"},\"wordCount\":1045,\"publisher\":{\"@id\":\"https:\/\/www.adecose.com\/gl\/#organization\"},\"image\":{\"@id\":\"https:\/\/www.adecose.com\/adecose-invita-a-florence-cesmat-directora-general-de-asefa-seguros-a-su-almuerzo-mensual-con-socios\/#primaryimage\"},\"thumbnailUrl\":\"https:\/\/www.adecose.com\/wp-content\/uploads\/2022\/03\/DSC_0564.jpg\",\"keywords\":[\"Almuerzo con socios\",\"Junta Directiva\"],\"articleSection\":[\"Noticias\"],\"inLanguage\":\"en-US\"},{\"@type\":\"WebPage\",\"@id\":\"https:\/\/www.adecose.com\/adecose-invita-a-florence-cesmat-directora-general-de-asefa-seguros-a-su-almuerzo-mensual-con-socios\/\",\"url\":\"https:\/\/www.adecose.com\/adecose-invita-a-florence-cesmat-directora-general-de-asefa-seguros-a-su-almuerzo-mensual-con-socios\/\",\"name\":\"ADECOSE invita a Florence Cesmat, directora general de ASEFA Seguros, a su almuerzo mensual con socios - ADECOSE\",\"isPartOf\":{\"@id\":\"https:\/\/www.adecose.com\/gl\/#website\"},\"primaryImageOfPage\":{\"@id\":\"https:\/\/www.adecose.com\/adecose-invita-a-florence-cesmat-directora-general-de-asefa-seguros-a-su-almuerzo-mensual-con-socios\/#primaryimage\"},\"image\":{\"@id\":\"https:\/\/www.adecose.com\/adecose-invita-a-florence-cesmat-directora-general-de-asefa-seguros-a-su-almuerzo-mensual-con-socios\/#primaryimage\"},\"thumbnailUrl\":\"https:\/\/www.adecose.com\/wp-content\/uploads\/2022\/03\/DSC_0564.jpg\",\"datePublished\":\"2022-03-16T09:56:42+00:00\",\"dateModified\":\"2022-03-16T10:02:09+00:00\",\"breadcrumb\":{\"@id\":\"https:\/\/www.adecose.com\/adecose-invita-a-florence-cesmat-directora-general-de-asefa-seguros-a-su-almuerzo-mensual-con-socios\/#breadcrumb\"},\"inLanguage\":\"en-US\",\"potentialAction\":[{\"@type\":\"ReadAction\",\"target\":[\"https:\/\/www.adecose.com\/adecose-invita-a-florence-cesmat-directora-general-de-asefa-seguros-a-su-almuerzo-mensual-con-socios\/\"]}]},{\"@type\":\"ImageObject\",\"inLanguage\":\"en-US\",\"@id\":\"https:\/\/www.adecose.com\/adecose-invita-a-florence-cesmat-directora-general-de-asefa-seguros-a-su-almuerzo-mensual-con-socios\/#primaryimage\",\"url\":\"https:\/\/www.adecose.com\/wp-content\/uploads\/2022\/03\/DSC_0564.jpg\",\"contentUrl\":\"https:\/\/www.adecose.com\/wp-content\/uploads\/2022\/03\/DSC_0564.jpg\",\"width\":1500,\"height\":1138},{\"@type\":\"BreadcrumbList\",\"@id\":\"https:\/\/www.adecose.com\/adecose-invita-a-florence-cesmat-directora-general-de-asefa-seguros-a-su-almuerzo-mensual-con-socios\/#breadcrumb\",\"itemListElement\":[{\"@type\":\"ListItem\",\"position\":1,\"name\":\"Portada\",\"item\":\"https:\/\/www.adecose.com\/en\/\"},{\"@type\":\"ListItem\",\"position\":2,\"name\":\"ADECOSE invita a Florence Cesmat, directora general de ASEFA Seguros, a su almuerzo mensual con socios\"}]},{\"@type\":\"WebSite\",\"@id\":\"https:\/\/www.adecose.com\/gl\/#website\",\"url\":\"https:\/\/www.adecose.com\/gl\/\",\"name\":\"ADECOSE\",\"description\":\"Spanish Association of Insurance and Reinsurance Brokers\",\"publisher\":{\"@id\":\"https:\/\/www.adecose.com\/gl\/#organization\"},\"potentialAction\":[{\"@type\":\"SearchAction\",\"target\":{\"@type\":\"EntryPoint\",\"urlTemplate\":\"https:\/\/www.adecose.com\/gl\/?s={search_term_string}\"},\"query-input\":{\"@type\":\"PropertyValueSpecification\",\"valueRequired\":true,\"valueName\":\"search_term_string\"}}],\"inLanguage\":\"en-US\"},{\"@type\":\"Organization\",\"@id\":\"https:\/\/www.adecose.com\/gl\/#organization\",\"name\":\"ADECOSE\",\"url\":\"https:\/\/www.adecose.com\/gl\/\",\"logo\":{\"@type\":\"ImageObject\",\"inLanguage\":\"en-US\",\"@id\":\"https:\/\/www.adecose.com\/gl\/#\/schema\/logo\/image\/\",\"url\":\"https:\/\/www.adecose.com\/wp-content\/uploads\/2020\/07\/favicon.png\",\"contentUrl\":\"https:\/\/www.adecose.com\/wp-content\/uploads\/2020\/07\/favicon.png\",\"width\":512,\"height\":512,\"caption\":\"ADECOSE\"},\"image\":{\"@id\":\"https:\/\/www.adecose.com\/gl\/#\/schema\/logo\/image\/\"}},{\"@type\":\"Person\",\"@id\":\"https:\/\/www.adecose.com\/gl\/#\/schema\/person\/ff086ce55f6379e1d225a2c0dca5eeb6\",\"name\":\"Comunicaci\u00f3n ADECOSE\",\"image\":{\"@type\":\"ImageObject\",\"inLanguage\":\"en-US\",\"@id\":\"https:\/\/secure.gravatar.com\/avatar\/01cd1f9571997441bf1da6d1cc147351305f03fe8f2acf1ebbec60ebb26924ce?s=96&d=mm&r=g\",\"url\":\"https:\/\/secure.gravatar.com\/avatar\/01cd1f9571997441bf1da6d1cc147351305f03fe8f2acf1ebbec60ebb26924ce?s=96&d=mm&r=g\",\"contentUrl\":\"https:\/\/secure.gravatar.com\/avatar\/01cd1f9571997441bf1da6d1cc147351305f03fe8f2acf1ebbec60ebb26924ce?s=96&d=mm&r=g\",\"caption\":\"Comunicaci\u00f3n ADECOSE\"}}]}<\/script>\n<!-- \/ Yoast SEO plugin. -->","yoast_head_json":{"title":"ADECOSE invita a Florence Cesmat, directora general de ASEFA Seguros, a su almuerzo mensual con socios - ADECOSE","robots":{"index":"index","follow":"follow","max-snippet":"max-snippet:-1","max-image-preview":"max-image-preview:large","max-video-preview":"max-video-preview:-1"},"canonical":"https:\/\/www.adecose.com\/adecose-invita-a-florence-cesmat-directora-general-de-asefa-seguros-a-su-almuerzo-mensual-con-socios\/","og_locale":"en_US","og_type":"article","og_title":"ADECOSE invita a Florence Cesmat, directora general de ASEFA Seguros, a su almuerzo mensual con socios - ADECOSE","og_description":"[vc_row type=&#8221;in_container&#8221; full_screen_row_position=&#8221;middle&#8221; column_margin=&#8221;default&#8221; column_direction=&#8221;default&#8221; column_direction_tablet=&#8221;default&#8221; column_direction_phone=&#8221;default&#8221; scene_position=&#8221;center&#8221; text_color=&#8221;dark&#8221; text_align=&#8221;left&#8221; row_border_radius=&#8221;none&#8221; row_border_radius_applies=&#8221;bg&#8221; overflow=&#8221;visible&#8221; overlay_strength=&#8221;0.3&#8243; gradient_direction=&#8221;left_to_right&#8221; shape_divider_position=&#8221;bottom&#8221; bg_image_animation=&#8221;none&#8221;][vc_column column_padding=&#8221;no-extra-padding&#8221; column_padding_tablet=&#8221;inherit&#8221; column_padding_phone=&#8221;inherit&#8221; column_padding_position=&#8221;all&#8221; column_element_spacing=&#8221;default&#8221; background_color_opacity=&#8221;1&#8243; background_hover_color_opacity=&#8221;1&#8243; column_shadow=&#8221;none&#8221;...","og_url":"https:\/\/www.adecose.com\/adecose-invita-a-florence-cesmat-directora-general-de-asefa-seguros-a-su-almuerzo-mensual-con-socios\/","og_site_name":"ADECOSE","article_published_time":"2022-03-16T09:56:42+00:00","article_modified_time":"2022-03-16T10:02:09+00:00","og_image":[{"width":1500,"height":1138,"url":"https:\/\/www.adecose.com\/wp-content\/uploads\/2022\/03\/DSC_0564.jpg","type":"image\/jpeg"}],"author":"Comunicaci\u00f3n ADECOSE","twitter_card":"summary_large_image","twitter_misc":{"Written by":"Comunicaci\u00f3n ADECOSE","Est. reading time":"3 minutes"},"schema":{"@context":"https:\/\/schema.org","@graph":[{"@type":"Article","@id":"https:\/\/www.adecose.com\/adecose-invita-a-florence-cesmat-directora-general-de-asefa-seguros-a-su-almuerzo-mensual-con-socios\/#article","isPartOf":{"@id":"https:\/\/www.adecose.com\/adecose-invita-a-florence-cesmat-directora-general-de-asefa-seguros-a-su-almuerzo-mensual-con-socios\/"},"author":{"name":"Comunicaci\u00f3n ADECOSE","@id":"https:\/\/www.adecose.com\/gl\/#\/schema\/person\/ff086ce55f6379e1d225a2c0dca5eeb6"},"headline":"ADECOSE invita a Florence Cesmat, directora general de ASEFA Seguros, a su almuerzo mensual con socios","datePublished":"2022-03-16T09:56:42+00:00","dateModified":"2022-03-16T10:02:09+00:00","mainEntityOfPage":{"@id":"https:\/\/www.adecose.com\/adecose-invita-a-florence-cesmat-directora-general-de-asefa-seguros-a-su-almuerzo-mensual-con-socios\/"},"wordCount":1045,"publisher":{"@id":"https:\/\/www.adecose.com\/gl\/#organization"},"image":{"@id":"https:\/\/www.adecose.com\/adecose-invita-a-florence-cesmat-directora-general-de-asefa-seguros-a-su-almuerzo-mensual-con-socios\/#primaryimage"},"thumbnailUrl":"https:\/\/www.adecose.com\/wp-content\/uploads\/2022\/03\/DSC_0564.jpg","keywords":["Almuerzo con socios","Junta Directiva"],"articleSection":["Noticias"],"inLanguage":"en-US"},{"@type":"WebPage","@id":"https:\/\/www.adecose.com\/adecose-invita-a-florence-cesmat-directora-general-de-asefa-seguros-a-su-almuerzo-mensual-con-socios\/","url":"https:\/\/www.adecose.com\/adecose-invita-a-florence-cesmat-directora-general-de-asefa-seguros-a-su-almuerzo-mensual-con-socios\/","name":"ADECOSE invita a Florence Cesmat, directora general de ASEFA Seguros, a su almuerzo mensual con socios - ADECOSE","isPartOf":{"@id":"https:\/\/www.adecose.com\/gl\/#website"},"primaryImageOfPage":{"@id":"https:\/\/www.adecose.com\/adecose-invita-a-florence-cesmat-directora-general-de-asefa-seguros-a-su-almuerzo-mensual-con-socios\/#primaryimage"},"image":{"@id":"https:\/\/www.adecose.com\/adecose-invita-a-florence-cesmat-directora-general-de-asefa-seguros-a-su-almuerzo-mensual-con-socios\/#primaryimage"},"thumbnailUrl":"https:\/\/www.adecose.com\/wp-content\/uploads\/2022\/03\/DSC_0564.jpg","datePublished":"2022-03-16T09:56:42+00:00","dateModified":"2022-03-16T10:02:09+00:00","breadcrumb":{"@id":"https:\/\/www.adecose.com\/adecose-invita-a-florence-cesmat-directora-general-de-asefa-seguros-a-su-almuerzo-mensual-con-socios\/#breadcrumb"},"inLanguage":"en-US","potentialAction":[{"@type":"ReadAction","target":["https:\/\/www.adecose.com\/adecose-invita-a-florence-cesmat-directora-general-de-asefa-seguros-a-su-almuerzo-mensual-con-socios\/"]}]},{"@type":"ImageObject","inLanguage":"en-US","@id":"https:\/\/www.adecose.com\/adecose-invita-a-florence-cesmat-directora-general-de-asefa-seguros-a-su-almuerzo-mensual-con-socios\/#primaryimage","url":"https:\/\/www.adecose.com\/wp-content\/uploads\/2022\/03\/DSC_0564.jpg","contentUrl":"https:\/\/www.adecose.com\/wp-content\/uploads\/2022\/03\/DSC_0564.jpg","width":1500,"height":1138},{"@type":"BreadcrumbList","@id":"https:\/\/www.adecose.com\/adecose-invita-a-florence-cesmat-directora-general-de-asefa-seguros-a-su-almuerzo-mensual-con-socios\/#breadcrumb","itemListElement":[{"@type":"ListItem","position":1,"name":"Portada","item":"https:\/\/www.adecose.com\/en\/"},{"@type":"ListItem","position":2,"name":"ADECOSE invita a Florence Cesmat, directora general de ASEFA Seguros, a su almuerzo mensual con socios"}]},{"@type":"WebSite","@id":"https:\/\/www.adecose.com\/gl\/#website","url":"https:\/\/www.adecose.com\/gl\/","name":"ADECOSE","description":"Spanish Association of Insurance and Reinsurance Brokers","publisher":{"@id":"https:\/\/www.adecose.com\/gl\/#organization"},"potentialAction":[{"@type":"SearchAction","target":{"@type":"EntryPoint","urlTemplate":"https:\/\/www.adecose.com\/gl\/?s={search_term_string}"},"query-input":{"@type":"PropertyValueSpecification","valueRequired":true,"valueName":"search_term_string"}}],"inLanguage":"en-US"},{"@type":"Organization","@id":"https:\/\/www.adecose.com\/gl\/#organization","name":"ADECOSE","url":"https:\/\/www.adecose.com\/gl\/","logo":{"@type":"ImageObject","inLanguage":"en-US","@id":"https:\/\/www.adecose.com\/gl\/#\/schema\/logo\/image\/","url":"https:\/\/www.adecose.com\/wp-content\/uploads\/2020\/07\/favicon.png","contentUrl":"https:\/\/www.adecose.com\/wp-content\/uploads\/2020\/07\/favicon.png","width":512,"height":512,"caption":"ADECOSE"},"image":{"@id":"https:\/\/www.adecose.com\/gl\/#\/schema\/logo\/image\/"}},{"@type":"Person","@id":"https:\/\/www.adecose.com\/gl\/#\/schema\/person\/ff086ce55f6379e1d225a2c0dca5eeb6","name":"Comunicaci\u00f3n ADECOSE","image":{"@type":"ImageObject","inLanguage":"en-US","@id":"https:\/\/secure.gravatar.com\/avatar\/01cd1f9571997441bf1da6d1cc147351305f03fe8f2acf1ebbec60ebb26924ce?s=96&d=mm&r=g","url":"https:\/\/secure.gravatar.com\/avatar\/01cd1f9571997441bf1da6d1cc147351305f03fe8f2acf1ebbec60ebb26924ce?s=96&d=mm&r=g","contentUrl":"https:\/\/secure.gravatar.com\/avatar\/01cd1f9571997441bf1da6d1cc147351305f03fe8f2acf1ebbec60ebb26924ce?s=96&d=mm&r=g","caption":"Comunicaci\u00f3n ADECOSE"}}]}},"_links":{"self":[{"href":"https:\/\/www.adecose.com\/en\/wp-json\/wp\/v2\/posts\/12130","targetHints":{"allow":["GET"]}}],"collection":[{"href":"https:\/\/www.adecose.com\/en\/wp-json\/wp\/v2\/posts"}],"about":[{"href":"https:\/\/www.adecose.com\/en\/wp-json\/wp\/v2\/types\/post"}],"author":[{"embeddable":true,"href":"https:\/\/www.adecose.com\/en\/wp-json\/wp\/v2\/users\/197"}],"replies":[{"embeddable":true,"href":"https:\/\/www.adecose.com\/en\/wp-json\/wp\/v2\/comments?post=12130"}],"version-history":[{"count":0,"href":"https:\/\/www.adecose.com\/en\/wp-json\/wp\/v2\/posts\/12130\/revisions"}],"wp:featuredmedia":[{"embeddable":true,"href":"https:\/\/www.adecose.com\/en\/wp-json\/wp\/v2\/media\/12131"}],"wp:attachment":[{"href":"https:\/\/www.adecose.com\/en\/wp-json\/wp\/v2\/media?parent=12130"}],"wp:term":[{"taxonomy":"category","embeddable":true,"href":"https:\/\/www.adecose.com\/en\/wp-json\/wp\/v2\/categories?post=12130"},{"taxonomy":"post_tag","embeddable":true,"href":"https:\/\/www.adecose.com\/en\/wp-json\/wp\/v2\/tags?post=12130"}],"curies":[{"name":"wp","href":"https:\/\/api.w.org\/{rel}","templated":true}]}}