{"id":6936,"date":"2020-04-16T14:19:06","date_gmt":"2020-04-16T14:19:06","guid":{"rendered":"https:\/\/www.adecose.com\/?p=6936"},"modified":"2020-10-27T18:42:40","modified_gmt":"2020-10-27T16:42:40","slug":"los-mediadores-de-seguros-avalados-por-la-dgfsp-logran-que-el-ico-abra-la-linea-de-avales-covid-19","status":"publish","type":"post","link":"https:\/\/www.adecose.com\/ca\/los-mediadores-de-seguros-avalados-por-la-dgfsp-logran-que-el-ico-abra-la-linea-de-avales-covid-19\/","title":{"rendered":"Los mediadores de seguros, avalados por la DGFSP, logran que el ICO abra la l\u00ednea de avales Covid-19"},"content":{"rendered":"<ul>\n<li><em>El Consejo General y ADECOSE hab\u00edan solicitado al Instituto de Cr\u00e9dito Oficial que los mediadores, agentes y corredores de seguros, pudieran acogerse a los pr\u00e9stamos ICO, que eran rechazados por las entidades bancarias por pertenecer al sector de seguros.<\/em><\/li>\n<\/ul>\n<p>&nbsp;<\/p>\n<p>El Consejo General de Colegios de Mediadores de Seguros y ADECOSE han remitido desde ambas organizaciones sus diferentes solicitudes al Instituto de Cr\u00e9dito Oficial, ICO, para que diera instrucciones a las entidades financieras y de cr\u00e9dito a fin de evitar la denegaci\u00f3n sistem\u00e1tica de pr\u00e9stamos avalados por el Estado con motivo de la pandemia COVID-19.<\/p>\n<p>El argumento esgrimido por las entidades crediticias para este rechazo, seg\u00fan han transmitido a ambas organizaciones de la mediaci\u00f3n, ha sido que estos profesionales pertenecen al sector de seguros. Los negocios de los mediadores de seguros se han visto tan afectados por los efectos econ\u00f3micos del COVID-19 como cualquier otro colectivo de aut\u00f3nomos y pymes.<\/p>\n<p>Paralelamente ambas organizaciones han informado a la DGSFP poniendo en su conocimiento esta situaci\u00f3n para que los acompa\u00f1ara en su defensa ante el ICO por entender que se estaba discriminando a los mediadores de seguros, aut\u00f3nomos y Pymes, con el leg\u00edtimo derecho para acceder a estos pr\u00e9stamos l\u00ednea ICO COVID-19.<\/p>\n<p>Fruto de estas actuaciones, el ICO ha reconsiderado esta situaci\u00f3n y ha procedido a informar a las entidades financieras para que abran la l\u00ednea de avales ICO COVID-19 a todos los agentes y corredores de seguros para que puedan beneficiarse de estas ayudas en igualdad de condiciones con el resto de aut\u00f3nomos y pymes.<\/p>\n<p>El Consejo General y ADECOSE concuerdan en que no exist\u00eda raz\u00f3n alguna que permitiera discriminar a los mediadores de seguros en la concesi\u00f3n de estos cr\u00e9ditos y se felicitan por haber conseguido que los agentes y corredores que lo necesiten puedan optar a esta alternativa de financiaci\u00f3n para la subsistencia de sus negocios.<\/p>\n<p>Los presidentes de ambas organizaciones, Elena Jim\u00e9nez de Andrade y Mart\u00edn Navaz, respectivamente, \u201cagradecen la sensibilidad demostrada tanto por la DGSFP como por el ICO en este asunto, lo cual ha permitido resolver esta situaci\u00f3n en beneficio de todos los agentes y corredores de seguros\u201d.<\/p>\n","protected":false},"excerpt":{"rendered":"<p>El Consejo General y ADECOSE hab\u00edan solicitado al Instituto de Cr\u00e9dito Oficial que los mediadores, agentes y corredores de seguros, pudieran acogerse a los pr\u00e9stamos&#8230;<\/p>\n","protected":false},"author":197,"featured_media":6939,"comment_status":"closed","ping_status":"closed","sticky":false,"template":"","format":"standard","meta":{"_acf_changed":false,"_price":"","_stock":"","_tribe_ticket_header":"","_tribe_default_ticket_provider":"","_tribe_ticket_capacity":"0","_ticket_start_date":"","_ticket_end_date":"","_tribe_ticket_show_description":"","_tribe_ticket_show_not_going":false,"_tribe_ticket_use_global_stock":"","_tribe_ticket_global_stock_level":"","_global_stock_mode":"","_global_stock_cap":"","_tribe_rsvp_for_event":"","_tribe_ticket_going_count":"","_tribe_ticket_not_going_count":"","_tribe_tickets_list":"[]","_tribe_ticket_has_attendee_info_fields":false,"footnotes":""},"categories":[2],"tags":[],"class_list":["post-6936","post","type-post","status-publish","format-standard","has-post-thumbnail","category-noticias"],"acf":[],"yoast_head":"<!-- This site is optimized with the Yoast SEO plugin v27.2 - https:\/\/yoast.com\/product\/yoast-seo-wordpress\/ -->\n<title>Los mediadores de seguros, avalados por la DGFSP, logran que el ICO abra la l\u00ednea de avales Covid-19 - ADECOSE<\/title>\n<meta name=\"robots\" content=\"index, follow, max-snippet:-1, max-image-preview:large, max-video-preview:-1\" \/>\n<link rel=\"canonical\" href=\"https:\/\/www.adecose.com\/los-mediadores-de-seguros-avalados-por-la-dgfsp-logran-que-el-ico-abra-la-linea-de-avales-covid-19\/\" \/>\n<meta property=\"og:locale\" content=\"ca_ES\" \/>\n<meta property=\"og:type\" content=\"article\" \/>\n<meta property=\"og:title\" content=\"Los mediadores de seguros, avalados por la DGFSP, logran que el ICO abra la l\u00ednea de avales Covid-19 - ADECOSE\" \/>\n<meta property=\"og:description\" content=\"El Consejo General y ADECOSE hab\u00edan solicitado al Instituto de Cr\u00e9dito Oficial que los mediadores, agentes y corredores de seguros, pudieran acogerse a los pr\u00e9stamos...\" \/>\n<meta property=\"og:url\" content=\"https:\/\/www.adecose.com\/los-mediadores-de-seguros-avalados-por-la-dgfsp-logran-que-el-ico-abra-la-linea-de-avales-covid-19\/\" \/>\n<meta property=\"og:site_name\" content=\"ADECOSE\" \/>\n<meta property=\"article:published_time\" content=\"2020-04-16T14:19:06+00:00\" \/>\n<meta property=\"article:modified_time\" content=\"2020-10-27T16:42:40+00:00\" \/>\n<meta property=\"og:image\" content=\"https:\/\/www.adecose.com\/wp-content\/uploads\/2020\/04\/writing-notes-idea-conference.jpg\" \/>\n\t<meta property=\"og:image:width\" content=\"2520\" \/>\n\t<meta property=\"og:image:height\" content=\"1490\" \/>\n\t<meta property=\"og:image:type\" content=\"image\/jpeg\" \/>\n<meta name=\"author\" content=\"Comunicaci\u00f3n ADECOSE\" \/>\n<meta name=\"twitter:card\" content=\"summary_large_image\" \/>\n<meta name=\"twitter:label1\" content=\"Escrit per\" \/>\n\t<meta name=\"twitter:data1\" content=\"Comunicaci\u00f3n ADECOSE\" \/>\n\t<meta name=\"twitter:label2\" content=\"Temps estimat de lectura\" \/>\n\t<meta name=\"twitter:data2\" content=\"2 minuts\" \/>\n<script type=\"application\/ld+json\" class=\"yoast-schema-graph\">{\"@context\":\"https:\/\/schema.org\",\"@graph\":[{\"@type\":\"Article\",\"@id\":\"https:\/\/www.adecose.com\/los-mediadores-de-seguros-avalados-por-la-dgfsp-logran-que-el-ico-abra-la-linea-de-avales-covid-19\/#article\",\"isPartOf\":{\"@id\":\"https:\/\/www.adecose.com\/los-mediadores-de-seguros-avalados-por-la-dgfsp-logran-que-el-ico-abra-la-linea-de-avales-covid-19\/\"},\"author\":{\"name\":\"Comunicaci\u00f3n ADECOSE\",\"@id\":\"https:\/\/www.adecose.com\/gl\/#\/schema\/person\/ff086ce55f6379e1d225a2c0dca5eeb6\"},\"headline\":\"Los mediadores de seguros, avalados por la DGFSP, logran que el ICO abra la l\u00ednea de avales Covid-19\",\"datePublished\":\"2020-04-16T14:19:06+00:00\",\"dateModified\":\"2020-10-27T16:42:40+00:00\",\"mainEntityOfPage\":{\"@id\":\"https:\/\/www.adecose.com\/los-mediadores-de-seguros-avalados-por-la-dgfsp-logran-que-el-ico-abra-la-linea-de-avales-covid-19\/\"},\"wordCount\":400,\"publisher\":{\"@id\":\"https:\/\/www.adecose.com\/gl\/#organization\"},\"image\":{\"@id\":\"https:\/\/www.adecose.com\/los-mediadores-de-seguros-avalados-por-la-dgfsp-logran-que-el-ico-abra-la-linea-de-avales-covid-19\/#primaryimage\"},\"thumbnailUrl\":\"https:\/\/www.adecose.com\/wp-content\/uploads\/2020\/04\/writing-notes-idea-conference.jpg\",\"articleSection\":[\"Noticias\"],\"inLanguage\":\"ca\"},{\"@type\":\"WebPage\",\"@id\":\"https:\/\/www.adecose.com\/los-mediadores-de-seguros-avalados-por-la-dgfsp-logran-que-el-ico-abra-la-linea-de-avales-covid-19\/\",\"url\":\"https:\/\/www.adecose.com\/los-mediadores-de-seguros-avalados-por-la-dgfsp-logran-que-el-ico-abra-la-linea-de-avales-covid-19\/\",\"name\":\"Los mediadores de seguros, avalados por la DGFSP, logran que el ICO abra la l\u00ednea de avales Covid-19 - ADECOSE\",\"isPartOf\":{\"@id\":\"https:\/\/www.adecose.com\/gl\/#website\"},\"primaryImageOfPage\":{\"@id\":\"https:\/\/www.adecose.com\/los-mediadores-de-seguros-avalados-por-la-dgfsp-logran-que-el-ico-abra-la-linea-de-avales-covid-19\/#primaryimage\"},\"image\":{\"@id\":\"https:\/\/www.adecose.com\/los-mediadores-de-seguros-avalados-por-la-dgfsp-logran-que-el-ico-abra-la-linea-de-avales-covid-19\/#primaryimage\"},\"thumbnailUrl\":\"https:\/\/www.adecose.com\/wp-content\/uploads\/2020\/04\/writing-notes-idea-conference.jpg\",\"datePublished\":\"2020-04-16T14:19:06+00:00\",\"dateModified\":\"2020-10-27T16:42:40+00:00\",\"breadcrumb\":{\"@id\":\"https:\/\/www.adecose.com\/los-mediadores-de-seguros-avalados-por-la-dgfsp-logran-que-el-ico-abra-la-linea-de-avales-covid-19\/#breadcrumb\"},\"inLanguage\":\"ca\",\"potentialAction\":[{\"@type\":\"ReadAction\",\"target\":[\"https:\/\/www.adecose.com\/los-mediadores-de-seguros-avalados-por-la-dgfsp-logran-que-el-ico-abra-la-linea-de-avales-covid-19\/\"]}]},{\"@type\":\"ImageObject\",\"inLanguage\":\"ca\",\"@id\":\"https:\/\/www.adecose.com\/los-mediadores-de-seguros-avalados-por-la-dgfsp-logran-que-el-ico-abra-la-linea-de-avales-covid-19\/#primaryimage\",\"url\":\"https:\/\/www.adecose.com\/wp-content\/uploads\/2020\/04\/writing-notes-idea-conference.jpg\",\"contentUrl\":\"https:\/\/www.adecose.com\/wp-content\/uploads\/2020\/04\/writing-notes-idea-conference.jpg\",\"width\":2520,\"height\":1490},{\"@type\":\"BreadcrumbList\",\"@id\":\"https:\/\/www.adecose.com\/los-mediadores-de-seguros-avalados-por-la-dgfsp-logran-que-el-ico-abra-la-linea-de-avales-covid-19\/#breadcrumb\",\"itemListElement\":[{\"@type\":\"ListItem\",\"position\":1,\"name\":\"Portada\",\"item\":\"https:\/\/www.adecose.com\/ca\/associacio-espanyola-de-corredories-dassegurances-i-reassegurances\/\"},{\"@type\":\"ListItem\",\"position\":2,\"name\":\"Los mediadores de seguros, avalados por la DGFSP, logran que el ICO abra la l\u00ednea de avales Covid-19\"}]},{\"@type\":\"WebSite\",\"@id\":\"https:\/\/www.adecose.com\/gl\/#website\",\"url\":\"https:\/\/www.adecose.com\/gl\/\",\"name\":\"ADECOSE\",\"description\":\"Associaci\u00f3 Espanyola de Corredories d\u2019Assegurances i Reassegurances\",\"publisher\":{\"@id\":\"https:\/\/www.adecose.com\/gl\/#organization\"},\"potentialAction\":[{\"@type\":\"SearchAction\",\"target\":{\"@type\":\"EntryPoint\",\"urlTemplate\":\"https:\/\/www.adecose.com\/gl\/?s={search_term_string}\"},\"query-input\":{\"@type\":\"PropertyValueSpecification\",\"valueRequired\":true,\"valueName\":\"search_term_string\"}}],\"inLanguage\":\"ca\"},{\"@type\":\"Organization\",\"@id\":\"https:\/\/www.adecose.com\/gl\/#organization\",\"name\":\"ADECOSE\",\"url\":\"https:\/\/www.adecose.com\/gl\/\",\"logo\":{\"@type\":\"ImageObject\",\"inLanguage\":\"ca\",\"@id\":\"https:\/\/www.adecose.com\/gl\/#\/schema\/logo\/image\/\",\"url\":\"https:\/\/www.adecose.com\/wp-content\/uploads\/2020\/07\/favicon.png\",\"contentUrl\":\"https:\/\/www.adecose.com\/wp-content\/uploads\/2020\/07\/favicon.png\",\"width\":512,\"height\":512,\"caption\":\"ADECOSE\"},\"image\":{\"@id\":\"https:\/\/www.adecose.com\/gl\/#\/schema\/logo\/image\/\"}},{\"@type\":\"Person\",\"@id\":\"https:\/\/www.adecose.com\/gl\/#\/schema\/person\/ff086ce55f6379e1d225a2c0dca5eeb6\",\"name\":\"Comunicaci\u00f3n ADECOSE\",\"image\":{\"@type\":\"ImageObject\",\"inLanguage\":\"ca\",\"@id\":\"https:\/\/secure.gravatar.com\/avatar\/01cd1f9571997441bf1da6d1cc147351305f03fe8f2acf1ebbec60ebb26924ce?s=96&d=mm&r=g\",\"url\":\"https:\/\/secure.gravatar.com\/avatar\/01cd1f9571997441bf1da6d1cc147351305f03fe8f2acf1ebbec60ebb26924ce?s=96&d=mm&r=g\",\"contentUrl\":\"https:\/\/secure.gravatar.com\/avatar\/01cd1f9571997441bf1da6d1cc147351305f03fe8f2acf1ebbec60ebb26924ce?s=96&d=mm&r=g\",\"caption\":\"Comunicaci\u00f3n ADECOSE\"}}]}<\/script>\n<!-- \/ Yoast SEO plugin. -->","yoast_head_json":{"title":"Los mediadores de seguros, avalados por la DGFSP, logran que el ICO abra la l\u00ednea de avales Covid-19 - ADECOSE","robots":{"index":"index","follow":"follow","max-snippet":"max-snippet:-1","max-image-preview":"max-image-preview:large","max-video-preview":"max-video-preview:-1"},"canonical":"https:\/\/www.adecose.com\/los-mediadores-de-seguros-avalados-por-la-dgfsp-logran-que-el-ico-abra-la-linea-de-avales-covid-19\/","og_locale":"ca_ES","og_type":"article","og_title":"Los mediadores de seguros, avalados por la DGFSP, logran que el ICO abra la l\u00ednea de avales Covid-19 - ADECOSE","og_description":"El Consejo General y ADECOSE hab\u00edan solicitado al Instituto de Cr\u00e9dito Oficial que los mediadores, agentes y corredores de seguros, pudieran acogerse a los pr\u00e9stamos...","og_url":"https:\/\/www.adecose.com\/los-mediadores-de-seguros-avalados-por-la-dgfsp-logran-que-el-ico-abra-la-linea-de-avales-covid-19\/","og_site_name":"ADECOSE","article_published_time":"2020-04-16T14:19:06+00:00","article_modified_time":"2020-10-27T16:42:40+00:00","og_image":[{"width":2520,"height":1490,"url":"https:\/\/www.adecose.com\/wp-content\/uploads\/2020\/04\/writing-notes-idea-conference.jpg","type":"image\/jpeg"}],"author":"Comunicaci\u00f3n ADECOSE","twitter_card":"summary_large_image","twitter_misc":{"Escrit per":"Comunicaci\u00f3n ADECOSE","Temps estimat de lectura":"2 minuts"},"schema":{"@context":"https:\/\/schema.org","@graph":[{"@type":"Article","@id":"https:\/\/www.adecose.com\/los-mediadores-de-seguros-avalados-por-la-dgfsp-logran-que-el-ico-abra-la-linea-de-avales-covid-19\/#article","isPartOf":{"@id":"https:\/\/www.adecose.com\/los-mediadores-de-seguros-avalados-por-la-dgfsp-logran-que-el-ico-abra-la-linea-de-avales-covid-19\/"},"author":{"name":"Comunicaci\u00f3n ADECOSE","@id":"https:\/\/www.adecose.com\/gl\/#\/schema\/person\/ff086ce55f6379e1d225a2c0dca5eeb6"},"headline":"Los mediadores de seguros, avalados por la DGFSP, logran que el ICO abra la l\u00ednea de avales Covid-19","datePublished":"2020-04-16T14:19:06+00:00","dateModified":"2020-10-27T16:42:40+00:00","mainEntityOfPage":{"@id":"https:\/\/www.adecose.com\/los-mediadores-de-seguros-avalados-por-la-dgfsp-logran-que-el-ico-abra-la-linea-de-avales-covid-19\/"},"wordCount":400,"publisher":{"@id":"https:\/\/www.adecose.com\/gl\/#organization"},"image":{"@id":"https:\/\/www.adecose.com\/los-mediadores-de-seguros-avalados-por-la-dgfsp-logran-que-el-ico-abra-la-linea-de-avales-covid-19\/#primaryimage"},"thumbnailUrl":"https:\/\/www.adecose.com\/wp-content\/uploads\/2020\/04\/writing-notes-idea-conference.jpg","articleSection":["Noticias"],"inLanguage":"ca"},{"@type":"WebPage","@id":"https:\/\/www.adecose.com\/los-mediadores-de-seguros-avalados-por-la-dgfsp-logran-que-el-ico-abra-la-linea-de-avales-covid-19\/","url":"https:\/\/www.adecose.com\/los-mediadores-de-seguros-avalados-por-la-dgfsp-logran-que-el-ico-abra-la-linea-de-avales-covid-19\/","name":"Los mediadores de seguros, avalados por la DGFSP, logran que el ICO abra la l\u00ednea de avales Covid-19 - ADECOSE","isPartOf":{"@id":"https:\/\/www.adecose.com\/gl\/#website"},"primaryImageOfPage":{"@id":"https:\/\/www.adecose.com\/los-mediadores-de-seguros-avalados-por-la-dgfsp-logran-que-el-ico-abra-la-linea-de-avales-covid-19\/#primaryimage"},"image":{"@id":"https:\/\/www.adecose.com\/los-mediadores-de-seguros-avalados-por-la-dgfsp-logran-que-el-ico-abra-la-linea-de-avales-covid-19\/#primaryimage"},"thumbnailUrl":"https:\/\/www.adecose.com\/wp-content\/uploads\/2020\/04\/writing-notes-idea-conference.jpg","datePublished":"2020-04-16T14:19:06+00:00","dateModified":"2020-10-27T16:42:40+00:00","breadcrumb":{"@id":"https:\/\/www.adecose.com\/los-mediadores-de-seguros-avalados-por-la-dgfsp-logran-que-el-ico-abra-la-linea-de-avales-covid-19\/#breadcrumb"},"inLanguage":"ca","potentialAction":[{"@type":"ReadAction","target":["https:\/\/www.adecose.com\/los-mediadores-de-seguros-avalados-por-la-dgfsp-logran-que-el-ico-abra-la-linea-de-avales-covid-19\/"]}]},{"@type":"ImageObject","inLanguage":"ca","@id":"https:\/\/www.adecose.com\/los-mediadores-de-seguros-avalados-por-la-dgfsp-logran-que-el-ico-abra-la-linea-de-avales-covid-19\/#primaryimage","url":"https:\/\/www.adecose.com\/wp-content\/uploads\/2020\/04\/writing-notes-idea-conference.jpg","contentUrl":"https:\/\/www.adecose.com\/wp-content\/uploads\/2020\/04\/writing-notes-idea-conference.jpg","width":2520,"height":1490},{"@type":"BreadcrumbList","@id":"https:\/\/www.adecose.com\/los-mediadores-de-seguros-avalados-por-la-dgfsp-logran-que-el-ico-abra-la-linea-de-avales-covid-19\/#breadcrumb","itemListElement":[{"@type":"ListItem","position":1,"name":"Portada","item":"https:\/\/www.adecose.com\/ca\/associacio-espanyola-de-corredories-dassegurances-i-reassegurances\/"},{"@type":"ListItem","position":2,"name":"Los mediadores de seguros, avalados por la DGFSP, logran que el ICO abra la l\u00ednea de avales Covid-19"}]},{"@type":"WebSite","@id":"https:\/\/www.adecose.com\/gl\/#website","url":"https:\/\/www.adecose.com\/gl\/","name":"ADECOSE","description":"Associaci\u00f3 Espanyola de Corredories d\u2019Assegurances i Reassegurances","publisher":{"@id":"https:\/\/www.adecose.com\/gl\/#organization"},"potentialAction":[{"@type":"SearchAction","target":{"@type":"EntryPoint","urlTemplate":"https:\/\/www.adecose.com\/gl\/?s={search_term_string}"},"query-input":{"@type":"PropertyValueSpecification","valueRequired":true,"valueName":"search_term_string"}}],"inLanguage":"ca"},{"@type":"Organization","@id":"https:\/\/www.adecose.com\/gl\/#organization","name":"ADECOSE","url":"https:\/\/www.adecose.com\/gl\/","logo":{"@type":"ImageObject","inLanguage":"ca","@id":"https:\/\/www.adecose.com\/gl\/#\/schema\/logo\/image\/","url":"https:\/\/www.adecose.com\/wp-content\/uploads\/2020\/07\/favicon.png","contentUrl":"https:\/\/www.adecose.com\/wp-content\/uploads\/2020\/07\/favicon.png","width":512,"height":512,"caption":"ADECOSE"},"image":{"@id":"https:\/\/www.adecose.com\/gl\/#\/schema\/logo\/image\/"}},{"@type":"Person","@id":"https:\/\/www.adecose.com\/gl\/#\/schema\/person\/ff086ce55f6379e1d225a2c0dca5eeb6","name":"Comunicaci\u00f3n ADECOSE","image":{"@type":"ImageObject","inLanguage":"ca","@id":"https:\/\/secure.gravatar.com\/avatar\/01cd1f9571997441bf1da6d1cc147351305f03fe8f2acf1ebbec60ebb26924ce?s=96&d=mm&r=g","url":"https:\/\/secure.gravatar.com\/avatar\/01cd1f9571997441bf1da6d1cc147351305f03fe8f2acf1ebbec60ebb26924ce?s=96&d=mm&r=g","contentUrl":"https:\/\/secure.gravatar.com\/avatar\/01cd1f9571997441bf1da6d1cc147351305f03fe8f2acf1ebbec60ebb26924ce?s=96&d=mm&r=g","caption":"Comunicaci\u00f3n ADECOSE"}}]}},"_links":{"self":[{"href":"https:\/\/www.adecose.com\/ca\/wp-json\/wp\/v2\/posts\/6936","targetHints":{"allow":["GET"]}}],"collection":[{"href":"https:\/\/www.adecose.com\/ca\/wp-json\/wp\/v2\/posts"}],"about":[{"href":"https:\/\/www.adecose.com\/ca\/wp-json\/wp\/v2\/types\/post"}],"author":[{"embeddable":true,"href":"https:\/\/www.adecose.com\/ca\/wp-json\/wp\/v2\/users\/197"}],"replies":[{"embeddable":true,"href":"https:\/\/www.adecose.com\/ca\/wp-json\/wp\/v2\/comments?post=6936"}],"version-history":[{"count":0,"href":"https:\/\/www.adecose.com\/ca\/wp-json\/wp\/v2\/posts\/6936\/revisions"}],"wp:featuredmedia":[{"embeddable":true,"href":"https:\/\/www.adecose.com\/ca\/wp-json\/wp\/v2\/media\/6939"}],"wp:attachment":[{"href":"https:\/\/www.adecose.com\/ca\/wp-json\/wp\/v2\/media?parent=6936"}],"wp:term":[{"taxonomy":"category","embeddable":true,"href":"https:\/\/www.adecose.com\/ca\/wp-json\/wp\/v2\/categories?post=6936"},{"taxonomy":"post_tag","embeddable":true,"href":"https:\/\/www.adecose.com\/ca\/wp-json\/wp\/v2\/tags?post=6936"}],"curies":[{"name":"wp","href":"https:\/\/api.w.org\/{rel}","templated":true}]}}