{"id":20568,"date":"2026-04-28T09:00:25","date_gmt":"2026-04-28T07:00:25","guid":{"rendered":"https:\/\/www.adecose.com\/?p=20568"},"modified":"2026-04-27T16:03:48","modified_gmt":"2026-04-27T14:03:48","slug":"finsa-grupo-celebra-en-andalucia-una-jornada-de-trabajo-para-impulsar-la-mejora-operativa-y-el-crecimiento-en-mediacion","status":"publish","type":"post","link":"https:\/\/www.adecose.com\/ca\/finsa-grupo-celebra-en-andalucia-una-jornada-de-trabajo-para-impulsar-la-mejora-operativa-y-el-crecimiento-en-mediacion\/","title":{"rendered":"Finsa Grupo celebra en Andaluc\u00eda una jornada de trabajo para impulsar la mejora operativa y el crecimiento en mediaci\u00f3n"},"content":{"rendered":"<p class=\"p2\">Finsa Grupo ha celebrado el pasado 9 de abril una jornada de trabajo en Andaluc\u00eda en la que el comit\u00e9 de direcci\u00f3n se reuni\u00f3 con un amplio grupo de compa\u00f1eros de la zona, con el objetivo de reforzar la coordinaci\u00f3n, analizar retos operativos y seguir impulsando el crecimiento dentro del modelo de mediaci\u00f3n de la corredur\u00eda.<\/p>\n<p class=\"p2\">El encuentro sirvi\u00f3 como espacio de di\u00e1logo y an\u00e1lisis conjunto, en el que se abordaron los principales desaf\u00edos del d\u00eda a d\u00eda de la actividad, as\u00ed como los m\u00e1rgenes de mejora existentes en la gesti\u00f3n del negocio.<\/p>\n<p class=\"p2\">Durante la jornada, se puso especial foco en la importancia de optimizar el rendimiento por cliente, como uno de los pilares clave para la evoluci\u00f3n y sostenibilidad de las carteras. Asimismo, se presentaron novedades en materia tecnol\u00f3gica y herramientas de gesti\u00f3n, orientadas a mejorar la eficiencia operativa y a dotar a los profesionales de mayores capacidades en su actividad diaria.<\/p>\n<p class=\"p2\">La jornada tambi\u00e9n incluy\u00f3 espacios de intercambio entre los asistentes, donde se compartieron metodolog\u00edas de trabajo, experiencias reales y casos de \u00e9xito que se est\u00e1n desarrollando dentro del grupo, favoreciendo as\u00ed el aprendizaje conjunto y la alineaci\u00f3n estrat\u00e9gica.<\/p>\n<p class=\"p2\">Desde Finsa Grupo destacan el valor de este tipo de encuentros como elemento clave para fortalecer el proyecto com\u00fan: \u201cEste tipo de jornadas nos permiten estar m\u00e1s cerca del d\u00eda a d\u00eda de nuestros compa\u00f1eros, escuchar sus necesidades y trabajar de forma conjunta en soluciones que nos ayuden a seguir creciendo de manera s\u00f3lida y coordinada\u201d.<\/p>\n<p class=\"p2\">El encuentro concluy\u00f3 en un ambiente de colaboraci\u00f3n y compa\u00f1erismo, reforzando los v\u00ednculos entre los profesionales y consolidando una cultura de trabajo basada en la cercan\u00eda, el intercambio de conocimiento y la mejora continua. Con iniciativas como esta, Finsa Grupo reafirma su apuesta por el desarrollo de su red en Andaluc\u00eda y por un modelo de mediaci\u00f3n centrado en la profesionalizaci\u00f3n, la innovaci\u00f3n y el crecimiento compartido.<\/p>\n","protected":false},"excerpt":{"rendered":"<p>Finsa Grupo ha celebrado el pasado 9 de abril una jornada de trabajo en Andaluc\u00eda en la que el comit\u00e9 de direcci\u00f3n se reuni\u00f3 con&#8230;<\/p>\n","protected":false},"author":197,"featured_media":20569,"comment_status":"closed","ping_status":"closed","sticky":false,"template":"","format":"standard","meta":{"_acf_changed":false,"_price":"","_stock":"","_tribe_ticket_header":"","_tribe_default_ticket_provider":"","_tribe_ticket_capacity":"","_ticket_start_date":"","_ticket_end_date":"","_tribe_ticket_show_description":"","_tribe_ticket_show_not_going":false,"_tribe_ticket_use_global_stock":"","_tribe_ticket_global_stock_level":"","_global_stock_mode":"","_global_stock_cap":"","_tribe_rsvp_for_event":"","_tribe_ticket_going_count":"","_tribe_ticket_not_going_count":"","_tribe_tickets_list":"[]","_tribe_ticket_has_attendee_info_fields":false,"footnotes":""},"categories":[339],"tags":[517,283,426,738],"class_list":["post-20568","post","type-post","status-publish","format-standard","has-post-thumbnail","category-espacio-correduriasadecose","tag-corredurias-de-seguros","tag-eventos","tag-finsa","tag-jornadas-de-trabajo"],"acf":[],"yoast_head":"<!-- This site is optimized with the Yoast SEO plugin v27.2 - https:\/\/yoast.com\/product\/yoast-seo-wordpress\/ -->\n<title>Finsa Grupo celebra en Andaluc\u00eda una jornada de trabajo para impulsar la mejora operativa y el crecimiento en mediaci\u00f3n - ADECOSE<\/title>\n<meta name=\"robots\" content=\"index, follow, max-snippet:-1, max-image-preview:large, max-video-preview:-1\" \/>\n<link rel=\"canonical\" href=\"https:\/\/www.adecose.com\/finsa-grupo-celebra-en-andalucia-una-jornada-de-trabajo-para-impulsar-la-mejora-operativa-y-el-crecimiento-en-mediacion\/\" \/>\n<meta property=\"og:locale\" content=\"ca_ES\" \/>\n<meta property=\"og:type\" content=\"article\" \/>\n<meta property=\"og:title\" content=\"Finsa Grupo celebra en Andaluc\u00eda una jornada de trabajo para impulsar la mejora operativa y el crecimiento en mediaci\u00f3n - ADECOSE\" \/>\n<meta property=\"og:description\" content=\"Finsa Grupo ha celebrado el pasado 9 de abril una jornada de trabajo en Andaluc\u00eda en la que el comit\u00e9 de direcci\u00f3n se reuni\u00f3 con...\" \/>\n<meta property=\"og:url\" content=\"https:\/\/www.adecose.com\/finsa-grupo-celebra-en-andalucia-una-jornada-de-trabajo-para-impulsar-la-mejora-operativa-y-el-crecimiento-en-mediacion\/\" \/>\n<meta property=\"og:site_name\" content=\"ADECOSE\" \/>\n<meta property=\"article:published_time\" content=\"2026-04-28T07:00:25+00:00\" \/>\n<meta property=\"og:image\" content=\"https:\/\/www.adecose.com\/wp-content\/uploads\/2026\/04\/Finsa-Grupo-celebra-en-Andalucia-una-jornada-de-trabajo-para-impulsar-la-mejora-operativa-y-el-crecimiento-en-mediacion.jpeg\" \/>\n\t<meta property=\"og:image:width\" content=\"1600\" \/>\n\t<meta property=\"og:image:height\" content=\"1200\" \/>\n\t<meta property=\"og:image:type\" content=\"image\/jpeg\" \/>\n<meta name=\"author\" content=\"Comunicaci\u00f3n ADECOSE\" \/>\n<meta name=\"twitter:card\" content=\"summary_large_image\" \/>\n<meta name=\"twitter:label1\" content=\"Escrit per\" \/>\n\t<meta name=\"twitter:data1\" content=\"Comunicaci\u00f3n ADECOSE\" \/>\n\t<meta name=\"twitter:label2\" content=\"Temps estimat de lectura\" \/>\n\t<meta name=\"twitter:data2\" content=\"2 minuts\" \/>\n<script type=\"application\/ld+json\" class=\"yoast-schema-graph\">{\"@context\":\"https:\/\/schema.org\",\"@graph\":[{\"@type\":\"Article\",\"@id\":\"https:\/\/www.adecose.com\/finsa-grupo-celebra-en-andalucia-una-jornada-de-trabajo-para-impulsar-la-mejora-operativa-y-el-crecimiento-en-mediacion\/#article\",\"isPartOf\":{\"@id\":\"https:\/\/www.adecose.com\/finsa-grupo-celebra-en-andalucia-una-jornada-de-trabajo-para-impulsar-la-mejora-operativa-y-el-crecimiento-en-mediacion\/\"},\"author\":{\"name\":\"Comunicaci\u00f3n ADECOSE\",\"@id\":\"https:\/\/www.adecose.com\/gl\/#\/schema\/person\/ff086ce55f6379e1d225a2c0dca5eeb6\"},\"headline\":\"Finsa Grupo celebra en Andaluc\u00eda una jornada de trabajo para impulsar la mejora operativa y el crecimiento en mediaci\u00f3n\",\"datePublished\":\"2026-04-28T07:00:25+00:00\",\"mainEntityOfPage\":{\"@id\":\"https:\/\/www.adecose.com\/finsa-grupo-celebra-en-andalucia-una-jornada-de-trabajo-para-impulsar-la-mejora-operativa-y-el-crecimiento-en-mediacion\/\"},\"wordCount\":369,\"publisher\":{\"@id\":\"https:\/\/www.adecose.com\/gl\/#organization\"},\"image\":{\"@id\":\"https:\/\/www.adecose.com\/finsa-grupo-celebra-en-andalucia-una-jornada-de-trabajo-para-impulsar-la-mejora-operativa-y-el-crecimiento-en-mediacion\/#primaryimage\"},\"thumbnailUrl\":\"https:\/\/www.adecose.com\/wp-content\/uploads\/2026\/04\/Finsa-Grupo-celebra-en-Andalucia-una-jornada-de-trabajo-para-impulsar-la-mejora-operativa-y-el-crecimiento-en-mediacion.jpeg\",\"keywords\":[\"Corredur\u00edas de seguros\",\"EVENTOS\",\"Finsa\",\"Jornadas de trabajo\"],\"articleSection\":[\"Espacio #Corredur\u00edasADECOSE\"],\"inLanguage\":\"ca\"},{\"@type\":\"WebPage\",\"@id\":\"https:\/\/www.adecose.com\/finsa-grupo-celebra-en-andalucia-una-jornada-de-trabajo-para-impulsar-la-mejora-operativa-y-el-crecimiento-en-mediacion\/\",\"url\":\"https:\/\/www.adecose.com\/finsa-grupo-celebra-en-andalucia-una-jornada-de-trabajo-para-impulsar-la-mejora-operativa-y-el-crecimiento-en-mediacion\/\",\"name\":\"Finsa Grupo celebra en Andaluc\u00eda una jornada de trabajo para impulsar la mejora operativa y el crecimiento en mediaci\u00f3n - ADECOSE\",\"isPartOf\":{\"@id\":\"https:\/\/www.adecose.com\/gl\/#website\"},\"primaryImageOfPage\":{\"@id\":\"https:\/\/www.adecose.com\/finsa-grupo-celebra-en-andalucia-una-jornada-de-trabajo-para-impulsar-la-mejora-operativa-y-el-crecimiento-en-mediacion\/#primaryimage\"},\"image\":{\"@id\":\"https:\/\/www.adecose.com\/finsa-grupo-celebra-en-andalucia-una-jornada-de-trabajo-para-impulsar-la-mejora-operativa-y-el-crecimiento-en-mediacion\/#primaryimage\"},\"thumbnailUrl\":\"https:\/\/www.adecose.com\/wp-content\/uploads\/2026\/04\/Finsa-Grupo-celebra-en-Andalucia-una-jornada-de-trabajo-para-impulsar-la-mejora-operativa-y-el-crecimiento-en-mediacion.jpeg\",\"datePublished\":\"2026-04-28T07:00:25+00:00\",\"breadcrumb\":{\"@id\":\"https:\/\/www.adecose.com\/finsa-grupo-celebra-en-andalucia-una-jornada-de-trabajo-para-impulsar-la-mejora-operativa-y-el-crecimiento-en-mediacion\/#breadcrumb\"},\"inLanguage\":\"ca\",\"potentialAction\":[{\"@type\":\"ReadAction\",\"target\":[\"https:\/\/www.adecose.com\/finsa-grupo-celebra-en-andalucia-una-jornada-de-trabajo-para-impulsar-la-mejora-operativa-y-el-crecimiento-en-mediacion\/\"]}]},{\"@type\":\"ImageObject\",\"inLanguage\":\"ca\",\"@id\":\"https:\/\/www.adecose.com\/finsa-grupo-celebra-en-andalucia-una-jornada-de-trabajo-para-impulsar-la-mejora-operativa-y-el-crecimiento-en-mediacion\/#primaryimage\",\"url\":\"https:\/\/www.adecose.com\/wp-content\/uploads\/2026\/04\/Finsa-Grupo-celebra-en-Andalucia-una-jornada-de-trabajo-para-impulsar-la-mejora-operativa-y-el-crecimiento-en-mediacion.jpeg\",\"contentUrl\":\"https:\/\/www.adecose.com\/wp-content\/uploads\/2026\/04\/Finsa-Grupo-celebra-en-Andalucia-una-jornada-de-trabajo-para-impulsar-la-mejora-operativa-y-el-crecimiento-en-mediacion.jpeg\",\"width\":1600,\"height\":1200},{\"@type\":\"BreadcrumbList\",\"@id\":\"https:\/\/www.adecose.com\/finsa-grupo-celebra-en-andalucia-una-jornada-de-trabajo-para-impulsar-la-mejora-operativa-y-el-crecimiento-en-mediacion\/#breadcrumb\",\"itemListElement\":[{\"@type\":\"ListItem\",\"position\":1,\"name\":\"Portada\",\"item\":\"https:\/\/www.adecose.com\/ca\/associacio-espanyola-de-corredories-dassegurances-i-reassegurances\/\"},{\"@type\":\"ListItem\",\"position\":2,\"name\":\"Finsa Grupo celebra en Andaluc\u00eda una jornada de trabajo para impulsar la mejora operativa y el crecimiento en mediaci\u00f3n\"}]},{\"@type\":\"WebSite\",\"@id\":\"https:\/\/www.adecose.com\/gl\/#website\",\"url\":\"https:\/\/www.adecose.com\/gl\/\",\"name\":\"ADECOSE\",\"description\":\"Associaci\u00f3 Espanyola de Corredories d\u2019Assegurances i Reassegurances\",\"publisher\":{\"@id\":\"https:\/\/www.adecose.com\/gl\/#organization\"},\"potentialAction\":[{\"@type\":\"SearchAction\",\"target\":{\"@type\":\"EntryPoint\",\"urlTemplate\":\"https:\/\/www.adecose.com\/gl\/?s={search_term_string}\"},\"query-input\":{\"@type\":\"PropertyValueSpecification\",\"valueRequired\":true,\"valueName\":\"search_term_string\"}}],\"inLanguage\":\"ca\"},{\"@type\":\"Organization\",\"@id\":\"https:\/\/www.adecose.com\/gl\/#organization\",\"name\":\"ADECOSE\",\"url\":\"https:\/\/www.adecose.com\/gl\/\",\"logo\":{\"@type\":\"ImageObject\",\"inLanguage\":\"ca\",\"@id\":\"https:\/\/www.adecose.com\/gl\/#\/schema\/logo\/image\/\",\"url\":\"https:\/\/www.adecose.com\/wp-content\/uploads\/2020\/07\/favicon.png\",\"contentUrl\":\"https:\/\/www.adecose.com\/wp-content\/uploads\/2020\/07\/favicon.png\",\"width\":512,\"height\":512,\"caption\":\"ADECOSE\"},\"image\":{\"@id\":\"https:\/\/www.adecose.com\/gl\/#\/schema\/logo\/image\/\"}},{\"@type\":\"Person\",\"@id\":\"https:\/\/www.adecose.com\/gl\/#\/schema\/person\/ff086ce55f6379e1d225a2c0dca5eeb6\",\"name\":\"Comunicaci\u00f3n ADECOSE\",\"image\":{\"@type\":\"ImageObject\",\"inLanguage\":\"ca\",\"@id\":\"https:\/\/secure.gravatar.com\/avatar\/01cd1f9571997441bf1da6d1cc147351305f03fe8f2acf1ebbec60ebb26924ce?s=96&d=mm&r=g\",\"url\":\"https:\/\/secure.gravatar.com\/avatar\/01cd1f9571997441bf1da6d1cc147351305f03fe8f2acf1ebbec60ebb26924ce?s=96&d=mm&r=g\",\"contentUrl\":\"https:\/\/secure.gravatar.com\/avatar\/01cd1f9571997441bf1da6d1cc147351305f03fe8f2acf1ebbec60ebb26924ce?s=96&d=mm&r=g\",\"caption\":\"Comunicaci\u00f3n ADECOSE\"}}]}<\/script>\n<!-- \/ Yoast SEO plugin. -->","yoast_head_json":{"title":"Finsa Grupo celebra en Andaluc\u00eda una jornada de trabajo para impulsar la mejora operativa y el crecimiento en mediaci\u00f3n - ADECOSE","robots":{"index":"index","follow":"follow","max-snippet":"max-snippet:-1","max-image-preview":"max-image-preview:large","max-video-preview":"max-video-preview:-1"},"canonical":"https:\/\/www.adecose.com\/finsa-grupo-celebra-en-andalucia-una-jornada-de-trabajo-para-impulsar-la-mejora-operativa-y-el-crecimiento-en-mediacion\/","og_locale":"ca_ES","og_type":"article","og_title":"Finsa Grupo celebra en Andaluc\u00eda una jornada de trabajo para impulsar la mejora operativa y el crecimiento en mediaci\u00f3n - ADECOSE","og_description":"Finsa Grupo ha celebrado el pasado 9 de abril una jornada de trabajo en Andaluc\u00eda en la que el comit\u00e9 de direcci\u00f3n se reuni\u00f3 con...","og_url":"https:\/\/www.adecose.com\/finsa-grupo-celebra-en-andalucia-una-jornada-de-trabajo-para-impulsar-la-mejora-operativa-y-el-crecimiento-en-mediacion\/","og_site_name":"ADECOSE","article_published_time":"2026-04-28T07:00:25+00:00","og_image":[{"width":1600,"height":1200,"url":"https:\/\/www.adecose.com\/wp-content\/uploads\/2026\/04\/Finsa-Grupo-celebra-en-Andalucia-una-jornada-de-trabajo-para-impulsar-la-mejora-operativa-y-el-crecimiento-en-mediacion.jpeg","type":"image\/jpeg"}],"author":"Comunicaci\u00f3n ADECOSE","twitter_card":"summary_large_image","twitter_misc":{"Escrit per":"Comunicaci\u00f3n ADECOSE","Temps estimat de lectura":"2 minuts"},"schema":{"@context":"https:\/\/schema.org","@graph":[{"@type":"Article","@id":"https:\/\/www.adecose.com\/finsa-grupo-celebra-en-andalucia-una-jornada-de-trabajo-para-impulsar-la-mejora-operativa-y-el-crecimiento-en-mediacion\/#article","isPartOf":{"@id":"https:\/\/www.adecose.com\/finsa-grupo-celebra-en-andalucia-una-jornada-de-trabajo-para-impulsar-la-mejora-operativa-y-el-crecimiento-en-mediacion\/"},"author":{"name":"Comunicaci\u00f3n ADECOSE","@id":"https:\/\/www.adecose.com\/gl\/#\/schema\/person\/ff086ce55f6379e1d225a2c0dca5eeb6"},"headline":"Finsa Grupo celebra en Andaluc\u00eda una jornada de trabajo para impulsar la mejora operativa y el crecimiento en mediaci\u00f3n","datePublished":"2026-04-28T07:00:25+00:00","mainEntityOfPage":{"@id":"https:\/\/www.adecose.com\/finsa-grupo-celebra-en-andalucia-una-jornada-de-trabajo-para-impulsar-la-mejora-operativa-y-el-crecimiento-en-mediacion\/"},"wordCount":369,"publisher":{"@id":"https:\/\/www.adecose.com\/gl\/#organization"},"image":{"@id":"https:\/\/www.adecose.com\/finsa-grupo-celebra-en-andalucia-una-jornada-de-trabajo-para-impulsar-la-mejora-operativa-y-el-crecimiento-en-mediacion\/#primaryimage"},"thumbnailUrl":"https:\/\/www.adecose.com\/wp-content\/uploads\/2026\/04\/Finsa-Grupo-celebra-en-Andalucia-una-jornada-de-trabajo-para-impulsar-la-mejora-operativa-y-el-crecimiento-en-mediacion.jpeg","keywords":["Corredur\u00edas de seguros","EVENTOS","Finsa","Jornadas de trabajo"],"articleSection":["Espacio #Corredur\u00edasADECOSE"],"inLanguage":"ca"},{"@type":"WebPage","@id":"https:\/\/www.adecose.com\/finsa-grupo-celebra-en-andalucia-una-jornada-de-trabajo-para-impulsar-la-mejora-operativa-y-el-crecimiento-en-mediacion\/","url":"https:\/\/www.adecose.com\/finsa-grupo-celebra-en-andalucia-una-jornada-de-trabajo-para-impulsar-la-mejora-operativa-y-el-crecimiento-en-mediacion\/","name":"Finsa Grupo celebra en Andaluc\u00eda una jornada de trabajo para impulsar la mejora operativa y el crecimiento en mediaci\u00f3n - ADECOSE","isPartOf":{"@id":"https:\/\/www.adecose.com\/gl\/#website"},"primaryImageOfPage":{"@id":"https:\/\/www.adecose.com\/finsa-grupo-celebra-en-andalucia-una-jornada-de-trabajo-para-impulsar-la-mejora-operativa-y-el-crecimiento-en-mediacion\/#primaryimage"},"image":{"@id":"https:\/\/www.adecose.com\/finsa-grupo-celebra-en-andalucia-una-jornada-de-trabajo-para-impulsar-la-mejora-operativa-y-el-crecimiento-en-mediacion\/#primaryimage"},"thumbnailUrl":"https:\/\/www.adecose.com\/wp-content\/uploads\/2026\/04\/Finsa-Grupo-celebra-en-Andalucia-una-jornada-de-trabajo-para-impulsar-la-mejora-operativa-y-el-crecimiento-en-mediacion.jpeg","datePublished":"2026-04-28T07:00:25+00:00","breadcrumb":{"@id":"https:\/\/www.adecose.com\/finsa-grupo-celebra-en-andalucia-una-jornada-de-trabajo-para-impulsar-la-mejora-operativa-y-el-crecimiento-en-mediacion\/#breadcrumb"},"inLanguage":"ca","potentialAction":[{"@type":"ReadAction","target":["https:\/\/www.adecose.com\/finsa-grupo-celebra-en-andalucia-una-jornada-de-trabajo-para-impulsar-la-mejora-operativa-y-el-crecimiento-en-mediacion\/"]}]},{"@type":"ImageObject","inLanguage":"ca","@id":"https:\/\/www.adecose.com\/finsa-grupo-celebra-en-andalucia-una-jornada-de-trabajo-para-impulsar-la-mejora-operativa-y-el-crecimiento-en-mediacion\/#primaryimage","url":"https:\/\/www.adecose.com\/wp-content\/uploads\/2026\/04\/Finsa-Grupo-celebra-en-Andalucia-una-jornada-de-trabajo-para-impulsar-la-mejora-operativa-y-el-crecimiento-en-mediacion.jpeg","contentUrl":"https:\/\/www.adecose.com\/wp-content\/uploads\/2026\/04\/Finsa-Grupo-celebra-en-Andalucia-una-jornada-de-trabajo-para-impulsar-la-mejora-operativa-y-el-crecimiento-en-mediacion.jpeg","width":1600,"height":1200},{"@type":"BreadcrumbList","@id":"https:\/\/www.adecose.com\/finsa-grupo-celebra-en-andalucia-una-jornada-de-trabajo-para-impulsar-la-mejora-operativa-y-el-crecimiento-en-mediacion\/#breadcrumb","itemListElement":[{"@type":"ListItem","position":1,"name":"Portada","item":"https:\/\/www.adecose.com\/ca\/associacio-espanyola-de-corredories-dassegurances-i-reassegurances\/"},{"@type":"ListItem","position":2,"name":"Finsa Grupo celebra en Andaluc\u00eda una jornada de trabajo para impulsar la mejora operativa y el crecimiento en mediaci\u00f3n"}]},{"@type":"WebSite","@id":"https:\/\/www.adecose.com\/gl\/#website","url":"https:\/\/www.adecose.com\/gl\/","name":"ADECOSE","description":"Associaci\u00f3 Espanyola de Corredories d\u2019Assegurances i Reassegurances","publisher":{"@id":"https:\/\/www.adecose.com\/gl\/#organization"},"potentialAction":[{"@type":"SearchAction","target":{"@type":"EntryPoint","urlTemplate":"https:\/\/www.adecose.com\/gl\/?s={search_term_string}"},"query-input":{"@type":"PropertyValueSpecification","valueRequired":true,"valueName":"search_term_string"}}],"inLanguage":"ca"},{"@type":"Organization","@id":"https:\/\/www.adecose.com\/gl\/#organization","name":"ADECOSE","url":"https:\/\/www.adecose.com\/gl\/","logo":{"@type":"ImageObject","inLanguage":"ca","@id":"https:\/\/www.adecose.com\/gl\/#\/schema\/logo\/image\/","url":"https:\/\/www.adecose.com\/wp-content\/uploads\/2020\/07\/favicon.png","contentUrl":"https:\/\/www.adecose.com\/wp-content\/uploads\/2020\/07\/favicon.png","width":512,"height":512,"caption":"ADECOSE"},"image":{"@id":"https:\/\/www.adecose.com\/gl\/#\/schema\/logo\/image\/"}},{"@type":"Person","@id":"https:\/\/www.adecose.com\/gl\/#\/schema\/person\/ff086ce55f6379e1d225a2c0dca5eeb6","name":"Comunicaci\u00f3n ADECOSE","image":{"@type":"ImageObject","inLanguage":"ca","@id":"https:\/\/secure.gravatar.com\/avatar\/01cd1f9571997441bf1da6d1cc147351305f03fe8f2acf1ebbec60ebb26924ce?s=96&d=mm&r=g","url":"https:\/\/secure.gravatar.com\/avatar\/01cd1f9571997441bf1da6d1cc147351305f03fe8f2acf1ebbec60ebb26924ce?s=96&d=mm&r=g","contentUrl":"https:\/\/secure.gravatar.com\/avatar\/01cd1f9571997441bf1da6d1cc147351305f03fe8f2acf1ebbec60ebb26924ce?s=96&d=mm&r=g","caption":"Comunicaci\u00f3n ADECOSE"}}]}},"_links":{"self":[{"href":"https:\/\/www.adecose.com\/ca\/wp-json\/wp\/v2\/posts\/20568","targetHints":{"allow":["GET"]}}],"collection":[{"href":"https:\/\/www.adecose.com\/ca\/wp-json\/wp\/v2\/posts"}],"about":[{"href":"https:\/\/www.adecose.com\/ca\/wp-json\/wp\/v2\/types\/post"}],"author":[{"embeddable":true,"href":"https:\/\/www.adecose.com\/ca\/wp-json\/wp\/v2\/users\/197"}],"replies":[{"embeddable":true,"href":"https:\/\/www.adecose.com\/ca\/wp-json\/wp\/v2\/comments?post=20568"}],"version-history":[{"count":1,"href":"https:\/\/www.adecose.com\/ca\/wp-json\/wp\/v2\/posts\/20568\/revisions"}],"predecessor-version":[{"id":20570,"href":"https:\/\/www.adecose.com\/ca\/wp-json\/wp\/v2\/posts\/20568\/revisions\/20570"}],"wp:featuredmedia":[{"embeddable":true,"href":"https:\/\/www.adecose.com\/ca\/wp-json\/wp\/v2\/media\/20569"}],"wp:attachment":[{"href":"https:\/\/www.adecose.com\/ca\/wp-json\/wp\/v2\/media?parent=20568"}],"wp:term":[{"taxonomy":"category","embeddable":true,"href":"https:\/\/www.adecose.com\/ca\/wp-json\/wp\/v2\/categories?post=20568"},{"taxonomy":"post_tag","embeddable":true,"href":"https:\/\/www.adecose.com\/ca\/wp-json\/wp\/v2\/tags?post=20568"}],"curies":[{"name":"wp","href":"https:\/\/api.w.org\/{rel}","templated":true}]}}