{"id":20561,"date":"2026-04-27T09:55:24","date_gmt":"2026-04-27T07:55:24","guid":{"rendered":"https:\/\/www.adecose.com\/?p=20561"},"modified":"2026-04-27T09:55:24","modified_gmt":"2026-04-27T07:55:24","slug":"uniteco-se-consolida-como-la-correduria-independiente-lider-en-la-proteccion-del-sector-sanitario-en-espana","status":"publish","type":"post","link":"https:\/\/www.adecose.com\/ca\/uniteco-se-consolida-como-la-correduria-independiente-lider-en-la-proteccion-del-sector-sanitario-en-espana\/","title":{"rendered":"Uniteco se consolida como la corredur\u00eda independiente l\u00edder en la protecci\u00f3n del sector sanitario en Espa\u00f1a"},"content":{"rendered":"<ul>\n<li><strong><em>En un mercado cada vez m\u00e1s concentrado, Uniteco refuerza su liderazgo en el \u00e1mbito m\u00e9dico al situar la calidad del servicio, la confianza y el acompa\u00f1amiento al profesional sanitario como sus principales ejes diferenciales frente a corredur\u00edas de mayor tama\u00f1o y car\u00e1cter generalista.<\/em><\/strong><\/li>\n<\/ul>\n<p>Seg\u00fan el <strong>Estudio Financiero de Corredur\u00edas Espa\u00f1olas de INESE<\/strong>, y considerando \u00fanicamente corredur\u00edas de capital totalmente independiente, <strong>Uniteco<\/strong> se posiciona entre las principales firmas independientes del pa\u00eds, destacando de forma clara como la n\u00famero 1 en el sector sanitario.<\/p>\n<p>Este posicionamiento cobra especial relevancia en un sector donde la independencia de criterio, la cercan\u00eda al cliente y la agilidad en la toma de decisiones se han convertido en factores diferenciales clave.<\/p>\n<p>Mientras otras corredur\u00edas de mayor volumen han evolucionado hacia modelos de consolidaci\u00f3n o integraci\u00f3n en grupos aseguradores o financieros, Uniteco ha mantenido un modelo de <strong>propiedad 100% independiente<\/strong>, lo que le permite preservar su identidad, su enfoque de servicio y su especializaci\u00f3n en el profesional sanitario.<\/p>\n<p>\u201cLa independencia no es solo una cuesti\u00f3n de estructura societaria, es una forma de entender el negocio. Nos permite tomar decisiones pensando exclusivamente en el m\u00e9dico, sin condicionantes externos, sin intereses cruzados y con una visi\u00f3n totalmente centrada en su protecci\u00f3n\u201d, afirma <strong>Juan Pablo N\u00fa\u00f1ez<\/strong>, CEO de Uniteco.<\/p>\n<p>El an\u00e1lisis del sector muestra que, dentro del grupo de corredur\u00edas independientes de referencia en Espa\u00f1a, Uniteco destaca no solo por su volumen, sino por su <strong>especializaci\u00f3n profunda en el sector sanitario<\/strong>, un nicho altamente exigente y con necesidades aseguradoras muy espec\u00edficas.<\/p>\n<p>En este contexto, el liderazgo de Uniteco no se explica \u00fanicamente por m\u00e9tricas financieras, sino por un factor clave: <strong>la confianza del profesional sanitario<\/strong>. Los m\u00e9dicos y profesionales de la salud valoran especialmente tres elementos en su relaci\u00f3n con su corredur\u00eda: la calidad t\u00e9cnica y el conocimiento profundo de los riesgos y necesidades del profesional, la capacidad de respuesta ante siniestros complejos y, sobre todo, la confianza y cercan\u00eda en el acompa\u00f1amiento continuo.<\/p>\n<p>\u201cEl m\u00e9dico no elige solo una p\u00f3liza. Elige un interlocutor en el que conf\u00eda para <strong>proteger su carrera profesional<\/strong>. Y esa confianza se construye con a\u00f1os de servicio, con coherencia y con un compromiso absoluto con la calidad\u201d, a\u00f1ade N\u00fa\u00f1ez.<\/p>\n<p>Este enfoque ha permitido a Uniteco consolidar un modelo diferencial dentro del mercado asegurador espa\u00f1ol: el de una corredur\u00eda <strong>altamente especializada y centrada en el valor a\u00f1adido real para el cliente<\/strong>, alej\u00e1ndose de modelos basados exclusivamente en escala o integraci\u00f3n corporativa.<\/p>\n<p>Uniteco refuerza as\u00ed su posici\u00f3n como <strong>referente independiente en el sector sanitario<\/strong>, demostrando que la especializaci\u00f3n y la independencia siguen siendo factores clave de liderazgo.<\/p>\n<p>\u201cNo aspiramos a ser una corredur\u00eda m\u00e1s grande. Aspiramos a ser la corredur\u00eda en la que m\u00e1s m\u00e9dicos conf\u00edan. Y eso no se consigue con volumen, se consigue con excelencia\u201d, concluye el CEO de Uniteco.<\/p>\n","protected":false},"excerpt":{"rendered":"<p>En un mercado cada vez m\u00e1s concentrado, Uniteco refuerza su liderazgo en el \u00e1mbito m\u00e9dico al situar la calidad del servicio, la confianza y el&#8230;<\/p>\n","protected":false},"author":197,"featured_media":20562,"comment_status":"closed","ping_status":"closed","sticky":false,"template":"","format":"standard","meta":{"_acf_changed":false,"_price":"","_stock":"","_tribe_ticket_header":"","_tribe_default_ticket_provider":"","_tribe_ticket_capacity":"","_ticket_start_date":"","_ticket_end_date":"","_tribe_ticket_show_description":"","_tribe_ticket_show_not_going":false,"_tribe_ticket_use_global_stock":"","_tribe_ticket_global_stock_level":"","_global_stock_mode":"","_global_stock_cap":"","_tribe_rsvp_for_event":"","_tribe_ticket_going_count":"","_tribe_ticket_not_going_count":"","_tribe_tickets_list":"[]","_tribe_ticket_has_attendee_info_fields":false,"footnotes":""},"categories":[339],"tags":[517,592,383],"class_list":["post-20561","post","type-post","status-publish","format-standard","has-post-thumbnail","category-espacio-correduriasadecose","tag-corredurias-de-seguros","tag-seguro-de-salud","tag-uniteco"],"acf":[],"yoast_head":"<!-- This site is optimized with the Yoast SEO plugin v27.2 - https:\/\/yoast.com\/product\/yoast-seo-wordpress\/ -->\n<title>Uniteco se consolida como la corredur\u00eda independiente l\u00edder en la protecci\u00f3n del sector sanitario en Espa\u00f1a - ADECOSE<\/title>\n<meta name=\"robots\" content=\"index, follow, max-snippet:-1, max-image-preview:large, max-video-preview:-1\" \/>\n<link rel=\"canonical\" href=\"https:\/\/www.adecose.com\/uniteco-se-consolida-como-la-correduria-independiente-lider-en-la-proteccion-del-sector-sanitario-en-espana\/\" \/>\n<meta property=\"og:locale\" content=\"ca_ES\" \/>\n<meta property=\"og:type\" content=\"article\" \/>\n<meta property=\"og:title\" content=\"Uniteco se consolida como la corredur\u00eda independiente l\u00edder en la protecci\u00f3n del sector sanitario en Espa\u00f1a - ADECOSE\" \/>\n<meta property=\"og:description\" content=\"En un mercado cada vez m\u00e1s concentrado, Uniteco refuerza su liderazgo en el \u00e1mbito m\u00e9dico al situar la calidad del servicio, la confianza y el...\" \/>\n<meta property=\"og:url\" content=\"https:\/\/www.adecose.com\/uniteco-se-consolida-como-la-correduria-independiente-lider-en-la-proteccion-del-sector-sanitario-en-espana\/\" \/>\n<meta property=\"og:site_name\" content=\"ADECOSE\" \/>\n<meta property=\"article:published_time\" content=\"2026-04-27T07:55:24+00:00\" \/>\n<meta property=\"og:image\" content=\"https:\/\/www.adecose.com\/wp-content\/uploads\/2026\/04\/Juan-Pablo-Nunez-CEO-de-Uniteco-4.png\" \/>\n\t<meta property=\"og:image:width\" content=\"1000\" \/>\n\t<meta property=\"og:image:height\" content=\"666\" \/>\n\t<meta property=\"og:image:type\" content=\"image\/png\" \/>\n<meta name=\"author\" content=\"Comunicaci\u00f3n ADECOSE\" \/>\n<meta name=\"twitter:card\" content=\"summary_large_image\" \/>\n<meta name=\"twitter:label1\" content=\"Escrit per\" \/>\n\t<meta name=\"twitter:data1\" content=\"Comunicaci\u00f3n ADECOSE\" \/>\n\t<meta name=\"twitter:label2\" content=\"Temps estimat de lectura\" \/>\n\t<meta name=\"twitter:data2\" content=\"3 minuts\" \/>\n<script type=\"application\/ld+json\" class=\"yoast-schema-graph\">{\"@context\":\"https:\/\/schema.org\",\"@graph\":[{\"@type\":\"Article\",\"@id\":\"https:\/\/www.adecose.com\/uniteco-se-consolida-como-la-correduria-independiente-lider-en-la-proteccion-del-sector-sanitario-en-espana\/#article\",\"isPartOf\":{\"@id\":\"https:\/\/www.adecose.com\/uniteco-se-consolida-como-la-correduria-independiente-lider-en-la-proteccion-del-sector-sanitario-en-espana\/\"},\"author\":{\"name\":\"Comunicaci\u00f3n ADECOSE\",\"@id\":\"https:\/\/www.adecose.com\/gl\/#\/schema\/person\/ff086ce55f6379e1d225a2c0dca5eeb6\"},\"headline\":\"Uniteco se consolida como la corredur\u00eda independiente l\u00edder en la protecci\u00f3n del sector sanitario en Espa\u00f1a\",\"datePublished\":\"2026-04-27T07:55:24+00:00\",\"mainEntityOfPage\":{\"@id\":\"https:\/\/www.adecose.com\/uniteco-se-consolida-como-la-correduria-independiente-lider-en-la-proteccion-del-sector-sanitario-en-espana\/\"},\"wordCount\":535,\"publisher\":{\"@id\":\"https:\/\/www.adecose.com\/gl\/#organization\"},\"image\":{\"@id\":\"https:\/\/www.adecose.com\/uniteco-se-consolida-como-la-correduria-independiente-lider-en-la-proteccion-del-sector-sanitario-en-espana\/#primaryimage\"},\"thumbnailUrl\":\"https:\/\/www.adecose.com\/wp-content\/uploads\/2026\/04\/Juan-Pablo-Nunez-CEO-de-Uniteco-4.png\",\"keywords\":[\"Corredur\u00edas de seguros\",\"Seguro de salud\",\"UNITECO\"],\"articleSection\":[\"Espacio #Corredur\u00edasADECOSE\"],\"inLanguage\":\"ca\"},{\"@type\":\"WebPage\",\"@id\":\"https:\/\/www.adecose.com\/uniteco-se-consolida-como-la-correduria-independiente-lider-en-la-proteccion-del-sector-sanitario-en-espana\/\",\"url\":\"https:\/\/www.adecose.com\/uniteco-se-consolida-como-la-correduria-independiente-lider-en-la-proteccion-del-sector-sanitario-en-espana\/\",\"name\":\"Uniteco se consolida como la corredur\u00eda independiente l\u00edder en la protecci\u00f3n del sector sanitario en Espa\u00f1a - ADECOSE\",\"isPartOf\":{\"@id\":\"https:\/\/www.adecose.com\/gl\/#website\"},\"primaryImageOfPage\":{\"@id\":\"https:\/\/www.adecose.com\/uniteco-se-consolida-como-la-correduria-independiente-lider-en-la-proteccion-del-sector-sanitario-en-espana\/#primaryimage\"},\"image\":{\"@id\":\"https:\/\/www.adecose.com\/uniteco-se-consolida-como-la-correduria-independiente-lider-en-la-proteccion-del-sector-sanitario-en-espana\/#primaryimage\"},\"thumbnailUrl\":\"https:\/\/www.adecose.com\/wp-content\/uploads\/2026\/04\/Juan-Pablo-Nunez-CEO-de-Uniteco-4.png\",\"datePublished\":\"2026-04-27T07:55:24+00:00\",\"breadcrumb\":{\"@id\":\"https:\/\/www.adecose.com\/uniteco-se-consolida-como-la-correduria-independiente-lider-en-la-proteccion-del-sector-sanitario-en-espana\/#breadcrumb\"},\"inLanguage\":\"ca\",\"potentialAction\":[{\"@type\":\"ReadAction\",\"target\":[\"https:\/\/www.adecose.com\/uniteco-se-consolida-como-la-correduria-independiente-lider-en-la-proteccion-del-sector-sanitario-en-espana\/\"]}]},{\"@type\":\"ImageObject\",\"inLanguage\":\"ca\",\"@id\":\"https:\/\/www.adecose.com\/uniteco-se-consolida-como-la-correduria-independiente-lider-en-la-proteccion-del-sector-sanitario-en-espana\/#primaryimage\",\"url\":\"https:\/\/www.adecose.com\/wp-content\/uploads\/2026\/04\/Juan-Pablo-Nunez-CEO-de-Uniteco-4.png\",\"contentUrl\":\"https:\/\/www.adecose.com\/wp-content\/uploads\/2026\/04\/Juan-Pablo-Nunez-CEO-de-Uniteco-4.png\",\"width\":1000,\"height\":666},{\"@type\":\"BreadcrumbList\",\"@id\":\"https:\/\/www.adecose.com\/uniteco-se-consolida-como-la-correduria-independiente-lider-en-la-proteccion-del-sector-sanitario-en-espana\/#breadcrumb\",\"itemListElement\":[{\"@type\":\"ListItem\",\"position\":1,\"name\":\"Portada\",\"item\":\"https:\/\/www.adecose.com\/ca\/associacio-espanyola-de-corredories-dassegurances-i-reassegurances\/\"},{\"@type\":\"ListItem\",\"position\":2,\"name\":\"Uniteco se consolida como la corredur\u00eda independiente l\u00edder en la protecci\u00f3n del sector sanitario en Espa\u00f1a\"}]},{\"@type\":\"WebSite\",\"@id\":\"https:\/\/www.adecose.com\/gl\/#website\",\"url\":\"https:\/\/www.adecose.com\/gl\/\",\"name\":\"ADECOSE\",\"description\":\"Associaci\u00f3 Espanyola de Corredories d\u2019Assegurances i Reassegurances\",\"publisher\":{\"@id\":\"https:\/\/www.adecose.com\/gl\/#organization\"},\"potentialAction\":[{\"@type\":\"SearchAction\",\"target\":{\"@type\":\"EntryPoint\",\"urlTemplate\":\"https:\/\/www.adecose.com\/gl\/?s={search_term_string}\"},\"query-input\":{\"@type\":\"PropertyValueSpecification\",\"valueRequired\":true,\"valueName\":\"search_term_string\"}}],\"inLanguage\":\"ca\"},{\"@type\":\"Organization\",\"@id\":\"https:\/\/www.adecose.com\/gl\/#organization\",\"name\":\"ADECOSE\",\"url\":\"https:\/\/www.adecose.com\/gl\/\",\"logo\":{\"@type\":\"ImageObject\",\"inLanguage\":\"ca\",\"@id\":\"https:\/\/www.adecose.com\/gl\/#\/schema\/logo\/image\/\",\"url\":\"https:\/\/www.adecose.com\/wp-content\/uploads\/2020\/07\/favicon.png\",\"contentUrl\":\"https:\/\/www.adecose.com\/wp-content\/uploads\/2020\/07\/favicon.png\",\"width\":512,\"height\":512,\"caption\":\"ADECOSE\"},\"image\":{\"@id\":\"https:\/\/www.adecose.com\/gl\/#\/schema\/logo\/image\/\"}},{\"@type\":\"Person\",\"@id\":\"https:\/\/www.adecose.com\/gl\/#\/schema\/person\/ff086ce55f6379e1d225a2c0dca5eeb6\",\"name\":\"Comunicaci\u00f3n ADECOSE\",\"image\":{\"@type\":\"ImageObject\",\"inLanguage\":\"ca\",\"@id\":\"https:\/\/secure.gravatar.com\/avatar\/01cd1f9571997441bf1da6d1cc147351305f03fe8f2acf1ebbec60ebb26924ce?s=96&d=mm&r=g\",\"url\":\"https:\/\/secure.gravatar.com\/avatar\/01cd1f9571997441bf1da6d1cc147351305f03fe8f2acf1ebbec60ebb26924ce?s=96&d=mm&r=g\",\"contentUrl\":\"https:\/\/secure.gravatar.com\/avatar\/01cd1f9571997441bf1da6d1cc147351305f03fe8f2acf1ebbec60ebb26924ce?s=96&d=mm&r=g\",\"caption\":\"Comunicaci\u00f3n ADECOSE\"}}]}<\/script>\n<!-- \/ Yoast SEO plugin. -->","yoast_head_json":{"title":"Uniteco se consolida como la corredur\u00eda independiente l\u00edder en la protecci\u00f3n del sector sanitario en Espa\u00f1a - ADECOSE","robots":{"index":"index","follow":"follow","max-snippet":"max-snippet:-1","max-image-preview":"max-image-preview:large","max-video-preview":"max-video-preview:-1"},"canonical":"https:\/\/www.adecose.com\/uniteco-se-consolida-como-la-correduria-independiente-lider-en-la-proteccion-del-sector-sanitario-en-espana\/","og_locale":"ca_ES","og_type":"article","og_title":"Uniteco se consolida como la corredur\u00eda independiente l\u00edder en la protecci\u00f3n del sector sanitario en Espa\u00f1a - ADECOSE","og_description":"En un mercado cada vez m\u00e1s concentrado, Uniteco refuerza su liderazgo en el \u00e1mbito m\u00e9dico al situar la calidad del servicio, la confianza y el...","og_url":"https:\/\/www.adecose.com\/uniteco-se-consolida-como-la-correduria-independiente-lider-en-la-proteccion-del-sector-sanitario-en-espana\/","og_site_name":"ADECOSE","article_published_time":"2026-04-27T07:55:24+00:00","og_image":[{"width":1000,"height":666,"url":"https:\/\/www.adecose.com\/wp-content\/uploads\/2026\/04\/Juan-Pablo-Nunez-CEO-de-Uniteco-4.png","type":"image\/png"}],"author":"Comunicaci\u00f3n ADECOSE","twitter_card":"summary_large_image","twitter_misc":{"Escrit per":"Comunicaci\u00f3n ADECOSE","Temps estimat de lectura":"3 minuts"},"schema":{"@context":"https:\/\/schema.org","@graph":[{"@type":"Article","@id":"https:\/\/www.adecose.com\/uniteco-se-consolida-como-la-correduria-independiente-lider-en-la-proteccion-del-sector-sanitario-en-espana\/#article","isPartOf":{"@id":"https:\/\/www.adecose.com\/uniteco-se-consolida-como-la-correduria-independiente-lider-en-la-proteccion-del-sector-sanitario-en-espana\/"},"author":{"name":"Comunicaci\u00f3n ADECOSE","@id":"https:\/\/www.adecose.com\/gl\/#\/schema\/person\/ff086ce55f6379e1d225a2c0dca5eeb6"},"headline":"Uniteco se consolida como la corredur\u00eda independiente l\u00edder en la protecci\u00f3n del sector sanitario en Espa\u00f1a","datePublished":"2026-04-27T07:55:24+00:00","mainEntityOfPage":{"@id":"https:\/\/www.adecose.com\/uniteco-se-consolida-como-la-correduria-independiente-lider-en-la-proteccion-del-sector-sanitario-en-espana\/"},"wordCount":535,"publisher":{"@id":"https:\/\/www.adecose.com\/gl\/#organization"},"image":{"@id":"https:\/\/www.adecose.com\/uniteco-se-consolida-como-la-correduria-independiente-lider-en-la-proteccion-del-sector-sanitario-en-espana\/#primaryimage"},"thumbnailUrl":"https:\/\/www.adecose.com\/wp-content\/uploads\/2026\/04\/Juan-Pablo-Nunez-CEO-de-Uniteco-4.png","keywords":["Corredur\u00edas de seguros","Seguro de salud","UNITECO"],"articleSection":["Espacio #Corredur\u00edasADECOSE"],"inLanguage":"ca"},{"@type":"WebPage","@id":"https:\/\/www.adecose.com\/uniteco-se-consolida-como-la-correduria-independiente-lider-en-la-proteccion-del-sector-sanitario-en-espana\/","url":"https:\/\/www.adecose.com\/uniteco-se-consolida-como-la-correduria-independiente-lider-en-la-proteccion-del-sector-sanitario-en-espana\/","name":"Uniteco se consolida como la corredur\u00eda independiente l\u00edder en la protecci\u00f3n del sector sanitario en Espa\u00f1a - ADECOSE","isPartOf":{"@id":"https:\/\/www.adecose.com\/gl\/#website"},"primaryImageOfPage":{"@id":"https:\/\/www.adecose.com\/uniteco-se-consolida-como-la-correduria-independiente-lider-en-la-proteccion-del-sector-sanitario-en-espana\/#primaryimage"},"image":{"@id":"https:\/\/www.adecose.com\/uniteco-se-consolida-como-la-correduria-independiente-lider-en-la-proteccion-del-sector-sanitario-en-espana\/#primaryimage"},"thumbnailUrl":"https:\/\/www.adecose.com\/wp-content\/uploads\/2026\/04\/Juan-Pablo-Nunez-CEO-de-Uniteco-4.png","datePublished":"2026-04-27T07:55:24+00:00","breadcrumb":{"@id":"https:\/\/www.adecose.com\/uniteco-se-consolida-como-la-correduria-independiente-lider-en-la-proteccion-del-sector-sanitario-en-espana\/#breadcrumb"},"inLanguage":"ca","potentialAction":[{"@type":"ReadAction","target":["https:\/\/www.adecose.com\/uniteco-se-consolida-como-la-correduria-independiente-lider-en-la-proteccion-del-sector-sanitario-en-espana\/"]}]},{"@type":"ImageObject","inLanguage":"ca","@id":"https:\/\/www.adecose.com\/uniteco-se-consolida-como-la-correduria-independiente-lider-en-la-proteccion-del-sector-sanitario-en-espana\/#primaryimage","url":"https:\/\/www.adecose.com\/wp-content\/uploads\/2026\/04\/Juan-Pablo-Nunez-CEO-de-Uniteco-4.png","contentUrl":"https:\/\/www.adecose.com\/wp-content\/uploads\/2026\/04\/Juan-Pablo-Nunez-CEO-de-Uniteco-4.png","width":1000,"height":666},{"@type":"BreadcrumbList","@id":"https:\/\/www.adecose.com\/uniteco-se-consolida-como-la-correduria-independiente-lider-en-la-proteccion-del-sector-sanitario-en-espana\/#breadcrumb","itemListElement":[{"@type":"ListItem","position":1,"name":"Portada","item":"https:\/\/www.adecose.com\/ca\/associacio-espanyola-de-corredories-dassegurances-i-reassegurances\/"},{"@type":"ListItem","position":2,"name":"Uniteco se consolida como la corredur\u00eda independiente l\u00edder en la protecci\u00f3n del sector sanitario en Espa\u00f1a"}]},{"@type":"WebSite","@id":"https:\/\/www.adecose.com\/gl\/#website","url":"https:\/\/www.adecose.com\/gl\/","name":"ADECOSE","description":"Associaci\u00f3 Espanyola de Corredories d\u2019Assegurances i Reassegurances","publisher":{"@id":"https:\/\/www.adecose.com\/gl\/#organization"},"potentialAction":[{"@type":"SearchAction","target":{"@type":"EntryPoint","urlTemplate":"https:\/\/www.adecose.com\/gl\/?s={search_term_string}"},"query-input":{"@type":"PropertyValueSpecification","valueRequired":true,"valueName":"search_term_string"}}],"inLanguage":"ca"},{"@type":"Organization","@id":"https:\/\/www.adecose.com\/gl\/#organization","name":"ADECOSE","url":"https:\/\/www.adecose.com\/gl\/","logo":{"@type":"ImageObject","inLanguage":"ca","@id":"https:\/\/www.adecose.com\/gl\/#\/schema\/logo\/image\/","url":"https:\/\/www.adecose.com\/wp-content\/uploads\/2020\/07\/favicon.png","contentUrl":"https:\/\/www.adecose.com\/wp-content\/uploads\/2020\/07\/favicon.png","width":512,"height":512,"caption":"ADECOSE"},"image":{"@id":"https:\/\/www.adecose.com\/gl\/#\/schema\/logo\/image\/"}},{"@type":"Person","@id":"https:\/\/www.adecose.com\/gl\/#\/schema\/person\/ff086ce55f6379e1d225a2c0dca5eeb6","name":"Comunicaci\u00f3n ADECOSE","image":{"@type":"ImageObject","inLanguage":"ca","@id":"https:\/\/secure.gravatar.com\/avatar\/01cd1f9571997441bf1da6d1cc147351305f03fe8f2acf1ebbec60ebb26924ce?s=96&d=mm&r=g","url":"https:\/\/secure.gravatar.com\/avatar\/01cd1f9571997441bf1da6d1cc147351305f03fe8f2acf1ebbec60ebb26924ce?s=96&d=mm&r=g","contentUrl":"https:\/\/secure.gravatar.com\/avatar\/01cd1f9571997441bf1da6d1cc147351305f03fe8f2acf1ebbec60ebb26924ce?s=96&d=mm&r=g","caption":"Comunicaci\u00f3n ADECOSE"}}]}},"_links":{"self":[{"href":"https:\/\/www.adecose.com\/ca\/wp-json\/wp\/v2\/posts\/20561","targetHints":{"allow":["GET"]}}],"collection":[{"href":"https:\/\/www.adecose.com\/ca\/wp-json\/wp\/v2\/posts"}],"about":[{"href":"https:\/\/www.adecose.com\/ca\/wp-json\/wp\/v2\/types\/post"}],"author":[{"embeddable":true,"href":"https:\/\/www.adecose.com\/ca\/wp-json\/wp\/v2\/users\/197"}],"replies":[{"embeddable":true,"href":"https:\/\/www.adecose.com\/ca\/wp-json\/wp\/v2\/comments?post=20561"}],"version-history":[{"count":1,"href":"https:\/\/www.adecose.com\/ca\/wp-json\/wp\/v2\/posts\/20561\/revisions"}],"predecessor-version":[{"id":20563,"href":"https:\/\/www.adecose.com\/ca\/wp-json\/wp\/v2\/posts\/20561\/revisions\/20563"}],"wp:featuredmedia":[{"embeddable":true,"href":"https:\/\/www.adecose.com\/ca\/wp-json\/wp\/v2\/media\/20562"}],"wp:attachment":[{"href":"https:\/\/www.adecose.com\/ca\/wp-json\/wp\/v2\/media?parent=20561"}],"wp:term":[{"taxonomy":"category","embeddable":true,"href":"https:\/\/www.adecose.com\/ca\/wp-json\/wp\/v2\/categories?post=20561"},{"taxonomy":"post_tag","embeddable":true,"href":"https:\/\/www.adecose.com\/ca\/wp-json\/wp\/v2\/tags?post=20561"}],"curies":[{"name":"wp","href":"https:\/\/api.w.org\/{rel}","templated":true}]}}