{"id":20027,"date":"2025-12-11T16:57:42","date_gmt":"2025-12-11T15:57:42","guid":{"rendered":"https:\/\/www.adecose.com\/?p=20027"},"modified":"2025-12-11T16:58:38","modified_gmt":"2025-12-11T15:58:38","slug":"adecose-se-reune-en-bruselas-con-la-representacion-permanente-de-espana-ante-la-union-europea-3","status":"publish","type":"post","link":"https:\/\/www.adecose.com\/ca\/adecose-se-reune-en-bruselas-con-la-representacion-permanente-de-espana-ante-la-union-europea-3\/","title":{"rendered":"ADECOSE se re\u00fane en Bruselas con la Representaci\u00f3n Permanente de Espa\u00f1a ante la Uni\u00f3n Europea"},"content":{"rendered":"<ul>\n<li><em>\u00a0<\/em><em>El director gerente de la Asociaci\u00f3n ha intercambiado impresiones sobre la evoluci\u00f3n de la Propuesta de Estrategia Europea de Inversi\u00f3n Minorista (RIS)<\/em> <em>actualmente en tramitaci\u00f3n.<\/em><\/li>\n<\/ul>\n<ul>\n<li><em>Asimismo, ha asistido a la reuni\u00f3n del Comit\u00e9 de Directores de BIPAR, celebrada los d\u00edas 4 y 5 de diciembre en Bruselas, junto al resto de representantes de otras asociaciones europeas.<\/em><strong>\u00a0<\/strong><\/li>\n<\/ul>\n<p>ADECOSE, por medio de su director gerente, Borja L\u00f3pez-Chicheri, se reuni\u00f3 con el consejero de Asuntos Econ\u00f3micos y Financieros de la Representaci\u00f3n Permanente de Espa\u00f1a en la Uni\u00f3n Europea el pasado 5 de diciembre. El objetivo del encuentro era abordar la evoluci\u00f3n de la Propuesta de Estrategia Europea de Inversi\u00f3n Minorista (RIS), actualmente en tramitaci\u00f3n por el Parlamento Europeo (PE) y el Consejo de la Uni\u00f3n Europea en relaci\u00f3n con el impacto que puede tener sobre el sector y con las propuestas de simplificaci\u00f3n de la Propuesta que se est\u00e1n abordando.<\/p>\n<p>Todo ello se produjo en el marco de la pr\u00f3xima reuni\u00f3n a nivel de tr\u00edlogo entre la Comisi\u00f3n Europea, el PE y el Consejo, prevista para el pr\u00f3ximo 17 de diciembre, en la que se puede alcanzar un acuerdo sobre el texto entre las tres instituciones. La Asociaci\u00f3n traslad\u00f3 sus propuestas coordinadas en el seno de la Federaci\u00f3n Europea de Intermediarios de Seguros (BIPAR) en relaci\u00f3n con aspectos en discusi\u00f3n como <em>Value for Money<\/em>, <em>The Investor Journey<\/em> e <em>Inducements<\/em>.<\/p>\n<p>En paralelo, el director gerente asisti\u00f3 a la reuni\u00f3n del Comit\u00e9 de Directores de la BIPAR celebrada en Bruselas durante los d\u00edas 4 y 5 de diciembre. Adem\u00e1s de la representaci\u00f3n espa\u00f1ola, el encuentro cont\u00f3 con una destacada representaci\u00f3n de los directores de las asociaciones de Alemania, Austria, B\u00e9lgica, Francia, Irlanda, Italia, Lituania, Pa\u00edses Bajos, Reino Unido y Suecia.<\/p>\n<p>Como aspecto principal del encuentro, se mantuvo una reuni\u00f3n con Nico Spiegel, asesor legal de la Unidad de Seguros y Pensiones de la Direcci\u00f3n General de Estabilidad Financiera, Servicios Financieros y de la Uni\u00f3n de los Mercados de Capitales de la Comisi\u00f3n Europea, con quien se comparti\u00f3 la evoluci\u00f3n de los temas m\u00e1s relevantes en el \u00e1mbito comunitario, incidiendo de manera especial en la tramitaci\u00f3n de la Estrategia de Inversi\u00f3n Minorista (RIS) y en la evoluci\u00f3n del Producto Paneuropeo de Pensiones Individuales (PEPP).<\/p>\n<p>&nbsp;<\/p>\n","protected":false},"excerpt":{"rendered":"<p>\u00a0El director gerente de la Asociaci\u00f3n ha intercambiado impresiones sobre la evoluci\u00f3n de la Propuesta de Estrategia Europea de Inversi\u00f3n Minorista (RIS) actualmente en tramitaci\u00f3n&#8230;.<\/p>\n","protected":false},"author":197,"featured_media":20028,"comment_status":"closed","ping_status":"closed","sticky":false,"template":"","format":"standard","meta":{"_acf_changed":false,"_price":"","_stock":"","_tribe_ticket_header":"","_tribe_default_ticket_provider":"","_tribe_ticket_capacity":"0","_ticket_start_date":"","_ticket_end_date":"","_tribe_ticket_show_description":"","_tribe_ticket_show_not_going":false,"_tribe_ticket_use_global_stock":"","_tribe_ticket_global_stock_level":"","_global_stock_mode":"","_global_stock_cap":"","_tribe_rsvp_for_event":"","_tribe_ticket_going_count":"","_tribe_ticket_not_going_count":"","_tribe_tickets_list":"[]","_tribe_ticket_has_attendee_info_fields":false,"footnotes":""},"categories":[2],"tags":[284,288,381,661,548,609,660],"class_list":["post-20027","post","type-post","status-publish","format-standard","has-post-thumbnail","category-noticias","tag-adecose","tag-bipar","tag-lobby","tag-regulacion-europea","tag-sector-asegurador","tag-seguros","tag-ue"],"acf":[],"yoast_head":"<!-- This site is optimized with the Yoast SEO plugin v27.2 - https:\/\/yoast.com\/product\/yoast-seo-wordpress\/ -->\n<title>ADECOSE se re\u00fane en Bruselas con la Representaci\u00f3n Permanente de Espa\u00f1a ante la Uni\u00f3n Europea - ADECOSE<\/title>\n<meta name=\"robots\" content=\"index, follow, max-snippet:-1, max-image-preview:large, max-video-preview:-1\" \/>\n<link rel=\"canonical\" href=\"https:\/\/www.adecose.com\/adecose-se-reune-en-bruselas-con-la-representacion-permanente-de-espana-ante-la-union-europea-3\/\" \/>\n<meta property=\"og:locale\" content=\"ca_ES\" \/>\n<meta property=\"og:type\" content=\"article\" \/>\n<meta property=\"og:title\" content=\"ADECOSE se re\u00fane en Bruselas con la Representaci\u00f3n Permanente de Espa\u00f1a ante la Uni\u00f3n Europea - ADECOSE\" \/>\n<meta property=\"og:description\" content=\"\u00a0El director gerente de la Asociaci\u00f3n ha intercambiado impresiones sobre la evoluci\u00f3n de la Propuesta de Estrategia Europea de Inversi\u00f3n Minorista (RIS) actualmente en tramitaci\u00f3n....\" \/>\n<meta property=\"og:url\" content=\"https:\/\/www.adecose.com\/adecose-se-reune-en-bruselas-con-la-representacion-permanente-de-espana-ante-la-union-europea-3\/\" \/>\n<meta property=\"og:site_name\" content=\"ADECOSE\" \/>\n<meta property=\"article:published_time\" content=\"2025-12-11T15:57:42+00:00\" \/>\n<meta property=\"article:modified_time\" content=\"2025-12-11T15:58:38+00:00\" \/>\n<meta property=\"og:image\" content=\"https:\/\/www.adecose.com\/wp-content\/uploads\/2025\/12\/Borja-Lopez-Chicheri-Representacion-Permanente-UE.jpeg\" \/>\n\t<meta property=\"og:image:width\" content=\"1600\" \/>\n\t<meta property=\"og:image:height\" content=\"1200\" \/>\n\t<meta property=\"og:image:type\" content=\"image\/jpeg\" \/>\n<meta name=\"author\" content=\"Comunicaci\u00f3n ADECOSE\" \/>\n<meta name=\"twitter:card\" content=\"summary_large_image\" \/>\n<meta name=\"twitter:label1\" content=\"Escrit per\" \/>\n\t<meta name=\"twitter:data1\" content=\"Comunicaci\u00f3n ADECOSE\" \/>\n\t<meta name=\"twitter:label2\" content=\"Temps estimat de lectura\" \/>\n\t<meta name=\"twitter:data2\" content=\"2 minuts\" \/>\n<script type=\"application\/ld+json\" class=\"yoast-schema-graph\">{\"@context\":\"https:\/\/schema.org\",\"@graph\":[{\"@type\":\"Article\",\"@id\":\"https:\/\/www.adecose.com\/adecose-se-reune-en-bruselas-con-la-representacion-permanente-de-espana-ante-la-union-europea-3\/#article\",\"isPartOf\":{\"@id\":\"https:\/\/www.adecose.com\/adecose-se-reune-en-bruselas-con-la-representacion-permanente-de-espana-ante-la-union-europea-3\/\"},\"author\":{\"name\":\"Comunicaci\u00f3n ADECOSE\",\"@id\":\"https:\/\/www.adecose.com\/gl\/#\/schema\/person\/ff086ce55f6379e1d225a2c0dca5eeb6\"},\"headline\":\"ADECOSE se re\u00fane en Bruselas con la Representaci\u00f3n Permanente de Espa\u00f1a ante la Uni\u00f3n Europea\",\"datePublished\":\"2025-12-11T15:57:42+00:00\",\"dateModified\":\"2025-12-11T15:58:38+00:00\",\"mainEntityOfPage\":{\"@id\":\"https:\/\/www.adecose.com\/adecose-se-reune-en-bruselas-con-la-representacion-permanente-de-espana-ante-la-union-europea-3\/\"},\"wordCount\":426,\"publisher\":{\"@id\":\"https:\/\/www.adecose.com\/gl\/#organization\"},\"image\":{\"@id\":\"https:\/\/www.adecose.com\/adecose-se-reune-en-bruselas-con-la-representacion-permanente-de-espana-ante-la-union-europea-3\/#primaryimage\"},\"thumbnailUrl\":\"https:\/\/www.adecose.com\/wp-content\/uploads\/2025\/12\/Borja-Lopez-Chicheri-Representacion-Permanente-UE.jpeg\",\"keywords\":[\"ADECOSE\",\"BIPAR\",\"Lobby\",\"Regulaci\u00f3n Europea\",\"Sector Asegurador\",\"Seguros\",\"UE\"],\"articleSection\":[\"Noticias\"],\"inLanguage\":\"ca\"},{\"@type\":\"WebPage\",\"@id\":\"https:\/\/www.adecose.com\/adecose-se-reune-en-bruselas-con-la-representacion-permanente-de-espana-ante-la-union-europea-3\/\",\"url\":\"https:\/\/www.adecose.com\/adecose-se-reune-en-bruselas-con-la-representacion-permanente-de-espana-ante-la-union-europea-3\/\",\"name\":\"ADECOSE se re\u00fane en Bruselas con la Representaci\u00f3n Permanente de Espa\u00f1a ante la Uni\u00f3n Europea - ADECOSE\",\"isPartOf\":{\"@id\":\"https:\/\/www.adecose.com\/gl\/#website\"},\"primaryImageOfPage\":{\"@id\":\"https:\/\/www.adecose.com\/adecose-se-reune-en-bruselas-con-la-representacion-permanente-de-espana-ante-la-union-europea-3\/#primaryimage\"},\"image\":{\"@id\":\"https:\/\/www.adecose.com\/adecose-se-reune-en-bruselas-con-la-representacion-permanente-de-espana-ante-la-union-europea-3\/#primaryimage\"},\"thumbnailUrl\":\"https:\/\/www.adecose.com\/wp-content\/uploads\/2025\/12\/Borja-Lopez-Chicheri-Representacion-Permanente-UE.jpeg\",\"datePublished\":\"2025-12-11T15:57:42+00:00\",\"dateModified\":\"2025-12-11T15:58:38+00:00\",\"breadcrumb\":{\"@id\":\"https:\/\/www.adecose.com\/adecose-se-reune-en-bruselas-con-la-representacion-permanente-de-espana-ante-la-union-europea-3\/#breadcrumb\"},\"inLanguage\":\"ca\",\"potentialAction\":[{\"@type\":\"ReadAction\",\"target\":[\"https:\/\/www.adecose.com\/adecose-se-reune-en-bruselas-con-la-representacion-permanente-de-espana-ante-la-union-europea-3\/\"]}]},{\"@type\":\"ImageObject\",\"inLanguage\":\"ca\",\"@id\":\"https:\/\/www.adecose.com\/adecose-se-reune-en-bruselas-con-la-representacion-permanente-de-espana-ante-la-union-europea-3\/#primaryimage\",\"url\":\"https:\/\/www.adecose.com\/wp-content\/uploads\/2025\/12\/Borja-Lopez-Chicheri-Representacion-Permanente-UE.jpeg\",\"contentUrl\":\"https:\/\/www.adecose.com\/wp-content\/uploads\/2025\/12\/Borja-Lopez-Chicheri-Representacion-Permanente-UE.jpeg\",\"width\":1600,\"height\":1200},{\"@type\":\"BreadcrumbList\",\"@id\":\"https:\/\/www.adecose.com\/adecose-se-reune-en-bruselas-con-la-representacion-permanente-de-espana-ante-la-union-europea-3\/#breadcrumb\",\"itemListElement\":[{\"@type\":\"ListItem\",\"position\":1,\"name\":\"Portada\",\"item\":\"https:\/\/www.adecose.com\/ca\/associacio-espanyola-de-corredories-dassegurances-i-reassegurances\/\"},{\"@type\":\"ListItem\",\"position\":2,\"name\":\"ADECOSE se re\u00fane en Bruselas con la Representaci\u00f3n Permanente de Espa\u00f1a ante la Uni\u00f3n Europea\"}]},{\"@type\":\"WebSite\",\"@id\":\"https:\/\/www.adecose.com\/gl\/#website\",\"url\":\"https:\/\/www.adecose.com\/gl\/\",\"name\":\"ADECOSE\",\"description\":\"Associaci\u00f3 Espanyola de Corredories d\u2019Assegurances i Reassegurances\",\"publisher\":{\"@id\":\"https:\/\/www.adecose.com\/gl\/#organization\"},\"potentialAction\":[{\"@type\":\"SearchAction\",\"target\":{\"@type\":\"EntryPoint\",\"urlTemplate\":\"https:\/\/www.adecose.com\/gl\/?s={search_term_string}\"},\"query-input\":{\"@type\":\"PropertyValueSpecification\",\"valueRequired\":true,\"valueName\":\"search_term_string\"}}],\"inLanguage\":\"ca\"},{\"@type\":\"Organization\",\"@id\":\"https:\/\/www.adecose.com\/gl\/#organization\",\"name\":\"ADECOSE\",\"url\":\"https:\/\/www.adecose.com\/gl\/\",\"logo\":{\"@type\":\"ImageObject\",\"inLanguage\":\"ca\",\"@id\":\"https:\/\/www.adecose.com\/gl\/#\/schema\/logo\/image\/\",\"url\":\"https:\/\/www.adecose.com\/wp-content\/uploads\/2020\/07\/favicon.png\",\"contentUrl\":\"https:\/\/www.adecose.com\/wp-content\/uploads\/2020\/07\/favicon.png\",\"width\":512,\"height\":512,\"caption\":\"ADECOSE\"},\"image\":{\"@id\":\"https:\/\/www.adecose.com\/gl\/#\/schema\/logo\/image\/\"}},{\"@type\":\"Person\",\"@id\":\"https:\/\/www.adecose.com\/gl\/#\/schema\/person\/ff086ce55f6379e1d225a2c0dca5eeb6\",\"name\":\"Comunicaci\u00f3n ADECOSE\",\"image\":{\"@type\":\"ImageObject\",\"inLanguage\":\"ca\",\"@id\":\"https:\/\/secure.gravatar.com\/avatar\/01cd1f9571997441bf1da6d1cc147351305f03fe8f2acf1ebbec60ebb26924ce?s=96&d=mm&r=g\",\"url\":\"https:\/\/secure.gravatar.com\/avatar\/01cd1f9571997441bf1da6d1cc147351305f03fe8f2acf1ebbec60ebb26924ce?s=96&d=mm&r=g\",\"contentUrl\":\"https:\/\/secure.gravatar.com\/avatar\/01cd1f9571997441bf1da6d1cc147351305f03fe8f2acf1ebbec60ebb26924ce?s=96&d=mm&r=g\",\"caption\":\"Comunicaci\u00f3n ADECOSE\"}}]}<\/script>\n<!-- \/ Yoast SEO plugin. -->","yoast_head_json":{"title":"ADECOSE se re\u00fane en Bruselas con la Representaci\u00f3n Permanente de Espa\u00f1a ante la Uni\u00f3n Europea - ADECOSE","robots":{"index":"index","follow":"follow","max-snippet":"max-snippet:-1","max-image-preview":"max-image-preview:large","max-video-preview":"max-video-preview:-1"},"canonical":"https:\/\/www.adecose.com\/adecose-se-reune-en-bruselas-con-la-representacion-permanente-de-espana-ante-la-union-europea-3\/","og_locale":"ca_ES","og_type":"article","og_title":"ADECOSE se re\u00fane en Bruselas con la Representaci\u00f3n Permanente de Espa\u00f1a ante la Uni\u00f3n Europea - ADECOSE","og_description":"\u00a0El director gerente de la Asociaci\u00f3n ha intercambiado impresiones sobre la evoluci\u00f3n de la Propuesta de Estrategia Europea de Inversi\u00f3n Minorista (RIS) actualmente en tramitaci\u00f3n....","og_url":"https:\/\/www.adecose.com\/adecose-se-reune-en-bruselas-con-la-representacion-permanente-de-espana-ante-la-union-europea-3\/","og_site_name":"ADECOSE","article_published_time":"2025-12-11T15:57:42+00:00","article_modified_time":"2025-12-11T15:58:38+00:00","og_image":[{"width":1600,"height":1200,"url":"https:\/\/www.adecose.com\/wp-content\/uploads\/2025\/12\/Borja-Lopez-Chicheri-Representacion-Permanente-UE.jpeg","type":"image\/jpeg"}],"author":"Comunicaci\u00f3n ADECOSE","twitter_card":"summary_large_image","twitter_misc":{"Escrit per":"Comunicaci\u00f3n ADECOSE","Temps estimat de lectura":"2 minuts"},"schema":{"@context":"https:\/\/schema.org","@graph":[{"@type":"Article","@id":"https:\/\/www.adecose.com\/adecose-se-reune-en-bruselas-con-la-representacion-permanente-de-espana-ante-la-union-europea-3\/#article","isPartOf":{"@id":"https:\/\/www.adecose.com\/adecose-se-reune-en-bruselas-con-la-representacion-permanente-de-espana-ante-la-union-europea-3\/"},"author":{"name":"Comunicaci\u00f3n ADECOSE","@id":"https:\/\/www.adecose.com\/gl\/#\/schema\/person\/ff086ce55f6379e1d225a2c0dca5eeb6"},"headline":"ADECOSE se re\u00fane en Bruselas con la Representaci\u00f3n Permanente de Espa\u00f1a ante la Uni\u00f3n Europea","datePublished":"2025-12-11T15:57:42+00:00","dateModified":"2025-12-11T15:58:38+00:00","mainEntityOfPage":{"@id":"https:\/\/www.adecose.com\/adecose-se-reune-en-bruselas-con-la-representacion-permanente-de-espana-ante-la-union-europea-3\/"},"wordCount":426,"publisher":{"@id":"https:\/\/www.adecose.com\/gl\/#organization"},"image":{"@id":"https:\/\/www.adecose.com\/adecose-se-reune-en-bruselas-con-la-representacion-permanente-de-espana-ante-la-union-europea-3\/#primaryimage"},"thumbnailUrl":"https:\/\/www.adecose.com\/wp-content\/uploads\/2025\/12\/Borja-Lopez-Chicheri-Representacion-Permanente-UE.jpeg","keywords":["ADECOSE","BIPAR","Lobby","Regulaci\u00f3n Europea","Sector Asegurador","Seguros","UE"],"articleSection":["Noticias"],"inLanguage":"ca"},{"@type":"WebPage","@id":"https:\/\/www.adecose.com\/adecose-se-reune-en-bruselas-con-la-representacion-permanente-de-espana-ante-la-union-europea-3\/","url":"https:\/\/www.adecose.com\/adecose-se-reune-en-bruselas-con-la-representacion-permanente-de-espana-ante-la-union-europea-3\/","name":"ADECOSE se re\u00fane en Bruselas con la Representaci\u00f3n Permanente de Espa\u00f1a ante la Uni\u00f3n Europea - ADECOSE","isPartOf":{"@id":"https:\/\/www.adecose.com\/gl\/#website"},"primaryImageOfPage":{"@id":"https:\/\/www.adecose.com\/adecose-se-reune-en-bruselas-con-la-representacion-permanente-de-espana-ante-la-union-europea-3\/#primaryimage"},"image":{"@id":"https:\/\/www.adecose.com\/adecose-se-reune-en-bruselas-con-la-representacion-permanente-de-espana-ante-la-union-europea-3\/#primaryimage"},"thumbnailUrl":"https:\/\/www.adecose.com\/wp-content\/uploads\/2025\/12\/Borja-Lopez-Chicheri-Representacion-Permanente-UE.jpeg","datePublished":"2025-12-11T15:57:42+00:00","dateModified":"2025-12-11T15:58:38+00:00","breadcrumb":{"@id":"https:\/\/www.adecose.com\/adecose-se-reune-en-bruselas-con-la-representacion-permanente-de-espana-ante-la-union-europea-3\/#breadcrumb"},"inLanguage":"ca","potentialAction":[{"@type":"ReadAction","target":["https:\/\/www.adecose.com\/adecose-se-reune-en-bruselas-con-la-representacion-permanente-de-espana-ante-la-union-europea-3\/"]}]},{"@type":"ImageObject","inLanguage":"ca","@id":"https:\/\/www.adecose.com\/adecose-se-reune-en-bruselas-con-la-representacion-permanente-de-espana-ante-la-union-europea-3\/#primaryimage","url":"https:\/\/www.adecose.com\/wp-content\/uploads\/2025\/12\/Borja-Lopez-Chicheri-Representacion-Permanente-UE.jpeg","contentUrl":"https:\/\/www.adecose.com\/wp-content\/uploads\/2025\/12\/Borja-Lopez-Chicheri-Representacion-Permanente-UE.jpeg","width":1600,"height":1200},{"@type":"BreadcrumbList","@id":"https:\/\/www.adecose.com\/adecose-se-reune-en-bruselas-con-la-representacion-permanente-de-espana-ante-la-union-europea-3\/#breadcrumb","itemListElement":[{"@type":"ListItem","position":1,"name":"Portada","item":"https:\/\/www.adecose.com\/ca\/associacio-espanyola-de-corredories-dassegurances-i-reassegurances\/"},{"@type":"ListItem","position":2,"name":"ADECOSE se re\u00fane en Bruselas con la Representaci\u00f3n Permanente de Espa\u00f1a ante la Uni\u00f3n Europea"}]},{"@type":"WebSite","@id":"https:\/\/www.adecose.com\/gl\/#website","url":"https:\/\/www.adecose.com\/gl\/","name":"ADECOSE","description":"Associaci\u00f3 Espanyola de Corredories d\u2019Assegurances i Reassegurances","publisher":{"@id":"https:\/\/www.adecose.com\/gl\/#organization"},"potentialAction":[{"@type":"SearchAction","target":{"@type":"EntryPoint","urlTemplate":"https:\/\/www.adecose.com\/gl\/?s={search_term_string}"},"query-input":{"@type":"PropertyValueSpecification","valueRequired":true,"valueName":"search_term_string"}}],"inLanguage":"ca"},{"@type":"Organization","@id":"https:\/\/www.adecose.com\/gl\/#organization","name":"ADECOSE","url":"https:\/\/www.adecose.com\/gl\/","logo":{"@type":"ImageObject","inLanguage":"ca","@id":"https:\/\/www.adecose.com\/gl\/#\/schema\/logo\/image\/","url":"https:\/\/www.adecose.com\/wp-content\/uploads\/2020\/07\/favicon.png","contentUrl":"https:\/\/www.adecose.com\/wp-content\/uploads\/2020\/07\/favicon.png","width":512,"height":512,"caption":"ADECOSE"},"image":{"@id":"https:\/\/www.adecose.com\/gl\/#\/schema\/logo\/image\/"}},{"@type":"Person","@id":"https:\/\/www.adecose.com\/gl\/#\/schema\/person\/ff086ce55f6379e1d225a2c0dca5eeb6","name":"Comunicaci\u00f3n ADECOSE","image":{"@type":"ImageObject","inLanguage":"ca","@id":"https:\/\/secure.gravatar.com\/avatar\/01cd1f9571997441bf1da6d1cc147351305f03fe8f2acf1ebbec60ebb26924ce?s=96&d=mm&r=g","url":"https:\/\/secure.gravatar.com\/avatar\/01cd1f9571997441bf1da6d1cc147351305f03fe8f2acf1ebbec60ebb26924ce?s=96&d=mm&r=g","contentUrl":"https:\/\/secure.gravatar.com\/avatar\/01cd1f9571997441bf1da6d1cc147351305f03fe8f2acf1ebbec60ebb26924ce?s=96&d=mm&r=g","caption":"Comunicaci\u00f3n ADECOSE"}}]}},"_links":{"self":[{"href":"https:\/\/www.adecose.com\/ca\/wp-json\/wp\/v2\/posts\/20027","targetHints":{"allow":["GET"]}}],"collection":[{"href":"https:\/\/www.adecose.com\/ca\/wp-json\/wp\/v2\/posts"}],"about":[{"href":"https:\/\/www.adecose.com\/ca\/wp-json\/wp\/v2\/types\/post"}],"author":[{"embeddable":true,"href":"https:\/\/www.adecose.com\/ca\/wp-json\/wp\/v2\/users\/197"}],"replies":[{"embeddable":true,"href":"https:\/\/www.adecose.com\/ca\/wp-json\/wp\/v2\/comments?post=20027"}],"version-history":[{"count":0,"href":"https:\/\/www.adecose.com\/ca\/wp-json\/wp\/v2\/posts\/20027\/revisions"}],"wp:featuredmedia":[{"embeddable":true,"href":"https:\/\/www.adecose.com\/ca\/wp-json\/wp\/v2\/media\/20028"}],"wp:attachment":[{"href":"https:\/\/www.adecose.com\/ca\/wp-json\/wp\/v2\/media?parent=20027"}],"wp:term":[{"taxonomy":"category","embeddable":true,"href":"https:\/\/www.adecose.com\/ca\/wp-json\/wp\/v2\/categories?post=20027"},{"taxonomy":"post_tag","embeddable":true,"href":"https:\/\/www.adecose.com\/ca\/wp-json\/wp\/v2\/tags?post=20027"}],"curies":[{"name":"wp","href":"https:\/\/api.w.org\/{rel}","templated":true}]}}