{"id":19918,"date":"2025-10-29T13:55:16","date_gmt":"2025-10-29T12:55:16","guid":{"rendered":"https:\/\/www.adecose.com\/?p=19918"},"modified":"2025-10-29T14:03:34","modified_gmt":"2025-10-29T13:03:34","slug":"la-volatilidad-geopolitica-entra-por-primera-vez-en-el-top-10-de-riesgos-empresariales","status":"publish","type":"post","link":"https:\/\/www.adecose.com\/ca\/la-volatilidad-geopolitica-entra-por-primera-vez-en-el-top-10-de-riesgos-empresariales\/","title":{"rendered":"Seg\u00fan el \u00faltimo informe de Aon, la volatilidad geopol\u00edtica entra por primera vez en el top 10 de riesgos empresariales"},"content":{"rendered":"<p><em>El riesgo cibern\u00e9tico y la interrupci\u00f3n de la actividad empresarial repiten como los dos principales riesgos a nivel global<\/em><\/p>\n<p><em>En Espa\u00f1a, los l\u00edderes empresariales se\u00f1alan como segundo riesgo m\u00e1s importante el aumento de la competencia<\/em><\/p>\n<p><a href=\"https:\/\/www.aon.com\/\">Aon plc<\/a>, firma l\u00edder global de servicios profesionales, ha presentado los resultados completos de su Encuesta Global de Gesti\u00f3n de Riesgos 2025, que durante casi dos d\u00e9cadas ha seguido los riesgos que m\u00e1s preocupan a los l\u00edderes empresariales en la actualidad y en el futuro.<\/p>\n<p>Las respuestas de casi 3.000 gerentes de riesgos, l\u00edderes C-suite y ejecutivos en 63 pa\u00edses, revelan un marcado aumento en los riesgos asociados con la volatilidad geopol\u00edtica y un importante cambio en la forma en la que las organizaciones perciben y priorizan los riesgos. El incremento de los riesgos relacionados con el comercio y los retos geopol\u00edticos refleja una creciente inestabilidad en varias regiones, con implicaciones para las cadenas de suministro, los entornos regulatorios y el desempe\u00f1o financiero.<\/p>\n<p>A pesar de esta volatilidad, la mayor\u00eda de las organizaciones permanecen poco preparadas: solo el 14% de los encuestados valora su exposici\u00f3n a los diez principales riesgos y solo el 19% utiliza an\u00e1lisis para evaluar sus programas de seguros. Estos datos subrayan la urgente necesidad de que las organizaciones reconsideren su enfoque del riesgo, pasando de medidas reactivas a estrategias integradas y proactivas.<\/p>\n<p><strong>Resultados Globales 2025<\/strong><\/p>\n<p>Los diez principales riesgos mundiales seg\u00fan la Encuesta Mundial sobre Gesti\u00f3n de Riesgos 2025 son:<\/p>\n<ol>\n<li>Ataque cibern\u00e9tico o filtraci\u00f3n de datos<\/li>\n<li>Interrupci\u00f3n del negocio<\/li>\n<li>Desaceleraci\u00f3n econ\u00f3mica o recuperaci\u00f3n lenta<\/li>\n<li>Cambios regulatorios o legislativos<\/li>\n<li>Aumento de la competencia<\/li>\n<li>Riesgo en los precios de materias primas o escasez de materiales<\/li>\n<li>Fallo en la cadena de suministro o distribuci\u00f3n<\/li>\n<li>Da\u00f1o a la reputaci\u00f3n o marca<\/li>\n<li>Volatilidad geopol\u00edtica<\/li>\n<li>Riesgo de flujo de caja o liquidez<\/li>\n<\/ol>\n<p>Los <strong>ciberataques<\/strong> siguen encabezando la lista de riesgos actuales y futuros a los que se enfrentan los comit\u00e9s de direcci\u00f3n. Estos ataques son uno de los principales factores que provocan la interrupci\u00f3n de la actividad empresarial y la ralentizaci\u00f3n econ\u00f3mica por violaci\u00f3n de datos. La ciberseguridad debe seguir siendo una prioridad estrat\u00e9gica fundamental: un solo incidente puede interrumpir las operaciones, erosionar la confianza de los clientes y provocar importantes consecuencias financieras y normativas.<\/p>\n<p>La <strong>volatilidad geopol\u00edtica<\/strong> entra por primera vez en 2025 en la lista de los diez principales riesgos globales, ocupando el noveno lugar. Es una de las cinco principales preocupaciones en Europa, Oriente Medio y \u00c1frica (EMEA), donde los conflictos en curso, los reg\u00edmenes de sanciones y la fragmentaci\u00f3n pol\u00edtica est\u00e1n afectando directamente a las operaciones comerciales.<\/p>\n<p>Los riesgos directamente relacionados con <strong>la fuerza laboral<\/strong> de las organizaciones han desaparecido de los diez principales riesgos con respecto a 2023. La incapacidad para atraer o retener el talento ocupa ahora el puesto 11 y la escasez de mano de obra el 15. Sin embargo, las organizaciones que dejan de dar prioridad a su estrategia laboral pueden verse expuestas a otros riesgos, ya que una plantilla s\u00f3lida es esencial para hacer frente a la volatilidad, mantener la innovaci\u00f3n e impulsar el crecimiento.<\/p>\n<p>El informe tambi\u00e9n ofrece una perspectiva de futuro sobre los <strong>riesgos que los l\u00edderes empresariales consideran que ser\u00e1n m\u00e1s cr\u00edticos en 2028<\/strong>. El riesgo cibern\u00e9tico sigue siendo la principal preocupaci\u00f3n, mientras que la IA y el cambio clim\u00e1tico se suman a los diez primeros puestos, lo que refleja el impacto cada vez mayor de la tecnolog\u00eda y las condiciones meteorol\u00f3gicas extremas en los negocios a nivel mundial.<\/p>\n<p><strong>Resultados Espa\u00f1a 2025<\/strong><\/p>\n<p>Los l\u00edderes espa\u00f1oles difieren ligeramente al se\u00f1alar los principales riesgos a los que se enfrentan. Aunque coinciden en se\u00f1alar el ciberriesgo como el m\u00e1s importante, destaca en segundo lugar el riesgo relacionado con el aumento de la competencia. El precio de materias primas y escasez de materiales baja del primer al cuarto puesto, y se incorporan a la lista riesgos que no aparecen en la lista global: no innovar o responder a las necesidades de los clientes, y el fracaso de proyectos importantes.<\/p>\n<ol>\n<li>Ataque cibern\u00e9tico o filtraci\u00f3n de datos<\/li>\n<li>Aumento de la competencia<\/li>\n<li>Interrupci\u00f3n del negocio<\/li>\n<li>Riesgo en los precios de materias primas o escasez de materiales<\/li>\n<li>Cambios regulatorios o legislativos<\/li>\n<li>Desaceleraci\u00f3n econ\u00f3mica o recuperaci\u00f3n lenta<\/li>\n<li>Fallo en la cadena de suministro o distribuci\u00f3n<\/li>\n<li>Da\u00f1o a la reputaci\u00f3n o marca<\/li>\n<li>No innovar o no responder a las necesidades de los clientes<\/li>\n<li>Fracaso de proyectos importantes<\/li>\n<\/ol>\n<p>\u201cNuestra Encuesta Global sobre Gesti\u00f3n de Riesgos destaca un entorno de riesgos interconectados\u201d afirma Juan Pablo Garc\u00eda-Lliber\u00f3s, CCO de Aon Espa\u00f1a. \u201cSin embargo, en medio de la disrupci\u00f3n se encuentran las oportunidades. Las organizaciones que replantean su enfoque del riesgo, trat\u00e1ndolo no como un ejercicio de cumplimiento normativo, sino como una palanca estrat\u00e9gica, est\u00e1n mejor posicionadas para adaptarse y crecer\u201d.<\/p>\n<p>El <strong>informe completo interactivo<\/strong> de la Encuesta Global de Gesti\u00f3n de Riesgos (ingl\u00e9s) est\u00e1 disponible <a href=\"https:\/\/aon.io\/47xRiRn\">aqu\u00ed<\/a>. Los <strong>resultados de Espa\u00f1a<\/strong> est\u00e1n disponibles <a href=\"https:\/\/assets.aon.com\/-\/media\/files\/aon\/reports\/2025\/grms\/2025-grms-spain-country-report.pdf\">aqu\u00ed<\/a>.<\/p>\n","protected":false},"excerpt":{"rendered":"<p>El riesgo cibern\u00e9tico y la interrupci\u00f3n de la actividad empresarial repiten como los dos principales riesgos a nivel global En Espa\u00f1a, los l\u00edderes empresariales se\u00f1alan&#8230;<\/p>\n","protected":false},"author":197,"featured_media":18486,"comment_status":"closed","ping_status":"closed","sticky":false,"template":"","format":"standard","meta":{"_acf_changed":false,"_price":"","_stock":"","_tribe_ticket_header":"","_tribe_default_ticket_provider":"","_tribe_ticket_capacity":"0","_ticket_start_date":"","_ticket_end_date":"","_tribe_ticket_show_description":"","_tribe_ticket_show_not_going":false,"_tribe_ticket_use_global_stock":"","_tribe_ticket_global_stock_level":"","_global_stock_mode":"","_global_stock_cap":"","_tribe_rsvp_for_event":"","_tribe_ticket_going_count":"","_tribe_ticket_not_going_count":"","_tribe_tickets_list":"[]","_tribe_ticket_has_attendee_info_fields":false,"footnotes":""},"categories":[339],"tags":[395,517,547,640],"class_list":["post-19918","post","type-post","status-publish","format-standard","has-post-thumbnail","category-espacio-correduriasadecose","tag-aon","tag-corredurias-de-seguros","tag-informes","tag-riesgos-empresariales"],"acf":[],"yoast_head":"<!-- This site is optimized with the Yoast SEO plugin v27.2 - https:\/\/yoast.com\/product\/yoast-seo-wordpress\/ -->\n<title>Seg\u00fan el \u00faltimo informe de Aon, la volatilidad geopol\u00edtica entra por primera vez en el top 10 de riesgos empresariales - ADECOSE<\/title>\n<meta name=\"robots\" content=\"index, follow, max-snippet:-1, max-image-preview:large, max-video-preview:-1\" \/>\n<link rel=\"canonical\" href=\"https:\/\/www.adecose.com\/la-volatilidad-geopolitica-entra-por-primera-vez-en-el-top-10-de-riesgos-empresariales\/\" \/>\n<meta property=\"og:locale\" content=\"ca_ES\" \/>\n<meta property=\"og:type\" content=\"article\" \/>\n<meta property=\"og:title\" content=\"Seg\u00fan el \u00faltimo informe de Aon, la volatilidad geopol\u00edtica entra por primera vez en el top 10 de riesgos empresariales - ADECOSE\" \/>\n<meta property=\"og:description\" content=\"El riesgo cibern\u00e9tico y la interrupci\u00f3n de la actividad empresarial repiten como los dos principales riesgos a nivel global En Espa\u00f1a, los l\u00edderes empresariales se\u00f1alan...\" \/>\n<meta property=\"og:url\" content=\"https:\/\/www.adecose.com\/la-volatilidad-geopolitica-entra-por-primera-vez-en-el-top-10-de-riesgos-empresariales\/\" \/>\n<meta property=\"og:site_name\" content=\"ADECOSE\" \/>\n<meta property=\"article:published_time\" content=\"2025-10-29T12:55:16+00:00\" \/>\n<meta property=\"article:modified_time\" content=\"2025-10-29T13:03:34+00:00\" \/>\n<meta property=\"og:image\" content=\"https:\/\/www.adecose.com\/wp-content\/uploads\/2025\/01\/aon-1-1024x666.png\" \/>\n\t<meta property=\"og:image:width\" content=\"1024\" \/>\n\t<meta property=\"og:image:height\" content=\"666\" \/>\n\t<meta property=\"og:image:type\" content=\"image\/png\" \/>\n<meta name=\"author\" content=\"Comunicaci\u00f3n ADECOSE\" \/>\n<meta name=\"twitter:card\" content=\"summary_large_image\" \/>\n<meta name=\"twitter:label1\" content=\"Escrit per\" \/>\n\t<meta name=\"twitter:data1\" content=\"Comunicaci\u00f3n ADECOSE\" \/>\n\t<meta name=\"twitter:label2\" content=\"Temps estimat de lectura\" \/>\n\t<meta name=\"twitter:data2\" content=\"4 minuts\" \/>\n<script type=\"application\/ld+json\" class=\"yoast-schema-graph\">{\"@context\":\"https:\/\/schema.org\",\"@graph\":[{\"@type\":\"Article\",\"@id\":\"https:\/\/www.adecose.com\/la-volatilidad-geopolitica-entra-por-primera-vez-en-el-top-10-de-riesgos-empresariales\/#article\",\"isPartOf\":{\"@id\":\"https:\/\/www.adecose.com\/la-volatilidad-geopolitica-entra-por-primera-vez-en-el-top-10-de-riesgos-empresariales\/\"},\"author\":{\"name\":\"Comunicaci\u00f3n ADECOSE\",\"@id\":\"https:\/\/www.adecose.com\/gl\/#\/schema\/person\/ff086ce55f6379e1d225a2c0dca5eeb6\"},\"headline\":\"Seg\u00fan el \u00faltimo informe de Aon, la volatilidad geopol\u00edtica entra por primera vez en el top 10 de riesgos empresariales\",\"datePublished\":\"2025-10-29T12:55:16+00:00\",\"dateModified\":\"2025-10-29T13:03:34+00:00\",\"mainEntityOfPage\":{\"@id\":\"https:\/\/www.adecose.com\/la-volatilidad-geopolitica-entra-por-primera-vez-en-el-top-10-de-riesgos-empresariales\/\"},\"wordCount\":895,\"publisher\":{\"@id\":\"https:\/\/www.adecose.com\/gl\/#organization\"},\"image\":{\"@id\":\"https:\/\/www.adecose.com\/la-volatilidad-geopolitica-entra-por-primera-vez-en-el-top-10-de-riesgos-empresariales\/#primaryimage\"},\"thumbnailUrl\":\"https:\/\/www.adecose.com\/wp-content\/uploads\/2025\/01\/aon-1.png\",\"keywords\":[\"AON\",\"Corredur\u00edas de seguros\",\"Informes\",\"Riesgos empresariales\"],\"articleSection\":[\"Espacio #Corredur\u00edasADECOSE\"],\"inLanguage\":\"ca\"},{\"@type\":\"WebPage\",\"@id\":\"https:\/\/www.adecose.com\/la-volatilidad-geopolitica-entra-por-primera-vez-en-el-top-10-de-riesgos-empresariales\/\",\"url\":\"https:\/\/www.adecose.com\/la-volatilidad-geopolitica-entra-por-primera-vez-en-el-top-10-de-riesgos-empresariales\/\",\"name\":\"Seg\u00fan el \u00faltimo informe de Aon, la volatilidad geopol\u00edtica entra por primera vez en el top 10 de riesgos empresariales - ADECOSE\",\"isPartOf\":{\"@id\":\"https:\/\/www.adecose.com\/gl\/#website\"},\"primaryImageOfPage\":{\"@id\":\"https:\/\/www.adecose.com\/la-volatilidad-geopolitica-entra-por-primera-vez-en-el-top-10-de-riesgos-empresariales\/#primaryimage\"},\"image\":{\"@id\":\"https:\/\/www.adecose.com\/la-volatilidad-geopolitica-entra-por-primera-vez-en-el-top-10-de-riesgos-empresariales\/#primaryimage\"},\"thumbnailUrl\":\"https:\/\/www.adecose.com\/wp-content\/uploads\/2025\/01\/aon-1.png\",\"datePublished\":\"2025-10-29T12:55:16+00:00\",\"dateModified\":\"2025-10-29T13:03:34+00:00\",\"breadcrumb\":{\"@id\":\"https:\/\/www.adecose.com\/la-volatilidad-geopolitica-entra-por-primera-vez-en-el-top-10-de-riesgos-empresariales\/#breadcrumb\"},\"inLanguage\":\"ca\",\"potentialAction\":[{\"@type\":\"ReadAction\",\"target\":[\"https:\/\/www.adecose.com\/la-volatilidad-geopolitica-entra-por-primera-vez-en-el-top-10-de-riesgos-empresariales\/\"]}]},{\"@type\":\"ImageObject\",\"inLanguage\":\"ca\",\"@id\":\"https:\/\/www.adecose.com\/la-volatilidad-geopolitica-entra-por-primera-vez-en-el-top-10-de-riesgos-empresariales\/#primaryimage\",\"url\":\"https:\/\/www.adecose.com\/wp-content\/uploads\/2025\/01\/aon-1.png\",\"contentUrl\":\"https:\/\/www.adecose.com\/wp-content\/uploads\/2025\/01\/aon-1.png\",\"width\":2538,\"height\":1650},{\"@type\":\"BreadcrumbList\",\"@id\":\"https:\/\/www.adecose.com\/la-volatilidad-geopolitica-entra-por-primera-vez-en-el-top-10-de-riesgos-empresariales\/#breadcrumb\",\"itemListElement\":[{\"@type\":\"ListItem\",\"position\":1,\"name\":\"Portada\",\"item\":\"https:\/\/www.adecose.com\/ca\/associacio-espanyola-de-corredories-dassegurances-i-reassegurances\/\"},{\"@type\":\"ListItem\",\"position\":2,\"name\":\"Seg\u00fan el \u00faltimo informe de Aon, la volatilidad geopol\u00edtica entra por primera vez en el top 10 de riesgos empresariales\"}]},{\"@type\":\"WebSite\",\"@id\":\"https:\/\/www.adecose.com\/gl\/#website\",\"url\":\"https:\/\/www.adecose.com\/gl\/\",\"name\":\"ADECOSE\",\"description\":\"Associaci\u00f3 Espanyola de Corredories d\u2019Assegurances i Reassegurances\",\"publisher\":{\"@id\":\"https:\/\/www.adecose.com\/gl\/#organization\"},\"potentialAction\":[{\"@type\":\"SearchAction\",\"target\":{\"@type\":\"EntryPoint\",\"urlTemplate\":\"https:\/\/www.adecose.com\/gl\/?s={search_term_string}\"},\"query-input\":{\"@type\":\"PropertyValueSpecification\",\"valueRequired\":true,\"valueName\":\"search_term_string\"}}],\"inLanguage\":\"ca\"},{\"@type\":\"Organization\",\"@id\":\"https:\/\/www.adecose.com\/gl\/#organization\",\"name\":\"ADECOSE\",\"url\":\"https:\/\/www.adecose.com\/gl\/\",\"logo\":{\"@type\":\"ImageObject\",\"inLanguage\":\"ca\",\"@id\":\"https:\/\/www.adecose.com\/gl\/#\/schema\/logo\/image\/\",\"url\":\"https:\/\/www.adecose.com\/wp-content\/uploads\/2020\/07\/favicon.png\",\"contentUrl\":\"https:\/\/www.adecose.com\/wp-content\/uploads\/2020\/07\/favicon.png\",\"width\":512,\"height\":512,\"caption\":\"ADECOSE\"},\"image\":{\"@id\":\"https:\/\/www.adecose.com\/gl\/#\/schema\/logo\/image\/\"}},{\"@type\":\"Person\",\"@id\":\"https:\/\/www.adecose.com\/gl\/#\/schema\/person\/ff086ce55f6379e1d225a2c0dca5eeb6\",\"name\":\"Comunicaci\u00f3n ADECOSE\",\"image\":{\"@type\":\"ImageObject\",\"inLanguage\":\"ca\",\"@id\":\"https:\/\/secure.gravatar.com\/avatar\/01cd1f9571997441bf1da6d1cc147351305f03fe8f2acf1ebbec60ebb26924ce?s=96&d=mm&r=g\",\"url\":\"https:\/\/secure.gravatar.com\/avatar\/01cd1f9571997441bf1da6d1cc147351305f03fe8f2acf1ebbec60ebb26924ce?s=96&d=mm&r=g\",\"contentUrl\":\"https:\/\/secure.gravatar.com\/avatar\/01cd1f9571997441bf1da6d1cc147351305f03fe8f2acf1ebbec60ebb26924ce?s=96&d=mm&r=g\",\"caption\":\"Comunicaci\u00f3n ADECOSE\"}}]}<\/script>\n<!-- \/ Yoast SEO plugin. -->","yoast_head_json":{"title":"Seg\u00fan el \u00faltimo informe de Aon, la volatilidad geopol\u00edtica entra por primera vez en el top 10 de riesgos empresariales - ADECOSE","robots":{"index":"index","follow":"follow","max-snippet":"max-snippet:-1","max-image-preview":"max-image-preview:large","max-video-preview":"max-video-preview:-1"},"canonical":"https:\/\/www.adecose.com\/la-volatilidad-geopolitica-entra-por-primera-vez-en-el-top-10-de-riesgos-empresariales\/","og_locale":"ca_ES","og_type":"article","og_title":"Seg\u00fan el \u00faltimo informe de Aon, la volatilidad geopol\u00edtica entra por primera vez en el top 10 de riesgos empresariales - ADECOSE","og_description":"El riesgo cibern\u00e9tico y la interrupci\u00f3n de la actividad empresarial repiten como los dos principales riesgos a nivel global En Espa\u00f1a, los l\u00edderes empresariales se\u00f1alan...","og_url":"https:\/\/www.adecose.com\/la-volatilidad-geopolitica-entra-por-primera-vez-en-el-top-10-de-riesgos-empresariales\/","og_site_name":"ADECOSE","article_published_time":"2025-10-29T12:55:16+00:00","article_modified_time":"2025-10-29T13:03:34+00:00","og_image":[{"width":1024,"height":666,"url":"https:\/\/www.adecose.com\/wp-content\/uploads\/2025\/01\/aon-1-1024x666.png","type":"image\/png"}],"author":"Comunicaci\u00f3n ADECOSE","twitter_card":"summary_large_image","twitter_misc":{"Escrit per":"Comunicaci\u00f3n ADECOSE","Temps estimat de lectura":"4 minuts"},"schema":{"@context":"https:\/\/schema.org","@graph":[{"@type":"Article","@id":"https:\/\/www.adecose.com\/la-volatilidad-geopolitica-entra-por-primera-vez-en-el-top-10-de-riesgos-empresariales\/#article","isPartOf":{"@id":"https:\/\/www.adecose.com\/la-volatilidad-geopolitica-entra-por-primera-vez-en-el-top-10-de-riesgos-empresariales\/"},"author":{"name":"Comunicaci\u00f3n ADECOSE","@id":"https:\/\/www.adecose.com\/gl\/#\/schema\/person\/ff086ce55f6379e1d225a2c0dca5eeb6"},"headline":"Seg\u00fan el \u00faltimo informe de Aon, la volatilidad geopol\u00edtica entra por primera vez en el top 10 de riesgos empresariales","datePublished":"2025-10-29T12:55:16+00:00","dateModified":"2025-10-29T13:03:34+00:00","mainEntityOfPage":{"@id":"https:\/\/www.adecose.com\/la-volatilidad-geopolitica-entra-por-primera-vez-en-el-top-10-de-riesgos-empresariales\/"},"wordCount":895,"publisher":{"@id":"https:\/\/www.adecose.com\/gl\/#organization"},"image":{"@id":"https:\/\/www.adecose.com\/la-volatilidad-geopolitica-entra-por-primera-vez-en-el-top-10-de-riesgos-empresariales\/#primaryimage"},"thumbnailUrl":"https:\/\/www.adecose.com\/wp-content\/uploads\/2025\/01\/aon-1.png","keywords":["AON","Corredur\u00edas de seguros","Informes","Riesgos empresariales"],"articleSection":["Espacio #Corredur\u00edasADECOSE"],"inLanguage":"ca"},{"@type":"WebPage","@id":"https:\/\/www.adecose.com\/la-volatilidad-geopolitica-entra-por-primera-vez-en-el-top-10-de-riesgos-empresariales\/","url":"https:\/\/www.adecose.com\/la-volatilidad-geopolitica-entra-por-primera-vez-en-el-top-10-de-riesgos-empresariales\/","name":"Seg\u00fan el \u00faltimo informe de Aon, la volatilidad geopol\u00edtica entra por primera vez en el top 10 de riesgos empresariales - ADECOSE","isPartOf":{"@id":"https:\/\/www.adecose.com\/gl\/#website"},"primaryImageOfPage":{"@id":"https:\/\/www.adecose.com\/la-volatilidad-geopolitica-entra-por-primera-vez-en-el-top-10-de-riesgos-empresariales\/#primaryimage"},"image":{"@id":"https:\/\/www.adecose.com\/la-volatilidad-geopolitica-entra-por-primera-vez-en-el-top-10-de-riesgos-empresariales\/#primaryimage"},"thumbnailUrl":"https:\/\/www.adecose.com\/wp-content\/uploads\/2025\/01\/aon-1.png","datePublished":"2025-10-29T12:55:16+00:00","dateModified":"2025-10-29T13:03:34+00:00","breadcrumb":{"@id":"https:\/\/www.adecose.com\/la-volatilidad-geopolitica-entra-por-primera-vez-en-el-top-10-de-riesgos-empresariales\/#breadcrumb"},"inLanguage":"ca","potentialAction":[{"@type":"ReadAction","target":["https:\/\/www.adecose.com\/la-volatilidad-geopolitica-entra-por-primera-vez-en-el-top-10-de-riesgos-empresariales\/"]}]},{"@type":"ImageObject","inLanguage":"ca","@id":"https:\/\/www.adecose.com\/la-volatilidad-geopolitica-entra-por-primera-vez-en-el-top-10-de-riesgos-empresariales\/#primaryimage","url":"https:\/\/www.adecose.com\/wp-content\/uploads\/2025\/01\/aon-1.png","contentUrl":"https:\/\/www.adecose.com\/wp-content\/uploads\/2025\/01\/aon-1.png","width":2538,"height":1650},{"@type":"BreadcrumbList","@id":"https:\/\/www.adecose.com\/la-volatilidad-geopolitica-entra-por-primera-vez-en-el-top-10-de-riesgos-empresariales\/#breadcrumb","itemListElement":[{"@type":"ListItem","position":1,"name":"Portada","item":"https:\/\/www.adecose.com\/ca\/associacio-espanyola-de-corredories-dassegurances-i-reassegurances\/"},{"@type":"ListItem","position":2,"name":"Seg\u00fan el \u00faltimo informe de Aon, la volatilidad geopol\u00edtica entra por primera vez en el top 10 de riesgos empresariales"}]},{"@type":"WebSite","@id":"https:\/\/www.adecose.com\/gl\/#website","url":"https:\/\/www.adecose.com\/gl\/","name":"ADECOSE","description":"Associaci\u00f3 Espanyola de Corredories d\u2019Assegurances i Reassegurances","publisher":{"@id":"https:\/\/www.adecose.com\/gl\/#organization"},"potentialAction":[{"@type":"SearchAction","target":{"@type":"EntryPoint","urlTemplate":"https:\/\/www.adecose.com\/gl\/?s={search_term_string}"},"query-input":{"@type":"PropertyValueSpecification","valueRequired":true,"valueName":"search_term_string"}}],"inLanguage":"ca"},{"@type":"Organization","@id":"https:\/\/www.adecose.com\/gl\/#organization","name":"ADECOSE","url":"https:\/\/www.adecose.com\/gl\/","logo":{"@type":"ImageObject","inLanguage":"ca","@id":"https:\/\/www.adecose.com\/gl\/#\/schema\/logo\/image\/","url":"https:\/\/www.adecose.com\/wp-content\/uploads\/2020\/07\/favicon.png","contentUrl":"https:\/\/www.adecose.com\/wp-content\/uploads\/2020\/07\/favicon.png","width":512,"height":512,"caption":"ADECOSE"},"image":{"@id":"https:\/\/www.adecose.com\/gl\/#\/schema\/logo\/image\/"}},{"@type":"Person","@id":"https:\/\/www.adecose.com\/gl\/#\/schema\/person\/ff086ce55f6379e1d225a2c0dca5eeb6","name":"Comunicaci\u00f3n ADECOSE","image":{"@type":"ImageObject","inLanguage":"ca","@id":"https:\/\/secure.gravatar.com\/avatar\/01cd1f9571997441bf1da6d1cc147351305f03fe8f2acf1ebbec60ebb26924ce?s=96&d=mm&r=g","url":"https:\/\/secure.gravatar.com\/avatar\/01cd1f9571997441bf1da6d1cc147351305f03fe8f2acf1ebbec60ebb26924ce?s=96&d=mm&r=g","contentUrl":"https:\/\/secure.gravatar.com\/avatar\/01cd1f9571997441bf1da6d1cc147351305f03fe8f2acf1ebbec60ebb26924ce?s=96&d=mm&r=g","caption":"Comunicaci\u00f3n ADECOSE"}}]}},"_links":{"self":[{"href":"https:\/\/www.adecose.com\/ca\/wp-json\/wp\/v2\/posts\/19918","targetHints":{"allow":["GET"]}}],"collection":[{"href":"https:\/\/www.adecose.com\/ca\/wp-json\/wp\/v2\/posts"}],"about":[{"href":"https:\/\/www.adecose.com\/ca\/wp-json\/wp\/v2\/types\/post"}],"author":[{"embeddable":true,"href":"https:\/\/www.adecose.com\/ca\/wp-json\/wp\/v2\/users\/197"}],"replies":[{"embeddable":true,"href":"https:\/\/www.adecose.com\/ca\/wp-json\/wp\/v2\/comments?post=19918"}],"version-history":[{"count":0,"href":"https:\/\/www.adecose.com\/ca\/wp-json\/wp\/v2\/posts\/19918\/revisions"}],"wp:featuredmedia":[{"embeddable":true,"href":"https:\/\/www.adecose.com\/ca\/wp-json\/wp\/v2\/media\/18486"}],"wp:attachment":[{"href":"https:\/\/www.adecose.com\/ca\/wp-json\/wp\/v2\/media?parent=19918"}],"wp:term":[{"taxonomy":"category","embeddable":true,"href":"https:\/\/www.adecose.com\/ca\/wp-json\/wp\/v2\/categories?post=19918"},{"taxonomy":"post_tag","embeddable":true,"href":"https:\/\/www.adecose.com\/ca\/wp-json\/wp\/v2\/tags?post=19918"}],"curies":[{"name":"wp","href":"https:\/\/api.w.org\/{rel}","templated":true}]}}