{"id":19872,"date":"2025-10-15T14:27:37","date_gmt":"2025-10-15T12:27:37","guid":{"rendered":"https:\/\/www.adecose.com\/?p=19872"},"modified":"2025-10-15T14:27:37","modified_gmt":"2025-10-15T12:27:37","slug":"suevia-informa-a-empresarios-de-ourense-sobre-nuevas-obligaciones-en-materia-de-seguros","status":"publish","type":"post","link":"https:\/\/www.adecose.com\/ca\/suevia-informa-a-empresarios-de-ourense-sobre-nuevas-obligaciones-en-materia-de-seguros\/","title":{"rendered":"Suevia informa a empresarios de Ourense sobre nuevas obligaciones en materia de seguros"},"content":{"rendered":"<p>Suevia Gesti\u00f3n de Riesgos y Seguros ha impartido este mes de octubre una sesi\u00f3n informativa con motivo de la publicaci\u00f3n y entrada en vigor de la Ley 5\/2025, de 24 de julio, por la que se modifican el texto refundido de la Ley sobre responsabilidad civil y seguro en la circulaci\u00f3n de veh\u00edculos a motor. La jornada se ha organizado en colaboraci\u00f3n con la Confederaci\u00f3n Empresarial de Ourense (CEO) en sus instalaciones del centro de la ciudad.<\/p>\n<p>Goretti Fraga, Directora T\u00e9cnica de Suevia, ha sido la encargada de explicar las principales novedades que introduce la norma, as\u00ed como las nuevas obligaciones para empresas en materia de contrataci\u00f3n del seguro obligatorio de veh\u00edculos a motor. Tambi\u00e9n ha estado presente Manuel Fidaldo, Director de Grandes Cuentas, AA.PP. y Negocio Corporativo. Por parte de la CEO ha dado la bienvenida los asistentes Luis Novoa Fern\u00e1ndez, Contador de la entidad y presidente de la Asociaci\u00f3n de Auto Escuelas de Ourense.<\/p>\n<p>\u00c9sta es la primera de varias jornadas que Suevia va a llevar a cabo por diferentes ciudades, dada la importancia de la norma y el compromiso de Suevia con el asesoramiento de calidad. Y es que la nueva ley ya ha entrado en vigor. Aunque durante los seis primeros meses no se multar\u00e1 por la falta del seguro de veh\u00edculos a motor, los propietarios ser\u00e1n responsables de los da\u00f1os que causen y deber\u00e1n resarcir al Consorcio de Compensaci\u00f3n de Seguros en caso de siniestro.<\/p>\n","protected":false},"excerpt":{"rendered":"<p>Suevia Gesti\u00f3n de Riesgos y Seguros ha impartido este mes de octubre una sesi\u00f3n informativa con motivo de la publicaci\u00f3n y entrada en vigor de&#8230;<\/p>\n","protected":false},"author":197,"featured_media":19873,"comment_status":"closed","ping_status":"closed","sticky":false,"template":"","format":"standard","meta":{"_acf_changed":false,"_price":"","_stock":"","_tribe_ticket_header":"","_tribe_default_ticket_provider":"","_tribe_ticket_capacity":"0","_ticket_start_date":"","_ticket_end_date":"","_tribe_ticket_show_description":"","_tribe_ticket_show_not_going":false,"_tribe_ticket_use_global_stock":"","_tribe_ticket_global_stock_level":"","_global_stock_mode":"","_global_stock_cap":"","_tribe_rsvp_for_event":"","_tribe_ticket_going_count":"","_tribe_ticket_not_going_count":"","_tribe_tickets_list":"[]","_tribe_ticket_has_attendee_info_fields":false,"footnotes":""},"categories":[339],"tags":[517,633,503],"class_list":["post-19872","post","type-post","status-publish","format-standard","has-post-thumbnail","category-espacio-correduriasadecose","tag-corredurias-de-seguros","tag-jornadas-informativas","tag-suevia"],"acf":[],"yoast_head":"<!-- This site is optimized with the Yoast SEO plugin v27.2 - https:\/\/yoast.com\/product\/yoast-seo-wordpress\/ -->\n<title>Suevia informa a empresarios de Ourense sobre nuevas obligaciones en materia de seguros - ADECOSE<\/title>\n<meta name=\"robots\" content=\"index, follow, max-snippet:-1, max-image-preview:large, max-video-preview:-1\" \/>\n<link rel=\"canonical\" href=\"https:\/\/www.adecose.com\/suevia-informa-a-empresarios-de-ourense-sobre-nuevas-obligaciones-en-materia-de-seguros\/\" \/>\n<meta property=\"og:locale\" content=\"ca_ES\" \/>\n<meta property=\"og:type\" content=\"article\" \/>\n<meta property=\"og:title\" content=\"Suevia informa a empresarios de Ourense sobre nuevas obligaciones en materia de seguros - ADECOSE\" \/>\n<meta property=\"og:description\" content=\"Suevia Gesti\u00f3n de Riesgos y Seguros ha impartido este mes de octubre una sesi\u00f3n informativa con motivo de la publicaci\u00f3n y entrada en vigor de...\" \/>\n<meta property=\"og:url\" content=\"https:\/\/www.adecose.com\/suevia-informa-a-empresarios-de-ourense-sobre-nuevas-obligaciones-en-materia-de-seguros\/\" \/>\n<meta property=\"og:site_name\" content=\"ADECOSE\" \/>\n<meta property=\"article:published_time\" content=\"2025-10-15T12:27:37+00:00\" \/>\n<meta property=\"og:image\" content=\"https:\/\/www.adecose.com\/wp-content\/uploads\/2025\/10\/NdP.-Suevia-informa-a-empresarios-de-Ourense-scaled.jpg\" \/>\n\t<meta property=\"og:image:width\" content=\"2560\" \/>\n\t<meta property=\"og:image:height\" content=\"1920\" \/>\n\t<meta property=\"og:image:type\" content=\"image\/jpeg\" \/>\n<meta name=\"author\" content=\"Comunicaci\u00f3n ADECOSE\" \/>\n<meta name=\"twitter:card\" content=\"summary_large_image\" \/>\n<meta name=\"twitter:label1\" content=\"Escrit per\" \/>\n\t<meta name=\"twitter:data1\" content=\"Comunicaci\u00f3n ADECOSE\" \/>\n\t<meta name=\"twitter:label2\" content=\"Temps estimat de lectura\" \/>\n\t<meta name=\"twitter:data2\" content=\"2 minuts\" \/>\n<script type=\"application\/ld+json\" class=\"yoast-schema-graph\">{\"@context\":\"https:\/\/schema.org\",\"@graph\":[{\"@type\":\"Article\",\"@id\":\"https:\/\/www.adecose.com\/suevia-informa-a-empresarios-de-ourense-sobre-nuevas-obligaciones-en-materia-de-seguros\/#article\",\"isPartOf\":{\"@id\":\"https:\/\/www.adecose.com\/suevia-informa-a-empresarios-de-ourense-sobre-nuevas-obligaciones-en-materia-de-seguros\/\"},\"author\":{\"name\":\"Comunicaci\u00f3n ADECOSE\",\"@id\":\"https:\/\/www.adecose.com\/gl\/#\/schema\/person\/ff086ce55f6379e1d225a2c0dca5eeb6\"},\"headline\":\"Suevia informa a empresarios de Ourense sobre nuevas obligaciones en materia de seguros\",\"datePublished\":\"2025-10-15T12:27:37+00:00\",\"mainEntityOfPage\":{\"@id\":\"https:\/\/www.adecose.com\/suevia-informa-a-empresarios-de-ourense-sobre-nuevas-obligaciones-en-materia-de-seguros\/\"},\"wordCount\":270,\"publisher\":{\"@id\":\"https:\/\/www.adecose.com\/gl\/#organization\"},\"image\":{\"@id\":\"https:\/\/www.adecose.com\/suevia-informa-a-empresarios-de-ourense-sobre-nuevas-obligaciones-en-materia-de-seguros\/#primaryimage\"},\"thumbnailUrl\":\"https:\/\/www.adecose.com\/wp-content\/uploads\/2025\/10\/NdP.-Suevia-informa-a-empresarios-de-Ourense-scaled.jpg\",\"keywords\":[\"Corredur\u00edas de seguros\",\"Jornadas informativas\",\"Suevia\"],\"articleSection\":[\"Espacio #Corredur\u00edasADECOSE\"],\"inLanguage\":\"ca\"},{\"@type\":\"WebPage\",\"@id\":\"https:\/\/www.adecose.com\/suevia-informa-a-empresarios-de-ourense-sobre-nuevas-obligaciones-en-materia-de-seguros\/\",\"url\":\"https:\/\/www.adecose.com\/suevia-informa-a-empresarios-de-ourense-sobre-nuevas-obligaciones-en-materia-de-seguros\/\",\"name\":\"Suevia informa a empresarios de Ourense sobre nuevas obligaciones en materia de seguros - ADECOSE\",\"isPartOf\":{\"@id\":\"https:\/\/www.adecose.com\/gl\/#website\"},\"primaryImageOfPage\":{\"@id\":\"https:\/\/www.adecose.com\/suevia-informa-a-empresarios-de-ourense-sobre-nuevas-obligaciones-en-materia-de-seguros\/#primaryimage\"},\"image\":{\"@id\":\"https:\/\/www.adecose.com\/suevia-informa-a-empresarios-de-ourense-sobre-nuevas-obligaciones-en-materia-de-seguros\/#primaryimage\"},\"thumbnailUrl\":\"https:\/\/www.adecose.com\/wp-content\/uploads\/2025\/10\/NdP.-Suevia-informa-a-empresarios-de-Ourense-scaled.jpg\",\"datePublished\":\"2025-10-15T12:27:37+00:00\",\"breadcrumb\":{\"@id\":\"https:\/\/www.adecose.com\/suevia-informa-a-empresarios-de-ourense-sobre-nuevas-obligaciones-en-materia-de-seguros\/#breadcrumb\"},\"inLanguage\":\"ca\",\"potentialAction\":[{\"@type\":\"ReadAction\",\"target\":[\"https:\/\/www.adecose.com\/suevia-informa-a-empresarios-de-ourense-sobre-nuevas-obligaciones-en-materia-de-seguros\/\"]}]},{\"@type\":\"ImageObject\",\"inLanguage\":\"ca\",\"@id\":\"https:\/\/www.adecose.com\/suevia-informa-a-empresarios-de-ourense-sobre-nuevas-obligaciones-en-materia-de-seguros\/#primaryimage\",\"url\":\"https:\/\/www.adecose.com\/wp-content\/uploads\/2025\/10\/NdP.-Suevia-informa-a-empresarios-de-Ourense-scaled.jpg\",\"contentUrl\":\"https:\/\/www.adecose.com\/wp-content\/uploads\/2025\/10\/NdP.-Suevia-informa-a-empresarios-de-Ourense-scaled.jpg\",\"width\":2560,\"height\":1920},{\"@type\":\"BreadcrumbList\",\"@id\":\"https:\/\/www.adecose.com\/suevia-informa-a-empresarios-de-ourense-sobre-nuevas-obligaciones-en-materia-de-seguros\/#breadcrumb\",\"itemListElement\":[{\"@type\":\"ListItem\",\"position\":1,\"name\":\"Portada\",\"item\":\"https:\/\/www.adecose.com\/ca\/associacio-espanyola-de-corredories-dassegurances-i-reassegurances\/\"},{\"@type\":\"ListItem\",\"position\":2,\"name\":\"Suevia informa a empresarios de Ourense sobre nuevas obligaciones en materia de seguros\"}]},{\"@type\":\"WebSite\",\"@id\":\"https:\/\/www.adecose.com\/gl\/#website\",\"url\":\"https:\/\/www.adecose.com\/gl\/\",\"name\":\"ADECOSE\",\"description\":\"Associaci\u00f3 Espanyola de Corredories d\u2019Assegurances i Reassegurances\",\"publisher\":{\"@id\":\"https:\/\/www.adecose.com\/gl\/#organization\"},\"potentialAction\":[{\"@type\":\"SearchAction\",\"target\":{\"@type\":\"EntryPoint\",\"urlTemplate\":\"https:\/\/www.adecose.com\/gl\/?s={search_term_string}\"},\"query-input\":{\"@type\":\"PropertyValueSpecification\",\"valueRequired\":true,\"valueName\":\"search_term_string\"}}],\"inLanguage\":\"ca\"},{\"@type\":\"Organization\",\"@id\":\"https:\/\/www.adecose.com\/gl\/#organization\",\"name\":\"ADECOSE\",\"url\":\"https:\/\/www.adecose.com\/gl\/\",\"logo\":{\"@type\":\"ImageObject\",\"inLanguage\":\"ca\",\"@id\":\"https:\/\/www.adecose.com\/gl\/#\/schema\/logo\/image\/\",\"url\":\"https:\/\/www.adecose.com\/wp-content\/uploads\/2020\/07\/favicon.png\",\"contentUrl\":\"https:\/\/www.adecose.com\/wp-content\/uploads\/2020\/07\/favicon.png\",\"width\":512,\"height\":512,\"caption\":\"ADECOSE\"},\"image\":{\"@id\":\"https:\/\/www.adecose.com\/gl\/#\/schema\/logo\/image\/\"}},{\"@type\":\"Person\",\"@id\":\"https:\/\/www.adecose.com\/gl\/#\/schema\/person\/ff086ce55f6379e1d225a2c0dca5eeb6\",\"name\":\"Comunicaci\u00f3n ADECOSE\",\"image\":{\"@type\":\"ImageObject\",\"inLanguage\":\"ca\",\"@id\":\"https:\/\/secure.gravatar.com\/avatar\/01cd1f9571997441bf1da6d1cc147351305f03fe8f2acf1ebbec60ebb26924ce?s=96&d=mm&r=g\",\"url\":\"https:\/\/secure.gravatar.com\/avatar\/01cd1f9571997441bf1da6d1cc147351305f03fe8f2acf1ebbec60ebb26924ce?s=96&d=mm&r=g\",\"contentUrl\":\"https:\/\/secure.gravatar.com\/avatar\/01cd1f9571997441bf1da6d1cc147351305f03fe8f2acf1ebbec60ebb26924ce?s=96&d=mm&r=g\",\"caption\":\"Comunicaci\u00f3n ADECOSE\"}}]}<\/script>\n<!-- \/ Yoast SEO plugin. -->","yoast_head_json":{"title":"Suevia informa a empresarios de Ourense sobre nuevas obligaciones en materia de seguros - ADECOSE","robots":{"index":"index","follow":"follow","max-snippet":"max-snippet:-1","max-image-preview":"max-image-preview:large","max-video-preview":"max-video-preview:-1"},"canonical":"https:\/\/www.adecose.com\/suevia-informa-a-empresarios-de-ourense-sobre-nuevas-obligaciones-en-materia-de-seguros\/","og_locale":"ca_ES","og_type":"article","og_title":"Suevia informa a empresarios de Ourense sobre nuevas obligaciones en materia de seguros - ADECOSE","og_description":"Suevia Gesti\u00f3n de Riesgos y Seguros ha impartido este mes de octubre una sesi\u00f3n informativa con motivo de la publicaci\u00f3n y entrada en vigor de...","og_url":"https:\/\/www.adecose.com\/suevia-informa-a-empresarios-de-ourense-sobre-nuevas-obligaciones-en-materia-de-seguros\/","og_site_name":"ADECOSE","article_published_time":"2025-10-15T12:27:37+00:00","og_image":[{"width":2560,"height":1920,"url":"https:\/\/www.adecose.com\/wp-content\/uploads\/2025\/10\/NdP.-Suevia-informa-a-empresarios-de-Ourense-scaled.jpg","type":"image\/jpeg"}],"author":"Comunicaci\u00f3n ADECOSE","twitter_card":"summary_large_image","twitter_misc":{"Escrit per":"Comunicaci\u00f3n ADECOSE","Temps estimat de lectura":"2 minuts"},"schema":{"@context":"https:\/\/schema.org","@graph":[{"@type":"Article","@id":"https:\/\/www.adecose.com\/suevia-informa-a-empresarios-de-ourense-sobre-nuevas-obligaciones-en-materia-de-seguros\/#article","isPartOf":{"@id":"https:\/\/www.adecose.com\/suevia-informa-a-empresarios-de-ourense-sobre-nuevas-obligaciones-en-materia-de-seguros\/"},"author":{"name":"Comunicaci\u00f3n ADECOSE","@id":"https:\/\/www.adecose.com\/gl\/#\/schema\/person\/ff086ce55f6379e1d225a2c0dca5eeb6"},"headline":"Suevia informa a empresarios de Ourense sobre nuevas obligaciones en materia de seguros","datePublished":"2025-10-15T12:27:37+00:00","mainEntityOfPage":{"@id":"https:\/\/www.adecose.com\/suevia-informa-a-empresarios-de-ourense-sobre-nuevas-obligaciones-en-materia-de-seguros\/"},"wordCount":270,"publisher":{"@id":"https:\/\/www.adecose.com\/gl\/#organization"},"image":{"@id":"https:\/\/www.adecose.com\/suevia-informa-a-empresarios-de-ourense-sobre-nuevas-obligaciones-en-materia-de-seguros\/#primaryimage"},"thumbnailUrl":"https:\/\/www.adecose.com\/wp-content\/uploads\/2025\/10\/NdP.-Suevia-informa-a-empresarios-de-Ourense-scaled.jpg","keywords":["Corredur\u00edas de seguros","Jornadas informativas","Suevia"],"articleSection":["Espacio #Corredur\u00edasADECOSE"],"inLanguage":"ca"},{"@type":"WebPage","@id":"https:\/\/www.adecose.com\/suevia-informa-a-empresarios-de-ourense-sobre-nuevas-obligaciones-en-materia-de-seguros\/","url":"https:\/\/www.adecose.com\/suevia-informa-a-empresarios-de-ourense-sobre-nuevas-obligaciones-en-materia-de-seguros\/","name":"Suevia informa a empresarios de Ourense sobre nuevas obligaciones en materia de seguros - ADECOSE","isPartOf":{"@id":"https:\/\/www.adecose.com\/gl\/#website"},"primaryImageOfPage":{"@id":"https:\/\/www.adecose.com\/suevia-informa-a-empresarios-de-ourense-sobre-nuevas-obligaciones-en-materia-de-seguros\/#primaryimage"},"image":{"@id":"https:\/\/www.adecose.com\/suevia-informa-a-empresarios-de-ourense-sobre-nuevas-obligaciones-en-materia-de-seguros\/#primaryimage"},"thumbnailUrl":"https:\/\/www.adecose.com\/wp-content\/uploads\/2025\/10\/NdP.-Suevia-informa-a-empresarios-de-Ourense-scaled.jpg","datePublished":"2025-10-15T12:27:37+00:00","breadcrumb":{"@id":"https:\/\/www.adecose.com\/suevia-informa-a-empresarios-de-ourense-sobre-nuevas-obligaciones-en-materia-de-seguros\/#breadcrumb"},"inLanguage":"ca","potentialAction":[{"@type":"ReadAction","target":["https:\/\/www.adecose.com\/suevia-informa-a-empresarios-de-ourense-sobre-nuevas-obligaciones-en-materia-de-seguros\/"]}]},{"@type":"ImageObject","inLanguage":"ca","@id":"https:\/\/www.adecose.com\/suevia-informa-a-empresarios-de-ourense-sobre-nuevas-obligaciones-en-materia-de-seguros\/#primaryimage","url":"https:\/\/www.adecose.com\/wp-content\/uploads\/2025\/10\/NdP.-Suevia-informa-a-empresarios-de-Ourense-scaled.jpg","contentUrl":"https:\/\/www.adecose.com\/wp-content\/uploads\/2025\/10\/NdP.-Suevia-informa-a-empresarios-de-Ourense-scaled.jpg","width":2560,"height":1920},{"@type":"BreadcrumbList","@id":"https:\/\/www.adecose.com\/suevia-informa-a-empresarios-de-ourense-sobre-nuevas-obligaciones-en-materia-de-seguros\/#breadcrumb","itemListElement":[{"@type":"ListItem","position":1,"name":"Portada","item":"https:\/\/www.adecose.com\/ca\/associacio-espanyola-de-corredories-dassegurances-i-reassegurances\/"},{"@type":"ListItem","position":2,"name":"Suevia informa a empresarios de Ourense sobre nuevas obligaciones en materia de seguros"}]},{"@type":"WebSite","@id":"https:\/\/www.adecose.com\/gl\/#website","url":"https:\/\/www.adecose.com\/gl\/","name":"ADECOSE","description":"Associaci\u00f3 Espanyola de Corredories d\u2019Assegurances i Reassegurances","publisher":{"@id":"https:\/\/www.adecose.com\/gl\/#organization"},"potentialAction":[{"@type":"SearchAction","target":{"@type":"EntryPoint","urlTemplate":"https:\/\/www.adecose.com\/gl\/?s={search_term_string}"},"query-input":{"@type":"PropertyValueSpecification","valueRequired":true,"valueName":"search_term_string"}}],"inLanguage":"ca"},{"@type":"Organization","@id":"https:\/\/www.adecose.com\/gl\/#organization","name":"ADECOSE","url":"https:\/\/www.adecose.com\/gl\/","logo":{"@type":"ImageObject","inLanguage":"ca","@id":"https:\/\/www.adecose.com\/gl\/#\/schema\/logo\/image\/","url":"https:\/\/www.adecose.com\/wp-content\/uploads\/2020\/07\/favicon.png","contentUrl":"https:\/\/www.adecose.com\/wp-content\/uploads\/2020\/07\/favicon.png","width":512,"height":512,"caption":"ADECOSE"},"image":{"@id":"https:\/\/www.adecose.com\/gl\/#\/schema\/logo\/image\/"}},{"@type":"Person","@id":"https:\/\/www.adecose.com\/gl\/#\/schema\/person\/ff086ce55f6379e1d225a2c0dca5eeb6","name":"Comunicaci\u00f3n ADECOSE","image":{"@type":"ImageObject","inLanguage":"ca","@id":"https:\/\/secure.gravatar.com\/avatar\/01cd1f9571997441bf1da6d1cc147351305f03fe8f2acf1ebbec60ebb26924ce?s=96&d=mm&r=g","url":"https:\/\/secure.gravatar.com\/avatar\/01cd1f9571997441bf1da6d1cc147351305f03fe8f2acf1ebbec60ebb26924ce?s=96&d=mm&r=g","contentUrl":"https:\/\/secure.gravatar.com\/avatar\/01cd1f9571997441bf1da6d1cc147351305f03fe8f2acf1ebbec60ebb26924ce?s=96&d=mm&r=g","caption":"Comunicaci\u00f3n ADECOSE"}}]}},"_links":{"self":[{"href":"https:\/\/www.adecose.com\/ca\/wp-json\/wp\/v2\/posts\/19872","targetHints":{"allow":["GET"]}}],"collection":[{"href":"https:\/\/www.adecose.com\/ca\/wp-json\/wp\/v2\/posts"}],"about":[{"href":"https:\/\/www.adecose.com\/ca\/wp-json\/wp\/v2\/types\/post"}],"author":[{"embeddable":true,"href":"https:\/\/www.adecose.com\/ca\/wp-json\/wp\/v2\/users\/197"}],"replies":[{"embeddable":true,"href":"https:\/\/www.adecose.com\/ca\/wp-json\/wp\/v2\/comments?post=19872"}],"version-history":[{"count":0,"href":"https:\/\/www.adecose.com\/ca\/wp-json\/wp\/v2\/posts\/19872\/revisions"}],"wp:featuredmedia":[{"embeddable":true,"href":"https:\/\/www.adecose.com\/ca\/wp-json\/wp\/v2\/media\/19873"}],"wp:attachment":[{"href":"https:\/\/www.adecose.com\/ca\/wp-json\/wp\/v2\/media?parent=19872"}],"wp:term":[{"taxonomy":"category","embeddable":true,"href":"https:\/\/www.adecose.com\/ca\/wp-json\/wp\/v2\/categories?post=19872"},{"taxonomy":"post_tag","embeddable":true,"href":"https:\/\/www.adecose.com\/ca\/wp-json\/wp\/v2\/tags?post=19872"}],"curies":[{"name":"wp","href":"https:\/\/api.w.org\/{rel}","templated":true}]}}