{"id":19593,"date":"2025-07-28T12:38:43","date_gmt":"2025-07-28T10:38:43","guid":{"rendered":"https:\/\/www.adecose.com\/?p=19593"},"modified":"2025-07-28T12:38:43","modified_gmt":"2025-07-28T10:38:43","slug":"la-fundacion-lamaignere-y-howden-firman-un-acuerdo-para-impulsar-el-podcast-mi-primera-exportacion","status":"publish","type":"post","link":"https:\/\/www.adecose.com\/ca\/la-fundacion-lamaignere-y-howden-firman-un-acuerdo-para-impulsar-el-podcast-mi-primera-exportacion\/","title":{"rendered":"La Fundaci\u00f3n Lamaignere y Howden firman un acuerdo para impulsar el p\u00f3dcast \u201cMi primera exportaci\u00f3n\u201d"},"content":{"rendered":"<p><em><span class=\"normaltextrun\">El podcast \u201cMi primera exportaci\u00f3n\u201d es una iniciativa destinada a difundir experiencias reales de empresarios que han afrontado con \u00e9xito el proceso de internacionalizaci\u00f3n de sus compa\u00f1\u00edas.<\/span><span class=\"eop\">\u00a0<\/span><\/em><\/p>\n<p class=\"paragraph\"><span class=\"normaltextrun\"><b>Howden Iberia<\/b><\/span><span class=\"normaltextrun\">, uno de los cuatro mayores br\u00f3keres de seguros en Espa\u00f1a, y la <b>Fundaci\u00f3n Lamaignere <\/b>han suscrito un convenio de colaboraci\u00f3n para el patrocinio del p\u00f3dcast \u201c<b>Mi primera exportaci\u00f3n\u201d<\/b>, una iniciativa destinada a difundir experiencias reales de empresarios que han afrontado con \u00e9xito el proceso de internacionalizaci\u00f3n de sus compa\u00f1\u00edas.<\/span><span class=\"eop\">\u00a0<\/span><\/p>\n<p class=\"paragraph\"><span class=\"normaltextrun\">El acuerdo permitir\u00e1 producir un total de 80 cap\u00edtulos, distribuidos en 8 temporadas, consolidando as\u00ed el crecimiento y el impacto de este proyecto, que se ha convertido en una herramienta de referencia para pymes y emprendedores interesados en expandir sus negocios a mercados internacionales.<\/span><span class=\"eop\">\u00a0<\/span><\/p>\n<p class=\"paragraph\"><span class=\"normaltextrun\">La Fundaci\u00f3n Lamaignere, comprometida con el impulso del tejido empresarial y la divulgaci\u00f3n de conocimiento, ofrecer\u00e1 a Howden una presencia destacada en el proyecto.<\/span><span class=\"eop\">\u00a0<\/span><\/p>\n<p class=\"paragraph\"><span class=\"normaltextrun\"><b>Francisco Herrero Le\u00f3n<\/b><\/span><span class=\"normaltextrun\">, <b>presidente de la Fundaci\u00f3n Lamaignere,<\/b> ha se\u00f1alado: \u201c<i>Este acuerdo con Howden refuerza nuestra apuesta por compartir conocimiento y experiencias pr\u00e1cticas que inspiren a las empresas a internacionalizarse con \u00e9xito. Contar con el apoyo de una firma de prestigio como Howden nos permitir\u00e1 dar un salto cualitativo en la difusi\u00f3n de este proyecto<\/i>\u201d.<\/span><span class=\"eop\">\u00a0<\/span><\/p>\n<p class=\"paragraph\"><span class=\"normaltextrun\">Por su parte, <b>Jos\u00e9 \u00c1lvaro Garc\u00eda Luna<\/b>,<b> director territorial\u00a0 SurLevante de Howden Iberia<\/b>, ha destacado: \u201c<i>Nuestra colaboraci\u00f3n con la Fundaci\u00f3n Lamaignere responde al compromiso de Howden con el crecimiento y la formaci\u00f3n del tejido empresarial. Creemos firmemente en el valor de iniciativas que, como este p\u00f3dcast, acercan el conocimiento y la experiencia de los protagonistas del comercio internacional<\/i>\u201d.<\/span><span class=\"eop\">\u00a0<\/span><\/p>\n<p class=\"paragraph\"><span class=\"normaltextrun\">Esta colaboraci\u00f3n reafirma el compromiso de ambas entidades con el impulso a la internacionalizaci\u00f3n de las empresas y el desarrollo empresarial.<\/span><span class=\"eop\">\u00a0<\/span><\/p>\n","protected":false},"excerpt":{"rendered":"<p>El podcast \u201cMi primera exportaci\u00f3n\u201d es una iniciativa destinada a difundir experiencias reales de empresarios que han afrontado con \u00e9xito el proceso de internacionalizaci\u00f3n de&#8230;<\/p>\n","protected":false},"author":197,"featured_media":18896,"comment_status":"closed","ping_status":"closed","sticky":false,"template":"","format":"standard","meta":{"_acf_changed":false,"_price":"","_stock":"","_tribe_ticket_header":"","_tribe_default_ticket_provider":"","_tribe_ticket_capacity":"0","_ticket_start_date":"","_ticket_end_date":"","_tribe_ticket_show_description":"","_tribe_ticket_show_not_going":false,"_tribe_ticket_use_global_stock":"","_tribe_ticket_global_stock_level":"","_global_stock_mode":"","_global_stock_cap":"","_tribe_rsvp_for_event":"","_tribe_ticket_going_count":"","_tribe_ticket_not_going_count":"","_tribe_tickets_list":"[]","_tribe_ticket_has_attendee_info_fields":false,"footnotes":""},"categories":[339],"tags":[607,517,562],"class_list":["post-19593","post","type-post","status-publish","format-standard","has-post-thumbnail","category-espacio-correduriasadecose","tag-acciones-corporativas","tag-corredurias-de-seguros","tag-howden-iberia"],"acf":[],"yoast_head":"<!-- This site is optimized with the Yoast SEO plugin v27.2 - https:\/\/yoast.com\/product\/yoast-seo-wordpress\/ -->\n<title>La Fundaci\u00f3n Lamaignere y Howden firman un acuerdo para impulsar el p\u00f3dcast \u201cMi primera exportaci\u00f3n\u201d - ADECOSE<\/title>\n<meta name=\"robots\" content=\"index, follow, max-snippet:-1, max-image-preview:large, max-video-preview:-1\" \/>\n<link rel=\"canonical\" href=\"https:\/\/www.adecose.com\/la-fundacion-lamaignere-y-howden-firman-un-acuerdo-para-impulsar-el-podcast-mi-primera-exportacion\/\" \/>\n<meta property=\"og:locale\" content=\"ca_ES\" \/>\n<meta property=\"og:type\" content=\"article\" \/>\n<meta property=\"og:title\" content=\"La Fundaci\u00f3n Lamaignere y Howden firman un acuerdo para impulsar el p\u00f3dcast \u201cMi primera exportaci\u00f3n\u201d - ADECOSE\" \/>\n<meta property=\"og:description\" content=\"El podcast \u201cMi primera exportaci\u00f3n\u201d es una iniciativa destinada a difundir experiencias reales de empresarios que han afrontado con \u00e9xito el proceso de internacionalizaci\u00f3n de...\" \/>\n<meta property=\"og:url\" content=\"https:\/\/www.adecose.com\/la-fundacion-lamaignere-y-howden-firman-un-acuerdo-para-impulsar-el-podcast-mi-primera-exportacion\/\" \/>\n<meta property=\"og:site_name\" content=\"ADECOSE\" \/>\n<meta property=\"article:published_time\" content=\"2025-07-28T10:38:43+00:00\" \/>\n<meta property=\"og:image\" content=\"https:\/\/www.adecose.com\/wp-content\/uploads\/2025\/03\/nuevo_logo_howden_paranoticiasweb.webp\" \/>\n\t<meta property=\"og:image:width\" content=\"1500\" \/>\n\t<meta property=\"og:image:height\" content=\"800\" \/>\n\t<meta property=\"og:image:type\" content=\"image\/webp\" \/>\n<meta name=\"author\" content=\"Comunicaci\u00f3n ADECOSE\" \/>\n<meta name=\"twitter:card\" content=\"summary_large_image\" \/>\n<meta name=\"twitter:label1\" content=\"Escrit per\" \/>\n\t<meta name=\"twitter:data1\" content=\"Comunicaci\u00f3n ADECOSE\" \/>\n\t<meta name=\"twitter:label2\" content=\"Temps estimat de lectura\" \/>\n\t<meta name=\"twitter:data2\" content=\"2 minuts\" \/>\n<script type=\"application\/ld+json\" class=\"yoast-schema-graph\">{\"@context\":\"https:\/\/schema.org\",\"@graph\":[{\"@type\":\"Article\",\"@id\":\"https:\/\/www.adecose.com\/la-fundacion-lamaignere-y-howden-firman-un-acuerdo-para-impulsar-el-podcast-mi-primera-exportacion\/#article\",\"isPartOf\":{\"@id\":\"https:\/\/www.adecose.com\/la-fundacion-lamaignere-y-howden-firman-un-acuerdo-para-impulsar-el-podcast-mi-primera-exportacion\/\"},\"author\":{\"name\":\"Comunicaci\u00f3n ADECOSE\",\"@id\":\"https:\/\/www.adecose.com\/gl\/#\/schema\/person\/ff086ce55f6379e1d225a2c0dca5eeb6\"},\"headline\":\"La Fundaci\u00f3n Lamaignere y Howden firman un acuerdo para impulsar el p\u00f3dcast \u201cMi primera exportaci\u00f3n\u201d\",\"datePublished\":\"2025-07-28T10:38:43+00:00\",\"mainEntityOfPage\":{\"@id\":\"https:\/\/www.adecose.com\/la-fundacion-lamaignere-y-howden-firman-un-acuerdo-para-impulsar-el-podcast-mi-primera-exportacion\/\"},\"wordCount\":322,\"publisher\":{\"@id\":\"https:\/\/www.adecose.com\/gl\/#organization\"},\"image\":{\"@id\":\"https:\/\/www.adecose.com\/la-fundacion-lamaignere-y-howden-firman-un-acuerdo-para-impulsar-el-podcast-mi-primera-exportacion\/#primaryimage\"},\"thumbnailUrl\":\"https:\/\/www.adecose.com\/wp-content\/uploads\/2025\/03\/nuevo_logo_howden_paranoticiasweb.webp\",\"keywords\":[\"Acciones corporativas\",\"Corredur\u00edas de seguros\",\"Howden Iberia\"],\"articleSection\":[\"Espacio #Corredur\u00edasADECOSE\"],\"inLanguage\":\"ca\"},{\"@type\":\"WebPage\",\"@id\":\"https:\/\/www.adecose.com\/la-fundacion-lamaignere-y-howden-firman-un-acuerdo-para-impulsar-el-podcast-mi-primera-exportacion\/\",\"url\":\"https:\/\/www.adecose.com\/la-fundacion-lamaignere-y-howden-firman-un-acuerdo-para-impulsar-el-podcast-mi-primera-exportacion\/\",\"name\":\"La Fundaci\u00f3n Lamaignere y Howden firman un acuerdo para impulsar el p\u00f3dcast \u201cMi primera exportaci\u00f3n\u201d - ADECOSE\",\"isPartOf\":{\"@id\":\"https:\/\/www.adecose.com\/gl\/#website\"},\"primaryImageOfPage\":{\"@id\":\"https:\/\/www.adecose.com\/la-fundacion-lamaignere-y-howden-firman-un-acuerdo-para-impulsar-el-podcast-mi-primera-exportacion\/#primaryimage\"},\"image\":{\"@id\":\"https:\/\/www.adecose.com\/la-fundacion-lamaignere-y-howden-firman-un-acuerdo-para-impulsar-el-podcast-mi-primera-exportacion\/#primaryimage\"},\"thumbnailUrl\":\"https:\/\/www.adecose.com\/wp-content\/uploads\/2025\/03\/nuevo_logo_howden_paranoticiasweb.webp\",\"datePublished\":\"2025-07-28T10:38:43+00:00\",\"breadcrumb\":{\"@id\":\"https:\/\/www.adecose.com\/la-fundacion-lamaignere-y-howden-firman-un-acuerdo-para-impulsar-el-podcast-mi-primera-exportacion\/#breadcrumb\"},\"inLanguage\":\"ca\",\"potentialAction\":[{\"@type\":\"ReadAction\",\"target\":[\"https:\/\/www.adecose.com\/la-fundacion-lamaignere-y-howden-firman-un-acuerdo-para-impulsar-el-podcast-mi-primera-exportacion\/\"]}]},{\"@type\":\"ImageObject\",\"inLanguage\":\"ca\",\"@id\":\"https:\/\/www.adecose.com\/la-fundacion-lamaignere-y-howden-firman-un-acuerdo-para-impulsar-el-podcast-mi-primera-exportacion\/#primaryimage\",\"url\":\"https:\/\/www.adecose.com\/wp-content\/uploads\/2025\/03\/nuevo_logo_howden_paranoticiasweb.webp\",\"contentUrl\":\"https:\/\/www.adecose.com\/wp-content\/uploads\/2025\/03\/nuevo_logo_howden_paranoticiasweb.webp\",\"width\":1500,\"height\":800},{\"@type\":\"BreadcrumbList\",\"@id\":\"https:\/\/www.adecose.com\/la-fundacion-lamaignere-y-howden-firman-un-acuerdo-para-impulsar-el-podcast-mi-primera-exportacion\/#breadcrumb\",\"itemListElement\":[{\"@type\":\"ListItem\",\"position\":1,\"name\":\"Portada\",\"item\":\"https:\/\/www.adecose.com\/ca\/associacio-espanyola-de-corredories-dassegurances-i-reassegurances\/\"},{\"@type\":\"ListItem\",\"position\":2,\"name\":\"La Fundaci\u00f3n Lamaignere y Howden firman un acuerdo para impulsar el p\u00f3dcast \u201cMi primera exportaci\u00f3n\u201d\"}]},{\"@type\":\"WebSite\",\"@id\":\"https:\/\/www.adecose.com\/gl\/#website\",\"url\":\"https:\/\/www.adecose.com\/gl\/\",\"name\":\"ADECOSE\",\"description\":\"Associaci\u00f3 Espanyola de Corredories d\u2019Assegurances i Reassegurances\",\"publisher\":{\"@id\":\"https:\/\/www.adecose.com\/gl\/#organization\"},\"potentialAction\":[{\"@type\":\"SearchAction\",\"target\":{\"@type\":\"EntryPoint\",\"urlTemplate\":\"https:\/\/www.adecose.com\/gl\/?s={search_term_string}\"},\"query-input\":{\"@type\":\"PropertyValueSpecification\",\"valueRequired\":true,\"valueName\":\"search_term_string\"}}],\"inLanguage\":\"ca\"},{\"@type\":\"Organization\",\"@id\":\"https:\/\/www.adecose.com\/gl\/#organization\",\"name\":\"ADECOSE\",\"url\":\"https:\/\/www.adecose.com\/gl\/\",\"logo\":{\"@type\":\"ImageObject\",\"inLanguage\":\"ca\",\"@id\":\"https:\/\/www.adecose.com\/gl\/#\/schema\/logo\/image\/\",\"url\":\"https:\/\/www.adecose.com\/wp-content\/uploads\/2020\/07\/favicon.png\",\"contentUrl\":\"https:\/\/www.adecose.com\/wp-content\/uploads\/2020\/07\/favicon.png\",\"width\":512,\"height\":512,\"caption\":\"ADECOSE\"},\"image\":{\"@id\":\"https:\/\/www.adecose.com\/gl\/#\/schema\/logo\/image\/\"}},{\"@type\":\"Person\",\"@id\":\"https:\/\/www.adecose.com\/gl\/#\/schema\/person\/ff086ce55f6379e1d225a2c0dca5eeb6\",\"name\":\"Comunicaci\u00f3n ADECOSE\",\"image\":{\"@type\":\"ImageObject\",\"inLanguage\":\"ca\",\"@id\":\"https:\/\/secure.gravatar.com\/avatar\/01cd1f9571997441bf1da6d1cc147351305f03fe8f2acf1ebbec60ebb26924ce?s=96&d=mm&r=g\",\"url\":\"https:\/\/secure.gravatar.com\/avatar\/01cd1f9571997441bf1da6d1cc147351305f03fe8f2acf1ebbec60ebb26924ce?s=96&d=mm&r=g\",\"contentUrl\":\"https:\/\/secure.gravatar.com\/avatar\/01cd1f9571997441bf1da6d1cc147351305f03fe8f2acf1ebbec60ebb26924ce?s=96&d=mm&r=g\",\"caption\":\"Comunicaci\u00f3n ADECOSE\"}}]}<\/script>\n<!-- \/ Yoast SEO plugin. -->","yoast_head_json":{"title":"La Fundaci\u00f3n Lamaignere y Howden firman un acuerdo para impulsar el p\u00f3dcast \u201cMi primera exportaci\u00f3n\u201d - ADECOSE","robots":{"index":"index","follow":"follow","max-snippet":"max-snippet:-1","max-image-preview":"max-image-preview:large","max-video-preview":"max-video-preview:-1"},"canonical":"https:\/\/www.adecose.com\/la-fundacion-lamaignere-y-howden-firman-un-acuerdo-para-impulsar-el-podcast-mi-primera-exportacion\/","og_locale":"ca_ES","og_type":"article","og_title":"La Fundaci\u00f3n Lamaignere y Howden firman un acuerdo para impulsar el p\u00f3dcast \u201cMi primera exportaci\u00f3n\u201d - ADECOSE","og_description":"El podcast \u201cMi primera exportaci\u00f3n\u201d es una iniciativa destinada a difundir experiencias reales de empresarios que han afrontado con \u00e9xito el proceso de internacionalizaci\u00f3n de...","og_url":"https:\/\/www.adecose.com\/la-fundacion-lamaignere-y-howden-firman-un-acuerdo-para-impulsar-el-podcast-mi-primera-exportacion\/","og_site_name":"ADECOSE","article_published_time":"2025-07-28T10:38:43+00:00","og_image":[{"width":1500,"height":800,"url":"https:\/\/www.adecose.com\/wp-content\/uploads\/2025\/03\/nuevo_logo_howden_paranoticiasweb.webp","type":"image\/webp"}],"author":"Comunicaci\u00f3n ADECOSE","twitter_card":"summary_large_image","twitter_misc":{"Escrit per":"Comunicaci\u00f3n ADECOSE","Temps estimat de lectura":"2 minuts"},"schema":{"@context":"https:\/\/schema.org","@graph":[{"@type":"Article","@id":"https:\/\/www.adecose.com\/la-fundacion-lamaignere-y-howden-firman-un-acuerdo-para-impulsar-el-podcast-mi-primera-exportacion\/#article","isPartOf":{"@id":"https:\/\/www.adecose.com\/la-fundacion-lamaignere-y-howden-firman-un-acuerdo-para-impulsar-el-podcast-mi-primera-exportacion\/"},"author":{"name":"Comunicaci\u00f3n ADECOSE","@id":"https:\/\/www.adecose.com\/gl\/#\/schema\/person\/ff086ce55f6379e1d225a2c0dca5eeb6"},"headline":"La Fundaci\u00f3n Lamaignere y Howden firman un acuerdo para impulsar el p\u00f3dcast \u201cMi primera exportaci\u00f3n\u201d","datePublished":"2025-07-28T10:38:43+00:00","mainEntityOfPage":{"@id":"https:\/\/www.adecose.com\/la-fundacion-lamaignere-y-howden-firman-un-acuerdo-para-impulsar-el-podcast-mi-primera-exportacion\/"},"wordCount":322,"publisher":{"@id":"https:\/\/www.adecose.com\/gl\/#organization"},"image":{"@id":"https:\/\/www.adecose.com\/la-fundacion-lamaignere-y-howden-firman-un-acuerdo-para-impulsar-el-podcast-mi-primera-exportacion\/#primaryimage"},"thumbnailUrl":"https:\/\/www.adecose.com\/wp-content\/uploads\/2025\/03\/nuevo_logo_howden_paranoticiasweb.webp","keywords":["Acciones corporativas","Corredur\u00edas de seguros","Howden Iberia"],"articleSection":["Espacio #Corredur\u00edasADECOSE"],"inLanguage":"ca"},{"@type":"WebPage","@id":"https:\/\/www.adecose.com\/la-fundacion-lamaignere-y-howden-firman-un-acuerdo-para-impulsar-el-podcast-mi-primera-exportacion\/","url":"https:\/\/www.adecose.com\/la-fundacion-lamaignere-y-howden-firman-un-acuerdo-para-impulsar-el-podcast-mi-primera-exportacion\/","name":"La Fundaci\u00f3n Lamaignere y Howden firman un acuerdo para impulsar el p\u00f3dcast \u201cMi primera exportaci\u00f3n\u201d - ADECOSE","isPartOf":{"@id":"https:\/\/www.adecose.com\/gl\/#website"},"primaryImageOfPage":{"@id":"https:\/\/www.adecose.com\/la-fundacion-lamaignere-y-howden-firman-un-acuerdo-para-impulsar-el-podcast-mi-primera-exportacion\/#primaryimage"},"image":{"@id":"https:\/\/www.adecose.com\/la-fundacion-lamaignere-y-howden-firman-un-acuerdo-para-impulsar-el-podcast-mi-primera-exportacion\/#primaryimage"},"thumbnailUrl":"https:\/\/www.adecose.com\/wp-content\/uploads\/2025\/03\/nuevo_logo_howden_paranoticiasweb.webp","datePublished":"2025-07-28T10:38:43+00:00","breadcrumb":{"@id":"https:\/\/www.adecose.com\/la-fundacion-lamaignere-y-howden-firman-un-acuerdo-para-impulsar-el-podcast-mi-primera-exportacion\/#breadcrumb"},"inLanguage":"ca","potentialAction":[{"@type":"ReadAction","target":["https:\/\/www.adecose.com\/la-fundacion-lamaignere-y-howden-firman-un-acuerdo-para-impulsar-el-podcast-mi-primera-exportacion\/"]}]},{"@type":"ImageObject","inLanguage":"ca","@id":"https:\/\/www.adecose.com\/la-fundacion-lamaignere-y-howden-firman-un-acuerdo-para-impulsar-el-podcast-mi-primera-exportacion\/#primaryimage","url":"https:\/\/www.adecose.com\/wp-content\/uploads\/2025\/03\/nuevo_logo_howden_paranoticiasweb.webp","contentUrl":"https:\/\/www.adecose.com\/wp-content\/uploads\/2025\/03\/nuevo_logo_howden_paranoticiasweb.webp","width":1500,"height":800},{"@type":"BreadcrumbList","@id":"https:\/\/www.adecose.com\/la-fundacion-lamaignere-y-howden-firman-un-acuerdo-para-impulsar-el-podcast-mi-primera-exportacion\/#breadcrumb","itemListElement":[{"@type":"ListItem","position":1,"name":"Portada","item":"https:\/\/www.adecose.com\/ca\/associacio-espanyola-de-corredories-dassegurances-i-reassegurances\/"},{"@type":"ListItem","position":2,"name":"La Fundaci\u00f3n Lamaignere y Howden firman un acuerdo para impulsar el p\u00f3dcast \u201cMi primera exportaci\u00f3n\u201d"}]},{"@type":"WebSite","@id":"https:\/\/www.adecose.com\/gl\/#website","url":"https:\/\/www.adecose.com\/gl\/","name":"ADECOSE","description":"Associaci\u00f3 Espanyola de Corredories d\u2019Assegurances i Reassegurances","publisher":{"@id":"https:\/\/www.adecose.com\/gl\/#organization"},"potentialAction":[{"@type":"SearchAction","target":{"@type":"EntryPoint","urlTemplate":"https:\/\/www.adecose.com\/gl\/?s={search_term_string}"},"query-input":{"@type":"PropertyValueSpecification","valueRequired":true,"valueName":"search_term_string"}}],"inLanguage":"ca"},{"@type":"Organization","@id":"https:\/\/www.adecose.com\/gl\/#organization","name":"ADECOSE","url":"https:\/\/www.adecose.com\/gl\/","logo":{"@type":"ImageObject","inLanguage":"ca","@id":"https:\/\/www.adecose.com\/gl\/#\/schema\/logo\/image\/","url":"https:\/\/www.adecose.com\/wp-content\/uploads\/2020\/07\/favicon.png","contentUrl":"https:\/\/www.adecose.com\/wp-content\/uploads\/2020\/07\/favicon.png","width":512,"height":512,"caption":"ADECOSE"},"image":{"@id":"https:\/\/www.adecose.com\/gl\/#\/schema\/logo\/image\/"}},{"@type":"Person","@id":"https:\/\/www.adecose.com\/gl\/#\/schema\/person\/ff086ce55f6379e1d225a2c0dca5eeb6","name":"Comunicaci\u00f3n ADECOSE","image":{"@type":"ImageObject","inLanguage":"ca","@id":"https:\/\/secure.gravatar.com\/avatar\/01cd1f9571997441bf1da6d1cc147351305f03fe8f2acf1ebbec60ebb26924ce?s=96&d=mm&r=g","url":"https:\/\/secure.gravatar.com\/avatar\/01cd1f9571997441bf1da6d1cc147351305f03fe8f2acf1ebbec60ebb26924ce?s=96&d=mm&r=g","contentUrl":"https:\/\/secure.gravatar.com\/avatar\/01cd1f9571997441bf1da6d1cc147351305f03fe8f2acf1ebbec60ebb26924ce?s=96&d=mm&r=g","caption":"Comunicaci\u00f3n ADECOSE"}}]}},"_links":{"self":[{"href":"https:\/\/www.adecose.com\/ca\/wp-json\/wp\/v2\/posts\/19593","targetHints":{"allow":["GET"]}}],"collection":[{"href":"https:\/\/www.adecose.com\/ca\/wp-json\/wp\/v2\/posts"}],"about":[{"href":"https:\/\/www.adecose.com\/ca\/wp-json\/wp\/v2\/types\/post"}],"author":[{"embeddable":true,"href":"https:\/\/www.adecose.com\/ca\/wp-json\/wp\/v2\/users\/197"}],"replies":[{"embeddable":true,"href":"https:\/\/www.adecose.com\/ca\/wp-json\/wp\/v2\/comments?post=19593"}],"version-history":[{"count":0,"href":"https:\/\/www.adecose.com\/ca\/wp-json\/wp\/v2\/posts\/19593\/revisions"}],"wp:featuredmedia":[{"embeddable":true,"href":"https:\/\/www.adecose.com\/ca\/wp-json\/wp\/v2\/media\/18896"}],"wp:attachment":[{"href":"https:\/\/www.adecose.com\/ca\/wp-json\/wp\/v2\/media?parent=19593"}],"wp:term":[{"taxonomy":"category","embeddable":true,"href":"https:\/\/www.adecose.com\/ca\/wp-json\/wp\/v2\/categories?post=19593"},{"taxonomy":"post_tag","embeddable":true,"href":"https:\/\/www.adecose.com\/ca\/wp-json\/wp\/v2\/tags?post=19593"}],"curies":[{"name":"wp","href":"https:\/\/api.w.org\/{rel}","templated":true}]}}