{"id":18842,"date":"2025-03-10T16:23:34","date_gmt":"2025-03-10T15:23:34","guid":{"rendered":"https:\/\/www.adecose.com\/?p=18842"},"modified":"2025-03-10T16:23:34","modified_gmt":"2025-03-10T15:23:34","slug":"coseba-celebra-en-granada-su-iii-jornada-singular-woman","status":"publish","type":"post","link":"https:\/\/www.adecose.com\/ca\/coseba-celebra-en-granada-su-iii-jornada-singular-woman\/","title":{"rendered":"COSEBA celebra en Granada su III Jornada Singular Woman"},"content":{"rendered":"<p dir=\"ltr\"><em>El evento, que cont\u00f3 con la participaci\u00f3n de 25 mujeres directivas de la corredur\u00eda y su red de oficinas Premier y otras destacadas profesionales del sector, tuvo como objetivo principal impulsar el liderazgo femenino en el sector asegurador.<\/em><\/p>\n<p dir=\"ltr\"><em>La jornada de formaci\u00f3n estuvo a cargo de la coach Yolanda S\u00e1enz De Tejada y V\u00e1zquez, experta en visibilidad femenina estrat\u00e9gica, liderazgo y productividad con IA.<\/em><\/p>\n<p dir=\"ltr\">COSEBA ha celebrado, el pasado 6 de marzo en el Hotel Continental de Granada, la tercera edici\u00f3n de Singular Woman, su iniciativa de empoderamiento y liderazgo femenino en el sector asegurador. El evento cont\u00f3 con la asistencia de 25 directivas de la corredur\u00eda y red de oficinas Premier y otras profesionales destacadas del sector.<\/p>\n<p dir=\"ltr\">Cabe recordar que Singular Woman es una iniciativa creada por COSEBA con el objetivo de proporcionar a las mujeres del sector asegurador un espacio propio donde desarrollar sus habilidades, fomentar el networking y potenciar su liderazgo en un entorno tradicionalmente masculino. Durante esta jornada, todas las participantes pudieron compartir experiencias, intercambiar conocimientos y asistir a ponencias y talleres dise\u00f1ados para fortalecer su crecimiento profesional.<\/p>\n<p dir=\"ltr\">En este sentido, la jornada cont\u00f3 con la colaboraci\u00f3n de Generali On en la organizaci\u00f3n del evento, estando representada por Mar\u00eda Dom\u00ednguez, directora comercial de zona, y Valle Garc\u00eda Carrasco, responsable comercial virtual. Asimismo, asistieron como invitadas Concha Montero, responsable del centro de gesti\u00f3n de prestaciones de Andaluc\u00eda y Canarias de Reale Seguros Generales, y Esther Donquiles Barea, directora de la sucursal de C\u00f3rdoba de Allianz Seguros. Por su parte, Yolanda S\u00e1enz de Tejada y V\u00e1zquez lider\u00f3 una sesi\u00f3n de formaci\u00f3n centrada en visibilidad, liderazgo y productividad con IA.<\/p>\n<p dir=\"ltr\">Por su parte, Silvia Dancausa, CEO de COSEBA, destac\u00f3 la importancia de eventos como Singular Woman para el desarrollo del talento y liderazgo femeninos en el sector asegurador: \u00abEn COSEBA creemos firmemente en la necesidad de impulsar el liderazgo femenino, no solo por una cuesti\u00f3n de equidad, sino porque estamos convencidas de que la diversidad de talento enriquece el sector y lo hace m\u00e1s competitivo. Singular Woman se ha consolidado como un espacio propio donde nuestras directivas, tanto de la oficina central como de la Red Premier, pueden inspirarse, formarse y apoyarse mutuamente para seguir creciendo profesionalmente\u00bb.<\/p>\n<p dir=\"ltr\">Esta edici\u00f3n de Singular Woman en Granada es una de las principales iniciativas que COSEBA viene desarrollando en su apuesta por la igualdad y la visibilidad de la mujer en el \u00e1mbito asegurador. La corredur\u00eda ya trabaja en nuevas acciones de esta iniciativa a lo largo del a\u00f1o para seguir ampliando su impacto y fomentar el empoderamiento femenino en el sector.<\/p>\n","protected":false},"excerpt":{"rendered":"<p>El evento, que cont\u00f3 con la participaci\u00f3n de 25 mujeres directivas de la corredur\u00eda y su red de oficinas Premier y otras destacadas profesionales del&#8230;<\/p>\n","protected":false},"author":197,"featured_media":18843,"comment_status":"closed","ping_status":"closed","sticky":false,"template":"","format":"standard","meta":{"_acf_changed":false,"_price":"","_stock":"","_tribe_ticket_header":"","_tribe_default_ticket_provider":"","_tribe_ticket_capacity":"0","_ticket_start_date":"","_ticket_end_date":"","_tribe_ticket_show_description":"","_tribe_ticket_show_not_going":false,"_tribe_ticket_use_global_stock":"","_tribe_ticket_global_stock_level":"","_global_stock_mode":"","_global_stock_cap":"","_tribe_rsvp_for_event":"","_tribe_ticket_going_count":"","_tribe_ticket_not_going_count":"","_tribe_tickets_list":"[]","_tribe_ticket_has_attendee_info_fields":false,"footnotes":""},"categories":[339],"tags":[],"class_list":["post-18842","post","type-post","status-publish","format-standard","has-post-thumbnail","category-espacio-correduriasadecose"],"acf":[],"yoast_head":"<!-- This site is optimized with the Yoast SEO plugin v27.2 - https:\/\/yoast.com\/product\/yoast-seo-wordpress\/ -->\n<title>COSEBA celebra en Granada su III Jornada Singular Woman - ADECOSE<\/title>\n<meta name=\"robots\" content=\"index, follow, max-snippet:-1, max-image-preview:large, max-video-preview:-1\" \/>\n<link rel=\"canonical\" href=\"https:\/\/www.adecose.com\/coseba-celebra-en-granada-su-iii-jornada-singular-woman\/\" \/>\n<meta property=\"og:locale\" content=\"ca_ES\" \/>\n<meta property=\"og:type\" content=\"article\" \/>\n<meta property=\"og:title\" content=\"COSEBA celebra en Granada su III Jornada Singular Woman - ADECOSE\" \/>\n<meta property=\"og:description\" content=\"El evento, que cont\u00f3 con la participaci\u00f3n de 25 mujeres directivas de la corredur\u00eda y su red de oficinas Premier y otras destacadas profesionales del...\" \/>\n<meta property=\"og:url\" content=\"https:\/\/www.adecose.com\/coseba-celebra-en-granada-su-iii-jornada-singular-woman\/\" \/>\n<meta property=\"og:site_name\" content=\"ADECOSE\" \/>\n<meta property=\"article:published_time\" content=\"2025-03-10T15:23:34+00:00\" \/>\n<meta property=\"og:image\" content=\"https:\/\/www.adecose.com\/wp-content\/uploads\/2025\/03\/COSEBA-SINGULAR-WOMAN-FOTO-FAMILIA-rosa.jpg\" \/>\n\t<meta property=\"og:image:width\" content=\"1600\" \/>\n\t<meta property=\"og:image:height\" content=\"1213\" \/>\n\t<meta property=\"og:image:type\" content=\"image\/jpeg\" \/>\n<meta name=\"author\" content=\"Comunicaci\u00f3n ADECOSE\" \/>\n<meta name=\"twitter:card\" content=\"summary_large_image\" \/>\n<meta name=\"twitter:label1\" content=\"Escrit per\" \/>\n\t<meta name=\"twitter:data1\" content=\"Comunicaci\u00f3n ADECOSE\" \/>\n\t<meta name=\"twitter:label2\" content=\"Temps estimat de lectura\" \/>\n\t<meta name=\"twitter:data2\" content=\"3 minuts\" \/>\n<script type=\"application\/ld+json\" class=\"yoast-schema-graph\">{\"@context\":\"https:\/\/schema.org\",\"@graph\":[{\"@type\":\"Article\",\"@id\":\"https:\/\/www.adecose.com\/coseba-celebra-en-granada-su-iii-jornada-singular-woman\/#article\",\"isPartOf\":{\"@id\":\"https:\/\/www.adecose.com\/coseba-celebra-en-granada-su-iii-jornada-singular-woman\/\"},\"author\":{\"name\":\"Comunicaci\u00f3n ADECOSE\",\"@id\":\"https:\/\/www.adecose.com\/gl\/#\/schema\/person\/ff086ce55f6379e1d225a2c0dca5eeb6\"},\"headline\":\"COSEBA celebra en Granada su III Jornada Singular Woman\",\"datePublished\":\"2025-03-10T15:23:34+00:00\",\"mainEntityOfPage\":{\"@id\":\"https:\/\/www.adecose.com\/coseba-celebra-en-granada-su-iii-jornada-singular-woman\/\"},\"wordCount\":461,\"publisher\":{\"@id\":\"https:\/\/www.adecose.com\/gl\/#organization\"},\"image\":{\"@id\":\"https:\/\/www.adecose.com\/coseba-celebra-en-granada-su-iii-jornada-singular-woman\/#primaryimage\"},\"thumbnailUrl\":\"https:\/\/www.adecose.com\/wp-content\/uploads\/2025\/03\/COSEBA-SINGULAR-WOMAN-FOTO-FAMILIA-rosa.jpg\",\"articleSection\":[\"Espacio #Corredur\u00edasADECOSE\"],\"inLanguage\":\"ca\"},{\"@type\":\"WebPage\",\"@id\":\"https:\/\/www.adecose.com\/coseba-celebra-en-granada-su-iii-jornada-singular-woman\/\",\"url\":\"https:\/\/www.adecose.com\/coseba-celebra-en-granada-su-iii-jornada-singular-woman\/\",\"name\":\"COSEBA celebra en Granada su III Jornada Singular Woman - ADECOSE\",\"isPartOf\":{\"@id\":\"https:\/\/www.adecose.com\/gl\/#website\"},\"primaryImageOfPage\":{\"@id\":\"https:\/\/www.adecose.com\/coseba-celebra-en-granada-su-iii-jornada-singular-woman\/#primaryimage\"},\"image\":{\"@id\":\"https:\/\/www.adecose.com\/coseba-celebra-en-granada-su-iii-jornada-singular-woman\/#primaryimage\"},\"thumbnailUrl\":\"https:\/\/www.adecose.com\/wp-content\/uploads\/2025\/03\/COSEBA-SINGULAR-WOMAN-FOTO-FAMILIA-rosa.jpg\",\"datePublished\":\"2025-03-10T15:23:34+00:00\",\"breadcrumb\":{\"@id\":\"https:\/\/www.adecose.com\/coseba-celebra-en-granada-su-iii-jornada-singular-woman\/#breadcrumb\"},\"inLanguage\":\"ca\",\"potentialAction\":[{\"@type\":\"ReadAction\",\"target\":[\"https:\/\/www.adecose.com\/coseba-celebra-en-granada-su-iii-jornada-singular-woman\/\"]}]},{\"@type\":\"ImageObject\",\"inLanguage\":\"ca\",\"@id\":\"https:\/\/www.adecose.com\/coseba-celebra-en-granada-su-iii-jornada-singular-woman\/#primaryimage\",\"url\":\"https:\/\/www.adecose.com\/wp-content\/uploads\/2025\/03\/COSEBA-SINGULAR-WOMAN-FOTO-FAMILIA-rosa.jpg\",\"contentUrl\":\"https:\/\/www.adecose.com\/wp-content\/uploads\/2025\/03\/COSEBA-SINGULAR-WOMAN-FOTO-FAMILIA-rosa.jpg\",\"width\":1600,\"height\":1213},{\"@type\":\"BreadcrumbList\",\"@id\":\"https:\/\/www.adecose.com\/coseba-celebra-en-granada-su-iii-jornada-singular-woman\/#breadcrumb\",\"itemListElement\":[{\"@type\":\"ListItem\",\"position\":1,\"name\":\"Portada\",\"item\":\"https:\/\/www.adecose.com\/ca\/associacio-espanyola-de-corredories-dassegurances-i-reassegurances\/\"},{\"@type\":\"ListItem\",\"position\":2,\"name\":\"COSEBA celebra en Granada su III Jornada Singular Woman\"}]},{\"@type\":\"WebSite\",\"@id\":\"https:\/\/www.adecose.com\/gl\/#website\",\"url\":\"https:\/\/www.adecose.com\/gl\/\",\"name\":\"ADECOSE\",\"description\":\"Associaci\u00f3 Espanyola de Corredories d\u2019Assegurances i Reassegurances\",\"publisher\":{\"@id\":\"https:\/\/www.adecose.com\/gl\/#organization\"},\"potentialAction\":[{\"@type\":\"SearchAction\",\"target\":{\"@type\":\"EntryPoint\",\"urlTemplate\":\"https:\/\/www.adecose.com\/gl\/?s={search_term_string}\"},\"query-input\":{\"@type\":\"PropertyValueSpecification\",\"valueRequired\":true,\"valueName\":\"search_term_string\"}}],\"inLanguage\":\"ca\"},{\"@type\":\"Organization\",\"@id\":\"https:\/\/www.adecose.com\/gl\/#organization\",\"name\":\"ADECOSE\",\"url\":\"https:\/\/www.adecose.com\/gl\/\",\"logo\":{\"@type\":\"ImageObject\",\"inLanguage\":\"ca\",\"@id\":\"https:\/\/www.adecose.com\/gl\/#\/schema\/logo\/image\/\",\"url\":\"https:\/\/www.adecose.com\/wp-content\/uploads\/2020\/07\/favicon.png\",\"contentUrl\":\"https:\/\/www.adecose.com\/wp-content\/uploads\/2020\/07\/favicon.png\",\"width\":512,\"height\":512,\"caption\":\"ADECOSE\"},\"image\":{\"@id\":\"https:\/\/www.adecose.com\/gl\/#\/schema\/logo\/image\/\"}},{\"@type\":\"Person\",\"@id\":\"https:\/\/www.adecose.com\/gl\/#\/schema\/person\/ff086ce55f6379e1d225a2c0dca5eeb6\",\"name\":\"Comunicaci\u00f3n ADECOSE\",\"image\":{\"@type\":\"ImageObject\",\"inLanguage\":\"ca\",\"@id\":\"https:\/\/secure.gravatar.com\/avatar\/01cd1f9571997441bf1da6d1cc147351305f03fe8f2acf1ebbec60ebb26924ce?s=96&d=mm&r=g\",\"url\":\"https:\/\/secure.gravatar.com\/avatar\/01cd1f9571997441bf1da6d1cc147351305f03fe8f2acf1ebbec60ebb26924ce?s=96&d=mm&r=g\",\"contentUrl\":\"https:\/\/secure.gravatar.com\/avatar\/01cd1f9571997441bf1da6d1cc147351305f03fe8f2acf1ebbec60ebb26924ce?s=96&d=mm&r=g\",\"caption\":\"Comunicaci\u00f3n ADECOSE\"}}]}<\/script>\n<!-- \/ Yoast SEO plugin. -->","yoast_head_json":{"title":"COSEBA celebra en Granada su III Jornada Singular Woman - ADECOSE","robots":{"index":"index","follow":"follow","max-snippet":"max-snippet:-1","max-image-preview":"max-image-preview:large","max-video-preview":"max-video-preview:-1"},"canonical":"https:\/\/www.adecose.com\/coseba-celebra-en-granada-su-iii-jornada-singular-woman\/","og_locale":"ca_ES","og_type":"article","og_title":"COSEBA celebra en Granada su III Jornada Singular Woman - ADECOSE","og_description":"El evento, que cont\u00f3 con la participaci\u00f3n de 25 mujeres directivas de la corredur\u00eda y su red de oficinas Premier y otras destacadas profesionales del...","og_url":"https:\/\/www.adecose.com\/coseba-celebra-en-granada-su-iii-jornada-singular-woman\/","og_site_name":"ADECOSE","article_published_time":"2025-03-10T15:23:34+00:00","og_image":[{"width":1600,"height":1213,"url":"https:\/\/www.adecose.com\/wp-content\/uploads\/2025\/03\/COSEBA-SINGULAR-WOMAN-FOTO-FAMILIA-rosa.jpg","type":"image\/jpeg"}],"author":"Comunicaci\u00f3n ADECOSE","twitter_card":"summary_large_image","twitter_misc":{"Escrit per":"Comunicaci\u00f3n ADECOSE","Temps estimat de lectura":"3 minuts"},"schema":{"@context":"https:\/\/schema.org","@graph":[{"@type":"Article","@id":"https:\/\/www.adecose.com\/coseba-celebra-en-granada-su-iii-jornada-singular-woman\/#article","isPartOf":{"@id":"https:\/\/www.adecose.com\/coseba-celebra-en-granada-su-iii-jornada-singular-woman\/"},"author":{"name":"Comunicaci\u00f3n ADECOSE","@id":"https:\/\/www.adecose.com\/gl\/#\/schema\/person\/ff086ce55f6379e1d225a2c0dca5eeb6"},"headline":"COSEBA celebra en Granada su III Jornada Singular Woman","datePublished":"2025-03-10T15:23:34+00:00","mainEntityOfPage":{"@id":"https:\/\/www.adecose.com\/coseba-celebra-en-granada-su-iii-jornada-singular-woman\/"},"wordCount":461,"publisher":{"@id":"https:\/\/www.adecose.com\/gl\/#organization"},"image":{"@id":"https:\/\/www.adecose.com\/coseba-celebra-en-granada-su-iii-jornada-singular-woman\/#primaryimage"},"thumbnailUrl":"https:\/\/www.adecose.com\/wp-content\/uploads\/2025\/03\/COSEBA-SINGULAR-WOMAN-FOTO-FAMILIA-rosa.jpg","articleSection":["Espacio #Corredur\u00edasADECOSE"],"inLanguage":"ca"},{"@type":"WebPage","@id":"https:\/\/www.adecose.com\/coseba-celebra-en-granada-su-iii-jornada-singular-woman\/","url":"https:\/\/www.adecose.com\/coseba-celebra-en-granada-su-iii-jornada-singular-woman\/","name":"COSEBA celebra en Granada su III Jornada Singular Woman - ADECOSE","isPartOf":{"@id":"https:\/\/www.adecose.com\/gl\/#website"},"primaryImageOfPage":{"@id":"https:\/\/www.adecose.com\/coseba-celebra-en-granada-su-iii-jornada-singular-woman\/#primaryimage"},"image":{"@id":"https:\/\/www.adecose.com\/coseba-celebra-en-granada-su-iii-jornada-singular-woman\/#primaryimage"},"thumbnailUrl":"https:\/\/www.adecose.com\/wp-content\/uploads\/2025\/03\/COSEBA-SINGULAR-WOMAN-FOTO-FAMILIA-rosa.jpg","datePublished":"2025-03-10T15:23:34+00:00","breadcrumb":{"@id":"https:\/\/www.adecose.com\/coseba-celebra-en-granada-su-iii-jornada-singular-woman\/#breadcrumb"},"inLanguage":"ca","potentialAction":[{"@type":"ReadAction","target":["https:\/\/www.adecose.com\/coseba-celebra-en-granada-su-iii-jornada-singular-woman\/"]}]},{"@type":"ImageObject","inLanguage":"ca","@id":"https:\/\/www.adecose.com\/coseba-celebra-en-granada-su-iii-jornada-singular-woman\/#primaryimage","url":"https:\/\/www.adecose.com\/wp-content\/uploads\/2025\/03\/COSEBA-SINGULAR-WOMAN-FOTO-FAMILIA-rosa.jpg","contentUrl":"https:\/\/www.adecose.com\/wp-content\/uploads\/2025\/03\/COSEBA-SINGULAR-WOMAN-FOTO-FAMILIA-rosa.jpg","width":1600,"height":1213},{"@type":"BreadcrumbList","@id":"https:\/\/www.adecose.com\/coseba-celebra-en-granada-su-iii-jornada-singular-woman\/#breadcrumb","itemListElement":[{"@type":"ListItem","position":1,"name":"Portada","item":"https:\/\/www.adecose.com\/ca\/associacio-espanyola-de-corredories-dassegurances-i-reassegurances\/"},{"@type":"ListItem","position":2,"name":"COSEBA celebra en Granada su III Jornada Singular Woman"}]},{"@type":"WebSite","@id":"https:\/\/www.adecose.com\/gl\/#website","url":"https:\/\/www.adecose.com\/gl\/","name":"ADECOSE","description":"Associaci\u00f3 Espanyola de Corredories d\u2019Assegurances i Reassegurances","publisher":{"@id":"https:\/\/www.adecose.com\/gl\/#organization"},"potentialAction":[{"@type":"SearchAction","target":{"@type":"EntryPoint","urlTemplate":"https:\/\/www.adecose.com\/gl\/?s={search_term_string}"},"query-input":{"@type":"PropertyValueSpecification","valueRequired":true,"valueName":"search_term_string"}}],"inLanguage":"ca"},{"@type":"Organization","@id":"https:\/\/www.adecose.com\/gl\/#organization","name":"ADECOSE","url":"https:\/\/www.adecose.com\/gl\/","logo":{"@type":"ImageObject","inLanguage":"ca","@id":"https:\/\/www.adecose.com\/gl\/#\/schema\/logo\/image\/","url":"https:\/\/www.adecose.com\/wp-content\/uploads\/2020\/07\/favicon.png","contentUrl":"https:\/\/www.adecose.com\/wp-content\/uploads\/2020\/07\/favicon.png","width":512,"height":512,"caption":"ADECOSE"},"image":{"@id":"https:\/\/www.adecose.com\/gl\/#\/schema\/logo\/image\/"}},{"@type":"Person","@id":"https:\/\/www.adecose.com\/gl\/#\/schema\/person\/ff086ce55f6379e1d225a2c0dca5eeb6","name":"Comunicaci\u00f3n ADECOSE","image":{"@type":"ImageObject","inLanguage":"ca","@id":"https:\/\/secure.gravatar.com\/avatar\/01cd1f9571997441bf1da6d1cc147351305f03fe8f2acf1ebbec60ebb26924ce?s=96&d=mm&r=g","url":"https:\/\/secure.gravatar.com\/avatar\/01cd1f9571997441bf1da6d1cc147351305f03fe8f2acf1ebbec60ebb26924ce?s=96&d=mm&r=g","contentUrl":"https:\/\/secure.gravatar.com\/avatar\/01cd1f9571997441bf1da6d1cc147351305f03fe8f2acf1ebbec60ebb26924ce?s=96&d=mm&r=g","caption":"Comunicaci\u00f3n ADECOSE"}}]}},"_links":{"self":[{"href":"https:\/\/www.adecose.com\/ca\/wp-json\/wp\/v2\/posts\/18842","targetHints":{"allow":["GET"]}}],"collection":[{"href":"https:\/\/www.adecose.com\/ca\/wp-json\/wp\/v2\/posts"}],"about":[{"href":"https:\/\/www.adecose.com\/ca\/wp-json\/wp\/v2\/types\/post"}],"author":[{"embeddable":true,"href":"https:\/\/www.adecose.com\/ca\/wp-json\/wp\/v2\/users\/197"}],"replies":[{"embeddable":true,"href":"https:\/\/www.adecose.com\/ca\/wp-json\/wp\/v2\/comments?post=18842"}],"version-history":[{"count":0,"href":"https:\/\/www.adecose.com\/ca\/wp-json\/wp\/v2\/posts\/18842\/revisions"}],"wp:featuredmedia":[{"embeddable":true,"href":"https:\/\/www.adecose.com\/ca\/wp-json\/wp\/v2\/media\/18843"}],"wp:attachment":[{"href":"https:\/\/www.adecose.com\/ca\/wp-json\/wp\/v2\/media?parent=18842"}],"wp:term":[{"taxonomy":"category","embeddable":true,"href":"https:\/\/www.adecose.com\/ca\/wp-json\/wp\/v2\/categories?post=18842"},{"taxonomy":"post_tag","embeddable":true,"href":"https:\/\/www.adecose.com\/ca\/wp-json\/wp\/v2\/tags?post=18842"}],"curies":[{"name":"wp","href":"https:\/\/api.w.org\/{rel}","templated":true}]}}