{"id":18387,"date":"2025-01-15T18:13:57","date_gmt":"2025-01-15T17:13:57","guid":{"rendered":"https:\/\/www.adecose.com\/?p=18387"},"modified":"2025-01-15T18:23:55","modified_gmt":"2025-01-15T17:23:55","slug":"aon-incorpora-a-miguel-prado-aranguren-como-director-de-cuentas-en-su-oficina-de-bilbao","status":"publish","type":"post","link":"https:\/\/www.adecose.com\/ca\/aon-incorpora-a-miguel-prado-aranguren-como-director-de-cuentas-en-su-oficina-de-bilbao\/","title":{"rendered":"Aon incorpora a Miguel Prado Aranguren como Director de Cuentas en su oficina de Bilbao"},"content":{"rendered":"<p>AON, firma l\u00edder en servicios profesionales a nivel global, ha anunciado la incorporaci\u00f3n de Miguel Pardo Araguren como Director de Cuentas en su oficina de Bilbao. Miguel cuenta con amplia experiencia en el sector, con m\u00e1s de 15 a\u00f1os en el broker SARE y cinco a\u00f1os como Gerente de Riesgos en Grupo Zelestra, y su incorporaci\u00f3n refuerza el compromiso de Aon de seguir acompa\u00f1ando a sus clientes en esta regi\u00f3n, ayud\u00e1ndoles a tomar las mejores decisiones de cara a proteger y hacer crecer su negocio.<\/p>\n<p>Jaime Escudero, Director Regional de Aon en Pa\u00eds Vasco, afirma: \u201cLa incorporaci\u00f3n de Miguel a nuestro equipo de gesti\u00f3n de clientes refuerza nuestra estrategia de incorporar al mejor talento. La experiencia de Miguel tanto en gerencia de riesgos de cliente como en broker ayudar\u00e1 a nuestros clientes a una visi\u00f3n global a la hora de identificar y mitigar sus riesgos\u201d.<\/p>\n<p>Por su parte Miguel Prado indica: \u201cEstoy ilusionado con esta nueva etapa donde creo puedo aportar experiencia y visi\u00f3n del riesgo a los clientes. Aon tiene un gran proyecto presente y futuro donde espero aportar mi granito de arena\u201d.<\/p>\n<p><strong>\u00a0<\/strong><\/p>\n","protected":false},"excerpt":{"rendered":"<p>AON, firma l\u00edder en servicios profesionales a nivel global, ha anunciado la incorporaci\u00f3n de Miguel Pardo Araguren como Director de Cuentas en su oficina de&#8230;<\/p>\n","protected":false},"author":197,"featured_media":18394,"comment_status":"closed","ping_status":"closed","sticky":false,"template":"","format":"standard","meta":{"_acf_changed":false,"_price":"","_stock":"","_tribe_ticket_header":"","_tribe_default_ticket_provider":"","_tribe_ticket_capacity":"0","_ticket_start_date":"","_ticket_end_date":"","_tribe_ticket_show_description":"","_tribe_ticket_show_not_going":false,"_tribe_ticket_use_global_stock":"","_tribe_ticket_global_stock_level":"","_global_stock_mode":"","_global_stock_cap":"","_tribe_rsvp_for_event":"","_tribe_ticket_going_count":"","_tribe_ticket_not_going_count":"","_tribe_tickets_list":"[]","_tribe_ticket_has_attendee_info_fields":false,"footnotes":""},"categories":[339],"tags":[395,507],"class_list":["post-18387","post","type-post","status-publish","format-standard","has-post-thumbnail","category-espacio-correduriasadecose","tag-aon","tag-incorporacion"],"acf":[],"yoast_head":"<!-- This site is optimized with the Yoast SEO plugin v27.2 - https:\/\/yoast.com\/product\/yoast-seo-wordpress\/ -->\n<title>Aon incorpora a Miguel Prado Aranguren como Director de Cuentas en su oficina de Bilbao - ADECOSE<\/title>\n<meta name=\"robots\" content=\"index, follow, max-snippet:-1, max-image-preview:large, max-video-preview:-1\" \/>\n<link rel=\"canonical\" href=\"https:\/\/www.adecose.com\/aon-incorpora-a-miguel-prado-aranguren-como-director-de-cuentas-en-su-oficina-de-bilbao\/\" \/>\n<meta property=\"og:locale\" content=\"ca_ES\" \/>\n<meta property=\"og:type\" content=\"article\" \/>\n<meta property=\"og:title\" content=\"Aon incorpora a Miguel Prado Aranguren como Director de Cuentas en su oficina de Bilbao - ADECOSE\" \/>\n<meta property=\"og:description\" content=\"AON, firma l\u00edder en servicios profesionales a nivel global, ha anunciado la incorporaci\u00f3n de Miguel Pardo Araguren como Director de Cuentas en su oficina de...\" \/>\n<meta property=\"og:url\" content=\"https:\/\/www.adecose.com\/aon-incorpora-a-miguel-prado-aranguren-como-director-de-cuentas-en-su-oficina-de-bilbao\/\" \/>\n<meta property=\"og:site_name\" content=\"ADECOSE\" \/>\n<meta property=\"article:published_time\" content=\"2025-01-15T17:13:57+00:00\" \/>\n<meta property=\"article:modified_time\" content=\"2025-01-15T17:23:55+00:00\" \/>\n<meta property=\"og:image\" content=\"https:\/\/www.adecose.com\/wp-content\/uploads\/2025\/01\/Aon-Miguel-Prado.jpg\" \/>\n\t<meta property=\"og:image:width\" content=\"1920\" \/>\n\t<meta property=\"og:image:height\" content=\"1080\" \/>\n\t<meta property=\"og:image:type\" content=\"image\/jpeg\" \/>\n<meta name=\"author\" content=\"Comunicaci\u00f3n ADECOSE\" \/>\n<meta name=\"twitter:card\" content=\"summary_large_image\" \/>\n<meta name=\"twitter:label1\" content=\"Escrit per\" \/>\n\t<meta name=\"twitter:data1\" content=\"Comunicaci\u00f3n ADECOSE\" \/>\n\t<meta name=\"twitter:label2\" content=\"Temps estimat de lectura\" \/>\n\t<meta name=\"twitter:data2\" content=\"2 minuts\" \/>\n<script type=\"application\/ld+json\" class=\"yoast-schema-graph\">{\"@context\":\"https:\/\/schema.org\",\"@graph\":[{\"@type\":\"Article\",\"@id\":\"https:\/\/www.adecose.com\/aon-incorpora-a-miguel-prado-aranguren-como-director-de-cuentas-en-su-oficina-de-bilbao\/#article\",\"isPartOf\":{\"@id\":\"https:\/\/www.adecose.com\/aon-incorpora-a-miguel-prado-aranguren-como-director-de-cuentas-en-su-oficina-de-bilbao\/\"},\"author\":{\"name\":\"Comunicaci\u00f3n ADECOSE\",\"@id\":\"https:\/\/www.adecose.com\/gl\/#\/schema\/person\/ff086ce55f6379e1d225a2c0dca5eeb6\"},\"headline\":\"Aon incorpora a Miguel Prado Aranguren como Director de Cuentas en su oficina de Bilbao\",\"datePublished\":\"2025-01-15T17:13:57+00:00\",\"dateModified\":\"2025-01-15T17:23:55+00:00\",\"mainEntityOfPage\":{\"@id\":\"https:\/\/www.adecose.com\/aon-incorpora-a-miguel-prado-aranguren-como-director-de-cuentas-en-su-oficina-de-bilbao\/\"},\"wordCount\":212,\"publisher\":{\"@id\":\"https:\/\/www.adecose.com\/gl\/#organization\"},\"image\":{\"@id\":\"https:\/\/www.adecose.com\/aon-incorpora-a-miguel-prado-aranguren-como-director-de-cuentas-en-su-oficina-de-bilbao\/#primaryimage\"},\"thumbnailUrl\":\"https:\/\/www.adecose.com\/wp-content\/uploads\/2025\/01\/Aon-Miguel-Prado.jpg\",\"keywords\":[\"AON\",\"Incorporaci\u00f3n\"],\"articleSection\":[\"Espacio #Corredur\u00edasADECOSE\"],\"inLanguage\":\"ca\"},{\"@type\":\"WebPage\",\"@id\":\"https:\/\/www.adecose.com\/aon-incorpora-a-miguel-prado-aranguren-como-director-de-cuentas-en-su-oficina-de-bilbao\/\",\"url\":\"https:\/\/www.adecose.com\/aon-incorpora-a-miguel-prado-aranguren-como-director-de-cuentas-en-su-oficina-de-bilbao\/\",\"name\":\"Aon incorpora a Miguel Prado Aranguren como Director de Cuentas en su oficina de Bilbao - ADECOSE\",\"isPartOf\":{\"@id\":\"https:\/\/www.adecose.com\/gl\/#website\"},\"primaryImageOfPage\":{\"@id\":\"https:\/\/www.adecose.com\/aon-incorpora-a-miguel-prado-aranguren-como-director-de-cuentas-en-su-oficina-de-bilbao\/#primaryimage\"},\"image\":{\"@id\":\"https:\/\/www.adecose.com\/aon-incorpora-a-miguel-prado-aranguren-como-director-de-cuentas-en-su-oficina-de-bilbao\/#primaryimage\"},\"thumbnailUrl\":\"https:\/\/www.adecose.com\/wp-content\/uploads\/2025\/01\/Aon-Miguel-Prado.jpg\",\"datePublished\":\"2025-01-15T17:13:57+00:00\",\"dateModified\":\"2025-01-15T17:23:55+00:00\",\"breadcrumb\":{\"@id\":\"https:\/\/www.adecose.com\/aon-incorpora-a-miguel-prado-aranguren-como-director-de-cuentas-en-su-oficina-de-bilbao\/#breadcrumb\"},\"inLanguage\":\"ca\",\"potentialAction\":[{\"@type\":\"ReadAction\",\"target\":[\"https:\/\/www.adecose.com\/aon-incorpora-a-miguel-prado-aranguren-como-director-de-cuentas-en-su-oficina-de-bilbao\/\"]}]},{\"@type\":\"ImageObject\",\"inLanguage\":\"ca\",\"@id\":\"https:\/\/www.adecose.com\/aon-incorpora-a-miguel-prado-aranguren-como-director-de-cuentas-en-su-oficina-de-bilbao\/#primaryimage\",\"url\":\"https:\/\/www.adecose.com\/wp-content\/uploads\/2025\/01\/Aon-Miguel-Prado.jpg\",\"contentUrl\":\"https:\/\/www.adecose.com\/wp-content\/uploads\/2025\/01\/Aon-Miguel-Prado.jpg\",\"width\":1920,\"height\":1080},{\"@type\":\"BreadcrumbList\",\"@id\":\"https:\/\/www.adecose.com\/aon-incorpora-a-miguel-prado-aranguren-como-director-de-cuentas-en-su-oficina-de-bilbao\/#breadcrumb\",\"itemListElement\":[{\"@type\":\"ListItem\",\"position\":1,\"name\":\"Portada\",\"item\":\"https:\/\/www.adecose.com\/ca\/associacio-espanyola-de-corredories-dassegurances-i-reassegurances\/\"},{\"@type\":\"ListItem\",\"position\":2,\"name\":\"Aon incorpora a Miguel Prado Aranguren como Director de Cuentas en su oficina de Bilbao\"}]},{\"@type\":\"WebSite\",\"@id\":\"https:\/\/www.adecose.com\/gl\/#website\",\"url\":\"https:\/\/www.adecose.com\/gl\/\",\"name\":\"ADECOSE\",\"description\":\"Associaci\u00f3 Espanyola de Corredories d\u2019Assegurances i Reassegurances\",\"publisher\":{\"@id\":\"https:\/\/www.adecose.com\/gl\/#organization\"},\"potentialAction\":[{\"@type\":\"SearchAction\",\"target\":{\"@type\":\"EntryPoint\",\"urlTemplate\":\"https:\/\/www.adecose.com\/gl\/?s={search_term_string}\"},\"query-input\":{\"@type\":\"PropertyValueSpecification\",\"valueRequired\":true,\"valueName\":\"search_term_string\"}}],\"inLanguage\":\"ca\"},{\"@type\":\"Organization\",\"@id\":\"https:\/\/www.adecose.com\/gl\/#organization\",\"name\":\"ADECOSE\",\"url\":\"https:\/\/www.adecose.com\/gl\/\",\"logo\":{\"@type\":\"ImageObject\",\"inLanguage\":\"ca\",\"@id\":\"https:\/\/www.adecose.com\/gl\/#\/schema\/logo\/image\/\",\"url\":\"https:\/\/www.adecose.com\/wp-content\/uploads\/2020\/07\/favicon.png\",\"contentUrl\":\"https:\/\/www.adecose.com\/wp-content\/uploads\/2020\/07\/favicon.png\",\"width\":512,\"height\":512,\"caption\":\"ADECOSE\"},\"image\":{\"@id\":\"https:\/\/www.adecose.com\/gl\/#\/schema\/logo\/image\/\"}},{\"@type\":\"Person\",\"@id\":\"https:\/\/www.adecose.com\/gl\/#\/schema\/person\/ff086ce55f6379e1d225a2c0dca5eeb6\",\"name\":\"Comunicaci\u00f3n ADECOSE\",\"image\":{\"@type\":\"ImageObject\",\"inLanguage\":\"ca\",\"@id\":\"https:\/\/secure.gravatar.com\/avatar\/01cd1f9571997441bf1da6d1cc147351305f03fe8f2acf1ebbec60ebb26924ce?s=96&d=mm&r=g\",\"url\":\"https:\/\/secure.gravatar.com\/avatar\/01cd1f9571997441bf1da6d1cc147351305f03fe8f2acf1ebbec60ebb26924ce?s=96&d=mm&r=g\",\"contentUrl\":\"https:\/\/secure.gravatar.com\/avatar\/01cd1f9571997441bf1da6d1cc147351305f03fe8f2acf1ebbec60ebb26924ce?s=96&d=mm&r=g\",\"caption\":\"Comunicaci\u00f3n ADECOSE\"}}]}<\/script>\n<!-- \/ Yoast SEO plugin. -->","yoast_head_json":{"title":"Aon incorpora a Miguel Prado Aranguren como Director de Cuentas en su oficina de Bilbao - ADECOSE","robots":{"index":"index","follow":"follow","max-snippet":"max-snippet:-1","max-image-preview":"max-image-preview:large","max-video-preview":"max-video-preview:-1"},"canonical":"https:\/\/www.adecose.com\/aon-incorpora-a-miguel-prado-aranguren-como-director-de-cuentas-en-su-oficina-de-bilbao\/","og_locale":"ca_ES","og_type":"article","og_title":"Aon incorpora a Miguel Prado Aranguren como Director de Cuentas en su oficina de Bilbao - ADECOSE","og_description":"AON, firma l\u00edder en servicios profesionales a nivel global, ha anunciado la incorporaci\u00f3n de Miguel Pardo Araguren como Director de Cuentas en su oficina de...","og_url":"https:\/\/www.adecose.com\/aon-incorpora-a-miguel-prado-aranguren-como-director-de-cuentas-en-su-oficina-de-bilbao\/","og_site_name":"ADECOSE","article_published_time":"2025-01-15T17:13:57+00:00","article_modified_time":"2025-01-15T17:23:55+00:00","og_image":[{"width":1920,"height":1080,"url":"https:\/\/www.adecose.com\/wp-content\/uploads\/2025\/01\/Aon-Miguel-Prado.jpg","type":"image\/jpeg"}],"author":"Comunicaci\u00f3n ADECOSE","twitter_card":"summary_large_image","twitter_misc":{"Escrit per":"Comunicaci\u00f3n ADECOSE","Temps estimat de lectura":"2 minuts"},"schema":{"@context":"https:\/\/schema.org","@graph":[{"@type":"Article","@id":"https:\/\/www.adecose.com\/aon-incorpora-a-miguel-prado-aranguren-como-director-de-cuentas-en-su-oficina-de-bilbao\/#article","isPartOf":{"@id":"https:\/\/www.adecose.com\/aon-incorpora-a-miguel-prado-aranguren-como-director-de-cuentas-en-su-oficina-de-bilbao\/"},"author":{"name":"Comunicaci\u00f3n ADECOSE","@id":"https:\/\/www.adecose.com\/gl\/#\/schema\/person\/ff086ce55f6379e1d225a2c0dca5eeb6"},"headline":"Aon incorpora a Miguel Prado Aranguren como Director de Cuentas en su oficina de Bilbao","datePublished":"2025-01-15T17:13:57+00:00","dateModified":"2025-01-15T17:23:55+00:00","mainEntityOfPage":{"@id":"https:\/\/www.adecose.com\/aon-incorpora-a-miguel-prado-aranguren-como-director-de-cuentas-en-su-oficina-de-bilbao\/"},"wordCount":212,"publisher":{"@id":"https:\/\/www.adecose.com\/gl\/#organization"},"image":{"@id":"https:\/\/www.adecose.com\/aon-incorpora-a-miguel-prado-aranguren-como-director-de-cuentas-en-su-oficina-de-bilbao\/#primaryimage"},"thumbnailUrl":"https:\/\/www.adecose.com\/wp-content\/uploads\/2025\/01\/Aon-Miguel-Prado.jpg","keywords":["AON","Incorporaci\u00f3n"],"articleSection":["Espacio #Corredur\u00edasADECOSE"],"inLanguage":"ca"},{"@type":"WebPage","@id":"https:\/\/www.adecose.com\/aon-incorpora-a-miguel-prado-aranguren-como-director-de-cuentas-en-su-oficina-de-bilbao\/","url":"https:\/\/www.adecose.com\/aon-incorpora-a-miguel-prado-aranguren-como-director-de-cuentas-en-su-oficina-de-bilbao\/","name":"Aon incorpora a Miguel Prado Aranguren como Director de Cuentas en su oficina de Bilbao - ADECOSE","isPartOf":{"@id":"https:\/\/www.adecose.com\/gl\/#website"},"primaryImageOfPage":{"@id":"https:\/\/www.adecose.com\/aon-incorpora-a-miguel-prado-aranguren-como-director-de-cuentas-en-su-oficina-de-bilbao\/#primaryimage"},"image":{"@id":"https:\/\/www.adecose.com\/aon-incorpora-a-miguel-prado-aranguren-como-director-de-cuentas-en-su-oficina-de-bilbao\/#primaryimage"},"thumbnailUrl":"https:\/\/www.adecose.com\/wp-content\/uploads\/2025\/01\/Aon-Miguel-Prado.jpg","datePublished":"2025-01-15T17:13:57+00:00","dateModified":"2025-01-15T17:23:55+00:00","breadcrumb":{"@id":"https:\/\/www.adecose.com\/aon-incorpora-a-miguel-prado-aranguren-como-director-de-cuentas-en-su-oficina-de-bilbao\/#breadcrumb"},"inLanguage":"ca","potentialAction":[{"@type":"ReadAction","target":["https:\/\/www.adecose.com\/aon-incorpora-a-miguel-prado-aranguren-como-director-de-cuentas-en-su-oficina-de-bilbao\/"]}]},{"@type":"ImageObject","inLanguage":"ca","@id":"https:\/\/www.adecose.com\/aon-incorpora-a-miguel-prado-aranguren-como-director-de-cuentas-en-su-oficina-de-bilbao\/#primaryimage","url":"https:\/\/www.adecose.com\/wp-content\/uploads\/2025\/01\/Aon-Miguel-Prado.jpg","contentUrl":"https:\/\/www.adecose.com\/wp-content\/uploads\/2025\/01\/Aon-Miguel-Prado.jpg","width":1920,"height":1080},{"@type":"BreadcrumbList","@id":"https:\/\/www.adecose.com\/aon-incorpora-a-miguel-prado-aranguren-como-director-de-cuentas-en-su-oficina-de-bilbao\/#breadcrumb","itemListElement":[{"@type":"ListItem","position":1,"name":"Portada","item":"https:\/\/www.adecose.com\/ca\/associacio-espanyola-de-corredories-dassegurances-i-reassegurances\/"},{"@type":"ListItem","position":2,"name":"Aon incorpora a Miguel Prado Aranguren como Director de Cuentas en su oficina de Bilbao"}]},{"@type":"WebSite","@id":"https:\/\/www.adecose.com\/gl\/#website","url":"https:\/\/www.adecose.com\/gl\/","name":"ADECOSE","description":"Associaci\u00f3 Espanyola de Corredories d\u2019Assegurances i Reassegurances","publisher":{"@id":"https:\/\/www.adecose.com\/gl\/#organization"},"potentialAction":[{"@type":"SearchAction","target":{"@type":"EntryPoint","urlTemplate":"https:\/\/www.adecose.com\/gl\/?s={search_term_string}"},"query-input":{"@type":"PropertyValueSpecification","valueRequired":true,"valueName":"search_term_string"}}],"inLanguage":"ca"},{"@type":"Organization","@id":"https:\/\/www.adecose.com\/gl\/#organization","name":"ADECOSE","url":"https:\/\/www.adecose.com\/gl\/","logo":{"@type":"ImageObject","inLanguage":"ca","@id":"https:\/\/www.adecose.com\/gl\/#\/schema\/logo\/image\/","url":"https:\/\/www.adecose.com\/wp-content\/uploads\/2020\/07\/favicon.png","contentUrl":"https:\/\/www.adecose.com\/wp-content\/uploads\/2020\/07\/favicon.png","width":512,"height":512,"caption":"ADECOSE"},"image":{"@id":"https:\/\/www.adecose.com\/gl\/#\/schema\/logo\/image\/"}},{"@type":"Person","@id":"https:\/\/www.adecose.com\/gl\/#\/schema\/person\/ff086ce55f6379e1d225a2c0dca5eeb6","name":"Comunicaci\u00f3n ADECOSE","image":{"@type":"ImageObject","inLanguage":"ca","@id":"https:\/\/secure.gravatar.com\/avatar\/01cd1f9571997441bf1da6d1cc147351305f03fe8f2acf1ebbec60ebb26924ce?s=96&d=mm&r=g","url":"https:\/\/secure.gravatar.com\/avatar\/01cd1f9571997441bf1da6d1cc147351305f03fe8f2acf1ebbec60ebb26924ce?s=96&d=mm&r=g","contentUrl":"https:\/\/secure.gravatar.com\/avatar\/01cd1f9571997441bf1da6d1cc147351305f03fe8f2acf1ebbec60ebb26924ce?s=96&d=mm&r=g","caption":"Comunicaci\u00f3n ADECOSE"}}]}},"_links":{"self":[{"href":"https:\/\/www.adecose.com\/ca\/wp-json\/wp\/v2\/posts\/18387","targetHints":{"allow":["GET"]}}],"collection":[{"href":"https:\/\/www.adecose.com\/ca\/wp-json\/wp\/v2\/posts"}],"about":[{"href":"https:\/\/www.adecose.com\/ca\/wp-json\/wp\/v2\/types\/post"}],"author":[{"embeddable":true,"href":"https:\/\/www.adecose.com\/ca\/wp-json\/wp\/v2\/users\/197"}],"replies":[{"embeddable":true,"href":"https:\/\/www.adecose.com\/ca\/wp-json\/wp\/v2\/comments?post=18387"}],"version-history":[{"count":0,"href":"https:\/\/www.adecose.com\/ca\/wp-json\/wp\/v2\/posts\/18387\/revisions"}],"wp:featuredmedia":[{"embeddable":true,"href":"https:\/\/www.adecose.com\/ca\/wp-json\/wp\/v2\/media\/18394"}],"wp:attachment":[{"href":"https:\/\/www.adecose.com\/ca\/wp-json\/wp\/v2\/media?parent=18387"}],"wp:term":[{"taxonomy":"category","embeddable":true,"href":"https:\/\/www.adecose.com\/ca\/wp-json\/wp\/v2\/categories?post=18387"},{"taxonomy":"post_tag","embeddable":true,"href":"https:\/\/www.adecose.com\/ca\/wp-json\/wp\/v2\/tags?post=18387"}],"curies":[{"name":"wp","href":"https:\/\/api.w.org\/{rel}","templated":true}]}}