{"id":17026,"date":"2024-04-10T19:01:50","date_gmt":"2024-04-10T17:01:50","guid":{"rendered":"https:\/\/www.adecose.com\/?p=17026"},"modified":"2024-04-10T19:01:50","modified_gmt":"2024-04-10T17:01:50","slug":"adecose-se-reune-con-el-psoe-para-recabar-su-apoyo-en-el-proyecto-de-ley-de-servicios-de-atencion-al-cliente","status":"publish","type":"post","link":"https:\/\/www.adecose.com\/ca\/adecose-se-reune-con-el-psoe-para-recabar-su-apoyo-en-el-proyecto-de-ley-de-servicios-de-atencion-al-cliente\/","title":{"rendered":"ADECOSE se re\u00fane con el PSOE para recabar su apoyo en el Proyecto de Ley de Servicios de Atenci\u00f3n al Cliente"},"content":{"rendered":"[vc_row type=&#8221;in_container&#8221; full_screen_row_position=&#8221;middle&#8221; column_margin=&#8221;default&#8221; column_direction=&#8221;default&#8221; column_direction_tablet=&#8221;default&#8221; column_direction_phone=&#8221;default&#8221; scene_position=&#8221;center&#8221; text_color=&#8221;dark&#8221; text_align=&#8221;left&#8221; row_border_radius=&#8221;none&#8221; row_border_radius_applies=&#8221;bg&#8221; overflow=&#8221;visible&#8221; overlay_strength=&#8221;0.3&#8243; gradient_direction=&#8221;left_to_right&#8221; shape_divider_position=&#8221;bottom&#8221; bg_image_animation=&#8221;none&#8221;][vc_column column_padding=&#8221;no-extra-padding&#8221; column_padding_tablet=&#8221;inherit&#8221; column_padding_phone=&#8221;inherit&#8221; column_padding_position=&#8221;all&#8221; column_element_direction_desktop=&#8221;default&#8221; column_element_spacing=&#8221;default&#8221; desktop_text_alignment=&#8221;default&#8221; tablet_text_alignment=&#8221;default&#8221; phone_text_alignment=&#8221;default&#8221; background_color_opacity=&#8221;1&#8243; background_hover_color_opacity=&#8221;1&#8243; column_backdrop_filter=&#8221;none&#8221; column_shadow=&#8221;none&#8221; column_border_radius=&#8221;none&#8221; column_link_target=&#8221;_self&#8221; column_position=&#8221;default&#8221; gradient_direction=&#8221;left_to_right&#8221; overlay_strength=&#8221;0.3&#8243; width=&#8221;1\/1&#8243; tablet_width_inherit=&#8221;default&#8221; animation_type=&#8221;default&#8221; bg_image_animation=&#8221;none&#8221; border_type=&#8221;simple&#8221; column_border_width=&#8221;none&#8221; column_border_style=&#8221;solid&#8221;][vc_column_text text_direction=&#8221;default&#8221;]\n<ul>\n<li class=\"s10\"><strong><span class=\"s9\">La Asociaci\u00f3n se ha reunido con <\/span><span class=\"s9\">l<\/span><span class=\"s9\">a Portavoz de la Comisi\u00f3n de Derechos Sociales y Consumo del PSOE <\/span><span class=\"s9\">de<\/span><span class=\"s9\">l Congreso de los Diputados <\/span><\/strong><\/li>\n<\/ul>\n[\/vc_column_text][vc_column_text text_direction=&#8221;default&#8221;]\n<ul>\n<li class=\"s10\"><strong><span class=\"s9\">ADECOSE busca que los Grupos pol\u00edticos apoyen las <\/span><span class=\"s9\">propuestas de <\/span><span class=\"s9\">enmiendas para que las corredur\u00edas no tengan la obligatoriedad de\u00a0garantizar la prestaci\u00f3n de un\u00a0servicio de una atenci\u00f3n de forma continuada las 24 horas del d\u00eda todos los d\u00edas del a\u00f1o<\/span><\/strong><\/li>\n<\/ul>\n[\/vc_column_text][vc_column_text text_direction=&#8221;default&#8221;]\n<p class=\"s12\"><span class=\"s14\">ADECOSE se ha reunido -por medio de<\/span><span class=\"s14\"> su secretario y responsable del \u00e1rea legal, David de la Cueva,<\/span> <span class=\"s14\">su director gerente, Borja L\u00f3pez-Chicheri<\/span><span class=\"s14\"> y<\/span><span class=\"s14\"> la responsable de <\/span><span class=\"s14\">proyectos y <\/span><span class=\"s14\">relaciones institucionales, Marta Mari\u00f1o- con la Portavoz de la Comisi\u00f3n de Derechos Sociales y Consumo del P<\/span><span class=\"s14\">SOE<\/span> <span class=\"s14\">de<\/span><span class=\"s14\">l Congreso de los Diputados. En este encuentro se ha valorado la situaci\u00f3n actual del\u00a0<\/span><span class=\"s15\">Proyecto de Ley de Servicios de Atenci\u00f3n al Cliente<\/span><span class=\"s14\">\u00a0en relaci\u00f3n con los aspectos que m\u00e1s preocupan a la Asociaci\u00f3n; y <\/span><span class=\"s14\">se <\/span><span class=\"s14\">ha solicitado el apoyo del <\/span><span class=\"s14\">PSOE<\/span><span class=\"s14\"> respecto de las <\/span><span class=\"s14\">propuestas de <\/span><span class=\"s14\">enmiendas <\/span><span class=\"s14\">que la Asociaci\u00f3n est\u00e1 presentando a<\/span><span class=\"s14\"> los distintos grupos pol\u00edticos <\/span><span class=\"s14\">en el Congreso <\/span><span class=\"s14\">que m\u00e1s afectan a las corredur\u00edas de seguros.<\/span><\/p>\n<p class=\"s12\"><span class=\"s14\">En este sentido, ADECOSE <\/span><span class=\"s14\">ha presentado<\/span><span class=\"s14\">\u00a0<\/span><span class=\"s15\">una propuesta de enmienda al Proyecto para excluir a las corredur\u00edas de la obligaci\u00f3n<\/span><span class=\"s14\">\u00a0de \u201cgarantizar la prestaci\u00f3n de un servicio de una atenci\u00f3n de forma continuada las\u00a0<\/span><span class=\"s15\">24 horas del d\u00eda todos los d\u00edas del a\u00f1o<\/span><span class=\"s14\">, cuando sea necesario para atender las quejas o reclamaciones derivadas de la desatenci\u00f3n de las incidencias relativas al mantenimiento de aquellos servicios que exijan una prestaci\u00f3n continuada\u201d.<\/span><\/p>\n<p class=\"s12\"><span class=\"s14\">Ante las\u00a0<\/span><span class=\"s15\">dudas interpretativas<\/span><span class=\"s14\">\u00a0que pueda generar lo que se entiende por servicios que exijan una prestaci\u00f3n continuada, la Asociaci\u00f3n ha propuesto a los Grupos parlamentarios, a trav\u00e9s de una <\/span><span class=\"s14\">propuesta de <\/span><span class=\"s14\">enmienda, que se excluyan expresamente a los corredores de seguros de esta obligaci\u00f3n. Entre otros motivos, <\/span><span class=\"s14\">la Asociaci\u00f3n<\/span> <span class=\"s14\">esgrime\u00a0<\/span><span class=\"s15\">la falta de proporcionalidad y eficiencia de la norma<\/span><span class=\"s14\">, as\u00ed como el\u00a0<\/span><span class=\"s15\">escaso n\u00famero de reclamaciones<\/span><span class=\"s14\">\u00a0que ha registrado la DGSFP con respecto al colectivo (<\/span><span class=\"s14\">135<\/span> <span class=\"s14\">de <\/span><span class=\"s14\">un <\/span><span class=\"s14\">total<\/span><span class=\"s14\"> en el sector de 10.797<\/span><span class=\"s14\">).<\/span><\/p>\n<p class=\"s12\"><span class=\"s14\">La Asociaci\u00f3n conf\u00eda que tanto el Grupo socialista como otros grupos pol\u00edticos, con los que pr\u00f3ximamente se mantendr\u00e1n reuniones sobre este asunto, presenten esta propuesta de enmienda y se <\/span><span class=\"s14\">modifique <\/span><span class=\"s14\">el texto actual del Proyecto <\/span><span class=\"s14\">para que <\/span><span class=\"s14\">las corredur\u00edas de seguros se vean<\/span><span class=\"s14\"> eximidas de esta obligaci\u00f3n<\/span><span class=\"s14\">.<\/span><\/p>\n[\/vc_column_text][\/vc_column][\/vc_row]\n","protected":false},"excerpt":{"rendered":"<p>[vc_row type=&#8221;in_container&#8221; full_screen_row_position=&#8221;middle&#8221; column_margin=&#8221;default&#8221; column_direction=&#8221;default&#8221; column_direction_tablet=&#8221;default&#8221; column_direction_phone=&#8221;default&#8221; scene_position=&#8221;center&#8221; text_color=&#8221;dark&#8221; text_align=&#8221;left&#8221; row_border_radius=&#8221;none&#8221; row_border_radius_applies=&#8221;bg&#8221; overflow=&#8221;visible&#8221; overlay_strength=&#8221;0.3&#8243; gradient_direction=&#8221;left_to_right&#8221; shape_divider_position=&#8221;bottom&#8221; bg_image_animation=&#8221;none&#8221;][vc_column column_padding=&#8221;no-extra-padding&#8221; column_padding_tablet=&#8221;inherit&#8221; column_padding_phone=&#8221;inherit&#8221; column_padding_position=&#8221;all&#8221; column_element_direction_desktop=&#8221;default&#8221; column_element_spacing=&#8221;default&#8221; desktop_text_alignment=&#8221;default&#8221; tablet_text_alignment=&#8221;default&#8221;&#8230;<\/p>\n","protected":false},"author":197,"featured_media":17027,"comment_status":"closed","ping_status":"closed","sticky":false,"template":"","format":"standard","meta":{"_acf_changed":false,"_price":"","_stock":"","_tribe_ticket_header":"","_tribe_default_ticket_provider":"","_tribe_ticket_capacity":"0","_ticket_start_date":"","_ticket_end_date":"","_tribe_ticket_show_description":"","_tribe_ticket_show_not_going":false,"_tribe_ticket_use_global_stock":"","_tribe_ticket_global_stock_level":"","_global_stock_mode":"","_global_stock_cap":"","_tribe_rsvp_for_event":"","_tribe_ticket_going_count":"","_tribe_ticket_not_going_count":"","_tribe_tickets_list":"[]","_tribe_ticket_has_attendee_info_fields":false,"footnotes":""},"categories":[2],"tags":[284,443,442],"class_list":["post-17026","post","type-post","status-publish","format-standard","has-post-thumbnail","category-noticias","tag-adecose","tag-congreso-de-los-diputados","tag-psoe"],"acf":[],"yoast_head":"<!-- This site is optimized with the Yoast SEO plugin v27.2 - https:\/\/yoast.com\/product\/yoast-seo-wordpress\/ -->\n<title>ADECOSE se re\u00fane con el PSOE para recabar su apoyo en el Proyecto de Ley de Servicios de Atenci\u00f3n al Cliente - ADECOSE<\/title>\n<meta name=\"robots\" content=\"index, follow, max-snippet:-1, max-image-preview:large, max-video-preview:-1\" \/>\n<link rel=\"canonical\" href=\"https:\/\/www.adecose.com\/adecose-se-reune-con-el-psoe-para-recabar-su-apoyo-en-el-proyecto-de-ley-de-servicios-de-atencion-al-cliente\/\" \/>\n<meta property=\"og:locale\" content=\"ca_ES\" \/>\n<meta property=\"og:type\" content=\"article\" \/>\n<meta property=\"og:title\" content=\"ADECOSE se re\u00fane con el PSOE para recabar su apoyo en el Proyecto de Ley de Servicios de Atenci\u00f3n al Cliente - ADECOSE\" \/>\n<meta property=\"og:description\" content=\"[vc_row type=&#8221;in_container&#8221; full_screen_row_position=&#8221;middle&#8221; column_margin=&#8221;default&#8221; column_direction=&#8221;default&#8221; column_direction_tablet=&#8221;default&#8221; column_direction_phone=&#8221;default&#8221; scene_position=&#8221;center&#8221; text_color=&#8221;dark&#8221; text_align=&#8221;left&#8221; row_border_radius=&#8221;none&#8221; row_border_radius_applies=&#8221;bg&#8221; overflow=&#8221;visible&#8221; overlay_strength=&#8221;0.3&#8243; gradient_direction=&#8221;left_to_right&#8221; shape_divider_position=&#8221;bottom&#8221; bg_image_animation=&#8221;none&#8221;][vc_column column_padding=&#8221;no-extra-padding&#8221; column_padding_tablet=&#8221;inherit&#8221; column_padding_phone=&#8221;inherit&#8221; column_padding_position=&#8221;all&#8221; column_element_direction_desktop=&#8221;default&#8221; column_element_spacing=&#8221;default&#8221; desktop_text_alignment=&#8221;default&#8221; tablet_text_alignment=&#8221;default&#8221;...\" \/>\n<meta property=\"og:url\" content=\"https:\/\/www.adecose.com\/adecose-se-reune-con-el-psoe-para-recabar-su-apoyo-en-el-proyecto-de-ley-de-servicios-de-atencion-al-cliente\/\" \/>\n<meta property=\"og:site_name\" content=\"ADECOSE\" \/>\n<meta property=\"article:published_time\" content=\"2024-04-10T17:01:50+00:00\" \/>\n<meta property=\"og:image\" content=\"https:\/\/www.adecose.com\/wp-content\/uploads\/2024\/04\/Reunion-Congreso-1024x682.png\" \/>\n\t<meta property=\"og:image:width\" content=\"1024\" \/>\n\t<meta property=\"og:image:height\" content=\"682\" \/>\n\t<meta property=\"og:image:type\" content=\"image\/png\" \/>\n<meta name=\"author\" content=\"Comunicaci\u00f3n ADECOSE\" \/>\n<meta name=\"twitter:card\" content=\"summary_large_image\" \/>\n<meta name=\"twitter:label1\" content=\"Escrit per\" \/>\n\t<meta name=\"twitter:data1\" content=\"Comunicaci\u00f3n ADECOSE\" \/>\n\t<meta name=\"twitter:label2\" content=\"Temps estimat de lectura\" \/>\n\t<meta name=\"twitter:data2\" content=\"3 minuts\" \/>\n<script type=\"application\/ld+json\" class=\"yoast-schema-graph\">{\"@context\":\"https:\/\/schema.org\",\"@graph\":[{\"@type\":\"Article\",\"@id\":\"https:\/\/www.adecose.com\/adecose-se-reune-con-el-psoe-para-recabar-su-apoyo-en-el-proyecto-de-ley-de-servicios-de-atencion-al-cliente\/#article\",\"isPartOf\":{\"@id\":\"https:\/\/www.adecose.com\/adecose-se-reune-con-el-psoe-para-recabar-su-apoyo-en-el-proyecto-de-ley-de-servicios-de-atencion-al-cliente\/\"},\"author\":{\"name\":\"Comunicaci\u00f3n ADECOSE\",\"@id\":\"https:\/\/www.adecose.com\/gl\/#\/schema\/person\/ff086ce55f6379e1d225a2c0dca5eeb6\"},\"headline\":\"ADECOSE se re\u00fane con el PSOE para recabar su apoyo en el Proyecto de Ley de Servicios de Atenci\u00f3n al Cliente\",\"datePublished\":\"2024-04-10T17:01:50+00:00\",\"mainEntityOfPage\":{\"@id\":\"https:\/\/www.adecose.com\/adecose-se-reune-con-el-psoe-para-recabar-su-apoyo-en-el-proyecto-de-ley-de-servicios-de-atencion-al-cliente\/\"},\"wordCount\":632,\"publisher\":{\"@id\":\"https:\/\/www.adecose.com\/gl\/#organization\"},\"image\":{\"@id\":\"https:\/\/www.adecose.com\/adecose-se-reune-con-el-psoe-para-recabar-su-apoyo-en-el-proyecto-de-ley-de-servicios-de-atencion-al-cliente\/#primaryimage\"},\"thumbnailUrl\":\"https:\/\/www.adecose.com\/wp-content\/uploads\/2024\/04\/Reunion-Congreso.png\",\"keywords\":[\"ADECOSE\",\"Congreso de los Diputados\",\"PSOE\"],\"articleSection\":[\"Noticias\"],\"inLanguage\":\"ca\"},{\"@type\":\"WebPage\",\"@id\":\"https:\/\/www.adecose.com\/adecose-se-reune-con-el-psoe-para-recabar-su-apoyo-en-el-proyecto-de-ley-de-servicios-de-atencion-al-cliente\/\",\"url\":\"https:\/\/www.adecose.com\/adecose-se-reune-con-el-psoe-para-recabar-su-apoyo-en-el-proyecto-de-ley-de-servicios-de-atencion-al-cliente\/\",\"name\":\"ADECOSE se re\u00fane con el PSOE para recabar su apoyo en el Proyecto de Ley de Servicios de Atenci\u00f3n al Cliente - ADECOSE\",\"isPartOf\":{\"@id\":\"https:\/\/www.adecose.com\/gl\/#website\"},\"primaryImageOfPage\":{\"@id\":\"https:\/\/www.adecose.com\/adecose-se-reune-con-el-psoe-para-recabar-su-apoyo-en-el-proyecto-de-ley-de-servicios-de-atencion-al-cliente\/#primaryimage\"},\"image\":{\"@id\":\"https:\/\/www.adecose.com\/adecose-se-reune-con-el-psoe-para-recabar-su-apoyo-en-el-proyecto-de-ley-de-servicios-de-atencion-al-cliente\/#primaryimage\"},\"thumbnailUrl\":\"https:\/\/www.adecose.com\/wp-content\/uploads\/2024\/04\/Reunion-Congreso.png\",\"datePublished\":\"2024-04-10T17:01:50+00:00\",\"breadcrumb\":{\"@id\":\"https:\/\/www.adecose.com\/adecose-se-reune-con-el-psoe-para-recabar-su-apoyo-en-el-proyecto-de-ley-de-servicios-de-atencion-al-cliente\/#breadcrumb\"},\"inLanguage\":\"ca\",\"potentialAction\":[{\"@type\":\"ReadAction\",\"target\":[\"https:\/\/www.adecose.com\/adecose-se-reune-con-el-psoe-para-recabar-su-apoyo-en-el-proyecto-de-ley-de-servicios-de-atencion-al-cliente\/\"]}]},{\"@type\":\"ImageObject\",\"inLanguage\":\"ca\",\"@id\":\"https:\/\/www.adecose.com\/adecose-se-reune-con-el-psoe-para-recabar-su-apoyo-en-el-proyecto-de-ley-de-servicios-de-atencion-al-cliente\/#primaryimage\",\"url\":\"https:\/\/www.adecose.com\/wp-content\/uploads\/2024\/04\/Reunion-Congreso.png\",\"contentUrl\":\"https:\/\/www.adecose.com\/wp-content\/uploads\/2024\/04\/Reunion-Congreso.png\",\"width\":2162,\"height\":1440},{\"@type\":\"BreadcrumbList\",\"@id\":\"https:\/\/www.adecose.com\/adecose-se-reune-con-el-psoe-para-recabar-su-apoyo-en-el-proyecto-de-ley-de-servicios-de-atencion-al-cliente\/#breadcrumb\",\"itemListElement\":[{\"@type\":\"ListItem\",\"position\":1,\"name\":\"Portada\",\"item\":\"https:\/\/www.adecose.com\/ca\/associacio-espanyola-de-corredories-dassegurances-i-reassegurances\/\"},{\"@type\":\"ListItem\",\"position\":2,\"name\":\"ADECOSE se re\u00fane con el PSOE para recabar su apoyo en el Proyecto de Ley de Servicios de Atenci\u00f3n al Cliente\"}]},{\"@type\":\"WebSite\",\"@id\":\"https:\/\/www.adecose.com\/gl\/#website\",\"url\":\"https:\/\/www.adecose.com\/gl\/\",\"name\":\"ADECOSE\",\"description\":\"Associaci\u00f3 Espanyola de Corredories d\u2019Assegurances i Reassegurances\",\"publisher\":{\"@id\":\"https:\/\/www.adecose.com\/gl\/#organization\"},\"potentialAction\":[{\"@type\":\"SearchAction\",\"target\":{\"@type\":\"EntryPoint\",\"urlTemplate\":\"https:\/\/www.adecose.com\/gl\/?s={search_term_string}\"},\"query-input\":{\"@type\":\"PropertyValueSpecification\",\"valueRequired\":true,\"valueName\":\"search_term_string\"}}],\"inLanguage\":\"ca\"},{\"@type\":\"Organization\",\"@id\":\"https:\/\/www.adecose.com\/gl\/#organization\",\"name\":\"ADECOSE\",\"url\":\"https:\/\/www.adecose.com\/gl\/\",\"logo\":{\"@type\":\"ImageObject\",\"inLanguage\":\"ca\",\"@id\":\"https:\/\/www.adecose.com\/gl\/#\/schema\/logo\/image\/\",\"url\":\"https:\/\/www.adecose.com\/wp-content\/uploads\/2020\/07\/favicon.png\",\"contentUrl\":\"https:\/\/www.adecose.com\/wp-content\/uploads\/2020\/07\/favicon.png\",\"width\":512,\"height\":512,\"caption\":\"ADECOSE\"},\"image\":{\"@id\":\"https:\/\/www.adecose.com\/gl\/#\/schema\/logo\/image\/\"}},{\"@type\":\"Person\",\"@id\":\"https:\/\/www.adecose.com\/gl\/#\/schema\/person\/ff086ce55f6379e1d225a2c0dca5eeb6\",\"name\":\"Comunicaci\u00f3n ADECOSE\",\"image\":{\"@type\":\"ImageObject\",\"inLanguage\":\"ca\",\"@id\":\"https:\/\/secure.gravatar.com\/avatar\/01cd1f9571997441bf1da6d1cc147351305f03fe8f2acf1ebbec60ebb26924ce?s=96&d=mm&r=g\",\"url\":\"https:\/\/secure.gravatar.com\/avatar\/01cd1f9571997441bf1da6d1cc147351305f03fe8f2acf1ebbec60ebb26924ce?s=96&d=mm&r=g\",\"contentUrl\":\"https:\/\/secure.gravatar.com\/avatar\/01cd1f9571997441bf1da6d1cc147351305f03fe8f2acf1ebbec60ebb26924ce?s=96&d=mm&r=g\",\"caption\":\"Comunicaci\u00f3n ADECOSE\"}}]}<\/script>\n<!-- \/ Yoast SEO plugin. -->","yoast_head_json":{"title":"ADECOSE se re\u00fane con el PSOE para recabar su apoyo en el Proyecto de Ley de Servicios de Atenci\u00f3n al Cliente - ADECOSE","robots":{"index":"index","follow":"follow","max-snippet":"max-snippet:-1","max-image-preview":"max-image-preview:large","max-video-preview":"max-video-preview:-1"},"canonical":"https:\/\/www.adecose.com\/adecose-se-reune-con-el-psoe-para-recabar-su-apoyo-en-el-proyecto-de-ley-de-servicios-de-atencion-al-cliente\/","og_locale":"ca_ES","og_type":"article","og_title":"ADECOSE se re\u00fane con el PSOE para recabar su apoyo en el Proyecto de Ley de Servicios de Atenci\u00f3n al Cliente - ADECOSE","og_description":"[vc_row type=&#8221;in_container&#8221; full_screen_row_position=&#8221;middle&#8221; column_margin=&#8221;default&#8221; column_direction=&#8221;default&#8221; column_direction_tablet=&#8221;default&#8221; column_direction_phone=&#8221;default&#8221; scene_position=&#8221;center&#8221; text_color=&#8221;dark&#8221; text_align=&#8221;left&#8221; row_border_radius=&#8221;none&#8221; row_border_radius_applies=&#8221;bg&#8221; overflow=&#8221;visible&#8221; overlay_strength=&#8221;0.3&#8243; gradient_direction=&#8221;left_to_right&#8221; shape_divider_position=&#8221;bottom&#8221; bg_image_animation=&#8221;none&#8221;][vc_column column_padding=&#8221;no-extra-padding&#8221; column_padding_tablet=&#8221;inherit&#8221; column_padding_phone=&#8221;inherit&#8221; column_padding_position=&#8221;all&#8221; column_element_direction_desktop=&#8221;default&#8221; column_element_spacing=&#8221;default&#8221; desktop_text_alignment=&#8221;default&#8221; tablet_text_alignment=&#8221;default&#8221;...","og_url":"https:\/\/www.adecose.com\/adecose-se-reune-con-el-psoe-para-recabar-su-apoyo-en-el-proyecto-de-ley-de-servicios-de-atencion-al-cliente\/","og_site_name":"ADECOSE","article_published_time":"2024-04-10T17:01:50+00:00","og_image":[{"width":1024,"height":682,"url":"https:\/\/www.adecose.com\/wp-content\/uploads\/2024\/04\/Reunion-Congreso-1024x682.png","type":"image\/png"}],"author":"Comunicaci\u00f3n ADECOSE","twitter_card":"summary_large_image","twitter_misc":{"Escrit per":"Comunicaci\u00f3n ADECOSE","Temps estimat de lectura":"3 minuts"},"schema":{"@context":"https:\/\/schema.org","@graph":[{"@type":"Article","@id":"https:\/\/www.adecose.com\/adecose-se-reune-con-el-psoe-para-recabar-su-apoyo-en-el-proyecto-de-ley-de-servicios-de-atencion-al-cliente\/#article","isPartOf":{"@id":"https:\/\/www.adecose.com\/adecose-se-reune-con-el-psoe-para-recabar-su-apoyo-en-el-proyecto-de-ley-de-servicios-de-atencion-al-cliente\/"},"author":{"name":"Comunicaci\u00f3n ADECOSE","@id":"https:\/\/www.adecose.com\/gl\/#\/schema\/person\/ff086ce55f6379e1d225a2c0dca5eeb6"},"headline":"ADECOSE se re\u00fane con el PSOE para recabar su apoyo en el Proyecto de Ley de Servicios de Atenci\u00f3n al Cliente","datePublished":"2024-04-10T17:01:50+00:00","mainEntityOfPage":{"@id":"https:\/\/www.adecose.com\/adecose-se-reune-con-el-psoe-para-recabar-su-apoyo-en-el-proyecto-de-ley-de-servicios-de-atencion-al-cliente\/"},"wordCount":632,"publisher":{"@id":"https:\/\/www.adecose.com\/gl\/#organization"},"image":{"@id":"https:\/\/www.adecose.com\/adecose-se-reune-con-el-psoe-para-recabar-su-apoyo-en-el-proyecto-de-ley-de-servicios-de-atencion-al-cliente\/#primaryimage"},"thumbnailUrl":"https:\/\/www.adecose.com\/wp-content\/uploads\/2024\/04\/Reunion-Congreso.png","keywords":["ADECOSE","Congreso de los Diputados","PSOE"],"articleSection":["Noticias"],"inLanguage":"ca"},{"@type":"WebPage","@id":"https:\/\/www.adecose.com\/adecose-se-reune-con-el-psoe-para-recabar-su-apoyo-en-el-proyecto-de-ley-de-servicios-de-atencion-al-cliente\/","url":"https:\/\/www.adecose.com\/adecose-se-reune-con-el-psoe-para-recabar-su-apoyo-en-el-proyecto-de-ley-de-servicios-de-atencion-al-cliente\/","name":"ADECOSE se re\u00fane con el PSOE para recabar su apoyo en el Proyecto de Ley de Servicios de Atenci\u00f3n al Cliente - ADECOSE","isPartOf":{"@id":"https:\/\/www.adecose.com\/gl\/#website"},"primaryImageOfPage":{"@id":"https:\/\/www.adecose.com\/adecose-se-reune-con-el-psoe-para-recabar-su-apoyo-en-el-proyecto-de-ley-de-servicios-de-atencion-al-cliente\/#primaryimage"},"image":{"@id":"https:\/\/www.adecose.com\/adecose-se-reune-con-el-psoe-para-recabar-su-apoyo-en-el-proyecto-de-ley-de-servicios-de-atencion-al-cliente\/#primaryimage"},"thumbnailUrl":"https:\/\/www.adecose.com\/wp-content\/uploads\/2024\/04\/Reunion-Congreso.png","datePublished":"2024-04-10T17:01:50+00:00","breadcrumb":{"@id":"https:\/\/www.adecose.com\/adecose-se-reune-con-el-psoe-para-recabar-su-apoyo-en-el-proyecto-de-ley-de-servicios-de-atencion-al-cliente\/#breadcrumb"},"inLanguage":"ca","potentialAction":[{"@type":"ReadAction","target":["https:\/\/www.adecose.com\/adecose-se-reune-con-el-psoe-para-recabar-su-apoyo-en-el-proyecto-de-ley-de-servicios-de-atencion-al-cliente\/"]}]},{"@type":"ImageObject","inLanguage":"ca","@id":"https:\/\/www.adecose.com\/adecose-se-reune-con-el-psoe-para-recabar-su-apoyo-en-el-proyecto-de-ley-de-servicios-de-atencion-al-cliente\/#primaryimage","url":"https:\/\/www.adecose.com\/wp-content\/uploads\/2024\/04\/Reunion-Congreso.png","contentUrl":"https:\/\/www.adecose.com\/wp-content\/uploads\/2024\/04\/Reunion-Congreso.png","width":2162,"height":1440},{"@type":"BreadcrumbList","@id":"https:\/\/www.adecose.com\/adecose-se-reune-con-el-psoe-para-recabar-su-apoyo-en-el-proyecto-de-ley-de-servicios-de-atencion-al-cliente\/#breadcrumb","itemListElement":[{"@type":"ListItem","position":1,"name":"Portada","item":"https:\/\/www.adecose.com\/ca\/associacio-espanyola-de-corredories-dassegurances-i-reassegurances\/"},{"@type":"ListItem","position":2,"name":"ADECOSE se re\u00fane con el PSOE para recabar su apoyo en el Proyecto de Ley de Servicios de Atenci\u00f3n al Cliente"}]},{"@type":"WebSite","@id":"https:\/\/www.adecose.com\/gl\/#website","url":"https:\/\/www.adecose.com\/gl\/","name":"ADECOSE","description":"Associaci\u00f3 Espanyola de Corredories d\u2019Assegurances i Reassegurances","publisher":{"@id":"https:\/\/www.adecose.com\/gl\/#organization"},"potentialAction":[{"@type":"SearchAction","target":{"@type":"EntryPoint","urlTemplate":"https:\/\/www.adecose.com\/gl\/?s={search_term_string}"},"query-input":{"@type":"PropertyValueSpecification","valueRequired":true,"valueName":"search_term_string"}}],"inLanguage":"ca"},{"@type":"Organization","@id":"https:\/\/www.adecose.com\/gl\/#organization","name":"ADECOSE","url":"https:\/\/www.adecose.com\/gl\/","logo":{"@type":"ImageObject","inLanguage":"ca","@id":"https:\/\/www.adecose.com\/gl\/#\/schema\/logo\/image\/","url":"https:\/\/www.adecose.com\/wp-content\/uploads\/2020\/07\/favicon.png","contentUrl":"https:\/\/www.adecose.com\/wp-content\/uploads\/2020\/07\/favicon.png","width":512,"height":512,"caption":"ADECOSE"},"image":{"@id":"https:\/\/www.adecose.com\/gl\/#\/schema\/logo\/image\/"}},{"@type":"Person","@id":"https:\/\/www.adecose.com\/gl\/#\/schema\/person\/ff086ce55f6379e1d225a2c0dca5eeb6","name":"Comunicaci\u00f3n ADECOSE","image":{"@type":"ImageObject","inLanguage":"ca","@id":"https:\/\/secure.gravatar.com\/avatar\/01cd1f9571997441bf1da6d1cc147351305f03fe8f2acf1ebbec60ebb26924ce?s=96&d=mm&r=g","url":"https:\/\/secure.gravatar.com\/avatar\/01cd1f9571997441bf1da6d1cc147351305f03fe8f2acf1ebbec60ebb26924ce?s=96&d=mm&r=g","contentUrl":"https:\/\/secure.gravatar.com\/avatar\/01cd1f9571997441bf1da6d1cc147351305f03fe8f2acf1ebbec60ebb26924ce?s=96&d=mm&r=g","caption":"Comunicaci\u00f3n ADECOSE"}}]}},"_links":{"self":[{"href":"https:\/\/www.adecose.com\/ca\/wp-json\/wp\/v2\/posts\/17026","targetHints":{"allow":["GET"]}}],"collection":[{"href":"https:\/\/www.adecose.com\/ca\/wp-json\/wp\/v2\/posts"}],"about":[{"href":"https:\/\/www.adecose.com\/ca\/wp-json\/wp\/v2\/types\/post"}],"author":[{"embeddable":true,"href":"https:\/\/www.adecose.com\/ca\/wp-json\/wp\/v2\/users\/197"}],"replies":[{"embeddable":true,"href":"https:\/\/www.adecose.com\/ca\/wp-json\/wp\/v2\/comments?post=17026"}],"version-history":[{"count":0,"href":"https:\/\/www.adecose.com\/ca\/wp-json\/wp\/v2\/posts\/17026\/revisions"}],"wp:featuredmedia":[{"embeddable":true,"href":"https:\/\/www.adecose.com\/ca\/wp-json\/wp\/v2\/media\/17027"}],"wp:attachment":[{"href":"https:\/\/www.adecose.com\/ca\/wp-json\/wp\/v2\/media?parent=17026"}],"wp:term":[{"taxonomy":"category","embeddable":true,"href":"https:\/\/www.adecose.com\/ca\/wp-json\/wp\/v2\/categories?post=17026"},{"taxonomy":"post_tag","embeddable":true,"href":"https:\/\/www.adecose.com\/ca\/wp-json\/wp\/v2\/tags?post=17026"}],"curies":[{"name":"wp","href":"https:\/\/api.w.org\/{rel}","templated":true}]}}