{"id":17012,"date":"2024-04-10T16:56:58","date_gmt":"2024-04-10T14:56:58","guid":{"rendered":"https:\/\/www.adecose.com\/?p=17012"},"modified":"2024-04-10T16:56:58","modified_gmt":"2024-04-10T14:56:58","slug":"s4-elegida-mejor-correduria-en-gestion-de-empresas-de-espana","status":"publish","type":"post","link":"https:\/\/www.adecose.com\/ca\/s4-elegida-mejor-correduria-en-gestion-de-empresas-de-espana\/","title":{"rendered":"S4 elegida mejor corredur\u00eda en gesti\u00f3n de empresas de espa\u00f1a"},"content":{"rendered":"[vc_row type=&#8221;in_container&#8221; full_screen_row_position=&#8221;middle&#8221; column_margin=&#8221;default&#8221; column_direction=&#8221;default&#8221; column_direction_tablet=&#8221;default&#8221; column_direction_phone=&#8221;default&#8221; scene_position=&#8221;center&#8221; text_color=&#8221;dark&#8221; text_align=&#8221;left&#8221; row_border_radius=&#8221;none&#8221; row_border_radius_applies=&#8221;bg&#8221; overflow=&#8221;visible&#8221; overlay_strength=&#8221;0.3&#8243; gradient_direction=&#8221;left_to_right&#8221; shape_divider_position=&#8221;bottom&#8221; bg_image_animation=&#8221;none&#8221;][vc_column column_padding=&#8221;no-extra-padding&#8221; column_padding_tablet=&#8221;inherit&#8221; column_padding_phone=&#8221;inherit&#8221; column_padding_position=&#8221;all&#8221; column_element_direction_desktop=&#8221;default&#8221; column_element_spacing=&#8221;default&#8221; desktop_text_alignment=&#8221;default&#8221; tablet_text_alignment=&#8221;default&#8221; phone_text_alignment=&#8221;default&#8221; background_color_opacity=&#8221;1&#8243; background_hover_color_opacity=&#8221;1&#8243; column_backdrop_filter=&#8221;none&#8221; column_shadow=&#8221;none&#8221; column_border_radius=&#8221;none&#8221; column_link_target=&#8221;_self&#8221; column_position=&#8221;default&#8221; gradient_direction=&#8221;left_to_right&#8221; overlay_strength=&#8221;0.3&#8243; width=&#8221;1\/1&#8243; tablet_width_inherit=&#8221;default&#8221; animation_type=&#8221;default&#8221; bg_image_animation=&#8221;none&#8221; border_type=&#8221;simple&#8221; column_border_width=&#8221;none&#8221; column_border_style=&#8221;solid&#8221;][vc_column_text text_direction=&#8221;default&#8221;]Axa, primer grupo asegurador de Europa, ha reconocido a S4 Corredur\u00eda de Seguros como el mejor broker en gesti\u00f3n de empresas de Espa\u00f1a. Alfredo Blanco, CEO de Grupo S4, ha recibido este galard\u00f3n durante la Convenci\u00f3n Partner 2024 de AXA celebrada el 3 de abril en Madrid de la mano de Olga S\u00e1nchez, Consejera delegada, Mar Romero, Directora de Distribuci\u00f3n y Ventas, y Eva Tom\u00e1s, Directora Nacional Canal Corredores y Brokers.<\/p>\n<p>Este premio es un reconocimiento al trabajo de un equipo de m\u00e1s de 50 profesionales y a una labor de m\u00e1s de 20 a\u00f1os dedicados a la gesti\u00f3n de riesgos industriales y empresariales. No en vano, 3.257 empresas conf\u00edan actualmente en S4.<\/p>\n<p>Adem\u00e1s del asesoramiento sobre programas de seguros para empresas, S4 apuesta desde hace mucho tiempo por realizar una gesti\u00f3n de riesgos integral. Basada en una rigurosa metodolog\u00eda, abarca desde la auditor\u00eda de riesgos hasta servicios de ingenier\u00eda \u00abMinoraci\u00f3n y control de riesgos\u00bb, auditor\u00eda del programa de seguros y elaboraci\u00f3n de mapas de riesgos, entre otros servicios especializados.<\/p>\n<p>Desde S4 queremos dar las gracias a todos nuestros clientes, por su confianza en todo momento, sin ellos nada de esto ser\u00eda posible. Gracias tambi\u00e9n a todas las personas que forman parte del equipo por su compromiso y profesionalidad, todos ellos y ellas son los verdaderos art\u00edfices de este gran logro. Y, finalmente, gracias a AXA por este premio tan importante para nosotros, que nos sirve como impulso para seguir mejorando cada d\u00eda.<\/p>\n<p>La gesti\u00f3n de riesgos industriales y asesoramiento de empresas seguir\u00e1 siendo un pilar estrat\u00e9gico en S4 Corredur\u00eda de Seguros tras la fusi\u00f3n con Corredur\u00eda de Seguros Sueiro, anunciada el pasado mes de febrero. Goretti Fraga, Directora General T\u00e9cnica, continuar\u00e1 como responsable de esta unidad de negocio en la nueva etapa.[\/vc_column_text][\/vc_column][\/vc_row]\n","protected":false},"excerpt":{"rendered":"<p>[vc_row type=&#8221;in_container&#8221; full_screen_row_position=&#8221;middle&#8221; column_margin=&#8221;default&#8221; column_direction=&#8221;default&#8221; column_direction_tablet=&#8221;default&#8221; column_direction_phone=&#8221;default&#8221; scene_position=&#8221;center&#8221; text_color=&#8221;dark&#8221; text_align=&#8221;left&#8221; row_border_radius=&#8221;none&#8221; row_border_radius_applies=&#8221;bg&#8221; overflow=&#8221;visible&#8221; overlay_strength=&#8221;0.3&#8243; gradient_direction=&#8221;left_to_right&#8221; shape_divider_position=&#8221;bottom&#8221; bg_image_animation=&#8221;none&#8221;][vc_column column_padding=&#8221;no-extra-padding&#8221; column_padding_tablet=&#8221;inherit&#8221; column_padding_phone=&#8221;inherit&#8221; column_padding_position=&#8221;all&#8221; column_element_direction_desktop=&#8221;default&#8221; column_element_spacing=&#8221;default&#8221; desktop_text_alignment=&#8221;default&#8221; tablet_text_alignment=&#8221;default&#8221;&#8230;<\/p>\n","protected":false},"author":197,"featured_media":17013,"comment_status":"closed","ping_status":"closed","sticky":false,"template":"","format":"standard","meta":{"_acf_changed":false,"_price":"","_stock":"","_tribe_ticket_header":"","_tribe_default_ticket_provider":"","_tribe_ticket_capacity":"0","_ticket_start_date":"","_ticket_end_date":"","_tribe_ticket_show_description":"","_tribe_ticket_show_not_going":false,"_tribe_ticket_use_global_stock":"","_tribe_ticket_global_stock_level":"","_global_stock_mode":"","_global_stock_cap":"","_tribe_rsvp_for_event":"","_tribe_ticket_going_count":"","_tribe_ticket_not_going_count":"","_tribe_tickets_list":"[]","_tribe_ticket_has_attendee_info_fields":false,"footnotes":""},"categories":[339],"tags":[392],"class_list":["post-17012","post","type-post","status-publish","format-standard","has-post-thumbnail","category-espacio-correduriasadecose","tag-s4-correduria-de-seguros"],"acf":[],"yoast_head":"<!-- This site is optimized with the Yoast SEO plugin v27.2 - https:\/\/yoast.com\/product\/yoast-seo-wordpress\/ -->\n<title>S4 elegida mejor corredur\u00eda en gesti\u00f3n de empresas de espa\u00f1a - ADECOSE<\/title>\n<meta name=\"robots\" content=\"index, follow, max-snippet:-1, max-image-preview:large, max-video-preview:-1\" \/>\n<link rel=\"canonical\" href=\"https:\/\/www.adecose.com\/s4-elegida-mejor-correduria-en-gestion-de-empresas-de-espana\/\" \/>\n<meta property=\"og:locale\" content=\"ca_ES\" \/>\n<meta property=\"og:type\" content=\"article\" \/>\n<meta property=\"og:title\" content=\"S4 elegida mejor corredur\u00eda en gesti\u00f3n de empresas de espa\u00f1a - ADECOSE\" \/>\n<meta property=\"og:description\" content=\"[vc_row type=&#8221;in_container&#8221; full_screen_row_position=&#8221;middle&#8221; column_margin=&#8221;default&#8221; column_direction=&#8221;default&#8221; column_direction_tablet=&#8221;default&#8221; column_direction_phone=&#8221;default&#8221; scene_position=&#8221;center&#8221; text_color=&#8221;dark&#8221; text_align=&#8221;left&#8221; row_border_radius=&#8221;none&#8221; row_border_radius_applies=&#8221;bg&#8221; overflow=&#8221;visible&#8221; overlay_strength=&#8221;0.3&#8243; gradient_direction=&#8221;left_to_right&#8221; shape_divider_position=&#8221;bottom&#8221; bg_image_animation=&#8221;none&#8221;][vc_column column_padding=&#8221;no-extra-padding&#8221; column_padding_tablet=&#8221;inherit&#8221; column_padding_phone=&#8221;inherit&#8221; column_padding_position=&#8221;all&#8221; column_element_direction_desktop=&#8221;default&#8221; column_element_spacing=&#8221;default&#8221; desktop_text_alignment=&#8221;default&#8221; tablet_text_alignment=&#8221;default&#8221;...\" \/>\n<meta property=\"og:url\" content=\"https:\/\/www.adecose.com\/s4-elegida-mejor-correduria-en-gestion-de-empresas-de-espana\/\" \/>\n<meta property=\"og:site_name\" content=\"ADECOSE\" \/>\n<meta property=\"article:published_time\" content=\"2024-04-10T14:56:58+00:00\" \/>\n<meta property=\"og:image\" content=\"https:\/\/www.adecose.com\/wp-content\/uploads\/2024\/04\/S4-elegida-mejor-correduria-en-gestion-de-empresas-scaled.jpg\" \/>\n\t<meta property=\"og:image:width\" content=\"2560\" \/>\n\t<meta property=\"og:image:height\" content=\"1706\" \/>\n\t<meta property=\"og:image:type\" content=\"image\/jpeg\" \/>\n<meta name=\"author\" content=\"Comunicaci\u00f3n ADECOSE\" \/>\n<meta name=\"twitter:card\" content=\"summary_large_image\" \/>\n<meta name=\"twitter:label1\" content=\"Escrit per\" \/>\n\t<meta name=\"twitter:data1\" content=\"Comunicaci\u00f3n ADECOSE\" \/>\n\t<meta name=\"twitter:label2\" content=\"Temps estimat de lectura\" \/>\n\t<meta name=\"twitter:data2\" content=\"2 minuts\" \/>\n<script type=\"application\/ld+json\" class=\"yoast-schema-graph\">{\"@context\":\"https:\/\/schema.org\",\"@graph\":[{\"@type\":\"Article\",\"@id\":\"https:\/\/www.adecose.com\/s4-elegida-mejor-correduria-en-gestion-de-empresas-de-espana\/#article\",\"isPartOf\":{\"@id\":\"https:\/\/www.adecose.com\/s4-elegida-mejor-correduria-en-gestion-de-empresas-de-espana\/\"},\"author\":{\"name\":\"Comunicaci\u00f3n ADECOSE\",\"@id\":\"https:\/\/www.adecose.com\/gl\/#\/schema\/person\/ff086ce55f6379e1d225a2c0dca5eeb6\"},\"headline\":\"S4 elegida mejor corredur\u00eda en gesti\u00f3n de empresas de espa\u00f1a\",\"datePublished\":\"2024-04-10T14:56:58+00:00\",\"mainEntityOfPage\":{\"@id\":\"https:\/\/www.adecose.com\/s4-elegida-mejor-correduria-en-gestion-de-empresas-de-espana\/\"},\"wordCount\":497,\"publisher\":{\"@id\":\"https:\/\/www.adecose.com\/gl\/#organization\"},\"image\":{\"@id\":\"https:\/\/www.adecose.com\/s4-elegida-mejor-correduria-en-gestion-de-empresas-de-espana\/#primaryimage\"},\"thumbnailUrl\":\"https:\/\/www.adecose.com\/wp-content\/uploads\/2024\/04\/S4-elegida-mejor-correduria-en-gestion-de-empresas-scaled.jpg\",\"keywords\":[\"S4 Corredur\u00eda de Seguros\"],\"articleSection\":[\"Espacio #Corredur\u00edasADECOSE\"],\"inLanguage\":\"ca\"},{\"@type\":\"WebPage\",\"@id\":\"https:\/\/www.adecose.com\/s4-elegida-mejor-correduria-en-gestion-de-empresas-de-espana\/\",\"url\":\"https:\/\/www.adecose.com\/s4-elegida-mejor-correduria-en-gestion-de-empresas-de-espana\/\",\"name\":\"S4 elegida mejor corredur\u00eda en gesti\u00f3n de empresas de espa\u00f1a - ADECOSE\",\"isPartOf\":{\"@id\":\"https:\/\/www.adecose.com\/gl\/#website\"},\"primaryImageOfPage\":{\"@id\":\"https:\/\/www.adecose.com\/s4-elegida-mejor-correduria-en-gestion-de-empresas-de-espana\/#primaryimage\"},\"image\":{\"@id\":\"https:\/\/www.adecose.com\/s4-elegida-mejor-correduria-en-gestion-de-empresas-de-espana\/#primaryimage\"},\"thumbnailUrl\":\"https:\/\/www.adecose.com\/wp-content\/uploads\/2024\/04\/S4-elegida-mejor-correduria-en-gestion-de-empresas-scaled.jpg\",\"datePublished\":\"2024-04-10T14:56:58+00:00\",\"breadcrumb\":{\"@id\":\"https:\/\/www.adecose.com\/s4-elegida-mejor-correduria-en-gestion-de-empresas-de-espana\/#breadcrumb\"},\"inLanguage\":\"ca\",\"potentialAction\":[{\"@type\":\"ReadAction\",\"target\":[\"https:\/\/www.adecose.com\/s4-elegida-mejor-correduria-en-gestion-de-empresas-de-espana\/\"]}]},{\"@type\":\"ImageObject\",\"inLanguage\":\"ca\",\"@id\":\"https:\/\/www.adecose.com\/s4-elegida-mejor-correduria-en-gestion-de-empresas-de-espana\/#primaryimage\",\"url\":\"https:\/\/www.adecose.com\/wp-content\/uploads\/2024\/04\/S4-elegida-mejor-correduria-en-gestion-de-empresas-scaled.jpg\",\"contentUrl\":\"https:\/\/www.adecose.com\/wp-content\/uploads\/2024\/04\/S4-elegida-mejor-correduria-en-gestion-de-empresas-scaled.jpg\",\"width\":2560,\"height\":1706},{\"@type\":\"BreadcrumbList\",\"@id\":\"https:\/\/www.adecose.com\/s4-elegida-mejor-correduria-en-gestion-de-empresas-de-espana\/#breadcrumb\",\"itemListElement\":[{\"@type\":\"ListItem\",\"position\":1,\"name\":\"Portada\",\"item\":\"https:\/\/www.adecose.com\/ca\/associacio-espanyola-de-corredories-dassegurances-i-reassegurances\/\"},{\"@type\":\"ListItem\",\"position\":2,\"name\":\"S4 elegida mejor corredur\u00eda en gesti\u00f3n de empresas de espa\u00f1a\"}]},{\"@type\":\"WebSite\",\"@id\":\"https:\/\/www.adecose.com\/gl\/#website\",\"url\":\"https:\/\/www.adecose.com\/gl\/\",\"name\":\"ADECOSE\",\"description\":\"Associaci\u00f3 Espanyola de Corredories d\u2019Assegurances i Reassegurances\",\"publisher\":{\"@id\":\"https:\/\/www.adecose.com\/gl\/#organization\"},\"potentialAction\":[{\"@type\":\"SearchAction\",\"target\":{\"@type\":\"EntryPoint\",\"urlTemplate\":\"https:\/\/www.adecose.com\/gl\/?s={search_term_string}\"},\"query-input\":{\"@type\":\"PropertyValueSpecification\",\"valueRequired\":true,\"valueName\":\"search_term_string\"}}],\"inLanguage\":\"ca\"},{\"@type\":\"Organization\",\"@id\":\"https:\/\/www.adecose.com\/gl\/#organization\",\"name\":\"ADECOSE\",\"url\":\"https:\/\/www.adecose.com\/gl\/\",\"logo\":{\"@type\":\"ImageObject\",\"inLanguage\":\"ca\",\"@id\":\"https:\/\/www.adecose.com\/gl\/#\/schema\/logo\/image\/\",\"url\":\"https:\/\/www.adecose.com\/wp-content\/uploads\/2020\/07\/favicon.png\",\"contentUrl\":\"https:\/\/www.adecose.com\/wp-content\/uploads\/2020\/07\/favicon.png\",\"width\":512,\"height\":512,\"caption\":\"ADECOSE\"},\"image\":{\"@id\":\"https:\/\/www.adecose.com\/gl\/#\/schema\/logo\/image\/\"}},{\"@type\":\"Person\",\"@id\":\"https:\/\/www.adecose.com\/gl\/#\/schema\/person\/ff086ce55f6379e1d225a2c0dca5eeb6\",\"name\":\"Comunicaci\u00f3n ADECOSE\",\"image\":{\"@type\":\"ImageObject\",\"inLanguage\":\"ca\",\"@id\":\"https:\/\/secure.gravatar.com\/avatar\/01cd1f9571997441bf1da6d1cc147351305f03fe8f2acf1ebbec60ebb26924ce?s=96&d=mm&r=g\",\"url\":\"https:\/\/secure.gravatar.com\/avatar\/01cd1f9571997441bf1da6d1cc147351305f03fe8f2acf1ebbec60ebb26924ce?s=96&d=mm&r=g\",\"contentUrl\":\"https:\/\/secure.gravatar.com\/avatar\/01cd1f9571997441bf1da6d1cc147351305f03fe8f2acf1ebbec60ebb26924ce?s=96&d=mm&r=g\",\"caption\":\"Comunicaci\u00f3n ADECOSE\"}}]}<\/script>\n<!-- \/ Yoast SEO plugin. -->","yoast_head_json":{"title":"S4 elegida mejor corredur\u00eda en gesti\u00f3n de empresas de espa\u00f1a - ADECOSE","robots":{"index":"index","follow":"follow","max-snippet":"max-snippet:-1","max-image-preview":"max-image-preview:large","max-video-preview":"max-video-preview:-1"},"canonical":"https:\/\/www.adecose.com\/s4-elegida-mejor-correduria-en-gestion-de-empresas-de-espana\/","og_locale":"ca_ES","og_type":"article","og_title":"S4 elegida mejor corredur\u00eda en gesti\u00f3n de empresas de espa\u00f1a - ADECOSE","og_description":"[vc_row type=&#8221;in_container&#8221; full_screen_row_position=&#8221;middle&#8221; column_margin=&#8221;default&#8221; column_direction=&#8221;default&#8221; column_direction_tablet=&#8221;default&#8221; column_direction_phone=&#8221;default&#8221; scene_position=&#8221;center&#8221; text_color=&#8221;dark&#8221; text_align=&#8221;left&#8221; row_border_radius=&#8221;none&#8221; row_border_radius_applies=&#8221;bg&#8221; overflow=&#8221;visible&#8221; overlay_strength=&#8221;0.3&#8243; gradient_direction=&#8221;left_to_right&#8221; shape_divider_position=&#8221;bottom&#8221; bg_image_animation=&#8221;none&#8221;][vc_column column_padding=&#8221;no-extra-padding&#8221; column_padding_tablet=&#8221;inherit&#8221; column_padding_phone=&#8221;inherit&#8221; column_padding_position=&#8221;all&#8221; column_element_direction_desktop=&#8221;default&#8221; column_element_spacing=&#8221;default&#8221; desktop_text_alignment=&#8221;default&#8221; tablet_text_alignment=&#8221;default&#8221;...","og_url":"https:\/\/www.adecose.com\/s4-elegida-mejor-correduria-en-gestion-de-empresas-de-espana\/","og_site_name":"ADECOSE","article_published_time":"2024-04-10T14:56:58+00:00","og_image":[{"width":2560,"height":1706,"url":"https:\/\/www.adecose.com\/wp-content\/uploads\/2024\/04\/S4-elegida-mejor-correduria-en-gestion-de-empresas-scaled.jpg","type":"image\/jpeg"}],"author":"Comunicaci\u00f3n ADECOSE","twitter_card":"summary_large_image","twitter_misc":{"Escrit per":"Comunicaci\u00f3n ADECOSE","Temps estimat de lectura":"2 minuts"},"schema":{"@context":"https:\/\/schema.org","@graph":[{"@type":"Article","@id":"https:\/\/www.adecose.com\/s4-elegida-mejor-correduria-en-gestion-de-empresas-de-espana\/#article","isPartOf":{"@id":"https:\/\/www.adecose.com\/s4-elegida-mejor-correduria-en-gestion-de-empresas-de-espana\/"},"author":{"name":"Comunicaci\u00f3n ADECOSE","@id":"https:\/\/www.adecose.com\/gl\/#\/schema\/person\/ff086ce55f6379e1d225a2c0dca5eeb6"},"headline":"S4 elegida mejor corredur\u00eda en gesti\u00f3n de empresas de espa\u00f1a","datePublished":"2024-04-10T14:56:58+00:00","mainEntityOfPage":{"@id":"https:\/\/www.adecose.com\/s4-elegida-mejor-correduria-en-gestion-de-empresas-de-espana\/"},"wordCount":497,"publisher":{"@id":"https:\/\/www.adecose.com\/gl\/#organization"},"image":{"@id":"https:\/\/www.adecose.com\/s4-elegida-mejor-correduria-en-gestion-de-empresas-de-espana\/#primaryimage"},"thumbnailUrl":"https:\/\/www.adecose.com\/wp-content\/uploads\/2024\/04\/S4-elegida-mejor-correduria-en-gestion-de-empresas-scaled.jpg","keywords":["S4 Corredur\u00eda de Seguros"],"articleSection":["Espacio #Corredur\u00edasADECOSE"],"inLanguage":"ca"},{"@type":"WebPage","@id":"https:\/\/www.adecose.com\/s4-elegida-mejor-correduria-en-gestion-de-empresas-de-espana\/","url":"https:\/\/www.adecose.com\/s4-elegida-mejor-correduria-en-gestion-de-empresas-de-espana\/","name":"S4 elegida mejor corredur\u00eda en gesti\u00f3n de empresas de espa\u00f1a - ADECOSE","isPartOf":{"@id":"https:\/\/www.adecose.com\/gl\/#website"},"primaryImageOfPage":{"@id":"https:\/\/www.adecose.com\/s4-elegida-mejor-correduria-en-gestion-de-empresas-de-espana\/#primaryimage"},"image":{"@id":"https:\/\/www.adecose.com\/s4-elegida-mejor-correduria-en-gestion-de-empresas-de-espana\/#primaryimage"},"thumbnailUrl":"https:\/\/www.adecose.com\/wp-content\/uploads\/2024\/04\/S4-elegida-mejor-correduria-en-gestion-de-empresas-scaled.jpg","datePublished":"2024-04-10T14:56:58+00:00","breadcrumb":{"@id":"https:\/\/www.adecose.com\/s4-elegida-mejor-correduria-en-gestion-de-empresas-de-espana\/#breadcrumb"},"inLanguage":"ca","potentialAction":[{"@type":"ReadAction","target":["https:\/\/www.adecose.com\/s4-elegida-mejor-correduria-en-gestion-de-empresas-de-espana\/"]}]},{"@type":"ImageObject","inLanguage":"ca","@id":"https:\/\/www.adecose.com\/s4-elegida-mejor-correduria-en-gestion-de-empresas-de-espana\/#primaryimage","url":"https:\/\/www.adecose.com\/wp-content\/uploads\/2024\/04\/S4-elegida-mejor-correduria-en-gestion-de-empresas-scaled.jpg","contentUrl":"https:\/\/www.adecose.com\/wp-content\/uploads\/2024\/04\/S4-elegida-mejor-correduria-en-gestion-de-empresas-scaled.jpg","width":2560,"height":1706},{"@type":"BreadcrumbList","@id":"https:\/\/www.adecose.com\/s4-elegida-mejor-correduria-en-gestion-de-empresas-de-espana\/#breadcrumb","itemListElement":[{"@type":"ListItem","position":1,"name":"Portada","item":"https:\/\/www.adecose.com\/ca\/associacio-espanyola-de-corredories-dassegurances-i-reassegurances\/"},{"@type":"ListItem","position":2,"name":"S4 elegida mejor corredur\u00eda en gesti\u00f3n de empresas de espa\u00f1a"}]},{"@type":"WebSite","@id":"https:\/\/www.adecose.com\/gl\/#website","url":"https:\/\/www.adecose.com\/gl\/","name":"ADECOSE","description":"Associaci\u00f3 Espanyola de Corredories d\u2019Assegurances i Reassegurances","publisher":{"@id":"https:\/\/www.adecose.com\/gl\/#organization"},"potentialAction":[{"@type":"SearchAction","target":{"@type":"EntryPoint","urlTemplate":"https:\/\/www.adecose.com\/gl\/?s={search_term_string}"},"query-input":{"@type":"PropertyValueSpecification","valueRequired":true,"valueName":"search_term_string"}}],"inLanguage":"ca"},{"@type":"Organization","@id":"https:\/\/www.adecose.com\/gl\/#organization","name":"ADECOSE","url":"https:\/\/www.adecose.com\/gl\/","logo":{"@type":"ImageObject","inLanguage":"ca","@id":"https:\/\/www.adecose.com\/gl\/#\/schema\/logo\/image\/","url":"https:\/\/www.adecose.com\/wp-content\/uploads\/2020\/07\/favicon.png","contentUrl":"https:\/\/www.adecose.com\/wp-content\/uploads\/2020\/07\/favicon.png","width":512,"height":512,"caption":"ADECOSE"},"image":{"@id":"https:\/\/www.adecose.com\/gl\/#\/schema\/logo\/image\/"}},{"@type":"Person","@id":"https:\/\/www.adecose.com\/gl\/#\/schema\/person\/ff086ce55f6379e1d225a2c0dca5eeb6","name":"Comunicaci\u00f3n ADECOSE","image":{"@type":"ImageObject","inLanguage":"ca","@id":"https:\/\/secure.gravatar.com\/avatar\/01cd1f9571997441bf1da6d1cc147351305f03fe8f2acf1ebbec60ebb26924ce?s=96&d=mm&r=g","url":"https:\/\/secure.gravatar.com\/avatar\/01cd1f9571997441bf1da6d1cc147351305f03fe8f2acf1ebbec60ebb26924ce?s=96&d=mm&r=g","contentUrl":"https:\/\/secure.gravatar.com\/avatar\/01cd1f9571997441bf1da6d1cc147351305f03fe8f2acf1ebbec60ebb26924ce?s=96&d=mm&r=g","caption":"Comunicaci\u00f3n ADECOSE"}}]}},"_links":{"self":[{"href":"https:\/\/www.adecose.com\/ca\/wp-json\/wp\/v2\/posts\/17012","targetHints":{"allow":["GET"]}}],"collection":[{"href":"https:\/\/www.adecose.com\/ca\/wp-json\/wp\/v2\/posts"}],"about":[{"href":"https:\/\/www.adecose.com\/ca\/wp-json\/wp\/v2\/types\/post"}],"author":[{"embeddable":true,"href":"https:\/\/www.adecose.com\/ca\/wp-json\/wp\/v2\/users\/197"}],"replies":[{"embeddable":true,"href":"https:\/\/www.adecose.com\/ca\/wp-json\/wp\/v2\/comments?post=17012"}],"version-history":[{"count":0,"href":"https:\/\/www.adecose.com\/ca\/wp-json\/wp\/v2\/posts\/17012\/revisions"}],"wp:featuredmedia":[{"embeddable":true,"href":"https:\/\/www.adecose.com\/ca\/wp-json\/wp\/v2\/media\/17013"}],"wp:attachment":[{"href":"https:\/\/www.adecose.com\/ca\/wp-json\/wp\/v2\/media?parent=17012"}],"wp:term":[{"taxonomy":"category","embeddable":true,"href":"https:\/\/www.adecose.com\/ca\/wp-json\/wp\/v2\/categories?post=17012"},{"taxonomy":"post_tag","embeddable":true,"href":"https:\/\/www.adecose.com\/ca\/wp-json\/wp\/v2\/tags?post=17012"}],"curies":[{"name":"wp","href":"https:\/\/api.w.org\/{rel}","templated":true}]}}