{"id":16089,"date":"2024-01-11T18:06:29","date_gmt":"2024-01-11T17:06:29","guid":{"rendered":"https:\/\/www.adecose.com\/?p=16089"},"modified":"2024-02-16T10:39:43","modified_gmt":"2024-02-16T09:39:43","slug":"uniteco-celebra-un-exitoso-ano-2023-y-fortalece-su-compromiso-con-los-sanitarios","status":"publish","type":"post","link":"https:\/\/www.adecose.com\/ca\/uniteco-celebra-un-exitoso-ano-2023-y-fortalece-su-compromiso-con-los-sanitarios\/","title":{"rendered":"Uniteco celebra un exitoso a\u00f1o 2023 y fortalece su compromiso con los sanitarios"},"content":{"rendered":"[vc_row type=&#8221;in_container&#8221; full_screen_row_position=&#8221;middle&#8221; column_margin=&#8221;default&#8221; column_direction=&#8221;default&#8221; column_direction_tablet=&#8221;default&#8221; column_direction_phone=&#8221;default&#8221; scene_position=&#8221;center&#8221; text_color=&#8221;dark&#8221; text_align=&#8221;left&#8221; row_border_radius=&#8221;none&#8221; row_border_radius_applies=&#8221;bg&#8221; overflow=&#8221;visible&#8221; overlay_strength=&#8221;0.3&#8243; gradient_direction=&#8221;left_to_right&#8221; shape_divider_position=&#8221;bottom&#8221; bg_image_animation=&#8221;none&#8221;][vc_column column_padding=&#8221;no-extra-padding&#8221; column_padding_tablet=&#8221;inherit&#8221; column_padding_phone=&#8221;inherit&#8221; column_padding_position=&#8221;all&#8221; column_element_direction_desktop=&#8221;default&#8221; column_element_spacing=&#8221;default&#8221; desktop_text_alignment=&#8221;default&#8221; tablet_text_alignment=&#8221;default&#8221; phone_text_alignment=&#8221;default&#8221; background_color_opacity=&#8221;1&#8243; background_hover_color_opacity=&#8221;1&#8243; column_backdrop_filter=&#8221;none&#8221; column_shadow=&#8221;none&#8221; column_border_radius=&#8221;none&#8221; column_link_target=&#8221;_self&#8221; column_position=&#8221;default&#8221; gradient_direction=&#8221;left_to_right&#8221; overlay_strength=&#8221;0.3&#8243; width=&#8221;1\/1&#8243; tablet_width_inherit=&#8221;default&#8221; animation_type=&#8221;default&#8221; bg_image_animation=&#8221;none&#8221; border_type=&#8221;simple&#8221; column_border_width=&#8221;none&#8221; column_border_style=&#8221;solid&#8221;][vc_column_text]\n<ul>\n<li class=\"s9\"><em><strong><span class=\"s8\">Uniteco, la corredur\u00eda de seguros l\u00edder en el sector <\/span><span class=\"s8\">sanitario,<\/span><span class=\"s8\"> presenta cifras muy positivas tras un 2023 de c<\/span><span class=\"s8\">r<\/span><span class=\"s8\">ecimiento y compromiso<\/span><\/strong><\/em><\/li>\n<\/ul>\n[\/vc_column_text][vc_column_text]\n<ul>\n<li><em><strong>\u00a0<span class=\"s8\">Juan Pablo N\u00fa\u00f1ez, CEO de <\/span><span class=\"s8\">la misma<\/span><span class=\"s8\">, augura un \u201c2024 en el mismo camino, comprometidos con el servicio al cliente y poni\u00e9ndolo en el centro gracias a la innovaci\u00f3n que nos caracteriza\u201d<\/span><\/strong><\/em><\/li>\n<\/ul>\n[\/vc_column_text][vc_column_text]<strong>Uniteco<\/strong>, la corredur\u00eda de seguros l\u00edder en el sector sanitario, ha publicado y realizado una valoraci\u00f3n muy positiva de su desempe\u00f1o en el <strong>a\u00f1o 2023<\/strong>. Cumpliendo con los objetivos establecidos, la compa\u00f1\u00eda ha experimentado un <strong>s\u00f3lido crecimiento<\/strong>, destacando especialmente su <strong>enfoque centrado en el servicio al cliente<\/strong>, con el m\u00e9dico en el centro de su estrategia empresarial. <strong>Juan Pablo N\u00fa\u00f1ez<\/strong>, CEO de Uniteco, expres\u00f3 su satisfacci\u00f3n por estos <strong>resultados excepcionales<\/strong>.<\/p>\n<p>\u201cEste a\u00f1o nos ha confirmado como la Corredur\u00eda de Seguros con capital independiente l\u00edder en el sector sanitario. Innovar va en nuestra esencia desde que nacimos, siempre ofreciendo lo mejor al m\u00e9dico y a todos los sanitarios. <strong>Es lo que nos lleva a ser mucho m\u00e1s que una corredur\u00eda<\/strong>\u201d, destac\u00f3 N\u00fa\u00f1ez.<\/p>\n<h2><strong>Principales Logros de Uniteco en 2023<\/strong><\/h2>\n<ol>\n<li><strong>Crecimiento del 5,5% en n\u00famero de clientes:<\/strong> Uniteco experiment\u00f3 un incremento del 5,5% en su base de clientes durante el a\u00f1o 2023.<\/li>\n<li><strong>Captaci\u00f3n de nuevo negocio:<\/strong> las primas de nuevo negocio crecieron un 12% en 2023 en comparaci\u00f3n con el a\u00f1o anterior.<\/li>\n<li><strong>Satisfacci\u00f3n del cliente:<\/strong> la satisfacci\u00f3n de los clientes alcanz\u00f3 una puntuaci\u00f3n de 9,2 en 2023, con un 40% de los clientes encuestados expresando su aprobaci\u00f3n despu\u00e9s de recibir servicios de postventa, gesti\u00f3n de siniestros y asesoramiento de expertos.<\/li>\n<li><strong>Eficiencia en servicios post venta:<\/strong> se gestionaron m\u00e1s de 40.000 servicios post venta, con un 98% de ellos resueltos en menos de 2 minutos y el 100% resuelto en menos de 72 horas.<\/li>\n<li><strong>Captaci\u00f3n de leads:<\/strong> Uniteco capt\u00f3 con \u00e9xito 11.000 nuevos leads para convertir en clientes a trav\u00e9s de sus campa\u00f1as de marketing.<\/li>\n<\/ol>\n<h2><strong>2023, un a\u00f1o de Responsabilidad Social Corporativa en beneficio de los sanitarios<\/strong><\/h2>\n<p>En 2023, Uniteco reafirm\u00f3 su compromiso con la Responsabilidad Social Corporativa a trav\u00e9s de proyectos como &#8220;<strong>Hospitales M\u00e1gicos<\/strong>&#8220;. Este innovador programa introdujo pinturas con acceso a realidad aumentada y cuadernos en \u00e1reas de hospitalizaci\u00f3n y urgencias pedi\u00e1tricas en el Hospital Universitario del Tajo, mejorando significativamente la experiencia de los pacientes y apoyando a los m\u00e9dicos en su labor.<\/p>\n<p>Con una perspectiva innovadora, Uniteco tambi\u00e9n busca fomentar la <strong>transformaci\u00f3n de los hospitales en centros de prevenci\u00f3n<\/strong>, estableciendo colaboraciones con colegios locales. Su prop\u00f3sito incluye la realizaci\u00f3n de charlas informativas dirigidas a los padres para abordar la prevenci\u00f3n de diversas enfermedades. Estas sesiones formativas ser\u00e1n facilitadas por profesionales sanitarios, seleccionados con esmero desde las unidades de pediatr\u00eda. De hecho, ya hay <strong>hospitales que se han sumado a la iniciativa para comienzos de este 2024<\/strong>.<\/p>\n<p>Otro destacado proyecto fue &#8220;<strong>Torreones Vig\u00eda<\/strong>&#8220;, inaugurado con la obra &#8220;El Sue\u00f1o de una Ni\u00f1a&#8221;, reflejando la dedicaci\u00f3n de los m\u00e9dicos a pesar de las adversidades. Uniteco rindi\u00f3 homenaje a estos profesionales esenciales, demostrando su gratitud por su valiosa contribuci\u00f3n a la sociedad, proyecto que pretende expandir a todas las carreteras nacionales para mandar un mensaje a la sociedad: <strong>los m\u00e9dicos siempre est\u00e1n cuando se les necesita<\/strong>.<\/p>\n<h2><strong>La previsi\u00f3n de Uniteco para 2024: innovaci\u00f3n y compromiso continuo<\/strong><\/h2>\n<p>En 2024, Uniteco prev\u00e9 continuar su camino de \u00e9xito, manteniendo su posici\u00f3n como la corredur\u00eda de seguros l\u00edder en el sector sanitario. Juan Pablo N\u00fa\u00f1ez declar\u00f3 que la compa\u00f1\u00eda \u201cseguir\u00e1 siendo un referente en el mercado, enfoc\u00e1ndose en la <strong>innovaci\u00f3n constante<\/strong> y ofreciendo lo mejor al m\u00e9dico y a todos los sanitarios\u201d.<\/p>\n<p>N\u00fa\u00f1ez subray\u00f3 el compromiso de Uniteco con la tecnolog\u00eda y el apoyo a los sanitarios para proporcionar un servicio al cliente excepcional. \u201cCon una calificaci\u00f3n de satisfacci\u00f3n del cliente de 9,2 y m\u00faltiples premios recibidos a lo largo del a\u00f1o, desde Uniteco solo podemos <strong>agradecer a todos aquellos que reconocen y valoran nuestra dedicaci\u00f3n y trabajo constante<\/strong>\u201d.[\/vc_column_text][\/vc_column][\/vc_row]\n","protected":false},"excerpt":{"rendered":"<p>[vc_row type=&#8221;in_container&#8221; full_screen_row_position=&#8221;middle&#8221; column_margin=&#8221;default&#8221; column_direction=&#8221;default&#8221; column_direction_tablet=&#8221;default&#8221; column_direction_phone=&#8221;default&#8221; scene_position=&#8221;center&#8221; text_color=&#8221;dark&#8221; text_align=&#8221;left&#8221; row_border_radius=&#8221;none&#8221; row_border_radius_applies=&#8221;bg&#8221; overflow=&#8221;visible&#8221; overlay_strength=&#8221;0.3&#8243; gradient_direction=&#8221;left_to_right&#8221; shape_divider_position=&#8221;bottom&#8221; bg_image_animation=&#8221;none&#8221;][vc_column column_padding=&#8221;no-extra-padding&#8221; column_padding_tablet=&#8221;inherit&#8221; column_padding_phone=&#8221;inherit&#8221; column_padding_position=&#8221;all&#8221; column_element_direction_desktop=&#8221;default&#8221; column_element_spacing=&#8221;default&#8221; desktop_text_alignment=&#8221;default&#8221; tablet_text_alignment=&#8221;default&#8221;&#8230;<\/p>\n","protected":false},"author":197,"featured_media":16090,"comment_status":"closed","ping_status":"closed","sticky":false,"template":"","format":"standard","meta":{"_acf_changed":false,"_price":"","_stock":"","_tribe_ticket_header":"","_tribe_default_ticket_provider":"","_tribe_ticket_capacity":"0","_ticket_start_date":"","_ticket_end_date":"","_tribe_ticket_show_description":"","_tribe_ticket_show_not_going":false,"_tribe_ticket_use_global_stock":"","_tribe_ticket_global_stock_level":"","_global_stock_mode":"","_global_stock_cap":"","_tribe_rsvp_for_event":"","_tribe_ticket_going_count":"","_tribe_ticket_not_going_count":"","_tribe_tickets_list":"[]","_tribe_ticket_has_attendee_info_fields":false,"footnotes":""},"categories":[339],"tags":[383],"class_list":["post-16089","post","type-post","status-publish","format-standard","has-post-thumbnail","category-espacio-correduriasadecose","tag-uniteco"],"acf":[],"yoast_head":"<!-- This site is optimized with the Yoast SEO plugin v27.2 - https:\/\/yoast.com\/product\/yoast-seo-wordpress\/ -->\n<title>Uniteco celebra un exitoso a\u00f1o 2023 y fortalece su compromiso con los sanitarios - ADECOSE<\/title>\n<meta name=\"robots\" content=\"index, follow, max-snippet:-1, max-image-preview:large, max-video-preview:-1\" \/>\n<link rel=\"canonical\" href=\"https:\/\/www.adecose.com\/uniteco-celebra-un-exitoso-ano-2023-y-fortalece-su-compromiso-con-los-sanitarios\/\" \/>\n<meta property=\"og:locale\" content=\"ca_ES\" \/>\n<meta property=\"og:type\" content=\"article\" \/>\n<meta property=\"og:title\" content=\"Uniteco celebra un exitoso a\u00f1o 2023 y fortalece su compromiso con los sanitarios - ADECOSE\" \/>\n<meta property=\"og:description\" content=\"[vc_row type=&#8221;in_container&#8221; full_screen_row_position=&#8221;middle&#8221; column_margin=&#8221;default&#8221; column_direction=&#8221;default&#8221; column_direction_tablet=&#8221;default&#8221; column_direction_phone=&#8221;default&#8221; scene_position=&#8221;center&#8221; text_color=&#8221;dark&#8221; text_align=&#8221;left&#8221; row_border_radius=&#8221;none&#8221; row_border_radius_applies=&#8221;bg&#8221; overflow=&#8221;visible&#8221; overlay_strength=&#8221;0.3&#8243; gradient_direction=&#8221;left_to_right&#8221; shape_divider_position=&#8221;bottom&#8221; bg_image_animation=&#8221;none&#8221;][vc_column column_padding=&#8221;no-extra-padding&#8221; column_padding_tablet=&#8221;inherit&#8221; column_padding_phone=&#8221;inherit&#8221; column_padding_position=&#8221;all&#8221; column_element_direction_desktop=&#8221;default&#8221; column_element_spacing=&#8221;default&#8221; desktop_text_alignment=&#8221;default&#8221; tablet_text_alignment=&#8221;default&#8221;...\" \/>\n<meta property=\"og:url\" content=\"https:\/\/www.adecose.com\/uniteco-celebra-un-exitoso-ano-2023-y-fortalece-su-compromiso-con-los-sanitarios\/\" \/>\n<meta property=\"og:site_name\" content=\"ADECOSE\" \/>\n<meta property=\"article:published_time\" content=\"2024-01-11T17:06:29+00:00\" \/>\n<meta property=\"article:modified_time\" content=\"2024-02-16T09:39:43+00:00\" \/>\n<meta property=\"og:image\" content=\"https:\/\/www.adecose.com\/wp-content\/uploads\/2024\/01\/Juan-Pablo-Nunez-CEO-de-Uniteco-4-1024x683.png\" \/>\n\t<meta property=\"og:image:width\" content=\"1024\" \/>\n\t<meta property=\"og:image:height\" content=\"683\" \/>\n\t<meta property=\"og:image:type\" content=\"image\/png\" \/>\n<meta name=\"author\" content=\"Comunicaci\u00f3n ADECOSE\" \/>\n<meta name=\"twitter:card\" content=\"summary_large_image\" \/>\n<meta name=\"twitter:label1\" content=\"Escrit per\" \/>\n\t<meta name=\"twitter:data1\" content=\"Comunicaci\u00f3n ADECOSE\" \/>\n\t<meta name=\"twitter:label2\" content=\"Temps estimat de lectura\" \/>\n\t<meta name=\"twitter:data2\" content=\"4 minuts\" \/>\n<script type=\"application\/ld+json\" class=\"yoast-schema-graph\">{\"@context\":\"https:\/\/schema.org\",\"@graph\":[{\"@type\":\"Article\",\"@id\":\"https:\/\/www.adecose.com\/uniteco-celebra-un-exitoso-ano-2023-y-fortalece-su-compromiso-con-los-sanitarios\/#article\",\"isPartOf\":{\"@id\":\"https:\/\/www.adecose.com\/uniteco-celebra-un-exitoso-ano-2023-y-fortalece-su-compromiso-con-los-sanitarios\/\"},\"author\":{\"name\":\"Comunicaci\u00f3n ADECOSE\",\"@id\":\"https:\/\/www.adecose.com\/gl\/#\/schema\/person\/ff086ce55f6379e1d225a2c0dca5eeb6\"},\"headline\":\"Uniteco celebra un exitoso a\u00f1o 2023 y fortalece su compromiso con los sanitarios\",\"datePublished\":\"2024-01-11T17:06:29+00:00\",\"dateModified\":\"2024-02-16T09:39:43+00:00\",\"mainEntityOfPage\":{\"@id\":\"https:\/\/www.adecose.com\/uniteco-celebra-un-exitoso-ano-2023-y-fortalece-su-compromiso-con-los-sanitarios\/\"},\"wordCount\":885,\"publisher\":{\"@id\":\"https:\/\/www.adecose.com\/gl\/#organization\"},\"image\":{\"@id\":\"https:\/\/www.adecose.com\/uniteco-celebra-un-exitoso-ano-2023-y-fortalece-su-compromiso-con-los-sanitarios\/#primaryimage\"},\"thumbnailUrl\":\"https:\/\/www.adecose.com\/wp-content\/uploads\/2024\/01\/Juan-Pablo-Nunez-CEO-de-Uniteco-4.png\",\"keywords\":[\"UNITECO\"],\"articleSection\":[\"Espacio #Corredur\u00edasADECOSE\"],\"inLanguage\":\"ca\"},{\"@type\":\"WebPage\",\"@id\":\"https:\/\/www.adecose.com\/uniteco-celebra-un-exitoso-ano-2023-y-fortalece-su-compromiso-con-los-sanitarios\/\",\"url\":\"https:\/\/www.adecose.com\/uniteco-celebra-un-exitoso-ano-2023-y-fortalece-su-compromiso-con-los-sanitarios\/\",\"name\":\"Uniteco celebra un exitoso a\u00f1o 2023 y fortalece su compromiso con los sanitarios - ADECOSE\",\"isPartOf\":{\"@id\":\"https:\/\/www.adecose.com\/gl\/#website\"},\"primaryImageOfPage\":{\"@id\":\"https:\/\/www.adecose.com\/uniteco-celebra-un-exitoso-ano-2023-y-fortalece-su-compromiso-con-los-sanitarios\/#primaryimage\"},\"image\":{\"@id\":\"https:\/\/www.adecose.com\/uniteco-celebra-un-exitoso-ano-2023-y-fortalece-su-compromiso-con-los-sanitarios\/#primaryimage\"},\"thumbnailUrl\":\"https:\/\/www.adecose.com\/wp-content\/uploads\/2024\/01\/Juan-Pablo-Nunez-CEO-de-Uniteco-4.png\",\"datePublished\":\"2024-01-11T17:06:29+00:00\",\"dateModified\":\"2024-02-16T09:39:43+00:00\",\"breadcrumb\":{\"@id\":\"https:\/\/www.adecose.com\/uniteco-celebra-un-exitoso-ano-2023-y-fortalece-su-compromiso-con-los-sanitarios\/#breadcrumb\"},\"inLanguage\":\"ca\",\"potentialAction\":[{\"@type\":\"ReadAction\",\"target\":[\"https:\/\/www.adecose.com\/uniteco-celebra-un-exitoso-ano-2023-y-fortalece-su-compromiso-con-los-sanitarios\/\"]}]},{\"@type\":\"ImageObject\",\"inLanguage\":\"ca\",\"@id\":\"https:\/\/www.adecose.com\/uniteco-celebra-un-exitoso-ano-2023-y-fortalece-su-compromiso-con-los-sanitarios\/#primaryimage\",\"url\":\"https:\/\/www.adecose.com\/wp-content\/uploads\/2024\/01\/Juan-Pablo-Nunez-CEO-de-Uniteco-4.png\",\"contentUrl\":\"https:\/\/www.adecose.com\/wp-content\/uploads\/2024\/01\/Juan-Pablo-Nunez-CEO-de-Uniteco-4.png\",\"width\":2560,\"height\":1707},{\"@type\":\"BreadcrumbList\",\"@id\":\"https:\/\/www.adecose.com\/uniteco-celebra-un-exitoso-ano-2023-y-fortalece-su-compromiso-con-los-sanitarios\/#breadcrumb\",\"itemListElement\":[{\"@type\":\"ListItem\",\"position\":1,\"name\":\"Portada\",\"item\":\"https:\/\/www.adecose.com\/ca\/associacio-espanyola-de-corredories-dassegurances-i-reassegurances\/\"},{\"@type\":\"ListItem\",\"position\":2,\"name\":\"Uniteco celebra un exitoso a\u00f1o 2023 y fortalece su compromiso con los sanitarios\"}]},{\"@type\":\"WebSite\",\"@id\":\"https:\/\/www.adecose.com\/gl\/#website\",\"url\":\"https:\/\/www.adecose.com\/gl\/\",\"name\":\"ADECOSE\",\"description\":\"Associaci\u00f3 Espanyola de Corredories d\u2019Assegurances i Reassegurances\",\"publisher\":{\"@id\":\"https:\/\/www.adecose.com\/gl\/#organization\"},\"potentialAction\":[{\"@type\":\"SearchAction\",\"target\":{\"@type\":\"EntryPoint\",\"urlTemplate\":\"https:\/\/www.adecose.com\/gl\/?s={search_term_string}\"},\"query-input\":{\"@type\":\"PropertyValueSpecification\",\"valueRequired\":true,\"valueName\":\"search_term_string\"}}],\"inLanguage\":\"ca\"},{\"@type\":\"Organization\",\"@id\":\"https:\/\/www.adecose.com\/gl\/#organization\",\"name\":\"ADECOSE\",\"url\":\"https:\/\/www.adecose.com\/gl\/\",\"logo\":{\"@type\":\"ImageObject\",\"inLanguage\":\"ca\",\"@id\":\"https:\/\/www.adecose.com\/gl\/#\/schema\/logo\/image\/\",\"url\":\"https:\/\/www.adecose.com\/wp-content\/uploads\/2020\/07\/favicon.png\",\"contentUrl\":\"https:\/\/www.adecose.com\/wp-content\/uploads\/2020\/07\/favicon.png\",\"width\":512,\"height\":512,\"caption\":\"ADECOSE\"},\"image\":{\"@id\":\"https:\/\/www.adecose.com\/gl\/#\/schema\/logo\/image\/\"}},{\"@type\":\"Person\",\"@id\":\"https:\/\/www.adecose.com\/gl\/#\/schema\/person\/ff086ce55f6379e1d225a2c0dca5eeb6\",\"name\":\"Comunicaci\u00f3n ADECOSE\",\"image\":{\"@type\":\"ImageObject\",\"inLanguage\":\"ca\",\"@id\":\"https:\/\/secure.gravatar.com\/avatar\/01cd1f9571997441bf1da6d1cc147351305f03fe8f2acf1ebbec60ebb26924ce?s=96&d=mm&r=g\",\"url\":\"https:\/\/secure.gravatar.com\/avatar\/01cd1f9571997441bf1da6d1cc147351305f03fe8f2acf1ebbec60ebb26924ce?s=96&d=mm&r=g\",\"contentUrl\":\"https:\/\/secure.gravatar.com\/avatar\/01cd1f9571997441bf1da6d1cc147351305f03fe8f2acf1ebbec60ebb26924ce?s=96&d=mm&r=g\",\"caption\":\"Comunicaci\u00f3n ADECOSE\"}}]}<\/script>\n<!-- \/ Yoast SEO plugin. -->","yoast_head_json":{"title":"Uniteco celebra un exitoso a\u00f1o 2023 y fortalece su compromiso con los sanitarios - ADECOSE","robots":{"index":"index","follow":"follow","max-snippet":"max-snippet:-1","max-image-preview":"max-image-preview:large","max-video-preview":"max-video-preview:-1"},"canonical":"https:\/\/www.adecose.com\/uniteco-celebra-un-exitoso-ano-2023-y-fortalece-su-compromiso-con-los-sanitarios\/","og_locale":"ca_ES","og_type":"article","og_title":"Uniteco celebra un exitoso a\u00f1o 2023 y fortalece su compromiso con los sanitarios - ADECOSE","og_description":"[vc_row type=&#8221;in_container&#8221; full_screen_row_position=&#8221;middle&#8221; column_margin=&#8221;default&#8221; column_direction=&#8221;default&#8221; column_direction_tablet=&#8221;default&#8221; column_direction_phone=&#8221;default&#8221; scene_position=&#8221;center&#8221; text_color=&#8221;dark&#8221; text_align=&#8221;left&#8221; row_border_radius=&#8221;none&#8221; row_border_radius_applies=&#8221;bg&#8221; overflow=&#8221;visible&#8221; overlay_strength=&#8221;0.3&#8243; gradient_direction=&#8221;left_to_right&#8221; shape_divider_position=&#8221;bottom&#8221; bg_image_animation=&#8221;none&#8221;][vc_column column_padding=&#8221;no-extra-padding&#8221; column_padding_tablet=&#8221;inherit&#8221; column_padding_phone=&#8221;inherit&#8221; column_padding_position=&#8221;all&#8221; column_element_direction_desktop=&#8221;default&#8221; column_element_spacing=&#8221;default&#8221; desktop_text_alignment=&#8221;default&#8221; tablet_text_alignment=&#8221;default&#8221;...","og_url":"https:\/\/www.adecose.com\/uniteco-celebra-un-exitoso-ano-2023-y-fortalece-su-compromiso-con-los-sanitarios\/","og_site_name":"ADECOSE","article_published_time":"2024-01-11T17:06:29+00:00","article_modified_time":"2024-02-16T09:39:43+00:00","og_image":[{"width":1024,"height":683,"url":"https:\/\/www.adecose.com\/wp-content\/uploads\/2024\/01\/Juan-Pablo-Nunez-CEO-de-Uniteco-4-1024x683.png","type":"image\/png"}],"author":"Comunicaci\u00f3n ADECOSE","twitter_card":"summary_large_image","twitter_misc":{"Escrit per":"Comunicaci\u00f3n ADECOSE","Temps estimat de lectura":"4 minuts"},"schema":{"@context":"https:\/\/schema.org","@graph":[{"@type":"Article","@id":"https:\/\/www.adecose.com\/uniteco-celebra-un-exitoso-ano-2023-y-fortalece-su-compromiso-con-los-sanitarios\/#article","isPartOf":{"@id":"https:\/\/www.adecose.com\/uniteco-celebra-un-exitoso-ano-2023-y-fortalece-su-compromiso-con-los-sanitarios\/"},"author":{"name":"Comunicaci\u00f3n ADECOSE","@id":"https:\/\/www.adecose.com\/gl\/#\/schema\/person\/ff086ce55f6379e1d225a2c0dca5eeb6"},"headline":"Uniteco celebra un exitoso a\u00f1o 2023 y fortalece su compromiso con los sanitarios","datePublished":"2024-01-11T17:06:29+00:00","dateModified":"2024-02-16T09:39:43+00:00","mainEntityOfPage":{"@id":"https:\/\/www.adecose.com\/uniteco-celebra-un-exitoso-ano-2023-y-fortalece-su-compromiso-con-los-sanitarios\/"},"wordCount":885,"publisher":{"@id":"https:\/\/www.adecose.com\/gl\/#organization"},"image":{"@id":"https:\/\/www.adecose.com\/uniteco-celebra-un-exitoso-ano-2023-y-fortalece-su-compromiso-con-los-sanitarios\/#primaryimage"},"thumbnailUrl":"https:\/\/www.adecose.com\/wp-content\/uploads\/2024\/01\/Juan-Pablo-Nunez-CEO-de-Uniteco-4.png","keywords":["UNITECO"],"articleSection":["Espacio #Corredur\u00edasADECOSE"],"inLanguage":"ca"},{"@type":"WebPage","@id":"https:\/\/www.adecose.com\/uniteco-celebra-un-exitoso-ano-2023-y-fortalece-su-compromiso-con-los-sanitarios\/","url":"https:\/\/www.adecose.com\/uniteco-celebra-un-exitoso-ano-2023-y-fortalece-su-compromiso-con-los-sanitarios\/","name":"Uniteco celebra un exitoso a\u00f1o 2023 y fortalece su compromiso con los sanitarios - ADECOSE","isPartOf":{"@id":"https:\/\/www.adecose.com\/gl\/#website"},"primaryImageOfPage":{"@id":"https:\/\/www.adecose.com\/uniteco-celebra-un-exitoso-ano-2023-y-fortalece-su-compromiso-con-los-sanitarios\/#primaryimage"},"image":{"@id":"https:\/\/www.adecose.com\/uniteco-celebra-un-exitoso-ano-2023-y-fortalece-su-compromiso-con-los-sanitarios\/#primaryimage"},"thumbnailUrl":"https:\/\/www.adecose.com\/wp-content\/uploads\/2024\/01\/Juan-Pablo-Nunez-CEO-de-Uniteco-4.png","datePublished":"2024-01-11T17:06:29+00:00","dateModified":"2024-02-16T09:39:43+00:00","breadcrumb":{"@id":"https:\/\/www.adecose.com\/uniteco-celebra-un-exitoso-ano-2023-y-fortalece-su-compromiso-con-los-sanitarios\/#breadcrumb"},"inLanguage":"ca","potentialAction":[{"@type":"ReadAction","target":["https:\/\/www.adecose.com\/uniteco-celebra-un-exitoso-ano-2023-y-fortalece-su-compromiso-con-los-sanitarios\/"]}]},{"@type":"ImageObject","inLanguage":"ca","@id":"https:\/\/www.adecose.com\/uniteco-celebra-un-exitoso-ano-2023-y-fortalece-su-compromiso-con-los-sanitarios\/#primaryimage","url":"https:\/\/www.adecose.com\/wp-content\/uploads\/2024\/01\/Juan-Pablo-Nunez-CEO-de-Uniteco-4.png","contentUrl":"https:\/\/www.adecose.com\/wp-content\/uploads\/2024\/01\/Juan-Pablo-Nunez-CEO-de-Uniteco-4.png","width":2560,"height":1707},{"@type":"BreadcrumbList","@id":"https:\/\/www.adecose.com\/uniteco-celebra-un-exitoso-ano-2023-y-fortalece-su-compromiso-con-los-sanitarios\/#breadcrumb","itemListElement":[{"@type":"ListItem","position":1,"name":"Portada","item":"https:\/\/www.adecose.com\/ca\/associacio-espanyola-de-corredories-dassegurances-i-reassegurances\/"},{"@type":"ListItem","position":2,"name":"Uniteco celebra un exitoso a\u00f1o 2023 y fortalece su compromiso con los sanitarios"}]},{"@type":"WebSite","@id":"https:\/\/www.adecose.com\/gl\/#website","url":"https:\/\/www.adecose.com\/gl\/","name":"ADECOSE","description":"Associaci\u00f3 Espanyola de Corredories d\u2019Assegurances i Reassegurances","publisher":{"@id":"https:\/\/www.adecose.com\/gl\/#organization"},"potentialAction":[{"@type":"SearchAction","target":{"@type":"EntryPoint","urlTemplate":"https:\/\/www.adecose.com\/gl\/?s={search_term_string}"},"query-input":{"@type":"PropertyValueSpecification","valueRequired":true,"valueName":"search_term_string"}}],"inLanguage":"ca"},{"@type":"Organization","@id":"https:\/\/www.adecose.com\/gl\/#organization","name":"ADECOSE","url":"https:\/\/www.adecose.com\/gl\/","logo":{"@type":"ImageObject","inLanguage":"ca","@id":"https:\/\/www.adecose.com\/gl\/#\/schema\/logo\/image\/","url":"https:\/\/www.adecose.com\/wp-content\/uploads\/2020\/07\/favicon.png","contentUrl":"https:\/\/www.adecose.com\/wp-content\/uploads\/2020\/07\/favicon.png","width":512,"height":512,"caption":"ADECOSE"},"image":{"@id":"https:\/\/www.adecose.com\/gl\/#\/schema\/logo\/image\/"}},{"@type":"Person","@id":"https:\/\/www.adecose.com\/gl\/#\/schema\/person\/ff086ce55f6379e1d225a2c0dca5eeb6","name":"Comunicaci\u00f3n ADECOSE","image":{"@type":"ImageObject","inLanguage":"ca","@id":"https:\/\/secure.gravatar.com\/avatar\/01cd1f9571997441bf1da6d1cc147351305f03fe8f2acf1ebbec60ebb26924ce?s=96&d=mm&r=g","url":"https:\/\/secure.gravatar.com\/avatar\/01cd1f9571997441bf1da6d1cc147351305f03fe8f2acf1ebbec60ebb26924ce?s=96&d=mm&r=g","contentUrl":"https:\/\/secure.gravatar.com\/avatar\/01cd1f9571997441bf1da6d1cc147351305f03fe8f2acf1ebbec60ebb26924ce?s=96&d=mm&r=g","caption":"Comunicaci\u00f3n ADECOSE"}}]}},"_links":{"self":[{"href":"https:\/\/www.adecose.com\/ca\/wp-json\/wp\/v2\/posts\/16089","targetHints":{"allow":["GET"]}}],"collection":[{"href":"https:\/\/www.adecose.com\/ca\/wp-json\/wp\/v2\/posts"}],"about":[{"href":"https:\/\/www.adecose.com\/ca\/wp-json\/wp\/v2\/types\/post"}],"author":[{"embeddable":true,"href":"https:\/\/www.adecose.com\/ca\/wp-json\/wp\/v2\/users\/197"}],"replies":[{"embeddable":true,"href":"https:\/\/www.adecose.com\/ca\/wp-json\/wp\/v2\/comments?post=16089"}],"version-history":[{"count":0,"href":"https:\/\/www.adecose.com\/ca\/wp-json\/wp\/v2\/posts\/16089\/revisions"}],"wp:featuredmedia":[{"embeddable":true,"href":"https:\/\/www.adecose.com\/ca\/wp-json\/wp\/v2\/media\/16090"}],"wp:attachment":[{"href":"https:\/\/www.adecose.com\/ca\/wp-json\/wp\/v2\/media?parent=16089"}],"wp:term":[{"taxonomy":"category","embeddable":true,"href":"https:\/\/www.adecose.com\/ca\/wp-json\/wp\/v2\/categories?post=16089"},{"taxonomy":"post_tag","embeddable":true,"href":"https:\/\/www.adecose.com\/ca\/wp-json\/wp\/v2\/tags?post=16089"}],"curies":[{"name":"wp","href":"https:\/\/api.w.org\/{rel}","templated":true}]}}