{"id":16012,"date":"2024-01-15T11:00:04","date_gmt":"2024-01-15T10:00:04","guid":{"rendered":"https:\/\/www.adecose.com\/?p=16012"},"modified":"2024-01-15T11:00:04","modified_gmt":"2024-01-15T10:00:04","slug":"jacobo-hornedo-ceo-de-aon-espana-en-la-nueva-edicion-de-spain-investors-day","status":"publish","type":"post","link":"https:\/\/www.adecose.com\/ca\/jacobo-hornedo-ceo-de-aon-espana-en-la-nueva-edicion-de-spain-investors-day\/","title":{"rendered":"Jacobo Hornedo, CEO de Aon Espa\u00f1a, en la nueva edici\u00f3n de Spain Investors Day"},"content":{"rendered":"[vc_row type=&#8221;in_container&#8221; full_screen_row_position=&#8221;middle&#8221; column_margin=&#8221;default&#8221; column_direction=&#8221;default&#8221; column_direction_tablet=&#8221;default&#8221; column_direction_phone=&#8221;default&#8221; scene_position=&#8221;center&#8221; text_color=&#8221;dark&#8221; text_align=&#8221;left&#8221; row_border_radius=&#8221;none&#8221; row_border_radius_applies=&#8221;bg&#8221; overflow=&#8221;visible&#8221; overlay_strength=&#8221;0.3&#8243; gradient_direction=&#8221;left_to_right&#8221; shape_divider_position=&#8221;bottom&#8221; bg_image_animation=&#8221;none&#8221;][vc_column column_padding=&#8221;no-extra-padding&#8221; column_padding_tablet=&#8221;inherit&#8221; column_padding_phone=&#8221;inherit&#8221; column_padding_position=&#8221;all&#8221; column_element_direction_desktop=&#8221;default&#8221; column_element_spacing=&#8221;default&#8221; desktop_text_alignment=&#8221;default&#8221; tablet_text_alignment=&#8221;default&#8221; phone_text_alignment=&#8221;default&#8221; background_color_opacity=&#8221;1&#8243; background_hover_color_opacity=&#8221;1&#8243; column_backdrop_filter=&#8221;none&#8221; column_shadow=&#8221;none&#8221; column_border_radius=&#8221;none&#8221; column_link_target=&#8221;_self&#8221; column_position=&#8221;default&#8221; gradient_direction=&#8221;left_to_right&#8221; overlay_strength=&#8221;0.3&#8243; width=&#8221;1\/1&#8243; tablet_width_inherit=&#8221;default&#8221; animation_type=&#8221;default&#8221; bg_image_animation=&#8221;none&#8221; border_type=&#8221;simple&#8221; column_border_width=&#8221;none&#8221; column_border_style=&#8221;solid&#8221;][vc_column_text]\n<ul>\n<li><em><strong>Interviene en la cena oficial celebrada en el Palacio de la Bolsa de Madrid<\/strong><\/em><\/li>\n<\/ul>\n[\/vc_column_text][vc_column_text]\n<p class=\"s7\"><a href=\"https:\/\/www.aon.com\/\"><span class=\"s10\">Aon <\/span><span class=\"s10\">plc<\/span><\/a><span class=\"s9\"> (NYSE: AON), <\/span><span class=\"s9\">firma <\/span><span class=\"s9\">l\u00edder en servicios profesionales a nivel global<\/span><span class=\"s9\">, <\/span><a name=\"_Hlk85457959\"><\/a><span class=\"s9\">es por <\/span><span class=\"s9\">duod\u00e9cimo<\/span><span class=\"s9\"> a\u00f1o consecutivo una de las empresas patrocinadoras del foro profesional <\/span><span class=\"s9\">Spain<\/span> <span class=\"s9\">Investors<\/span><span class=\"s9\"> Day, que <\/span><span class=\"s9\">los d\u00edas 1<\/span><span class=\"s9\">0<\/span><span class=\"s9\"> y 1<\/span><span class=\"s9\">1<\/span><span class=\"s9\"> de enero <\/span><span class=\"s9\">ha reunido<\/span> <span class=\"s9\">en Madrid a los responsables de <\/span><span class=\"s9\">4<\/span><span class=\"s9\">0<\/span><span class=\"s9\"> grandes empresas espa\u00f1olas cotizadas, <\/span><span class=\"s9\">casi el<\/span> <span class=\"s9\">7<\/span><span class=\"s9\">0<\/span><span class=\"s9\">% del IBEX 35, y a m\u00e1s <\/span><span class=\"s9\">de <\/span><span class=\"s9\">200<\/span><span class=\"s9\"> inversores internacionales<\/span><span class=\"s9\">, en el hotel <\/span><span class=\"s9\">Mandar\u00edn Oriental <\/span><span class=\"s9\">Ritz de Madrid.<\/span><\/p>\n<p class=\"s7\"><span class=\"s9\">Jacob<\/span><span class=\"s9\">o Hornedo<\/span><span class=\"s9\">, CEO de Aon <\/span><span class=\"s9\">Espa\u00f1a, <\/span><span class=\"s9\">dirigi\u00f3 unas palabras a los asistentes<\/span><span class=\"s9\"> durante la cena oficial del <\/span><span class=\"s9\">Spain<\/span> <span class=\"s9\">Investors<\/span><span class=\"s9\"> Day<\/span><span class=\"s9\">,<\/span><span class=\"s9\">celebrada en el Palacio de la Bolsa de Madrid<\/span><span class=\"s9\">,<\/span> <span class=\"s9\">que cont\u00f3 adem\u00e1s con las intervenciones de<\/span> <span class=\"s9\">Jos\u00e9 Manuel Albares, <\/span><span class=\"s9\">Ministro<\/span><span class=\"s9\"> de Asuntos Exteriores, Uni\u00f3n Europea y Cooperaci\u00f3n; Juan <\/span><span class=\"s9\">Pablo Hern\u00e1ndez de Cos, gobernador del Banco de Espa\u00f1a<\/span><span class=\"s9\">;<\/span><span class=\"s9\">Rodrigo Buenaventura, presidente de la CNMV<\/span><span class=\"s9\">, y <\/span><span class=\"s9\">Jos <\/span><span class=\"s9\">Dijsselhof<\/span><span class=\"s9\">, Presidente de <\/span><span class=\"s9\">BME <\/span><span class=\"s9\">(Grupo<\/span><span class=\"s9\"> SIX<\/span><span class=\"s9\">)<\/span><span class=\"s9\">.<\/span><\/p>\n<p class=\"s7\"><span class=\"s9\">\u201c<\/span><span class=\"s9\">Nuestro principal objetivo desde Aon es ayudar a nuestros clientes a tomar las mejores decisiones en dos \u00e1mbitos trascendentales: Riesgos, en temas <\/span><span class=\"s9\">de actualidad<\/span><span class=\"s9\"> como ciberseguridad, cambio clim\u00e1tico o transici\u00f3n energ\u00e9tica; y Personas, en cuanto a la retenci\u00f3n y atracci\u00f3n de talento, planes de compensaci\u00f3n, jubilaci\u00f3n o bienestar\/salud de los empleados\u201d, afirm\u00f3 durante su intervenci\u00f3n<\/span><span class=\"s9\">.<\/span><\/p>\n<p class=\"s7\"><span class=\"s9\">La presente edici\u00f3n del <\/span><span class=\"s9\">Spain<\/span> <span class=\"s9\">Investors<\/span><span class=\"s9\"> Day <\/span><span class=\"s9\">cont<\/span><span class=\"s9\">\u00f3<\/span><span class=\"s9\"> para su clausura con <\/span><span class=\"s9\">el<\/span> <span class=\"s9\">presidente del Gobierno de Espa\u00f1a, <\/span><span class=\"s9\">y <\/span><span class=\"s9\">en ella han participado <\/span><span class=\"s9\">diferentes ministros y representantes de empresas patrocinadoras.<\/span> <span class=\"s9\">E<\/span><span class=\"s9\">s un foro profesional \u00fanico en Espa\u00f1a en el que los grandes inversores internacionales pueden conocer la situaci\u00f3n actual de las principales empresas cotizadas espa\u00f1olas.<\/span><span class=\"s9\"> Supone <\/span><span class=\"s9\">una gran oportunidad para que las empresas den a conocer su realidad a los mercados, dinamicen las inversiones for\u00e1neas <\/span><span class=\"s9\">e<\/span><span class=\"s9\"> impuls<\/span><span class=\"s9\">en<\/span><span class=\"s9\"> la actividad econ\u00f3mica.<\/span><\/p>\n<p class=\"s7\"><span class=\"s9\">BNP <\/span><span class=\"s9\">Paribas<\/span><span class=\"s9\"> y <\/span><span class=\"s9\">Exane<\/span><span class=\"s9\"> BNP <\/span><span class=\"s9\">Paribas<\/span><span class=\"s9\"> son los socios estrat\u00e9gicos de este foro, en el que son patrocinadores, junto a Aon, las firmas <\/span><span class=\"s9\">Deloitte<\/span><span class=\"s9\">,<\/span><span class=\"s9\"> Endesa,<\/span> <span class=\"s9\">Cecabank<\/span><span class=\"s9\">, <\/span><span class=\"s9\">IAG, <\/span><span class=\"s9\">BME<\/span><span class=\"s9\"> y Prisa, y entidades colaboradoras como <\/span><span class=\"s9\">Linklaters<\/span><span class=\"s9\">, Equipo Econ\u00f3mico<\/span><span class=\"s9\">,<\/span><span class=\"s9\">ICEX<\/span><span class=\"s9\">&#8211;<\/span> <span class=\"s9\">Invest<\/span><span class=\"s9\"> in Madrid<\/span><span class=\"s9\">, I<\/span><span class=\"s9\">CO y<\/span> <span class=\"s9\">Cofides<\/span><span class=\"s9\">. El foro est\u00e1 promovido y organizado por Estudio de Comunicaci\u00f3n.<\/span><\/p>\n[\/vc_column_text][\/vc_column][\/vc_row]\n","protected":false},"excerpt":{"rendered":"<p>[vc_row type=&#8221;in_container&#8221; full_screen_row_position=&#8221;middle&#8221; column_margin=&#8221;default&#8221; column_direction=&#8221;default&#8221; column_direction_tablet=&#8221;default&#8221; column_direction_phone=&#8221;default&#8221; scene_position=&#8221;center&#8221; text_color=&#8221;dark&#8221; text_align=&#8221;left&#8221; row_border_radius=&#8221;none&#8221; row_border_radius_applies=&#8221;bg&#8221; overflow=&#8221;visible&#8221; overlay_strength=&#8221;0.3&#8243; gradient_direction=&#8221;left_to_right&#8221; shape_divider_position=&#8221;bottom&#8221; bg_image_animation=&#8221;none&#8221;][vc_column column_padding=&#8221;no-extra-padding&#8221; column_padding_tablet=&#8221;inherit&#8221; column_padding_phone=&#8221;inherit&#8221; column_padding_position=&#8221;all&#8221; column_element_direction_desktop=&#8221;default&#8221; column_element_spacing=&#8221;default&#8221; desktop_text_alignment=&#8221;default&#8221; tablet_text_alignment=&#8221;default&#8221;&#8230;<\/p>\n","protected":false},"author":197,"featured_media":16013,"comment_status":"closed","ping_status":"closed","sticky":false,"template":"","format":"standard","meta":{"_acf_changed":false,"_price":"","_stock":"","_tribe_ticket_header":"","_tribe_default_ticket_provider":"","_tribe_ticket_capacity":"0","_ticket_start_date":"","_ticket_end_date":"","_tribe_ticket_show_description":"","_tribe_ticket_show_not_going":false,"_tribe_ticket_use_global_stock":"","_tribe_ticket_global_stock_level":"","_global_stock_mode":"","_global_stock_cap":"","_tribe_rsvp_for_event":"","_tribe_ticket_going_count":"","_tribe_ticket_not_going_count":"","_tribe_tickets_list":"[]","_tribe_ticket_has_attendee_info_fields":false,"footnotes":""},"categories":[339],"tags":[395],"class_list":["post-16012","post","type-post","status-publish","format-standard","has-post-thumbnail","category-espacio-correduriasadecose","tag-aon"],"acf":[],"yoast_head":"<!-- This site is optimized with the Yoast SEO plugin v27.2 - https:\/\/yoast.com\/product\/yoast-seo-wordpress\/ -->\n<title>Jacobo Hornedo, CEO de Aon Espa\u00f1a, en la nueva edici\u00f3n de Spain Investors Day - ADECOSE<\/title>\n<meta name=\"robots\" content=\"index, follow, max-snippet:-1, max-image-preview:large, max-video-preview:-1\" \/>\n<link rel=\"canonical\" href=\"https:\/\/www.adecose.com\/jacobo-hornedo-ceo-de-aon-espana-en-la-nueva-edicion-de-spain-investors-day\/\" \/>\n<meta property=\"og:locale\" content=\"ca_ES\" \/>\n<meta property=\"og:type\" content=\"article\" \/>\n<meta property=\"og:title\" content=\"Jacobo Hornedo, CEO de Aon Espa\u00f1a, en la nueva edici\u00f3n de Spain Investors Day - ADECOSE\" \/>\n<meta property=\"og:description\" content=\"[vc_row type=&#8221;in_container&#8221; full_screen_row_position=&#8221;middle&#8221; column_margin=&#8221;default&#8221; column_direction=&#8221;default&#8221; column_direction_tablet=&#8221;default&#8221; column_direction_phone=&#8221;default&#8221; scene_position=&#8221;center&#8221; text_color=&#8221;dark&#8221; text_align=&#8221;left&#8221; row_border_radius=&#8221;none&#8221; row_border_radius_applies=&#8221;bg&#8221; overflow=&#8221;visible&#8221; overlay_strength=&#8221;0.3&#8243; gradient_direction=&#8221;left_to_right&#8221; shape_divider_position=&#8221;bottom&#8221; bg_image_animation=&#8221;none&#8221;][vc_column column_padding=&#8221;no-extra-padding&#8221; column_padding_tablet=&#8221;inherit&#8221; column_padding_phone=&#8221;inherit&#8221; column_padding_position=&#8221;all&#8221; column_element_direction_desktop=&#8221;default&#8221; column_element_spacing=&#8221;default&#8221; desktop_text_alignment=&#8221;default&#8221; tablet_text_alignment=&#8221;default&#8221;...\" \/>\n<meta property=\"og:url\" content=\"https:\/\/www.adecose.com\/jacobo-hornedo-ceo-de-aon-espana-en-la-nueva-edicion-de-spain-investors-day\/\" \/>\n<meta property=\"og:site_name\" content=\"ADECOSE\" \/>\n<meta property=\"article:published_time\" content=\"2024-01-15T10:00:04+00:00\" \/>\n<meta property=\"og:image\" content=\"https:\/\/www.adecose.com\/wp-content\/uploads\/2024\/01\/Jacobo_SID-scaled.jpg\" \/>\n\t<meta property=\"og:image:width\" content=\"2560\" \/>\n\t<meta property=\"og:image:height\" content=\"1706\" \/>\n\t<meta property=\"og:image:type\" content=\"image\/jpeg\" \/>\n<meta name=\"author\" content=\"Comunicaci\u00f3n ADECOSE\" \/>\n<meta name=\"twitter:card\" content=\"summary_large_image\" \/>\n<meta name=\"twitter:label1\" content=\"Escrit per\" \/>\n\t<meta name=\"twitter:data1\" content=\"Comunicaci\u00f3n ADECOSE\" \/>\n\t<meta name=\"twitter:label2\" content=\"Temps estimat de lectura\" \/>\n\t<meta name=\"twitter:data2\" content=\"3 minuts\" \/>\n<script type=\"application\/ld+json\" class=\"yoast-schema-graph\">{\"@context\":\"https:\/\/schema.org\",\"@graph\":[{\"@type\":\"Article\",\"@id\":\"https:\/\/www.adecose.com\/jacobo-hornedo-ceo-de-aon-espana-en-la-nueva-edicion-de-spain-investors-day\/#article\",\"isPartOf\":{\"@id\":\"https:\/\/www.adecose.com\/jacobo-hornedo-ceo-de-aon-espana-en-la-nueva-edicion-de-spain-investors-day\/\"},\"author\":{\"name\":\"Comunicaci\u00f3n ADECOSE\",\"@id\":\"https:\/\/www.adecose.com\/gl\/#\/schema\/person\/ff086ce55f6379e1d225a2c0dca5eeb6\"},\"headline\":\"Jacobo Hornedo, CEO de Aon Espa\u00f1a, en la nueva edici\u00f3n de Spain Investors Day\",\"datePublished\":\"2024-01-15T10:00:04+00:00\",\"mainEntityOfPage\":{\"@id\":\"https:\/\/www.adecose.com\/jacobo-hornedo-ceo-de-aon-espana-en-la-nueva-edicion-de-spain-investors-day\/\"},\"wordCount\":559,\"publisher\":{\"@id\":\"https:\/\/www.adecose.com\/gl\/#organization\"},\"image\":{\"@id\":\"https:\/\/www.adecose.com\/jacobo-hornedo-ceo-de-aon-espana-en-la-nueva-edicion-de-spain-investors-day\/#primaryimage\"},\"thumbnailUrl\":\"https:\/\/www.adecose.com\/wp-content\/uploads\/2024\/01\/Jacobo_SID-scaled.jpg\",\"keywords\":[\"AON\"],\"articleSection\":[\"Espacio #Corredur\u00edasADECOSE\"],\"inLanguage\":\"ca\"},{\"@type\":\"WebPage\",\"@id\":\"https:\/\/www.adecose.com\/jacobo-hornedo-ceo-de-aon-espana-en-la-nueva-edicion-de-spain-investors-day\/\",\"url\":\"https:\/\/www.adecose.com\/jacobo-hornedo-ceo-de-aon-espana-en-la-nueva-edicion-de-spain-investors-day\/\",\"name\":\"Jacobo Hornedo, CEO de Aon Espa\u00f1a, en la nueva edici\u00f3n de Spain Investors Day - ADECOSE\",\"isPartOf\":{\"@id\":\"https:\/\/www.adecose.com\/gl\/#website\"},\"primaryImageOfPage\":{\"@id\":\"https:\/\/www.adecose.com\/jacobo-hornedo-ceo-de-aon-espana-en-la-nueva-edicion-de-spain-investors-day\/#primaryimage\"},\"image\":{\"@id\":\"https:\/\/www.adecose.com\/jacobo-hornedo-ceo-de-aon-espana-en-la-nueva-edicion-de-spain-investors-day\/#primaryimage\"},\"thumbnailUrl\":\"https:\/\/www.adecose.com\/wp-content\/uploads\/2024\/01\/Jacobo_SID-scaled.jpg\",\"datePublished\":\"2024-01-15T10:00:04+00:00\",\"breadcrumb\":{\"@id\":\"https:\/\/www.adecose.com\/jacobo-hornedo-ceo-de-aon-espana-en-la-nueva-edicion-de-spain-investors-day\/#breadcrumb\"},\"inLanguage\":\"ca\",\"potentialAction\":[{\"@type\":\"ReadAction\",\"target\":[\"https:\/\/www.adecose.com\/jacobo-hornedo-ceo-de-aon-espana-en-la-nueva-edicion-de-spain-investors-day\/\"]}]},{\"@type\":\"ImageObject\",\"inLanguage\":\"ca\",\"@id\":\"https:\/\/www.adecose.com\/jacobo-hornedo-ceo-de-aon-espana-en-la-nueva-edicion-de-spain-investors-day\/#primaryimage\",\"url\":\"https:\/\/www.adecose.com\/wp-content\/uploads\/2024\/01\/Jacobo_SID-scaled.jpg\",\"contentUrl\":\"https:\/\/www.adecose.com\/wp-content\/uploads\/2024\/01\/Jacobo_SID-scaled.jpg\",\"width\":2560,\"height\":1706},{\"@type\":\"BreadcrumbList\",\"@id\":\"https:\/\/www.adecose.com\/jacobo-hornedo-ceo-de-aon-espana-en-la-nueva-edicion-de-spain-investors-day\/#breadcrumb\",\"itemListElement\":[{\"@type\":\"ListItem\",\"position\":1,\"name\":\"Portada\",\"item\":\"https:\/\/www.adecose.com\/ca\/associacio-espanyola-de-corredories-dassegurances-i-reassegurances\/\"},{\"@type\":\"ListItem\",\"position\":2,\"name\":\"Jacobo Hornedo, CEO de Aon Espa\u00f1a, en la nueva edici\u00f3n de Spain Investors Day\"}]},{\"@type\":\"WebSite\",\"@id\":\"https:\/\/www.adecose.com\/gl\/#website\",\"url\":\"https:\/\/www.adecose.com\/gl\/\",\"name\":\"ADECOSE\",\"description\":\"Associaci\u00f3 Espanyola de Corredories d\u2019Assegurances i Reassegurances\",\"publisher\":{\"@id\":\"https:\/\/www.adecose.com\/gl\/#organization\"},\"potentialAction\":[{\"@type\":\"SearchAction\",\"target\":{\"@type\":\"EntryPoint\",\"urlTemplate\":\"https:\/\/www.adecose.com\/gl\/?s={search_term_string}\"},\"query-input\":{\"@type\":\"PropertyValueSpecification\",\"valueRequired\":true,\"valueName\":\"search_term_string\"}}],\"inLanguage\":\"ca\"},{\"@type\":\"Organization\",\"@id\":\"https:\/\/www.adecose.com\/gl\/#organization\",\"name\":\"ADECOSE\",\"url\":\"https:\/\/www.adecose.com\/gl\/\",\"logo\":{\"@type\":\"ImageObject\",\"inLanguage\":\"ca\",\"@id\":\"https:\/\/www.adecose.com\/gl\/#\/schema\/logo\/image\/\",\"url\":\"https:\/\/www.adecose.com\/wp-content\/uploads\/2020\/07\/favicon.png\",\"contentUrl\":\"https:\/\/www.adecose.com\/wp-content\/uploads\/2020\/07\/favicon.png\",\"width\":512,\"height\":512,\"caption\":\"ADECOSE\"},\"image\":{\"@id\":\"https:\/\/www.adecose.com\/gl\/#\/schema\/logo\/image\/\"}},{\"@type\":\"Person\",\"@id\":\"https:\/\/www.adecose.com\/gl\/#\/schema\/person\/ff086ce55f6379e1d225a2c0dca5eeb6\",\"name\":\"Comunicaci\u00f3n ADECOSE\",\"image\":{\"@type\":\"ImageObject\",\"inLanguage\":\"ca\",\"@id\":\"https:\/\/secure.gravatar.com\/avatar\/01cd1f9571997441bf1da6d1cc147351305f03fe8f2acf1ebbec60ebb26924ce?s=96&d=mm&r=g\",\"url\":\"https:\/\/secure.gravatar.com\/avatar\/01cd1f9571997441bf1da6d1cc147351305f03fe8f2acf1ebbec60ebb26924ce?s=96&d=mm&r=g\",\"contentUrl\":\"https:\/\/secure.gravatar.com\/avatar\/01cd1f9571997441bf1da6d1cc147351305f03fe8f2acf1ebbec60ebb26924ce?s=96&d=mm&r=g\",\"caption\":\"Comunicaci\u00f3n ADECOSE\"}}]}<\/script>\n<!-- \/ Yoast SEO plugin. -->","yoast_head_json":{"title":"Jacobo Hornedo, CEO de Aon Espa\u00f1a, en la nueva edici\u00f3n de Spain Investors Day - ADECOSE","robots":{"index":"index","follow":"follow","max-snippet":"max-snippet:-1","max-image-preview":"max-image-preview:large","max-video-preview":"max-video-preview:-1"},"canonical":"https:\/\/www.adecose.com\/jacobo-hornedo-ceo-de-aon-espana-en-la-nueva-edicion-de-spain-investors-day\/","og_locale":"ca_ES","og_type":"article","og_title":"Jacobo Hornedo, CEO de Aon Espa\u00f1a, en la nueva edici\u00f3n de Spain Investors Day - ADECOSE","og_description":"[vc_row type=&#8221;in_container&#8221; full_screen_row_position=&#8221;middle&#8221; column_margin=&#8221;default&#8221; column_direction=&#8221;default&#8221; column_direction_tablet=&#8221;default&#8221; column_direction_phone=&#8221;default&#8221; scene_position=&#8221;center&#8221; text_color=&#8221;dark&#8221; text_align=&#8221;left&#8221; row_border_radius=&#8221;none&#8221; row_border_radius_applies=&#8221;bg&#8221; overflow=&#8221;visible&#8221; overlay_strength=&#8221;0.3&#8243; gradient_direction=&#8221;left_to_right&#8221; shape_divider_position=&#8221;bottom&#8221; bg_image_animation=&#8221;none&#8221;][vc_column column_padding=&#8221;no-extra-padding&#8221; column_padding_tablet=&#8221;inherit&#8221; column_padding_phone=&#8221;inherit&#8221; column_padding_position=&#8221;all&#8221; column_element_direction_desktop=&#8221;default&#8221; column_element_spacing=&#8221;default&#8221; desktop_text_alignment=&#8221;default&#8221; tablet_text_alignment=&#8221;default&#8221;...","og_url":"https:\/\/www.adecose.com\/jacobo-hornedo-ceo-de-aon-espana-en-la-nueva-edicion-de-spain-investors-day\/","og_site_name":"ADECOSE","article_published_time":"2024-01-15T10:00:04+00:00","og_image":[{"width":2560,"height":1706,"url":"https:\/\/www.adecose.com\/wp-content\/uploads\/2024\/01\/Jacobo_SID-scaled.jpg","type":"image\/jpeg"}],"author":"Comunicaci\u00f3n ADECOSE","twitter_card":"summary_large_image","twitter_misc":{"Escrit per":"Comunicaci\u00f3n ADECOSE","Temps estimat de lectura":"3 minuts"},"schema":{"@context":"https:\/\/schema.org","@graph":[{"@type":"Article","@id":"https:\/\/www.adecose.com\/jacobo-hornedo-ceo-de-aon-espana-en-la-nueva-edicion-de-spain-investors-day\/#article","isPartOf":{"@id":"https:\/\/www.adecose.com\/jacobo-hornedo-ceo-de-aon-espana-en-la-nueva-edicion-de-spain-investors-day\/"},"author":{"name":"Comunicaci\u00f3n ADECOSE","@id":"https:\/\/www.adecose.com\/gl\/#\/schema\/person\/ff086ce55f6379e1d225a2c0dca5eeb6"},"headline":"Jacobo Hornedo, CEO de Aon Espa\u00f1a, en la nueva edici\u00f3n de Spain Investors Day","datePublished":"2024-01-15T10:00:04+00:00","mainEntityOfPage":{"@id":"https:\/\/www.adecose.com\/jacobo-hornedo-ceo-de-aon-espana-en-la-nueva-edicion-de-spain-investors-day\/"},"wordCount":559,"publisher":{"@id":"https:\/\/www.adecose.com\/gl\/#organization"},"image":{"@id":"https:\/\/www.adecose.com\/jacobo-hornedo-ceo-de-aon-espana-en-la-nueva-edicion-de-spain-investors-day\/#primaryimage"},"thumbnailUrl":"https:\/\/www.adecose.com\/wp-content\/uploads\/2024\/01\/Jacobo_SID-scaled.jpg","keywords":["AON"],"articleSection":["Espacio #Corredur\u00edasADECOSE"],"inLanguage":"ca"},{"@type":"WebPage","@id":"https:\/\/www.adecose.com\/jacobo-hornedo-ceo-de-aon-espana-en-la-nueva-edicion-de-spain-investors-day\/","url":"https:\/\/www.adecose.com\/jacobo-hornedo-ceo-de-aon-espana-en-la-nueva-edicion-de-spain-investors-day\/","name":"Jacobo Hornedo, CEO de Aon Espa\u00f1a, en la nueva edici\u00f3n de Spain Investors Day - ADECOSE","isPartOf":{"@id":"https:\/\/www.adecose.com\/gl\/#website"},"primaryImageOfPage":{"@id":"https:\/\/www.adecose.com\/jacobo-hornedo-ceo-de-aon-espana-en-la-nueva-edicion-de-spain-investors-day\/#primaryimage"},"image":{"@id":"https:\/\/www.adecose.com\/jacobo-hornedo-ceo-de-aon-espana-en-la-nueva-edicion-de-spain-investors-day\/#primaryimage"},"thumbnailUrl":"https:\/\/www.adecose.com\/wp-content\/uploads\/2024\/01\/Jacobo_SID-scaled.jpg","datePublished":"2024-01-15T10:00:04+00:00","breadcrumb":{"@id":"https:\/\/www.adecose.com\/jacobo-hornedo-ceo-de-aon-espana-en-la-nueva-edicion-de-spain-investors-day\/#breadcrumb"},"inLanguage":"ca","potentialAction":[{"@type":"ReadAction","target":["https:\/\/www.adecose.com\/jacobo-hornedo-ceo-de-aon-espana-en-la-nueva-edicion-de-spain-investors-day\/"]}]},{"@type":"ImageObject","inLanguage":"ca","@id":"https:\/\/www.adecose.com\/jacobo-hornedo-ceo-de-aon-espana-en-la-nueva-edicion-de-spain-investors-day\/#primaryimage","url":"https:\/\/www.adecose.com\/wp-content\/uploads\/2024\/01\/Jacobo_SID-scaled.jpg","contentUrl":"https:\/\/www.adecose.com\/wp-content\/uploads\/2024\/01\/Jacobo_SID-scaled.jpg","width":2560,"height":1706},{"@type":"BreadcrumbList","@id":"https:\/\/www.adecose.com\/jacobo-hornedo-ceo-de-aon-espana-en-la-nueva-edicion-de-spain-investors-day\/#breadcrumb","itemListElement":[{"@type":"ListItem","position":1,"name":"Portada","item":"https:\/\/www.adecose.com\/ca\/associacio-espanyola-de-corredories-dassegurances-i-reassegurances\/"},{"@type":"ListItem","position":2,"name":"Jacobo Hornedo, CEO de Aon Espa\u00f1a, en la nueva edici\u00f3n de Spain Investors Day"}]},{"@type":"WebSite","@id":"https:\/\/www.adecose.com\/gl\/#website","url":"https:\/\/www.adecose.com\/gl\/","name":"ADECOSE","description":"Associaci\u00f3 Espanyola de Corredories d\u2019Assegurances i Reassegurances","publisher":{"@id":"https:\/\/www.adecose.com\/gl\/#organization"},"potentialAction":[{"@type":"SearchAction","target":{"@type":"EntryPoint","urlTemplate":"https:\/\/www.adecose.com\/gl\/?s={search_term_string}"},"query-input":{"@type":"PropertyValueSpecification","valueRequired":true,"valueName":"search_term_string"}}],"inLanguage":"ca"},{"@type":"Organization","@id":"https:\/\/www.adecose.com\/gl\/#organization","name":"ADECOSE","url":"https:\/\/www.adecose.com\/gl\/","logo":{"@type":"ImageObject","inLanguage":"ca","@id":"https:\/\/www.adecose.com\/gl\/#\/schema\/logo\/image\/","url":"https:\/\/www.adecose.com\/wp-content\/uploads\/2020\/07\/favicon.png","contentUrl":"https:\/\/www.adecose.com\/wp-content\/uploads\/2020\/07\/favicon.png","width":512,"height":512,"caption":"ADECOSE"},"image":{"@id":"https:\/\/www.adecose.com\/gl\/#\/schema\/logo\/image\/"}},{"@type":"Person","@id":"https:\/\/www.adecose.com\/gl\/#\/schema\/person\/ff086ce55f6379e1d225a2c0dca5eeb6","name":"Comunicaci\u00f3n ADECOSE","image":{"@type":"ImageObject","inLanguage":"ca","@id":"https:\/\/secure.gravatar.com\/avatar\/01cd1f9571997441bf1da6d1cc147351305f03fe8f2acf1ebbec60ebb26924ce?s=96&d=mm&r=g","url":"https:\/\/secure.gravatar.com\/avatar\/01cd1f9571997441bf1da6d1cc147351305f03fe8f2acf1ebbec60ebb26924ce?s=96&d=mm&r=g","contentUrl":"https:\/\/secure.gravatar.com\/avatar\/01cd1f9571997441bf1da6d1cc147351305f03fe8f2acf1ebbec60ebb26924ce?s=96&d=mm&r=g","caption":"Comunicaci\u00f3n ADECOSE"}}]}},"_links":{"self":[{"href":"https:\/\/www.adecose.com\/ca\/wp-json\/wp\/v2\/posts\/16012","targetHints":{"allow":["GET"]}}],"collection":[{"href":"https:\/\/www.adecose.com\/ca\/wp-json\/wp\/v2\/posts"}],"about":[{"href":"https:\/\/www.adecose.com\/ca\/wp-json\/wp\/v2\/types\/post"}],"author":[{"embeddable":true,"href":"https:\/\/www.adecose.com\/ca\/wp-json\/wp\/v2\/users\/197"}],"replies":[{"embeddable":true,"href":"https:\/\/www.adecose.com\/ca\/wp-json\/wp\/v2\/comments?post=16012"}],"version-history":[{"count":0,"href":"https:\/\/www.adecose.com\/ca\/wp-json\/wp\/v2\/posts\/16012\/revisions"}],"wp:featuredmedia":[{"embeddable":true,"href":"https:\/\/www.adecose.com\/ca\/wp-json\/wp\/v2\/media\/16013"}],"wp:attachment":[{"href":"https:\/\/www.adecose.com\/ca\/wp-json\/wp\/v2\/media?parent=16012"}],"wp:term":[{"taxonomy":"category","embeddable":true,"href":"https:\/\/www.adecose.com\/ca\/wp-json\/wp\/v2\/categories?post=16012"},{"taxonomy":"post_tag","embeddable":true,"href":"https:\/\/www.adecose.com\/ca\/wp-json\/wp\/v2\/tags?post=16012"}],"curies":[{"name":"wp","href":"https:\/\/api.w.org\/{rel}","templated":true}]}}