{"id":15791,"date":"2023-12-04T18:14:40","date_gmt":"2023-12-04T17:14:40","guid":{"rendered":"https:\/\/www.adecose.com\/?p=15791"},"modified":"2023-12-04T19:42:28","modified_gmt":"2023-12-04T18:42:28","slug":"aon-nombra-a-alfonso-gallego-de-chaves-ceo-de-iberia-y-presidente-de-espana","status":"publish","type":"post","link":"https:\/\/www.adecose.com\/ca\/aon-nombra-a-alfonso-gallego-de-chaves-ceo-de-iberia-y-presidente-de-espana\/","title":{"rendered":"Aon nombra a Alfonso Gallego de Chaves CEO de Iberia y Presidente de Espa\u00f1a"},"content":{"rendered":"<p><a href=\"https:\/\/www.aon.com\/home\/index.html\">Aon plc<\/a> (NYSE: AON), firma l\u00edder en servicios profesionales a nivel global, anuncia el nombramiento de Alfonso Gallego de Chaves como CEO de Iberia y Presidente de Espa\u00f1a de Aon, reportando a Julie Page, CEO de EMEA.<\/p>\n<p>Gallego de Chaves cuenta con m\u00e1s de 25 a\u00f1os de experiencia en Aon ofreciendo asesoramiento estrat\u00e9gico a clientes de una amplia gama de industrias, segmentos y l\u00edneas de soluciones, as\u00ed como liderando equipos de alto rendimiento. Head of Affinity, SMEs &amp; Digital Solutions de EMEA desde 2020, con anterioridad hab\u00eda desempe\u00f1ado distintos puestos de responsabilidad en la firma en Espa\u00f1a en \u00e1reas como retirement, grandes cuentas o health &amp; benefits.<\/p>\n<p>\u201cEs un orgullo para m\u00ed asumir el cargo de CEO de Iberia, que nos permitir\u00e1 unir a nuestros equipos de Portugal y Espa\u00f1a para aportar m\u00e1s a nuestros clientes\u201d, afirma Gallego de Chaves. \u201cNuestro objetivo es seguir fortaleciendo nuestras capacidades y acompa\u00f1ando a nuestros clientes, ayud\u00e1ndoles a tomar las mejores decisiones de cara a proteger y hacer crecer su negocio\u201d.<\/p>\n","protected":false},"excerpt":{"rendered":"<p>Aon plc (NYSE: AON), firma l\u00edder en servicios profesionales a nivel global, anuncia el nombramiento de Alfonso Gallego de Chaves como CEO de Iberia y&#8230;<\/p>\n","protected":false},"author":197,"featured_media":15792,"comment_status":"closed","ping_status":"closed","sticky":false,"template":"","format":"standard","meta":{"_acf_changed":false,"_price":"","_stock":"","_tribe_ticket_header":"","_tribe_default_ticket_provider":"","_tribe_ticket_capacity":"0","_ticket_start_date":"","_ticket_end_date":"","_tribe_ticket_show_description":"","_tribe_ticket_show_not_going":false,"_tribe_ticket_use_global_stock":"","_tribe_ticket_global_stock_level":"","_global_stock_mode":"","_global_stock_cap":"","_tribe_rsvp_for_event":"","_tribe_ticket_going_count":"","_tribe_ticket_not_going_count":"","_tribe_tickets_list":"[]","_tribe_ticket_has_attendee_info_fields":false,"footnotes":""},"categories":[339],"tags":[284],"class_list":["post-15791","post","type-post","status-publish","format-standard","has-post-thumbnail","category-espacio-correduriasadecose","tag-adecose"],"acf":[],"yoast_head":"<!-- This site is optimized with the Yoast SEO plugin v27.2 - https:\/\/yoast.com\/product\/yoast-seo-wordpress\/ -->\n<title>Aon nombra a Alfonso Gallego de Chaves CEO de Iberia y Presidente de Espa\u00f1a - ADECOSE<\/title>\n<meta name=\"robots\" content=\"index, follow, max-snippet:-1, max-image-preview:large, max-video-preview:-1\" \/>\n<link rel=\"canonical\" href=\"https:\/\/www.adecose.com\/aon-nombra-a-alfonso-gallego-de-chaves-ceo-de-iberia-y-presidente-de-espana\/\" \/>\n<meta property=\"og:locale\" content=\"ca_ES\" \/>\n<meta property=\"og:type\" content=\"article\" \/>\n<meta property=\"og:title\" content=\"Aon nombra a Alfonso Gallego de Chaves CEO de Iberia y Presidente de Espa\u00f1a - ADECOSE\" \/>\n<meta property=\"og:description\" content=\"Aon plc (NYSE: AON), firma l\u00edder en servicios profesionales a nivel global, anuncia el nombramiento de Alfonso Gallego de Chaves como CEO de Iberia y...\" \/>\n<meta property=\"og:url\" content=\"https:\/\/www.adecose.com\/aon-nombra-a-alfonso-gallego-de-chaves-ceo-de-iberia-y-presidente-de-espana\/\" \/>\n<meta property=\"og:site_name\" content=\"ADECOSE\" \/>\n<meta property=\"article:published_time\" content=\"2023-12-04T17:14:40+00:00\" \/>\n<meta property=\"article:modified_time\" content=\"2023-12-04T18:42:28+00:00\" \/>\n<meta property=\"og:image\" content=\"https:\/\/www.adecose.com\/wp-content\/uploads\/2023\/12\/Alfonso-Gallego-de-Chaves.jpg\" \/>\n\t<meta property=\"og:image:width\" content=\"2040\" \/>\n\t<meta property=\"og:image:height\" content=\"1530\" \/>\n\t<meta property=\"og:image:type\" content=\"image\/jpeg\" \/>\n<meta name=\"author\" content=\"Comunicaci\u00f3n ADECOSE\" \/>\n<meta name=\"twitter:card\" content=\"summary_large_image\" \/>\n<meta name=\"twitter:label1\" content=\"Escrit per\" \/>\n\t<meta name=\"twitter:data1\" content=\"Comunicaci\u00f3n ADECOSE\" \/>\n\t<meta name=\"twitter:label2\" content=\"Temps estimat de lectura\" \/>\n\t<meta name=\"twitter:data2\" content=\"1 minut\" \/>\n<script type=\"application\/ld+json\" class=\"yoast-schema-graph\">{\"@context\":\"https:\/\/schema.org\",\"@graph\":[{\"@type\":\"Article\",\"@id\":\"https:\/\/www.adecose.com\/aon-nombra-a-alfonso-gallego-de-chaves-ceo-de-iberia-y-presidente-de-espana\/#article\",\"isPartOf\":{\"@id\":\"https:\/\/www.adecose.com\/aon-nombra-a-alfonso-gallego-de-chaves-ceo-de-iberia-y-presidente-de-espana\/\"},\"author\":{\"name\":\"Comunicaci\u00f3n ADECOSE\",\"@id\":\"https:\/\/www.adecose.com\/gl\/#\/schema\/person\/ff086ce55f6379e1d225a2c0dca5eeb6\"},\"headline\":\"Aon nombra a Alfonso Gallego de Chaves CEO de Iberia y Presidente de Espa\u00f1a\",\"datePublished\":\"2023-12-04T17:14:40+00:00\",\"dateModified\":\"2023-12-04T18:42:28+00:00\",\"mainEntityOfPage\":{\"@id\":\"https:\/\/www.adecose.com\/aon-nombra-a-alfonso-gallego-de-chaves-ceo-de-iberia-y-presidente-de-espana\/\"},\"wordCount\":193,\"publisher\":{\"@id\":\"https:\/\/www.adecose.com\/gl\/#organization\"},\"image\":{\"@id\":\"https:\/\/www.adecose.com\/aon-nombra-a-alfonso-gallego-de-chaves-ceo-de-iberia-y-presidente-de-espana\/#primaryimage\"},\"thumbnailUrl\":\"https:\/\/www.adecose.com\/wp-content\/uploads\/2023\/12\/Alfonso-Gallego-de-Chaves.jpg\",\"keywords\":[\"ADECOSE\"],\"articleSection\":[\"Espacio #Corredur\u00edasADECOSE\"],\"inLanguage\":\"ca\"},{\"@type\":\"WebPage\",\"@id\":\"https:\/\/www.adecose.com\/aon-nombra-a-alfonso-gallego-de-chaves-ceo-de-iberia-y-presidente-de-espana\/\",\"url\":\"https:\/\/www.adecose.com\/aon-nombra-a-alfonso-gallego-de-chaves-ceo-de-iberia-y-presidente-de-espana\/\",\"name\":\"Aon nombra a Alfonso Gallego de Chaves CEO de Iberia y Presidente de Espa\u00f1a - ADECOSE\",\"isPartOf\":{\"@id\":\"https:\/\/www.adecose.com\/gl\/#website\"},\"primaryImageOfPage\":{\"@id\":\"https:\/\/www.adecose.com\/aon-nombra-a-alfonso-gallego-de-chaves-ceo-de-iberia-y-presidente-de-espana\/#primaryimage\"},\"image\":{\"@id\":\"https:\/\/www.adecose.com\/aon-nombra-a-alfonso-gallego-de-chaves-ceo-de-iberia-y-presidente-de-espana\/#primaryimage\"},\"thumbnailUrl\":\"https:\/\/www.adecose.com\/wp-content\/uploads\/2023\/12\/Alfonso-Gallego-de-Chaves.jpg\",\"datePublished\":\"2023-12-04T17:14:40+00:00\",\"dateModified\":\"2023-12-04T18:42:28+00:00\",\"breadcrumb\":{\"@id\":\"https:\/\/www.adecose.com\/aon-nombra-a-alfonso-gallego-de-chaves-ceo-de-iberia-y-presidente-de-espana\/#breadcrumb\"},\"inLanguage\":\"ca\",\"potentialAction\":[{\"@type\":\"ReadAction\",\"target\":[\"https:\/\/www.adecose.com\/aon-nombra-a-alfonso-gallego-de-chaves-ceo-de-iberia-y-presidente-de-espana\/\"]}]},{\"@type\":\"ImageObject\",\"inLanguage\":\"ca\",\"@id\":\"https:\/\/www.adecose.com\/aon-nombra-a-alfonso-gallego-de-chaves-ceo-de-iberia-y-presidente-de-espana\/#primaryimage\",\"url\":\"https:\/\/www.adecose.com\/wp-content\/uploads\/2023\/12\/Alfonso-Gallego-de-Chaves.jpg\",\"contentUrl\":\"https:\/\/www.adecose.com\/wp-content\/uploads\/2023\/12\/Alfonso-Gallego-de-Chaves.jpg\",\"width\":2040,\"height\":1530},{\"@type\":\"BreadcrumbList\",\"@id\":\"https:\/\/www.adecose.com\/aon-nombra-a-alfonso-gallego-de-chaves-ceo-de-iberia-y-presidente-de-espana\/#breadcrumb\",\"itemListElement\":[{\"@type\":\"ListItem\",\"position\":1,\"name\":\"Portada\",\"item\":\"https:\/\/www.adecose.com\/ca\/associacio-espanyola-de-corredories-dassegurances-i-reassegurances\/\"},{\"@type\":\"ListItem\",\"position\":2,\"name\":\"Aon nombra a Alfonso Gallego de Chaves CEO de Iberia y Presidente de Espa\u00f1a\"}]},{\"@type\":\"WebSite\",\"@id\":\"https:\/\/www.adecose.com\/gl\/#website\",\"url\":\"https:\/\/www.adecose.com\/gl\/\",\"name\":\"ADECOSE\",\"description\":\"Associaci\u00f3 Espanyola de Corredories d\u2019Assegurances i Reassegurances\",\"publisher\":{\"@id\":\"https:\/\/www.adecose.com\/gl\/#organization\"},\"potentialAction\":[{\"@type\":\"SearchAction\",\"target\":{\"@type\":\"EntryPoint\",\"urlTemplate\":\"https:\/\/www.adecose.com\/gl\/?s={search_term_string}\"},\"query-input\":{\"@type\":\"PropertyValueSpecification\",\"valueRequired\":true,\"valueName\":\"search_term_string\"}}],\"inLanguage\":\"ca\"},{\"@type\":\"Organization\",\"@id\":\"https:\/\/www.adecose.com\/gl\/#organization\",\"name\":\"ADECOSE\",\"url\":\"https:\/\/www.adecose.com\/gl\/\",\"logo\":{\"@type\":\"ImageObject\",\"inLanguage\":\"ca\",\"@id\":\"https:\/\/www.adecose.com\/gl\/#\/schema\/logo\/image\/\",\"url\":\"https:\/\/www.adecose.com\/wp-content\/uploads\/2020\/07\/favicon.png\",\"contentUrl\":\"https:\/\/www.adecose.com\/wp-content\/uploads\/2020\/07\/favicon.png\",\"width\":512,\"height\":512,\"caption\":\"ADECOSE\"},\"image\":{\"@id\":\"https:\/\/www.adecose.com\/gl\/#\/schema\/logo\/image\/\"}},{\"@type\":\"Person\",\"@id\":\"https:\/\/www.adecose.com\/gl\/#\/schema\/person\/ff086ce55f6379e1d225a2c0dca5eeb6\",\"name\":\"Comunicaci\u00f3n ADECOSE\",\"image\":{\"@type\":\"ImageObject\",\"inLanguage\":\"ca\",\"@id\":\"https:\/\/secure.gravatar.com\/avatar\/01cd1f9571997441bf1da6d1cc147351305f03fe8f2acf1ebbec60ebb26924ce?s=96&d=mm&r=g\",\"url\":\"https:\/\/secure.gravatar.com\/avatar\/01cd1f9571997441bf1da6d1cc147351305f03fe8f2acf1ebbec60ebb26924ce?s=96&d=mm&r=g\",\"contentUrl\":\"https:\/\/secure.gravatar.com\/avatar\/01cd1f9571997441bf1da6d1cc147351305f03fe8f2acf1ebbec60ebb26924ce?s=96&d=mm&r=g\",\"caption\":\"Comunicaci\u00f3n ADECOSE\"}}]}<\/script>\n<!-- \/ Yoast SEO plugin. -->","yoast_head_json":{"title":"Aon nombra a Alfonso Gallego de Chaves CEO de Iberia y Presidente de Espa\u00f1a - ADECOSE","robots":{"index":"index","follow":"follow","max-snippet":"max-snippet:-1","max-image-preview":"max-image-preview:large","max-video-preview":"max-video-preview:-1"},"canonical":"https:\/\/www.adecose.com\/aon-nombra-a-alfonso-gallego-de-chaves-ceo-de-iberia-y-presidente-de-espana\/","og_locale":"ca_ES","og_type":"article","og_title":"Aon nombra a Alfonso Gallego de Chaves CEO de Iberia y Presidente de Espa\u00f1a - ADECOSE","og_description":"Aon plc (NYSE: AON), firma l\u00edder en servicios profesionales a nivel global, anuncia el nombramiento de Alfonso Gallego de Chaves como CEO de Iberia y...","og_url":"https:\/\/www.adecose.com\/aon-nombra-a-alfonso-gallego-de-chaves-ceo-de-iberia-y-presidente-de-espana\/","og_site_name":"ADECOSE","article_published_time":"2023-12-04T17:14:40+00:00","article_modified_time":"2023-12-04T18:42:28+00:00","og_image":[{"width":2040,"height":1530,"url":"https:\/\/www.adecose.com\/wp-content\/uploads\/2023\/12\/Alfonso-Gallego-de-Chaves.jpg","type":"image\/jpeg"}],"author":"Comunicaci\u00f3n ADECOSE","twitter_card":"summary_large_image","twitter_misc":{"Escrit per":"Comunicaci\u00f3n ADECOSE","Temps estimat de lectura":"1 minut"},"schema":{"@context":"https:\/\/schema.org","@graph":[{"@type":"Article","@id":"https:\/\/www.adecose.com\/aon-nombra-a-alfonso-gallego-de-chaves-ceo-de-iberia-y-presidente-de-espana\/#article","isPartOf":{"@id":"https:\/\/www.adecose.com\/aon-nombra-a-alfonso-gallego-de-chaves-ceo-de-iberia-y-presidente-de-espana\/"},"author":{"name":"Comunicaci\u00f3n ADECOSE","@id":"https:\/\/www.adecose.com\/gl\/#\/schema\/person\/ff086ce55f6379e1d225a2c0dca5eeb6"},"headline":"Aon nombra a Alfonso Gallego de Chaves CEO de Iberia y Presidente de Espa\u00f1a","datePublished":"2023-12-04T17:14:40+00:00","dateModified":"2023-12-04T18:42:28+00:00","mainEntityOfPage":{"@id":"https:\/\/www.adecose.com\/aon-nombra-a-alfonso-gallego-de-chaves-ceo-de-iberia-y-presidente-de-espana\/"},"wordCount":193,"publisher":{"@id":"https:\/\/www.adecose.com\/gl\/#organization"},"image":{"@id":"https:\/\/www.adecose.com\/aon-nombra-a-alfonso-gallego-de-chaves-ceo-de-iberia-y-presidente-de-espana\/#primaryimage"},"thumbnailUrl":"https:\/\/www.adecose.com\/wp-content\/uploads\/2023\/12\/Alfonso-Gallego-de-Chaves.jpg","keywords":["ADECOSE"],"articleSection":["Espacio #Corredur\u00edasADECOSE"],"inLanguage":"ca"},{"@type":"WebPage","@id":"https:\/\/www.adecose.com\/aon-nombra-a-alfonso-gallego-de-chaves-ceo-de-iberia-y-presidente-de-espana\/","url":"https:\/\/www.adecose.com\/aon-nombra-a-alfonso-gallego-de-chaves-ceo-de-iberia-y-presidente-de-espana\/","name":"Aon nombra a Alfonso Gallego de Chaves CEO de Iberia y Presidente de Espa\u00f1a - ADECOSE","isPartOf":{"@id":"https:\/\/www.adecose.com\/gl\/#website"},"primaryImageOfPage":{"@id":"https:\/\/www.adecose.com\/aon-nombra-a-alfonso-gallego-de-chaves-ceo-de-iberia-y-presidente-de-espana\/#primaryimage"},"image":{"@id":"https:\/\/www.adecose.com\/aon-nombra-a-alfonso-gallego-de-chaves-ceo-de-iberia-y-presidente-de-espana\/#primaryimage"},"thumbnailUrl":"https:\/\/www.adecose.com\/wp-content\/uploads\/2023\/12\/Alfonso-Gallego-de-Chaves.jpg","datePublished":"2023-12-04T17:14:40+00:00","dateModified":"2023-12-04T18:42:28+00:00","breadcrumb":{"@id":"https:\/\/www.adecose.com\/aon-nombra-a-alfonso-gallego-de-chaves-ceo-de-iberia-y-presidente-de-espana\/#breadcrumb"},"inLanguage":"ca","potentialAction":[{"@type":"ReadAction","target":["https:\/\/www.adecose.com\/aon-nombra-a-alfonso-gallego-de-chaves-ceo-de-iberia-y-presidente-de-espana\/"]}]},{"@type":"ImageObject","inLanguage":"ca","@id":"https:\/\/www.adecose.com\/aon-nombra-a-alfonso-gallego-de-chaves-ceo-de-iberia-y-presidente-de-espana\/#primaryimage","url":"https:\/\/www.adecose.com\/wp-content\/uploads\/2023\/12\/Alfonso-Gallego-de-Chaves.jpg","contentUrl":"https:\/\/www.adecose.com\/wp-content\/uploads\/2023\/12\/Alfonso-Gallego-de-Chaves.jpg","width":2040,"height":1530},{"@type":"BreadcrumbList","@id":"https:\/\/www.adecose.com\/aon-nombra-a-alfonso-gallego-de-chaves-ceo-de-iberia-y-presidente-de-espana\/#breadcrumb","itemListElement":[{"@type":"ListItem","position":1,"name":"Portada","item":"https:\/\/www.adecose.com\/ca\/associacio-espanyola-de-corredories-dassegurances-i-reassegurances\/"},{"@type":"ListItem","position":2,"name":"Aon nombra a Alfonso Gallego de Chaves CEO de Iberia y Presidente de Espa\u00f1a"}]},{"@type":"WebSite","@id":"https:\/\/www.adecose.com\/gl\/#website","url":"https:\/\/www.adecose.com\/gl\/","name":"ADECOSE","description":"Associaci\u00f3 Espanyola de Corredories d\u2019Assegurances i Reassegurances","publisher":{"@id":"https:\/\/www.adecose.com\/gl\/#organization"},"potentialAction":[{"@type":"SearchAction","target":{"@type":"EntryPoint","urlTemplate":"https:\/\/www.adecose.com\/gl\/?s={search_term_string}"},"query-input":{"@type":"PropertyValueSpecification","valueRequired":true,"valueName":"search_term_string"}}],"inLanguage":"ca"},{"@type":"Organization","@id":"https:\/\/www.adecose.com\/gl\/#organization","name":"ADECOSE","url":"https:\/\/www.adecose.com\/gl\/","logo":{"@type":"ImageObject","inLanguage":"ca","@id":"https:\/\/www.adecose.com\/gl\/#\/schema\/logo\/image\/","url":"https:\/\/www.adecose.com\/wp-content\/uploads\/2020\/07\/favicon.png","contentUrl":"https:\/\/www.adecose.com\/wp-content\/uploads\/2020\/07\/favicon.png","width":512,"height":512,"caption":"ADECOSE"},"image":{"@id":"https:\/\/www.adecose.com\/gl\/#\/schema\/logo\/image\/"}},{"@type":"Person","@id":"https:\/\/www.adecose.com\/gl\/#\/schema\/person\/ff086ce55f6379e1d225a2c0dca5eeb6","name":"Comunicaci\u00f3n ADECOSE","image":{"@type":"ImageObject","inLanguage":"ca","@id":"https:\/\/secure.gravatar.com\/avatar\/01cd1f9571997441bf1da6d1cc147351305f03fe8f2acf1ebbec60ebb26924ce?s=96&d=mm&r=g","url":"https:\/\/secure.gravatar.com\/avatar\/01cd1f9571997441bf1da6d1cc147351305f03fe8f2acf1ebbec60ebb26924ce?s=96&d=mm&r=g","contentUrl":"https:\/\/secure.gravatar.com\/avatar\/01cd1f9571997441bf1da6d1cc147351305f03fe8f2acf1ebbec60ebb26924ce?s=96&d=mm&r=g","caption":"Comunicaci\u00f3n ADECOSE"}}]}},"_links":{"self":[{"href":"https:\/\/www.adecose.com\/ca\/wp-json\/wp\/v2\/posts\/15791","targetHints":{"allow":["GET"]}}],"collection":[{"href":"https:\/\/www.adecose.com\/ca\/wp-json\/wp\/v2\/posts"}],"about":[{"href":"https:\/\/www.adecose.com\/ca\/wp-json\/wp\/v2\/types\/post"}],"author":[{"embeddable":true,"href":"https:\/\/www.adecose.com\/ca\/wp-json\/wp\/v2\/users\/197"}],"replies":[{"embeddable":true,"href":"https:\/\/www.adecose.com\/ca\/wp-json\/wp\/v2\/comments?post=15791"}],"version-history":[{"count":0,"href":"https:\/\/www.adecose.com\/ca\/wp-json\/wp\/v2\/posts\/15791\/revisions"}],"wp:featuredmedia":[{"embeddable":true,"href":"https:\/\/www.adecose.com\/ca\/wp-json\/wp\/v2\/media\/15792"}],"wp:attachment":[{"href":"https:\/\/www.adecose.com\/ca\/wp-json\/wp\/v2\/media?parent=15791"}],"wp:term":[{"taxonomy":"category","embeddable":true,"href":"https:\/\/www.adecose.com\/ca\/wp-json\/wp\/v2\/categories?post=15791"},{"taxonomy":"post_tag","embeddable":true,"href":"https:\/\/www.adecose.com\/ca\/wp-json\/wp\/v2\/tags?post=15791"}],"curies":[{"name":"wp","href":"https:\/\/api.w.org\/{rel}","templated":true}]}}