{"id":15495,"date":"2023-10-17T11:05:32","date_gmt":"2023-10-17T09:05:32","guid":{"rendered":"https:\/\/www.adecose.com\/?p=15495"},"modified":"2023-10-17T11:05:32","modified_gmt":"2023-10-17T09:05:32","slug":"alejandro-marin-ceo-de-brokalia-protagoniza-un-podcast-sobre-su-arraigo-familiar-al-sector","status":"publish","type":"post","link":"https:\/\/www.adecose.com\/ca\/alejandro-marin-ceo-de-brokalia-protagoniza-un-podcast-sobre-su-arraigo-familiar-al-sector\/","title":{"rendered":"Alejandro Mar\u00edn, CEO de Brokalia, protagoniza un podcast sobre su arraigo familiar al sector"},"content":{"rendered":"[vc_row type=&#8221;in_container&#8221; full_screen_row_position=&#8221;middle&#8221; column_margin=&#8221;default&#8221; column_direction=&#8221;default&#8221; column_direction_tablet=&#8221;default&#8221; column_direction_phone=&#8221;default&#8221; scene_position=&#8221;center&#8221; text_color=&#8221;dark&#8221; text_align=&#8221;left&#8221; row_border_radius=&#8221;none&#8221; row_border_radius_applies=&#8221;bg&#8221; overflow=&#8221;visible&#8221; overlay_strength=&#8221;0.3&#8243; gradient_direction=&#8221;left_to_right&#8221; shape_divider_position=&#8221;bottom&#8221; bg_image_animation=&#8221;none&#8221;][vc_column column_padding=&#8221;no-extra-padding&#8221; column_padding_tablet=&#8221;inherit&#8221; column_padding_phone=&#8221;inherit&#8221; column_padding_position=&#8221;all&#8221; column_element_direction_desktop=&#8221;default&#8221; column_element_spacing=&#8221;default&#8221; desktop_text_alignment=&#8221;default&#8221; tablet_text_alignment=&#8221;default&#8221; phone_text_alignment=&#8221;default&#8221; background_color_opacity=&#8221;1&#8243; background_hover_color_opacity=&#8221;1&#8243; column_backdrop_filter=&#8221;none&#8221; column_shadow=&#8221;none&#8221; column_border_radius=&#8221;none&#8221; column_link_target=&#8221;_self&#8221; column_position=&#8221;default&#8221; gradient_direction=&#8221;left_to_right&#8221; overlay_strength=&#8221;0.3&#8243; width=&#8221;1\/1&#8243; tablet_width_inherit=&#8221;default&#8221; animation_type=&#8221;default&#8221; bg_image_animation=&#8221;none&#8221; border_type=&#8221;simple&#8221; column_border_width=&#8221;none&#8221; column_border_style=&#8221;solid&#8221;][vc_column_text]\n<ul>\n<li><em><strong>&#8220;Brokalia comenz\u00f3 como un proyecto de I+D dentro de una corredur\u00eda de seguros&#8221;<\/strong><\/em><\/li>\n<\/ul>\n[\/vc_column_text][vc_column_text]\n<ul>\n<li><em><strong>Alejandro plantea su visi\u00f3n acerca de c\u00f3mo un broker debe pensar en la tecnolog\u00eda y en la Inteligencia Artificial<\/strong><\/em><\/li>\n<\/ul>\n[\/vc_column_text][vc_column_text]<strong>Una vida vinculado al sector asegurador<\/strong><\/p>\n<p>Alejandro comenz\u00f3 a ayudar a sus padres en el negocio familiar (una corredur\u00eda de seguros) desde muy peque\u00f1o. Esta experiencia le permiti\u00f3 tener una visi\u00f3n 360 de c\u00f3mo funciona una corredur\u00eda de seguros, ya que form\u00f3 parte de todos los departamentos, desde el de cotizaciones al de siniestros.<\/p>\n<p><strong>Brokalia como proyecto de I+D<\/strong><\/p>\n<p>Con sus conocimientos de programaci\u00f3n comenz\u00f3 a hacer alguna prueba por Internet en el 2001. Algo que en su momento no funcion\u00f3, pero le ayud\u00f3 a aprender mucho. \u201cVe\u00edamos muchos caminos complementarios a la mediaci\u00f3n tradicional y quer\u00edamos explotarlos\u201d.<\/p>\n<p><strong>Brokalia, la corredur\u00eda de seguros de los administradores de fincas<\/strong><\/p>\n<p>\u201cLos administradores de fincas necesitan la ayuda de brokers y fueron ellos mismos los que nos alertaron\u201d.<br \/>\nBrokalia cuenta con casi 8400 p\u00f3lizas de comunidades. El 70% de su cartera son comunidades de propietarios, el 30% restante son productos vinculados a este, como por ejemplo, seguros de hogar o comercio o productos vinculados al administrador como seguros de salud, vida u oficinas.<\/p>\n<p>En Brokalia nos acercamos al administrador de fincas con el objetivo de solucionar sus problemas, no como un distribuidor de seguros.<\/p>\n<p>Por otro lado, a Brokalia no le preocupan sus competidores. Su objetivo es solucionar los problemas de los administradores de fincas.Su lema siempre ha sido c\u00e9ntrate en tus clientes y no en tus competidores.<\/p>\n<p><strong>Tecnolog\u00eda\/IA<\/strong><\/p>\n<p>Para Alejandro las nuevas tecnolog\u00edas son aliadas tanto en lo profesional como en lo personal. La tecnolog\u00eda nos hace mejores y nos ayuda a que sigamos teniendo futuro dentro de unos a\u00f1os.<\/p>\n<p>Respecto a la IA, Alejandro la ve como copiloto del equipo de desarrollo y marketing. \u201cHace m\u00e1s eficientes a las empresas y esto hace a las empresas m\u00e1s escalables\u201d.<\/p>\n<p><a href=\"https:\/\/www.foliume.com\/post\/alejandro-marin-historias-aseguradas-9\">Acceder al podcast<\/a>[\/vc_column_text][\/vc_column][\/vc_row]\n","protected":false},"excerpt":{"rendered":"<p>[vc_row type=&#8221;in_container&#8221; full_screen_row_position=&#8221;middle&#8221; column_margin=&#8221;default&#8221; column_direction=&#8221;default&#8221; column_direction_tablet=&#8221;default&#8221; column_direction_phone=&#8221;default&#8221; scene_position=&#8221;center&#8221; text_color=&#8221;dark&#8221; text_align=&#8221;left&#8221; row_border_radius=&#8221;none&#8221; row_border_radius_applies=&#8221;bg&#8221; overflow=&#8221;visible&#8221; overlay_strength=&#8221;0.3&#8243; gradient_direction=&#8221;left_to_right&#8221; shape_divider_position=&#8221;bottom&#8221; bg_image_animation=&#8221;none&#8221;][vc_column column_padding=&#8221;no-extra-padding&#8221; column_padding_tablet=&#8221;inherit&#8221; column_padding_phone=&#8221;inherit&#8221; column_padding_position=&#8221;all&#8221; column_element_direction_desktop=&#8221;default&#8221; column_element_spacing=&#8221;default&#8221; desktop_text_alignment=&#8221;default&#8221; tablet_text_alignment=&#8221;default&#8221;&#8230;<\/p>\n","protected":false},"author":197,"featured_media":15496,"comment_status":"closed","ping_status":"closed","sticky":false,"template":"","format":"standard","meta":{"_acf_changed":false,"_price":"","_stock":"","_tribe_ticket_header":"","_tribe_default_ticket_provider":"","_tribe_ticket_capacity":"0","_ticket_start_date":"","_ticket_end_date":"","_tribe_ticket_show_description":"","_tribe_ticket_show_not_going":false,"_tribe_ticket_use_global_stock":"","_tribe_ticket_global_stock_level":"","_global_stock_mode":"","_global_stock_cap":"","_tribe_rsvp_for_event":"","_tribe_ticket_going_count":"","_tribe_ticket_not_going_count":"","_tribe_tickets_list":"[]","_tribe_ticket_has_attendee_info_fields":false,"footnotes":""},"categories":[339],"tags":[362],"class_list":["post-15495","post","type-post","status-publish","format-standard","has-post-thumbnail","category-espacio-correduriasadecose","tag-brokalia"],"acf":[],"yoast_head":"<!-- This site is optimized with the Yoast SEO plugin v27.2 - https:\/\/yoast.com\/product\/yoast-seo-wordpress\/ -->\n<title>Alejandro Mar\u00edn, CEO de Brokalia, protagoniza un podcast sobre su arraigo familiar al sector - ADECOSE<\/title>\n<meta name=\"robots\" content=\"index, follow, max-snippet:-1, max-image-preview:large, max-video-preview:-1\" \/>\n<link rel=\"canonical\" href=\"https:\/\/www.adecose.com\/alejandro-marin-ceo-de-brokalia-protagoniza-un-podcast-sobre-su-arraigo-familiar-al-sector\/\" \/>\n<meta property=\"og:locale\" content=\"ca_ES\" \/>\n<meta property=\"og:type\" content=\"article\" \/>\n<meta property=\"og:title\" content=\"Alejandro Mar\u00edn, CEO de Brokalia, protagoniza un podcast sobre su arraigo familiar al sector - ADECOSE\" \/>\n<meta property=\"og:description\" content=\"[vc_row type=&#8221;in_container&#8221; full_screen_row_position=&#8221;middle&#8221; column_margin=&#8221;default&#8221; column_direction=&#8221;default&#8221; column_direction_tablet=&#8221;default&#8221; column_direction_phone=&#8221;default&#8221; scene_position=&#8221;center&#8221; text_color=&#8221;dark&#8221; text_align=&#8221;left&#8221; row_border_radius=&#8221;none&#8221; row_border_radius_applies=&#8221;bg&#8221; overflow=&#8221;visible&#8221; overlay_strength=&#8221;0.3&#8243; gradient_direction=&#8221;left_to_right&#8221; shape_divider_position=&#8221;bottom&#8221; bg_image_animation=&#8221;none&#8221;][vc_column column_padding=&#8221;no-extra-padding&#8221; column_padding_tablet=&#8221;inherit&#8221; column_padding_phone=&#8221;inherit&#8221; column_padding_position=&#8221;all&#8221; column_element_direction_desktop=&#8221;default&#8221; column_element_spacing=&#8221;default&#8221; desktop_text_alignment=&#8221;default&#8221; tablet_text_alignment=&#8221;default&#8221;...\" \/>\n<meta property=\"og:url\" content=\"https:\/\/www.adecose.com\/alejandro-marin-ceo-de-brokalia-protagoniza-un-podcast-sobre-su-arraigo-familiar-al-sector\/\" \/>\n<meta property=\"og:site_name\" content=\"ADECOSE\" \/>\n<meta property=\"article:published_time\" content=\"2023-10-17T09:05:32+00:00\" \/>\n<meta property=\"og:image\" content=\"https:\/\/www.adecose.com\/wp-content\/uploads\/2023\/10\/Captura-de-pantalla-2023-10-17-a-las-11.01.59.png\" \/>\n\t<meta property=\"og:image:width\" content=\"1812\" \/>\n\t<meta property=\"og:image:height\" content=\"1202\" \/>\n\t<meta property=\"og:image:type\" content=\"image\/png\" \/>\n<meta name=\"author\" content=\"Comunicaci\u00f3n ADECOSE\" \/>\n<meta name=\"twitter:card\" content=\"summary_large_image\" \/>\n<meta name=\"twitter:label1\" content=\"Escrit per\" \/>\n\t<meta name=\"twitter:data1\" content=\"Comunicaci\u00f3n ADECOSE\" \/>\n\t<meta name=\"twitter:label2\" content=\"Temps estimat de lectura\" \/>\n\t<meta name=\"twitter:data2\" content=\"2 minuts\" \/>\n<script type=\"application\/ld+json\" class=\"yoast-schema-graph\">{\"@context\":\"https:\/\/schema.org\",\"@graph\":[{\"@type\":\"Article\",\"@id\":\"https:\/\/www.adecose.com\/alejandro-marin-ceo-de-brokalia-protagoniza-un-podcast-sobre-su-arraigo-familiar-al-sector\/#article\",\"isPartOf\":{\"@id\":\"https:\/\/www.adecose.com\/alejandro-marin-ceo-de-brokalia-protagoniza-un-podcast-sobre-su-arraigo-familiar-al-sector\/\"},\"author\":{\"name\":\"Comunicaci\u00f3n ADECOSE\",\"@id\":\"https:\/\/www.adecose.com\/gl\/#\/schema\/person\/ff086ce55f6379e1d225a2c0dca5eeb6\"},\"headline\":\"Alejandro Mar\u00edn, CEO de Brokalia, protagoniza un podcast sobre su arraigo familiar al sector\",\"datePublished\":\"2023-10-17T09:05:32+00:00\",\"mainEntityOfPage\":{\"@id\":\"https:\/\/www.adecose.com\/alejandro-marin-ceo-de-brokalia-protagoniza-un-podcast-sobre-su-arraigo-familiar-al-sector\/\"},\"wordCount\":532,\"publisher\":{\"@id\":\"https:\/\/www.adecose.com\/gl\/#organization\"},\"image\":{\"@id\":\"https:\/\/www.adecose.com\/alejandro-marin-ceo-de-brokalia-protagoniza-un-podcast-sobre-su-arraigo-familiar-al-sector\/#primaryimage\"},\"thumbnailUrl\":\"https:\/\/www.adecose.com\/wp-content\/uploads\/2023\/10\/Captura-de-pantalla-2023-10-17-a-las-11.01.59.png\",\"keywords\":[\"Brokalia\"],\"articleSection\":[\"Espacio #Corredur\u00edasADECOSE\"],\"inLanguage\":\"ca\"},{\"@type\":\"WebPage\",\"@id\":\"https:\/\/www.adecose.com\/alejandro-marin-ceo-de-brokalia-protagoniza-un-podcast-sobre-su-arraigo-familiar-al-sector\/\",\"url\":\"https:\/\/www.adecose.com\/alejandro-marin-ceo-de-brokalia-protagoniza-un-podcast-sobre-su-arraigo-familiar-al-sector\/\",\"name\":\"Alejandro Mar\u00edn, CEO de Brokalia, protagoniza un podcast sobre su arraigo familiar al sector - ADECOSE\",\"isPartOf\":{\"@id\":\"https:\/\/www.adecose.com\/gl\/#website\"},\"primaryImageOfPage\":{\"@id\":\"https:\/\/www.adecose.com\/alejandro-marin-ceo-de-brokalia-protagoniza-un-podcast-sobre-su-arraigo-familiar-al-sector\/#primaryimage\"},\"image\":{\"@id\":\"https:\/\/www.adecose.com\/alejandro-marin-ceo-de-brokalia-protagoniza-un-podcast-sobre-su-arraigo-familiar-al-sector\/#primaryimage\"},\"thumbnailUrl\":\"https:\/\/www.adecose.com\/wp-content\/uploads\/2023\/10\/Captura-de-pantalla-2023-10-17-a-las-11.01.59.png\",\"datePublished\":\"2023-10-17T09:05:32+00:00\",\"breadcrumb\":{\"@id\":\"https:\/\/www.adecose.com\/alejandro-marin-ceo-de-brokalia-protagoniza-un-podcast-sobre-su-arraigo-familiar-al-sector\/#breadcrumb\"},\"inLanguage\":\"ca\",\"potentialAction\":[{\"@type\":\"ReadAction\",\"target\":[\"https:\/\/www.adecose.com\/alejandro-marin-ceo-de-brokalia-protagoniza-un-podcast-sobre-su-arraigo-familiar-al-sector\/\"]}]},{\"@type\":\"ImageObject\",\"inLanguage\":\"ca\",\"@id\":\"https:\/\/www.adecose.com\/alejandro-marin-ceo-de-brokalia-protagoniza-un-podcast-sobre-su-arraigo-familiar-al-sector\/#primaryimage\",\"url\":\"https:\/\/www.adecose.com\/wp-content\/uploads\/2023\/10\/Captura-de-pantalla-2023-10-17-a-las-11.01.59.png\",\"contentUrl\":\"https:\/\/www.adecose.com\/wp-content\/uploads\/2023\/10\/Captura-de-pantalla-2023-10-17-a-las-11.01.59.png\",\"width\":1812,\"height\":1202},{\"@type\":\"BreadcrumbList\",\"@id\":\"https:\/\/www.adecose.com\/alejandro-marin-ceo-de-brokalia-protagoniza-un-podcast-sobre-su-arraigo-familiar-al-sector\/#breadcrumb\",\"itemListElement\":[{\"@type\":\"ListItem\",\"position\":1,\"name\":\"Portada\",\"item\":\"https:\/\/www.adecose.com\/ca\/associacio-espanyola-de-corredories-dassegurances-i-reassegurances\/\"},{\"@type\":\"ListItem\",\"position\":2,\"name\":\"Alejandro Mar\u00edn, CEO de Brokalia, protagoniza un podcast sobre su arraigo familiar al sector\"}]},{\"@type\":\"WebSite\",\"@id\":\"https:\/\/www.adecose.com\/gl\/#website\",\"url\":\"https:\/\/www.adecose.com\/gl\/\",\"name\":\"ADECOSE\",\"description\":\"Associaci\u00f3 Espanyola de Corredories d\u2019Assegurances i Reassegurances\",\"publisher\":{\"@id\":\"https:\/\/www.adecose.com\/gl\/#organization\"},\"potentialAction\":[{\"@type\":\"SearchAction\",\"target\":{\"@type\":\"EntryPoint\",\"urlTemplate\":\"https:\/\/www.adecose.com\/gl\/?s={search_term_string}\"},\"query-input\":{\"@type\":\"PropertyValueSpecification\",\"valueRequired\":true,\"valueName\":\"search_term_string\"}}],\"inLanguage\":\"ca\"},{\"@type\":\"Organization\",\"@id\":\"https:\/\/www.adecose.com\/gl\/#organization\",\"name\":\"ADECOSE\",\"url\":\"https:\/\/www.adecose.com\/gl\/\",\"logo\":{\"@type\":\"ImageObject\",\"inLanguage\":\"ca\",\"@id\":\"https:\/\/www.adecose.com\/gl\/#\/schema\/logo\/image\/\",\"url\":\"https:\/\/www.adecose.com\/wp-content\/uploads\/2020\/07\/favicon.png\",\"contentUrl\":\"https:\/\/www.adecose.com\/wp-content\/uploads\/2020\/07\/favicon.png\",\"width\":512,\"height\":512,\"caption\":\"ADECOSE\"},\"image\":{\"@id\":\"https:\/\/www.adecose.com\/gl\/#\/schema\/logo\/image\/\"}},{\"@type\":\"Person\",\"@id\":\"https:\/\/www.adecose.com\/gl\/#\/schema\/person\/ff086ce55f6379e1d225a2c0dca5eeb6\",\"name\":\"Comunicaci\u00f3n ADECOSE\",\"image\":{\"@type\":\"ImageObject\",\"inLanguage\":\"ca\",\"@id\":\"https:\/\/secure.gravatar.com\/avatar\/01cd1f9571997441bf1da6d1cc147351305f03fe8f2acf1ebbec60ebb26924ce?s=96&d=mm&r=g\",\"url\":\"https:\/\/secure.gravatar.com\/avatar\/01cd1f9571997441bf1da6d1cc147351305f03fe8f2acf1ebbec60ebb26924ce?s=96&d=mm&r=g\",\"contentUrl\":\"https:\/\/secure.gravatar.com\/avatar\/01cd1f9571997441bf1da6d1cc147351305f03fe8f2acf1ebbec60ebb26924ce?s=96&d=mm&r=g\",\"caption\":\"Comunicaci\u00f3n ADECOSE\"}}]}<\/script>\n<!-- \/ Yoast SEO plugin. -->","yoast_head_json":{"title":"Alejandro Mar\u00edn, CEO de Brokalia, protagoniza un podcast sobre su arraigo familiar al sector - ADECOSE","robots":{"index":"index","follow":"follow","max-snippet":"max-snippet:-1","max-image-preview":"max-image-preview:large","max-video-preview":"max-video-preview:-1"},"canonical":"https:\/\/www.adecose.com\/alejandro-marin-ceo-de-brokalia-protagoniza-un-podcast-sobre-su-arraigo-familiar-al-sector\/","og_locale":"ca_ES","og_type":"article","og_title":"Alejandro Mar\u00edn, CEO de Brokalia, protagoniza un podcast sobre su arraigo familiar al sector - ADECOSE","og_description":"[vc_row type=&#8221;in_container&#8221; full_screen_row_position=&#8221;middle&#8221; column_margin=&#8221;default&#8221; column_direction=&#8221;default&#8221; column_direction_tablet=&#8221;default&#8221; column_direction_phone=&#8221;default&#8221; scene_position=&#8221;center&#8221; text_color=&#8221;dark&#8221; text_align=&#8221;left&#8221; row_border_radius=&#8221;none&#8221; row_border_radius_applies=&#8221;bg&#8221; overflow=&#8221;visible&#8221; overlay_strength=&#8221;0.3&#8243; gradient_direction=&#8221;left_to_right&#8221; shape_divider_position=&#8221;bottom&#8221; bg_image_animation=&#8221;none&#8221;][vc_column column_padding=&#8221;no-extra-padding&#8221; column_padding_tablet=&#8221;inherit&#8221; column_padding_phone=&#8221;inherit&#8221; column_padding_position=&#8221;all&#8221; column_element_direction_desktop=&#8221;default&#8221; column_element_spacing=&#8221;default&#8221; desktop_text_alignment=&#8221;default&#8221; tablet_text_alignment=&#8221;default&#8221;...","og_url":"https:\/\/www.adecose.com\/alejandro-marin-ceo-de-brokalia-protagoniza-un-podcast-sobre-su-arraigo-familiar-al-sector\/","og_site_name":"ADECOSE","article_published_time":"2023-10-17T09:05:32+00:00","og_image":[{"width":1812,"height":1202,"url":"https:\/\/www.adecose.com\/wp-content\/uploads\/2023\/10\/Captura-de-pantalla-2023-10-17-a-las-11.01.59.png","type":"image\/png"}],"author":"Comunicaci\u00f3n ADECOSE","twitter_card":"summary_large_image","twitter_misc":{"Escrit per":"Comunicaci\u00f3n ADECOSE","Temps estimat de lectura":"2 minuts"},"schema":{"@context":"https:\/\/schema.org","@graph":[{"@type":"Article","@id":"https:\/\/www.adecose.com\/alejandro-marin-ceo-de-brokalia-protagoniza-un-podcast-sobre-su-arraigo-familiar-al-sector\/#article","isPartOf":{"@id":"https:\/\/www.adecose.com\/alejandro-marin-ceo-de-brokalia-protagoniza-un-podcast-sobre-su-arraigo-familiar-al-sector\/"},"author":{"name":"Comunicaci\u00f3n ADECOSE","@id":"https:\/\/www.adecose.com\/gl\/#\/schema\/person\/ff086ce55f6379e1d225a2c0dca5eeb6"},"headline":"Alejandro Mar\u00edn, CEO de Brokalia, protagoniza un podcast sobre su arraigo familiar al sector","datePublished":"2023-10-17T09:05:32+00:00","mainEntityOfPage":{"@id":"https:\/\/www.adecose.com\/alejandro-marin-ceo-de-brokalia-protagoniza-un-podcast-sobre-su-arraigo-familiar-al-sector\/"},"wordCount":532,"publisher":{"@id":"https:\/\/www.adecose.com\/gl\/#organization"},"image":{"@id":"https:\/\/www.adecose.com\/alejandro-marin-ceo-de-brokalia-protagoniza-un-podcast-sobre-su-arraigo-familiar-al-sector\/#primaryimage"},"thumbnailUrl":"https:\/\/www.adecose.com\/wp-content\/uploads\/2023\/10\/Captura-de-pantalla-2023-10-17-a-las-11.01.59.png","keywords":["Brokalia"],"articleSection":["Espacio #Corredur\u00edasADECOSE"],"inLanguage":"ca"},{"@type":"WebPage","@id":"https:\/\/www.adecose.com\/alejandro-marin-ceo-de-brokalia-protagoniza-un-podcast-sobre-su-arraigo-familiar-al-sector\/","url":"https:\/\/www.adecose.com\/alejandro-marin-ceo-de-brokalia-protagoniza-un-podcast-sobre-su-arraigo-familiar-al-sector\/","name":"Alejandro Mar\u00edn, CEO de Brokalia, protagoniza un podcast sobre su arraigo familiar al sector - ADECOSE","isPartOf":{"@id":"https:\/\/www.adecose.com\/gl\/#website"},"primaryImageOfPage":{"@id":"https:\/\/www.adecose.com\/alejandro-marin-ceo-de-brokalia-protagoniza-un-podcast-sobre-su-arraigo-familiar-al-sector\/#primaryimage"},"image":{"@id":"https:\/\/www.adecose.com\/alejandro-marin-ceo-de-brokalia-protagoniza-un-podcast-sobre-su-arraigo-familiar-al-sector\/#primaryimage"},"thumbnailUrl":"https:\/\/www.adecose.com\/wp-content\/uploads\/2023\/10\/Captura-de-pantalla-2023-10-17-a-las-11.01.59.png","datePublished":"2023-10-17T09:05:32+00:00","breadcrumb":{"@id":"https:\/\/www.adecose.com\/alejandro-marin-ceo-de-brokalia-protagoniza-un-podcast-sobre-su-arraigo-familiar-al-sector\/#breadcrumb"},"inLanguage":"ca","potentialAction":[{"@type":"ReadAction","target":["https:\/\/www.adecose.com\/alejandro-marin-ceo-de-brokalia-protagoniza-un-podcast-sobre-su-arraigo-familiar-al-sector\/"]}]},{"@type":"ImageObject","inLanguage":"ca","@id":"https:\/\/www.adecose.com\/alejandro-marin-ceo-de-brokalia-protagoniza-un-podcast-sobre-su-arraigo-familiar-al-sector\/#primaryimage","url":"https:\/\/www.adecose.com\/wp-content\/uploads\/2023\/10\/Captura-de-pantalla-2023-10-17-a-las-11.01.59.png","contentUrl":"https:\/\/www.adecose.com\/wp-content\/uploads\/2023\/10\/Captura-de-pantalla-2023-10-17-a-las-11.01.59.png","width":1812,"height":1202},{"@type":"BreadcrumbList","@id":"https:\/\/www.adecose.com\/alejandro-marin-ceo-de-brokalia-protagoniza-un-podcast-sobre-su-arraigo-familiar-al-sector\/#breadcrumb","itemListElement":[{"@type":"ListItem","position":1,"name":"Portada","item":"https:\/\/www.adecose.com\/ca\/associacio-espanyola-de-corredories-dassegurances-i-reassegurances\/"},{"@type":"ListItem","position":2,"name":"Alejandro Mar\u00edn, CEO de Brokalia, protagoniza un podcast sobre su arraigo familiar al sector"}]},{"@type":"WebSite","@id":"https:\/\/www.adecose.com\/gl\/#website","url":"https:\/\/www.adecose.com\/gl\/","name":"ADECOSE","description":"Associaci\u00f3 Espanyola de Corredories d\u2019Assegurances i Reassegurances","publisher":{"@id":"https:\/\/www.adecose.com\/gl\/#organization"},"potentialAction":[{"@type":"SearchAction","target":{"@type":"EntryPoint","urlTemplate":"https:\/\/www.adecose.com\/gl\/?s={search_term_string}"},"query-input":{"@type":"PropertyValueSpecification","valueRequired":true,"valueName":"search_term_string"}}],"inLanguage":"ca"},{"@type":"Organization","@id":"https:\/\/www.adecose.com\/gl\/#organization","name":"ADECOSE","url":"https:\/\/www.adecose.com\/gl\/","logo":{"@type":"ImageObject","inLanguage":"ca","@id":"https:\/\/www.adecose.com\/gl\/#\/schema\/logo\/image\/","url":"https:\/\/www.adecose.com\/wp-content\/uploads\/2020\/07\/favicon.png","contentUrl":"https:\/\/www.adecose.com\/wp-content\/uploads\/2020\/07\/favicon.png","width":512,"height":512,"caption":"ADECOSE"},"image":{"@id":"https:\/\/www.adecose.com\/gl\/#\/schema\/logo\/image\/"}},{"@type":"Person","@id":"https:\/\/www.adecose.com\/gl\/#\/schema\/person\/ff086ce55f6379e1d225a2c0dca5eeb6","name":"Comunicaci\u00f3n ADECOSE","image":{"@type":"ImageObject","inLanguage":"ca","@id":"https:\/\/secure.gravatar.com\/avatar\/01cd1f9571997441bf1da6d1cc147351305f03fe8f2acf1ebbec60ebb26924ce?s=96&d=mm&r=g","url":"https:\/\/secure.gravatar.com\/avatar\/01cd1f9571997441bf1da6d1cc147351305f03fe8f2acf1ebbec60ebb26924ce?s=96&d=mm&r=g","contentUrl":"https:\/\/secure.gravatar.com\/avatar\/01cd1f9571997441bf1da6d1cc147351305f03fe8f2acf1ebbec60ebb26924ce?s=96&d=mm&r=g","caption":"Comunicaci\u00f3n ADECOSE"}}]}},"_links":{"self":[{"href":"https:\/\/www.adecose.com\/ca\/wp-json\/wp\/v2\/posts\/15495","targetHints":{"allow":["GET"]}}],"collection":[{"href":"https:\/\/www.adecose.com\/ca\/wp-json\/wp\/v2\/posts"}],"about":[{"href":"https:\/\/www.adecose.com\/ca\/wp-json\/wp\/v2\/types\/post"}],"author":[{"embeddable":true,"href":"https:\/\/www.adecose.com\/ca\/wp-json\/wp\/v2\/users\/197"}],"replies":[{"embeddable":true,"href":"https:\/\/www.adecose.com\/ca\/wp-json\/wp\/v2\/comments?post=15495"}],"version-history":[{"count":0,"href":"https:\/\/www.adecose.com\/ca\/wp-json\/wp\/v2\/posts\/15495\/revisions"}],"wp:featuredmedia":[{"embeddable":true,"href":"https:\/\/www.adecose.com\/ca\/wp-json\/wp\/v2\/media\/15496"}],"wp:attachment":[{"href":"https:\/\/www.adecose.com\/ca\/wp-json\/wp\/v2\/media?parent=15495"}],"wp:term":[{"taxonomy":"category","embeddable":true,"href":"https:\/\/www.adecose.com\/ca\/wp-json\/wp\/v2\/categories?post=15495"},{"taxonomy":"post_tag","embeddable":true,"href":"https:\/\/www.adecose.com\/ca\/wp-json\/wp\/v2\/tags?post=15495"}],"curies":[{"name":"wp","href":"https:\/\/api.w.org\/{rel}","templated":true}]}}