{"id":15481,"date":"2023-10-13T11:19:56","date_gmt":"2023-10-13T09:19:56","guid":{"rendered":"https:\/\/www.adecose.com\/?p=15481"},"modified":"2023-10-16T11:22:48","modified_gmt":"2023-10-16T09:22:48","slug":"silvia-dancausa-ceo-de-coseba-cima-supone-una-ventana-hacia-la-digitalizacion-y-la-mejora-de-la-eficiencia-para-los-mediadores","status":"publish","type":"post","link":"https:\/\/www.adecose.com\/ca\/silvia-dancausa-ceo-de-coseba-cima-supone-una-ventana-hacia-la-digitalizacion-y-la-mejora-de-la-eficiencia-para-los-mediadores\/","title":{"rendered":"Silvia Dancausa, CEO de COSEBA: \u201cCIMA supone una ventana hacia la digitalizaci\u00f3n y la mejora de la eficiencia para los mediadores\u201d"},"content":{"rendered":"[vc_row type=&#8221;in_container&#8221; full_screen_row_position=&#8221;middle&#8221; column_margin=&#8221;default&#8221; column_direction=&#8221;default&#8221; column_direction_tablet=&#8221;default&#8221; column_direction_phone=&#8221;default&#8221; scene_position=&#8221;center&#8221; text_color=&#8221;dark&#8221; text_align=&#8221;left&#8221; row_border_radius=&#8221;none&#8221; row_border_radius_applies=&#8221;bg&#8221; overflow=&#8221;visible&#8221; overlay_strength=&#8221;0.3&#8243; gradient_direction=&#8221;left_to_right&#8221; shape_divider_position=&#8221;bottom&#8221; bg_image_animation=&#8221;none&#8221;][vc_column column_padding=&#8221;no-extra-padding&#8221; column_padding_tablet=&#8221;inherit&#8221; column_padding_phone=&#8221;inherit&#8221; column_padding_position=&#8221;all&#8221; column_element_direction_desktop=&#8221;default&#8221; column_element_spacing=&#8221;default&#8221; desktop_text_alignment=&#8221;default&#8221; tablet_text_alignment=&#8221;default&#8221; phone_text_alignment=&#8221;default&#8221; background_color_opacity=&#8221;1&#8243; background_hover_color_opacity=&#8221;1&#8243; column_backdrop_filter=&#8221;none&#8221; column_shadow=&#8221;none&#8221; column_border_radius=&#8221;none&#8221; column_link_target=&#8221;_self&#8221; column_position=&#8221;default&#8221; gradient_direction=&#8221;left_to_right&#8221; overlay_strength=&#8221;0.3&#8243; width=&#8221;1\/1&#8243; tablet_width_inherit=&#8221;default&#8221; animation_type=&#8221;default&#8221; bg_image_animation=&#8221;none&#8221; border_type=&#8221;simple&#8221; column_border_width=&#8221;none&#8221; column_border_style=&#8221;solid&#8221;][vc_column_text]\n<ul>\n<li><em><strong>Dancausa particip\u00f3 en la mesa redonda &#8220;CIMA. Generando eficiencia para la mediaci\u00f3n&#8221; que tuvo lugar durante la III Reuni\u00f3n Anual de CIMA, celebrada en la sede de UNESPA y en la que se dieron cita varios de los nombres m\u00e1s destacados del sector asegurador espa\u00f1ol.<\/strong><\/em><\/li>\n<\/ul>\n[\/vc_column_text][vc_column_text]\n<p dir=\"ltr\">El pasado 10 de octubre, Silvia Dancausa, CEO de COSEBA, particip\u00f3 en la mesa redonda &#8220;CIMA. Generando eficiencia para la mediaci\u00f3n&#8221; que tuvo lugar durante la III Reuni\u00f3n Anual de CIMA, celebrada en la sede de UNESPA y en la que se dieron cita varios de los nombres m\u00e1s destacados del sector asegurador espa\u00f1ol.<\/p>\n<p dir=\"ltr\">En este evento se discutieron las actividades m\u00e1s destacadas realizadas a lo largo del a\u00f1o de funcionamiento de CIMA, destacando su papel en la digitalizaci\u00f3n y la colaboraci\u00f3n en el sector de la mediaci\u00f3n.<\/p>\n<p dir=\"ltr\">As\u00ed, durante su intervenci\u00f3n, Dancausa destac\u00f3 que CIMA \u201ces m\u00e1s que una plataforma: es un proyecto que se ha gestado en colaboraci\u00f3n con los principales actores del sector de la mediaci\u00f3n (compa\u00f1\u00edas aseguradoras, mediadores y tecnol\u00f3gicas) y supone una ventana hacia la digitalizaci\u00f3n y la mejora de la eficiencia para los mediadores\u201d.<\/p>\n<p dir=\"ltr\">En cuanto a sus propuestas de mejora, la CEO de COSEBA mencion\u00f3 la bidireccionalidad como un proyecto interesante para la optimizaci\u00f3n de CIMA. \u201cDebemos entender esta bidireccionalidad como el traspaso de datos de las compa\u00f1\u00edas a las corredur\u00edas junto a la capacidad de transmitir informaci\u00f3n en sentido contrario, lo que mejorar\u00eda a\u00fan m\u00e1s la eficiencia del sistema\u201d, explic\u00f3.<\/p>\n<p dir=\"ltr\">Asimismo, Silvia Dancausa valor\u00f3 la inclusi\u00f3n de la firma digital desde dos perspectivas cruciales. Por un lado, destac\u00f3 su importancia para cumplir con las exigencias legales en el sector asegurador y, por otro, subray\u00f3 c\u00f3mo la firma digital tambi\u00e9n representa una oportunidad para mejorar la experiencia del cliente, simplificando y agilizando los procesos.<\/p>\n<p dir=\"ltr\">Junto a la m\u00e1xima responsable de COSEBA, participaron en la mesa redonda Juan Antonio Mar\u00edn (FECOR) y Mart\u00edn Navaz (ADECOSE) como moderadores y Jos\u00e9 Coto (AXA), Luis Carlos Tortajada (MAPFRE) y Juan Llull (Llull Segur) como resto de ponentes.<\/p>\n[\/vc_column_text][\/vc_column][\/vc_row]\n","protected":false},"excerpt":{"rendered":"<p>[vc_row type=&#8221;in_container&#8221; full_screen_row_position=&#8221;middle&#8221; column_margin=&#8221;default&#8221; column_direction=&#8221;default&#8221; column_direction_tablet=&#8221;default&#8221; column_direction_phone=&#8221;default&#8221; scene_position=&#8221;center&#8221; text_color=&#8221;dark&#8221; text_align=&#8221;left&#8221; row_border_radius=&#8221;none&#8221; row_border_radius_applies=&#8221;bg&#8221; overflow=&#8221;visible&#8221; overlay_strength=&#8221;0.3&#8243; gradient_direction=&#8221;left_to_right&#8221; shape_divider_position=&#8221;bottom&#8221; bg_image_animation=&#8221;none&#8221;][vc_column column_padding=&#8221;no-extra-padding&#8221; column_padding_tablet=&#8221;inherit&#8221; column_padding_phone=&#8221;inherit&#8221; column_padding_position=&#8221;all&#8221; column_element_direction_desktop=&#8221;default&#8221; column_element_spacing=&#8221;default&#8221; desktop_text_alignment=&#8221;default&#8221; tablet_text_alignment=&#8221;default&#8221;&#8230;<\/p>\n","protected":false},"author":197,"featured_media":15482,"comment_status":"closed","ping_status":"closed","sticky":false,"template":"","format":"standard","meta":{"_acf_changed":false,"_price":"","_stock":"","_tribe_ticket_header":"","_tribe_default_ticket_provider":"","_tribe_ticket_capacity":"0","_ticket_start_date":"","_ticket_end_date":"","_tribe_ticket_show_description":"","_tribe_ticket_show_not_going":false,"_tribe_ticket_use_global_stock":"","_tribe_ticket_global_stock_level":"","_global_stock_mode":"","_global_stock_cap":"","_tribe_rsvp_for_event":"","_tribe_ticket_going_count":"","_tribe_ticket_not_going_count":"","_tribe_tickets_list":"[]","_tribe_ticket_has_attendee_info_fields":false,"footnotes":""},"categories":[339],"tags":[408,346],"class_list":["post-15481","post","type-post","status-publish","format-standard","has-post-thumbnail","category-espacio-correduriasadecose","tag-cima","tag-coseba-1986"],"acf":[],"yoast_head":"<!-- This site is optimized with the Yoast SEO plugin v27.2 - https:\/\/yoast.com\/product\/yoast-seo-wordpress\/ -->\n<title>Silvia Dancausa, CEO de COSEBA: \u201cCIMA supone una ventana hacia la digitalizaci\u00f3n y la mejora de la eficiencia para los mediadores\u201d - ADECOSE<\/title>\n<meta name=\"robots\" content=\"index, follow, max-snippet:-1, max-image-preview:large, max-video-preview:-1\" \/>\n<link rel=\"canonical\" href=\"https:\/\/www.adecose.com\/silvia-dancausa-ceo-de-coseba-cima-supone-una-ventana-hacia-la-digitalizacion-y-la-mejora-de-la-eficiencia-para-los-mediadores\/\" \/>\n<meta property=\"og:locale\" content=\"ca_ES\" \/>\n<meta property=\"og:type\" content=\"article\" \/>\n<meta property=\"og:title\" content=\"Silvia Dancausa, CEO de COSEBA: \u201cCIMA supone una ventana hacia la digitalizaci\u00f3n y la mejora de la eficiencia para los mediadores\u201d - ADECOSE\" \/>\n<meta property=\"og:description\" content=\"[vc_row type=&#8221;in_container&#8221; full_screen_row_position=&#8221;middle&#8221; column_margin=&#8221;default&#8221; column_direction=&#8221;default&#8221; column_direction_tablet=&#8221;default&#8221; column_direction_phone=&#8221;default&#8221; scene_position=&#8221;center&#8221; text_color=&#8221;dark&#8221; text_align=&#8221;left&#8221; row_border_radius=&#8221;none&#8221; row_border_radius_applies=&#8221;bg&#8221; overflow=&#8221;visible&#8221; overlay_strength=&#8221;0.3&#8243; gradient_direction=&#8221;left_to_right&#8221; shape_divider_position=&#8221;bottom&#8221; bg_image_animation=&#8221;none&#8221;][vc_column column_padding=&#8221;no-extra-padding&#8221; column_padding_tablet=&#8221;inherit&#8221; column_padding_phone=&#8221;inherit&#8221; column_padding_position=&#8221;all&#8221; column_element_direction_desktop=&#8221;default&#8221; column_element_spacing=&#8221;default&#8221; desktop_text_alignment=&#8221;default&#8221; tablet_text_alignment=&#8221;default&#8221;...\" \/>\n<meta property=\"og:url\" content=\"https:\/\/www.adecose.com\/silvia-dancausa-ceo-de-coseba-cima-supone-una-ventana-hacia-la-digitalizacion-y-la-mejora-de-la-eficiencia-para-los-mediadores\/\" \/>\n<meta property=\"og:site_name\" content=\"ADECOSE\" \/>\n<meta property=\"article:published_time\" content=\"2023-10-13T09:19:56+00:00\" \/>\n<meta property=\"article:modified_time\" content=\"2023-10-16T09:22:48+00:00\" \/>\n<meta property=\"og:image\" content=\"https:\/\/www.adecose.com\/wp-content\/uploads\/2023\/10\/annual-cima-silvia-dancausa-coseba.jpg\" \/>\n\t<meta property=\"og:image:width\" content=\"1436\" \/>\n\t<meta property=\"og:image:height\" content=\"812\" \/>\n\t<meta property=\"og:image:type\" content=\"image\/jpeg\" \/>\n<meta name=\"author\" content=\"Comunicaci\u00f3n ADECOSE\" \/>\n<meta name=\"twitter:card\" content=\"summary_large_image\" \/>\n<meta name=\"twitter:label1\" content=\"Escrit per\" \/>\n\t<meta name=\"twitter:data1\" content=\"Comunicaci\u00f3n ADECOSE\" \/>\n\t<meta name=\"twitter:label2\" content=\"Temps estimat de lectura\" \/>\n\t<meta name=\"twitter:data2\" content=\"2 minuts\" \/>\n<script type=\"application\/ld+json\" class=\"yoast-schema-graph\">{\"@context\":\"https:\/\/schema.org\",\"@graph\":[{\"@type\":\"Article\",\"@id\":\"https:\/\/www.adecose.com\/silvia-dancausa-ceo-de-coseba-cima-supone-una-ventana-hacia-la-digitalizacion-y-la-mejora-de-la-eficiencia-para-los-mediadores\/#article\",\"isPartOf\":{\"@id\":\"https:\/\/www.adecose.com\/silvia-dancausa-ceo-de-coseba-cima-supone-una-ventana-hacia-la-digitalizacion-y-la-mejora-de-la-eficiencia-para-los-mediadores\/\"},\"author\":{\"name\":\"Comunicaci\u00f3n ADECOSE\",\"@id\":\"https:\/\/www.adecose.com\/gl\/#\/schema\/person\/ff086ce55f6379e1d225a2c0dca5eeb6\"},\"headline\":\"Silvia Dancausa, CEO de COSEBA: \u201cCIMA supone una ventana hacia la digitalizaci\u00f3n y la mejora de la eficiencia para los mediadores\u201d\",\"datePublished\":\"2023-10-13T09:19:56+00:00\",\"dateModified\":\"2023-10-16T09:22:48+00:00\",\"mainEntityOfPage\":{\"@id\":\"https:\/\/www.adecose.com\/silvia-dancausa-ceo-de-coseba-cima-supone-una-ventana-hacia-la-digitalizacion-y-la-mejora-de-la-eficiencia-para-los-mediadores\/\"},\"wordCount\":557,\"publisher\":{\"@id\":\"https:\/\/www.adecose.com\/gl\/#organization\"},\"image\":{\"@id\":\"https:\/\/www.adecose.com\/silvia-dancausa-ceo-de-coseba-cima-supone-una-ventana-hacia-la-digitalizacion-y-la-mejora-de-la-eficiencia-para-los-mediadores\/#primaryimage\"},\"thumbnailUrl\":\"https:\/\/www.adecose.com\/wp-content\/uploads\/2023\/10\/annual-cima-silvia-dancausa-coseba.jpg\",\"keywords\":[\"CIMA\",\"Coseba 1986\"],\"articleSection\":[\"Espacio #Corredur\u00edasADECOSE\"],\"inLanguage\":\"ca\"},{\"@type\":\"WebPage\",\"@id\":\"https:\/\/www.adecose.com\/silvia-dancausa-ceo-de-coseba-cima-supone-una-ventana-hacia-la-digitalizacion-y-la-mejora-de-la-eficiencia-para-los-mediadores\/\",\"url\":\"https:\/\/www.adecose.com\/silvia-dancausa-ceo-de-coseba-cima-supone-una-ventana-hacia-la-digitalizacion-y-la-mejora-de-la-eficiencia-para-los-mediadores\/\",\"name\":\"Silvia Dancausa, CEO de COSEBA: \u201cCIMA supone una ventana hacia la digitalizaci\u00f3n y la mejora de la eficiencia para los mediadores\u201d - ADECOSE\",\"isPartOf\":{\"@id\":\"https:\/\/www.adecose.com\/gl\/#website\"},\"primaryImageOfPage\":{\"@id\":\"https:\/\/www.adecose.com\/silvia-dancausa-ceo-de-coseba-cima-supone-una-ventana-hacia-la-digitalizacion-y-la-mejora-de-la-eficiencia-para-los-mediadores\/#primaryimage\"},\"image\":{\"@id\":\"https:\/\/www.adecose.com\/silvia-dancausa-ceo-de-coseba-cima-supone-una-ventana-hacia-la-digitalizacion-y-la-mejora-de-la-eficiencia-para-los-mediadores\/#primaryimage\"},\"thumbnailUrl\":\"https:\/\/www.adecose.com\/wp-content\/uploads\/2023\/10\/annual-cima-silvia-dancausa-coseba.jpg\",\"datePublished\":\"2023-10-13T09:19:56+00:00\",\"dateModified\":\"2023-10-16T09:22:48+00:00\",\"breadcrumb\":{\"@id\":\"https:\/\/www.adecose.com\/silvia-dancausa-ceo-de-coseba-cima-supone-una-ventana-hacia-la-digitalizacion-y-la-mejora-de-la-eficiencia-para-los-mediadores\/#breadcrumb\"},\"inLanguage\":\"ca\",\"potentialAction\":[{\"@type\":\"ReadAction\",\"target\":[\"https:\/\/www.adecose.com\/silvia-dancausa-ceo-de-coseba-cima-supone-una-ventana-hacia-la-digitalizacion-y-la-mejora-de-la-eficiencia-para-los-mediadores\/\"]}]},{\"@type\":\"ImageObject\",\"inLanguage\":\"ca\",\"@id\":\"https:\/\/www.adecose.com\/silvia-dancausa-ceo-de-coseba-cima-supone-una-ventana-hacia-la-digitalizacion-y-la-mejora-de-la-eficiencia-para-los-mediadores\/#primaryimage\",\"url\":\"https:\/\/www.adecose.com\/wp-content\/uploads\/2023\/10\/annual-cima-silvia-dancausa-coseba.jpg\",\"contentUrl\":\"https:\/\/www.adecose.com\/wp-content\/uploads\/2023\/10\/annual-cima-silvia-dancausa-coseba.jpg\",\"width\":1436,\"height\":812},{\"@type\":\"BreadcrumbList\",\"@id\":\"https:\/\/www.adecose.com\/silvia-dancausa-ceo-de-coseba-cima-supone-una-ventana-hacia-la-digitalizacion-y-la-mejora-de-la-eficiencia-para-los-mediadores\/#breadcrumb\",\"itemListElement\":[{\"@type\":\"ListItem\",\"position\":1,\"name\":\"Portada\",\"item\":\"https:\/\/www.adecose.com\/ca\/associacio-espanyola-de-corredories-dassegurances-i-reassegurances\/\"},{\"@type\":\"ListItem\",\"position\":2,\"name\":\"Silvia Dancausa, CEO de COSEBA: \u201cCIMA supone una ventana hacia la digitalizaci\u00f3n y la mejora de la eficiencia para los mediadores\u201d\"}]},{\"@type\":\"WebSite\",\"@id\":\"https:\/\/www.adecose.com\/gl\/#website\",\"url\":\"https:\/\/www.adecose.com\/gl\/\",\"name\":\"ADECOSE\",\"description\":\"Associaci\u00f3 Espanyola de Corredories d\u2019Assegurances i Reassegurances\",\"publisher\":{\"@id\":\"https:\/\/www.adecose.com\/gl\/#organization\"},\"potentialAction\":[{\"@type\":\"SearchAction\",\"target\":{\"@type\":\"EntryPoint\",\"urlTemplate\":\"https:\/\/www.adecose.com\/gl\/?s={search_term_string}\"},\"query-input\":{\"@type\":\"PropertyValueSpecification\",\"valueRequired\":true,\"valueName\":\"search_term_string\"}}],\"inLanguage\":\"ca\"},{\"@type\":\"Organization\",\"@id\":\"https:\/\/www.adecose.com\/gl\/#organization\",\"name\":\"ADECOSE\",\"url\":\"https:\/\/www.adecose.com\/gl\/\",\"logo\":{\"@type\":\"ImageObject\",\"inLanguage\":\"ca\",\"@id\":\"https:\/\/www.adecose.com\/gl\/#\/schema\/logo\/image\/\",\"url\":\"https:\/\/www.adecose.com\/wp-content\/uploads\/2020\/07\/favicon.png\",\"contentUrl\":\"https:\/\/www.adecose.com\/wp-content\/uploads\/2020\/07\/favicon.png\",\"width\":512,\"height\":512,\"caption\":\"ADECOSE\"},\"image\":{\"@id\":\"https:\/\/www.adecose.com\/gl\/#\/schema\/logo\/image\/\"}},{\"@type\":\"Person\",\"@id\":\"https:\/\/www.adecose.com\/gl\/#\/schema\/person\/ff086ce55f6379e1d225a2c0dca5eeb6\",\"name\":\"Comunicaci\u00f3n ADECOSE\",\"image\":{\"@type\":\"ImageObject\",\"inLanguage\":\"ca\",\"@id\":\"https:\/\/secure.gravatar.com\/avatar\/01cd1f9571997441bf1da6d1cc147351305f03fe8f2acf1ebbec60ebb26924ce?s=96&d=mm&r=g\",\"url\":\"https:\/\/secure.gravatar.com\/avatar\/01cd1f9571997441bf1da6d1cc147351305f03fe8f2acf1ebbec60ebb26924ce?s=96&d=mm&r=g\",\"contentUrl\":\"https:\/\/secure.gravatar.com\/avatar\/01cd1f9571997441bf1da6d1cc147351305f03fe8f2acf1ebbec60ebb26924ce?s=96&d=mm&r=g\",\"caption\":\"Comunicaci\u00f3n ADECOSE\"}}]}<\/script>\n<!-- \/ Yoast SEO plugin. -->","yoast_head_json":{"title":"Silvia Dancausa, CEO de COSEBA: \u201cCIMA supone una ventana hacia la digitalizaci\u00f3n y la mejora de la eficiencia para los mediadores\u201d - ADECOSE","robots":{"index":"index","follow":"follow","max-snippet":"max-snippet:-1","max-image-preview":"max-image-preview:large","max-video-preview":"max-video-preview:-1"},"canonical":"https:\/\/www.adecose.com\/silvia-dancausa-ceo-de-coseba-cima-supone-una-ventana-hacia-la-digitalizacion-y-la-mejora-de-la-eficiencia-para-los-mediadores\/","og_locale":"ca_ES","og_type":"article","og_title":"Silvia Dancausa, CEO de COSEBA: \u201cCIMA supone una ventana hacia la digitalizaci\u00f3n y la mejora de la eficiencia para los mediadores\u201d - ADECOSE","og_description":"[vc_row type=&#8221;in_container&#8221; full_screen_row_position=&#8221;middle&#8221; column_margin=&#8221;default&#8221; column_direction=&#8221;default&#8221; column_direction_tablet=&#8221;default&#8221; column_direction_phone=&#8221;default&#8221; scene_position=&#8221;center&#8221; text_color=&#8221;dark&#8221; text_align=&#8221;left&#8221; row_border_radius=&#8221;none&#8221; row_border_radius_applies=&#8221;bg&#8221; overflow=&#8221;visible&#8221; overlay_strength=&#8221;0.3&#8243; gradient_direction=&#8221;left_to_right&#8221; shape_divider_position=&#8221;bottom&#8221; bg_image_animation=&#8221;none&#8221;][vc_column column_padding=&#8221;no-extra-padding&#8221; column_padding_tablet=&#8221;inherit&#8221; column_padding_phone=&#8221;inherit&#8221; column_padding_position=&#8221;all&#8221; column_element_direction_desktop=&#8221;default&#8221; column_element_spacing=&#8221;default&#8221; desktop_text_alignment=&#8221;default&#8221; tablet_text_alignment=&#8221;default&#8221;...","og_url":"https:\/\/www.adecose.com\/silvia-dancausa-ceo-de-coseba-cima-supone-una-ventana-hacia-la-digitalizacion-y-la-mejora-de-la-eficiencia-para-los-mediadores\/","og_site_name":"ADECOSE","article_published_time":"2023-10-13T09:19:56+00:00","article_modified_time":"2023-10-16T09:22:48+00:00","og_image":[{"width":1436,"height":812,"url":"https:\/\/www.adecose.com\/wp-content\/uploads\/2023\/10\/annual-cima-silvia-dancausa-coseba.jpg","type":"image\/jpeg"}],"author":"Comunicaci\u00f3n ADECOSE","twitter_card":"summary_large_image","twitter_misc":{"Escrit per":"Comunicaci\u00f3n ADECOSE","Temps estimat de lectura":"2 minuts"},"schema":{"@context":"https:\/\/schema.org","@graph":[{"@type":"Article","@id":"https:\/\/www.adecose.com\/silvia-dancausa-ceo-de-coseba-cima-supone-una-ventana-hacia-la-digitalizacion-y-la-mejora-de-la-eficiencia-para-los-mediadores\/#article","isPartOf":{"@id":"https:\/\/www.adecose.com\/silvia-dancausa-ceo-de-coseba-cima-supone-una-ventana-hacia-la-digitalizacion-y-la-mejora-de-la-eficiencia-para-los-mediadores\/"},"author":{"name":"Comunicaci\u00f3n ADECOSE","@id":"https:\/\/www.adecose.com\/gl\/#\/schema\/person\/ff086ce55f6379e1d225a2c0dca5eeb6"},"headline":"Silvia Dancausa, CEO de COSEBA: \u201cCIMA supone una ventana hacia la digitalizaci\u00f3n y la mejora de la eficiencia para los mediadores\u201d","datePublished":"2023-10-13T09:19:56+00:00","dateModified":"2023-10-16T09:22:48+00:00","mainEntityOfPage":{"@id":"https:\/\/www.adecose.com\/silvia-dancausa-ceo-de-coseba-cima-supone-una-ventana-hacia-la-digitalizacion-y-la-mejora-de-la-eficiencia-para-los-mediadores\/"},"wordCount":557,"publisher":{"@id":"https:\/\/www.adecose.com\/gl\/#organization"},"image":{"@id":"https:\/\/www.adecose.com\/silvia-dancausa-ceo-de-coseba-cima-supone-una-ventana-hacia-la-digitalizacion-y-la-mejora-de-la-eficiencia-para-los-mediadores\/#primaryimage"},"thumbnailUrl":"https:\/\/www.adecose.com\/wp-content\/uploads\/2023\/10\/annual-cima-silvia-dancausa-coseba.jpg","keywords":["CIMA","Coseba 1986"],"articleSection":["Espacio #Corredur\u00edasADECOSE"],"inLanguage":"ca"},{"@type":"WebPage","@id":"https:\/\/www.adecose.com\/silvia-dancausa-ceo-de-coseba-cima-supone-una-ventana-hacia-la-digitalizacion-y-la-mejora-de-la-eficiencia-para-los-mediadores\/","url":"https:\/\/www.adecose.com\/silvia-dancausa-ceo-de-coseba-cima-supone-una-ventana-hacia-la-digitalizacion-y-la-mejora-de-la-eficiencia-para-los-mediadores\/","name":"Silvia Dancausa, CEO de COSEBA: \u201cCIMA supone una ventana hacia la digitalizaci\u00f3n y la mejora de la eficiencia para los mediadores\u201d - ADECOSE","isPartOf":{"@id":"https:\/\/www.adecose.com\/gl\/#website"},"primaryImageOfPage":{"@id":"https:\/\/www.adecose.com\/silvia-dancausa-ceo-de-coseba-cima-supone-una-ventana-hacia-la-digitalizacion-y-la-mejora-de-la-eficiencia-para-los-mediadores\/#primaryimage"},"image":{"@id":"https:\/\/www.adecose.com\/silvia-dancausa-ceo-de-coseba-cima-supone-una-ventana-hacia-la-digitalizacion-y-la-mejora-de-la-eficiencia-para-los-mediadores\/#primaryimage"},"thumbnailUrl":"https:\/\/www.adecose.com\/wp-content\/uploads\/2023\/10\/annual-cima-silvia-dancausa-coseba.jpg","datePublished":"2023-10-13T09:19:56+00:00","dateModified":"2023-10-16T09:22:48+00:00","breadcrumb":{"@id":"https:\/\/www.adecose.com\/silvia-dancausa-ceo-de-coseba-cima-supone-una-ventana-hacia-la-digitalizacion-y-la-mejora-de-la-eficiencia-para-los-mediadores\/#breadcrumb"},"inLanguage":"ca","potentialAction":[{"@type":"ReadAction","target":["https:\/\/www.adecose.com\/silvia-dancausa-ceo-de-coseba-cima-supone-una-ventana-hacia-la-digitalizacion-y-la-mejora-de-la-eficiencia-para-los-mediadores\/"]}]},{"@type":"ImageObject","inLanguage":"ca","@id":"https:\/\/www.adecose.com\/silvia-dancausa-ceo-de-coseba-cima-supone-una-ventana-hacia-la-digitalizacion-y-la-mejora-de-la-eficiencia-para-los-mediadores\/#primaryimage","url":"https:\/\/www.adecose.com\/wp-content\/uploads\/2023\/10\/annual-cima-silvia-dancausa-coseba.jpg","contentUrl":"https:\/\/www.adecose.com\/wp-content\/uploads\/2023\/10\/annual-cima-silvia-dancausa-coseba.jpg","width":1436,"height":812},{"@type":"BreadcrumbList","@id":"https:\/\/www.adecose.com\/silvia-dancausa-ceo-de-coseba-cima-supone-una-ventana-hacia-la-digitalizacion-y-la-mejora-de-la-eficiencia-para-los-mediadores\/#breadcrumb","itemListElement":[{"@type":"ListItem","position":1,"name":"Portada","item":"https:\/\/www.adecose.com\/ca\/associacio-espanyola-de-corredories-dassegurances-i-reassegurances\/"},{"@type":"ListItem","position":2,"name":"Silvia Dancausa, CEO de COSEBA: \u201cCIMA supone una ventana hacia la digitalizaci\u00f3n y la mejora de la eficiencia para los mediadores\u201d"}]},{"@type":"WebSite","@id":"https:\/\/www.adecose.com\/gl\/#website","url":"https:\/\/www.adecose.com\/gl\/","name":"ADECOSE","description":"Associaci\u00f3 Espanyola de Corredories d\u2019Assegurances i Reassegurances","publisher":{"@id":"https:\/\/www.adecose.com\/gl\/#organization"},"potentialAction":[{"@type":"SearchAction","target":{"@type":"EntryPoint","urlTemplate":"https:\/\/www.adecose.com\/gl\/?s={search_term_string}"},"query-input":{"@type":"PropertyValueSpecification","valueRequired":true,"valueName":"search_term_string"}}],"inLanguage":"ca"},{"@type":"Organization","@id":"https:\/\/www.adecose.com\/gl\/#organization","name":"ADECOSE","url":"https:\/\/www.adecose.com\/gl\/","logo":{"@type":"ImageObject","inLanguage":"ca","@id":"https:\/\/www.adecose.com\/gl\/#\/schema\/logo\/image\/","url":"https:\/\/www.adecose.com\/wp-content\/uploads\/2020\/07\/favicon.png","contentUrl":"https:\/\/www.adecose.com\/wp-content\/uploads\/2020\/07\/favicon.png","width":512,"height":512,"caption":"ADECOSE"},"image":{"@id":"https:\/\/www.adecose.com\/gl\/#\/schema\/logo\/image\/"}},{"@type":"Person","@id":"https:\/\/www.adecose.com\/gl\/#\/schema\/person\/ff086ce55f6379e1d225a2c0dca5eeb6","name":"Comunicaci\u00f3n ADECOSE","image":{"@type":"ImageObject","inLanguage":"ca","@id":"https:\/\/secure.gravatar.com\/avatar\/01cd1f9571997441bf1da6d1cc147351305f03fe8f2acf1ebbec60ebb26924ce?s=96&d=mm&r=g","url":"https:\/\/secure.gravatar.com\/avatar\/01cd1f9571997441bf1da6d1cc147351305f03fe8f2acf1ebbec60ebb26924ce?s=96&d=mm&r=g","contentUrl":"https:\/\/secure.gravatar.com\/avatar\/01cd1f9571997441bf1da6d1cc147351305f03fe8f2acf1ebbec60ebb26924ce?s=96&d=mm&r=g","caption":"Comunicaci\u00f3n ADECOSE"}}]}},"_links":{"self":[{"href":"https:\/\/www.adecose.com\/ca\/wp-json\/wp\/v2\/posts\/15481","targetHints":{"allow":["GET"]}}],"collection":[{"href":"https:\/\/www.adecose.com\/ca\/wp-json\/wp\/v2\/posts"}],"about":[{"href":"https:\/\/www.adecose.com\/ca\/wp-json\/wp\/v2\/types\/post"}],"author":[{"embeddable":true,"href":"https:\/\/www.adecose.com\/ca\/wp-json\/wp\/v2\/users\/197"}],"replies":[{"embeddable":true,"href":"https:\/\/www.adecose.com\/ca\/wp-json\/wp\/v2\/comments?post=15481"}],"version-history":[{"count":0,"href":"https:\/\/www.adecose.com\/ca\/wp-json\/wp\/v2\/posts\/15481\/revisions"}],"wp:featuredmedia":[{"embeddable":true,"href":"https:\/\/www.adecose.com\/ca\/wp-json\/wp\/v2\/media\/15482"}],"wp:attachment":[{"href":"https:\/\/www.adecose.com\/ca\/wp-json\/wp\/v2\/media?parent=15481"}],"wp:term":[{"taxonomy":"category","embeddable":true,"href":"https:\/\/www.adecose.com\/ca\/wp-json\/wp\/v2\/categories?post=15481"},{"taxonomy":"post_tag","embeddable":true,"href":"https:\/\/www.adecose.com\/ca\/wp-json\/wp\/v2\/tags?post=15481"}],"curies":[{"name":"wp","href":"https:\/\/api.w.org\/{rel}","templated":true}]}}