{"id":15425,"date":"2023-09-28T12:59:20","date_gmt":"2023-09-28T10:59:20","guid":{"rendered":"https:\/\/www.adecose.com\/?p=15425"},"modified":"2023-10-06T13:43:22","modified_gmt":"2023-10-06T11:43:22","slug":"adecose-celebrara-la-xxvii-edicion-del-foro-de-gestion-de-corredurias-el-proximo-23-de-octubre","status":"publish","type":"post","link":"https:\/\/www.adecose.com\/ca\/adecose-celebrara-la-xxvii-edicion-del-foro-de-gestion-de-corredurias-el-proximo-23-de-octubre\/","title":{"rendered":"ADECOSE celebrar\u00e1 la XXVII Edici\u00f3n del Foro de Gesti\u00f3n de Corredur\u00edas el pr\u00f3ximo 23 de octubre"},"content":{"rendered":"[vc_row type=&#8221;in_container&#8221; full_screen_row_position=&#8221;middle&#8221; column_margin=&#8221;default&#8221; column_direction=&#8221;default&#8221; column_direction_tablet=&#8221;default&#8221; column_direction_phone=&#8221;default&#8221; scene_position=&#8221;center&#8221; text_color=&#8221;dark&#8221; text_align=&#8221;left&#8221; row_border_radius=&#8221;none&#8221; row_border_radius_applies=&#8221;bg&#8221; overflow=&#8221;visible&#8221; overlay_strength=&#8221;0.3&#8243; gradient_direction=&#8221;left_to_right&#8221; shape_divider_position=&#8221;bottom&#8221; bg_image_animation=&#8221;none&#8221;][vc_column column_padding=&#8221;no-extra-padding&#8221; column_padding_tablet=&#8221;inherit&#8221; column_padding_phone=&#8221;inherit&#8221; column_padding_position=&#8221;all&#8221; column_element_direction_desktop=&#8221;default&#8221; column_element_spacing=&#8221;default&#8221; desktop_text_alignment=&#8221;default&#8221; tablet_text_alignment=&#8221;default&#8221; phone_text_alignment=&#8221;default&#8221; background_color_opacity=&#8221;1&#8243; background_hover_color_opacity=&#8221;1&#8243; column_backdrop_filter=&#8221;none&#8221; column_shadow=&#8221;none&#8221; column_border_radius=&#8221;none&#8221; column_link_target=&#8221;_self&#8221; column_position=&#8221;default&#8221; gradient_direction=&#8221;left_to_right&#8221; overlay_strength=&#8221;0.3&#8243; width=&#8221;1\/1&#8243; tablet_width_inherit=&#8221;default&#8221; animation_type=&#8221;default&#8221; bg_image_animation=&#8221;none&#8221; border_type=&#8221;simple&#8221; column_border_width=&#8221;none&#8221; column_border_style=&#8221;solid&#8221;][vc_column_text]\n<ul>\n<li><strong><em>En el Foro de Gesti\u00f3n de Corredur\u00edas tendr\u00e1n lugar cuatro bloques que contar\u00e1n con ponentes de referentes del sector, as\u00ed como un acto acad\u00e9mico de la VI Edici\u00f3n del Programa de Desarrollo Directivo Fundaci\u00f3n ADECOSE-UEM<\/em><\/strong><\/li>\n<\/ul>\n[\/vc_column_text][vc_column_text]\n<ul>\n<li><strong><em>Posteriormente, se celebrar\u00e1 un almuerzo al que asistir\u00e1n los socios de ADECOSE y representantes de compa\u00f1\u00edas aseguradoras e instituciones.<\/em><\/strong><\/li>\n<\/ul>\n[\/vc_column_text][vc_column_text]ADECOSE celebrar\u00e1 su tradicional <strong>Foro de Gesti\u00f3n de Corredur\u00edas<\/strong> el pr\u00f3ximo <strong>23 de octubre<\/strong> en el hotel <strong>Hyatt Regency Hesperia de Madrid<\/strong>. Posteriormente, tendr\u00e1 lugar un almuerzo al que asistir\u00e1n los socios de ADECOSE, as\u00ed como representantes de compa\u00f1\u00edas aseguradoras e instituciones.<\/p>\n<p>En esta nueva edici\u00f3n del Foro de Gesti\u00f3n de Corredur\u00edas, la <strong>vig\u00e9simo s\u00e9ptima<\/strong>, se suceder\u00e1n varias ponencias y mesas de debates donde se abordar\u00e1n temas de actualidad para las corredur\u00edas de seguros. El primer bloque tratar\u00e1 toda la normativa que actualmente se est\u00e1 tramitando en las instituciones europeas que afecta al sector asegurador y, en especial a la mediaci\u00f3n de seguros. Para ello, se contar\u00e1 con la visita especial de <strong>Nic De Maesschalck<\/strong>, director de <strong>BIPAR<\/strong> (Federaci\u00f3n Europea de Intermediarios de Seguros) que compartir\u00e1 reflexiones con <strong>Juan Ram\u00f3n Pl\u00e1<\/strong>, Vocal extraordinario del \u00c1rea Internacional de ADECOSE y <strong>Borja L\u00f3pez-Chicheri<\/strong>, director gerente de <strong>ADECOSE<\/strong>.<\/p>\n<p>La segunda intervenci\u00f3n, tratar\u00e1 de un tema tan actual y con tanta repercusi\u00f3n, no solo en el sector, sino en nuestra sociedad, como es la incidencia del <strong>cambio clim\u00e1tico en las cat\u00e1strofes naturales<\/strong>, as\u00ed como el impacto consecuente. <strong>Francisco Espejo<\/strong>, subdirector de Estudios y Relaciones Internacionales del Consorcio de Compensaci\u00f3n de Seguros, ser\u00e1 el encargado de, no solo reforzar <strong>el papel del Consorcio de Compensaci\u00f3n de Seguros en Espa\u00f1a,<\/strong> sino trasladar los desaf\u00edos a los que se enfrenta el seguro en cuanto al incremento de riesgos catastr\u00f3ficos.<\/p>\n<p>Los alumnos de la <strong>VI Edici\u00f3n del Programa de Desarrollo Directivo <\/strong>de la<strong> Fundaci\u00f3n ADECOSE <\/strong>en colaboraci\u00f3n con la<strong> Universidad Europea de Madrid<\/strong>, tendr\u00e1n tambi\u00e9n su momento protagonista durante la jornada. El equipo, cuyo proyecto fin de curso, ha sido elegido como el mejor por un tribunal profesional y acad\u00e9mico, presentar\u00e1 su idea de negocio ante los presentes y adem\u00e1s se har\u00e1 el acto entrega de diplomas.<\/p>\n<p>La tradicional<strong> Mesa Redonda sobre Pol\u00edtica de Renovaciones <\/strong>tendr\u00e1 lugar a continuaci\u00f3n, contando con la opini\u00f3n de los l\u00edderes de las compa\u00f1\u00edas aseguradoras y reaseguradoras: <strong>Mar\u00eda Mart\u00ednez<\/strong>, directora general de ERGO Seguros de Viaje; <strong>Dominique Uzel<\/strong>, director general de negocio de Santaluc\u00eda Seguros; <strong>Carlos Hern\u00e1ndez<\/strong>, director general adjunto de negocio de SegurCaixa Adeslas; y <strong>Marga Gabarr\u00f3<\/strong>, directora de finanzas, operaciones y IT de Zurich. La mesa ser\u00e1 moderada por <strong>Mart\u00edn Navaz<\/strong>, presidente de ADECOSE.<\/p>\n<p>Por \u00faltimo, contaremos con la ponencia de <strong>Elizabeth Vogt de Weber,<\/strong> recientemente nombrada presidenta de COPAPROSE (Confederaci\u00f3n Panamericana de Productores de Seguros), primera presidenta en los 56 a\u00f1os de historia de la organizaci\u00f3n y cuya legislatura se encuentra respaldada desde ADECOSE por una vocal\u00eda de <strong>Mart\u00edn Navaz<\/strong>. Ambos expondr\u00e1n los proyectos de la organizaci\u00f3n para los dos pr\u00f3ximos a\u00f1os de mandato, temas como la formaci\u00f3n, digitalizaci\u00f3n y regulaci\u00f3n entre otros.<\/p>\n<p>Y como es habitual, se dar\u00e1 paso a un <strong>almuerzo en el mismo hotel<\/strong> al que asistir\u00e1n los socios de ADECOSE, as\u00ed como representantes de compa\u00f1\u00edas aseguradoras e instituciones. Cabe destacar que este evento es uno de los m\u00e1s relevantes de la Asociaci\u00f3n, que cada a\u00f1o re\u00fane a m\u00e1s de 200 directivos del sector para intercambiar opiniones sobre temas de inter\u00e9s.[\/vc_column_text][\/vc_column][\/vc_row]\n","protected":false},"excerpt":{"rendered":"<p>[vc_row type=&#8221;in_container&#8221; full_screen_row_position=&#8221;middle&#8221; column_margin=&#8221;default&#8221; column_direction=&#8221;default&#8221; column_direction_tablet=&#8221;default&#8221; column_direction_phone=&#8221;default&#8221; scene_position=&#8221;center&#8221; text_color=&#8221;dark&#8221; text_align=&#8221;left&#8221; row_border_radius=&#8221;none&#8221; row_border_radius_applies=&#8221;bg&#8221; overflow=&#8221;visible&#8221; overlay_strength=&#8221;0.3&#8243; gradient_direction=&#8221;left_to_right&#8221; shape_divider_position=&#8221;bottom&#8221; bg_image_animation=&#8221;none&#8221;][vc_column column_padding=&#8221;no-extra-padding&#8221; column_padding_tablet=&#8221;inherit&#8221; column_padding_phone=&#8221;inherit&#8221; column_padding_position=&#8221;all&#8221; column_element_direction_desktop=&#8221;default&#8221; column_element_spacing=&#8221;default&#8221; desktop_text_alignment=&#8221;default&#8221; tablet_text_alignment=&#8221;default&#8221;&#8230;<\/p>\n","protected":false},"author":197,"featured_media":15427,"comment_status":"closed","ping_status":"closed","sticky":false,"template":"","format":"standard","meta":{"_acf_changed":false,"_price":"","_stock":"","_tribe_ticket_header":"","_tribe_default_ticket_provider":"","_tribe_ticket_capacity":"0","_ticket_start_date":"","_ticket_end_date":"","_tribe_ticket_show_description":"","_tribe_ticket_show_not_going":false,"_tribe_ticket_use_global_stock":"","_tribe_ticket_global_stock_level":"","_global_stock_mode":"","_global_stock_cap":"","_tribe_rsvp_for_event":"","_tribe_ticket_going_count":"","_tribe_ticket_not_going_count":"","_tribe_tickets_list":"[]","_tribe_ticket_has_attendee_info_fields":false,"footnotes":""},"categories":[2],"tags":[],"class_list":["post-15425","post","type-post","status-publish","format-standard","has-post-thumbnail","category-noticias"],"acf":[],"yoast_head":"<!-- This site is optimized with the Yoast SEO plugin v27.2 - https:\/\/yoast.com\/product\/yoast-seo-wordpress\/ -->\n<title>ADECOSE celebrar\u00e1 la XXVII Edici\u00f3n del Foro de Gesti\u00f3n de Corredur\u00edas el pr\u00f3ximo 23 de octubre - ADECOSE<\/title>\n<meta name=\"robots\" content=\"index, follow, max-snippet:-1, max-image-preview:large, max-video-preview:-1\" \/>\n<link rel=\"canonical\" href=\"https:\/\/www.adecose.com\/adecose-celebrara-la-xxvii-edicion-del-foro-de-gestion-de-corredurias-el-proximo-23-de-octubre\/\" \/>\n<meta property=\"og:locale\" content=\"ca_ES\" \/>\n<meta property=\"og:type\" content=\"article\" \/>\n<meta property=\"og:title\" content=\"ADECOSE celebrar\u00e1 la XXVII Edici\u00f3n del Foro de Gesti\u00f3n de Corredur\u00edas el pr\u00f3ximo 23 de octubre - ADECOSE\" \/>\n<meta property=\"og:description\" content=\"[vc_row type=&#8221;in_container&#8221; full_screen_row_position=&#8221;middle&#8221; column_margin=&#8221;default&#8221; column_direction=&#8221;default&#8221; column_direction_tablet=&#8221;default&#8221; column_direction_phone=&#8221;default&#8221; scene_position=&#8221;center&#8221; text_color=&#8221;dark&#8221; text_align=&#8221;left&#8221; row_border_radius=&#8221;none&#8221; row_border_radius_applies=&#8221;bg&#8221; overflow=&#8221;visible&#8221; overlay_strength=&#8221;0.3&#8243; gradient_direction=&#8221;left_to_right&#8221; shape_divider_position=&#8221;bottom&#8221; bg_image_animation=&#8221;none&#8221;][vc_column column_padding=&#8221;no-extra-padding&#8221; column_padding_tablet=&#8221;inherit&#8221; column_padding_phone=&#8221;inherit&#8221; column_padding_position=&#8221;all&#8221; column_element_direction_desktop=&#8221;default&#8221; column_element_spacing=&#8221;default&#8221; desktop_text_alignment=&#8221;default&#8221; tablet_text_alignment=&#8221;default&#8221;...\" \/>\n<meta property=\"og:url\" content=\"https:\/\/www.adecose.com\/adecose-celebrara-la-xxvii-edicion-del-foro-de-gestion-de-corredurias-el-proximo-23-de-octubre\/\" \/>\n<meta property=\"og:site_name\" content=\"ADECOSE\" \/>\n<meta property=\"article:published_time\" content=\"2023-09-28T10:59:20+00:00\" \/>\n<meta property=\"article:modified_time\" content=\"2023-10-06T11:43:22+00:00\" \/>\n<meta property=\"og:image\" content=\"https:\/\/www.adecose.com\/wp-content\/uploads\/2023\/09\/Imagen-1.png\" \/>\n\t<meta property=\"og:image:width\" content=\"1191\" \/>\n\t<meta property=\"og:image:height\" content=\"745\" \/>\n\t<meta property=\"og:image:type\" content=\"image\/png\" \/>\n<meta name=\"author\" content=\"Comunicaci\u00f3n ADECOSE\" \/>\n<meta name=\"twitter:card\" content=\"summary_large_image\" \/>\n<meta name=\"twitter:label1\" content=\"Escrit per\" \/>\n\t<meta name=\"twitter:data1\" content=\"Comunicaci\u00f3n ADECOSE\" \/>\n\t<meta name=\"twitter:label2\" content=\"Temps estimat de lectura\" \/>\n\t<meta name=\"twitter:data2\" content=\"3 minuts\" \/>\n<script type=\"application\/ld+json\" class=\"yoast-schema-graph\">{\"@context\":\"https:\/\/schema.org\",\"@graph\":[{\"@type\":\"Article\",\"@id\":\"https:\/\/www.adecose.com\/adecose-celebrara-la-xxvii-edicion-del-foro-de-gestion-de-corredurias-el-proximo-23-de-octubre\/#article\",\"isPartOf\":{\"@id\":\"https:\/\/www.adecose.com\/adecose-celebrara-la-xxvii-edicion-del-foro-de-gestion-de-corredurias-el-proximo-23-de-octubre\/\"},\"author\":{\"name\":\"Comunicaci\u00f3n ADECOSE\",\"@id\":\"https:\/\/www.adecose.com\/gl\/#\/schema\/person\/ff086ce55f6379e1d225a2c0dca5eeb6\"},\"headline\":\"ADECOSE celebrar\u00e1 la XXVII Edici\u00f3n del Foro de Gesti\u00f3n de Corredur\u00edas el pr\u00f3ximo 23 de octubre\",\"datePublished\":\"2023-09-28T10:59:20+00:00\",\"dateModified\":\"2023-10-06T11:43:22+00:00\",\"mainEntityOfPage\":{\"@id\":\"https:\/\/www.adecose.com\/adecose-celebrara-la-xxvii-edicion-del-foro-de-gestion-de-corredurias-el-proximo-23-de-octubre\/\"},\"wordCount\":820,\"publisher\":{\"@id\":\"https:\/\/www.adecose.com\/gl\/#organization\"},\"image\":{\"@id\":\"https:\/\/www.adecose.com\/adecose-celebrara-la-xxvii-edicion-del-foro-de-gestion-de-corredurias-el-proximo-23-de-octubre\/#primaryimage\"},\"thumbnailUrl\":\"https:\/\/www.adecose.com\/wp-content\/uploads\/2023\/09\/Imagen-1.png\",\"articleSection\":[\"Noticias\"],\"inLanguage\":\"ca\"},{\"@type\":\"WebPage\",\"@id\":\"https:\/\/www.adecose.com\/adecose-celebrara-la-xxvii-edicion-del-foro-de-gestion-de-corredurias-el-proximo-23-de-octubre\/\",\"url\":\"https:\/\/www.adecose.com\/adecose-celebrara-la-xxvii-edicion-del-foro-de-gestion-de-corredurias-el-proximo-23-de-octubre\/\",\"name\":\"ADECOSE celebrar\u00e1 la XXVII Edici\u00f3n del Foro de Gesti\u00f3n de Corredur\u00edas el pr\u00f3ximo 23 de octubre - ADECOSE\",\"isPartOf\":{\"@id\":\"https:\/\/www.adecose.com\/gl\/#website\"},\"primaryImageOfPage\":{\"@id\":\"https:\/\/www.adecose.com\/adecose-celebrara-la-xxvii-edicion-del-foro-de-gestion-de-corredurias-el-proximo-23-de-octubre\/#primaryimage\"},\"image\":{\"@id\":\"https:\/\/www.adecose.com\/adecose-celebrara-la-xxvii-edicion-del-foro-de-gestion-de-corredurias-el-proximo-23-de-octubre\/#primaryimage\"},\"thumbnailUrl\":\"https:\/\/www.adecose.com\/wp-content\/uploads\/2023\/09\/Imagen-1.png\",\"datePublished\":\"2023-09-28T10:59:20+00:00\",\"dateModified\":\"2023-10-06T11:43:22+00:00\",\"breadcrumb\":{\"@id\":\"https:\/\/www.adecose.com\/adecose-celebrara-la-xxvii-edicion-del-foro-de-gestion-de-corredurias-el-proximo-23-de-octubre\/#breadcrumb\"},\"inLanguage\":\"ca\",\"potentialAction\":[{\"@type\":\"ReadAction\",\"target\":[\"https:\/\/www.adecose.com\/adecose-celebrara-la-xxvii-edicion-del-foro-de-gestion-de-corredurias-el-proximo-23-de-octubre\/\"]}]},{\"@type\":\"ImageObject\",\"inLanguage\":\"ca\",\"@id\":\"https:\/\/www.adecose.com\/adecose-celebrara-la-xxvii-edicion-del-foro-de-gestion-de-corredurias-el-proximo-23-de-octubre\/#primaryimage\",\"url\":\"https:\/\/www.adecose.com\/wp-content\/uploads\/2023\/09\/Imagen-1.png\",\"contentUrl\":\"https:\/\/www.adecose.com\/wp-content\/uploads\/2023\/09\/Imagen-1.png\",\"width\":1191,\"height\":745},{\"@type\":\"BreadcrumbList\",\"@id\":\"https:\/\/www.adecose.com\/adecose-celebrara-la-xxvii-edicion-del-foro-de-gestion-de-corredurias-el-proximo-23-de-octubre\/#breadcrumb\",\"itemListElement\":[{\"@type\":\"ListItem\",\"position\":1,\"name\":\"Portada\",\"item\":\"https:\/\/www.adecose.com\/ca\/associacio-espanyola-de-corredories-dassegurances-i-reassegurances\/\"},{\"@type\":\"ListItem\",\"position\":2,\"name\":\"ADECOSE celebrar\u00e1 la XXVII Edici\u00f3n del Foro de Gesti\u00f3n de Corredur\u00edas el pr\u00f3ximo 23 de octubre\"}]},{\"@type\":\"WebSite\",\"@id\":\"https:\/\/www.adecose.com\/gl\/#website\",\"url\":\"https:\/\/www.adecose.com\/gl\/\",\"name\":\"ADECOSE\",\"description\":\"Associaci\u00f3 Espanyola de Corredories d\u2019Assegurances i Reassegurances\",\"publisher\":{\"@id\":\"https:\/\/www.adecose.com\/gl\/#organization\"},\"potentialAction\":[{\"@type\":\"SearchAction\",\"target\":{\"@type\":\"EntryPoint\",\"urlTemplate\":\"https:\/\/www.adecose.com\/gl\/?s={search_term_string}\"},\"query-input\":{\"@type\":\"PropertyValueSpecification\",\"valueRequired\":true,\"valueName\":\"search_term_string\"}}],\"inLanguage\":\"ca\"},{\"@type\":\"Organization\",\"@id\":\"https:\/\/www.adecose.com\/gl\/#organization\",\"name\":\"ADECOSE\",\"url\":\"https:\/\/www.adecose.com\/gl\/\",\"logo\":{\"@type\":\"ImageObject\",\"inLanguage\":\"ca\",\"@id\":\"https:\/\/www.adecose.com\/gl\/#\/schema\/logo\/image\/\",\"url\":\"https:\/\/www.adecose.com\/wp-content\/uploads\/2020\/07\/favicon.png\",\"contentUrl\":\"https:\/\/www.adecose.com\/wp-content\/uploads\/2020\/07\/favicon.png\",\"width\":512,\"height\":512,\"caption\":\"ADECOSE\"},\"image\":{\"@id\":\"https:\/\/www.adecose.com\/gl\/#\/schema\/logo\/image\/\"}},{\"@type\":\"Person\",\"@id\":\"https:\/\/www.adecose.com\/gl\/#\/schema\/person\/ff086ce55f6379e1d225a2c0dca5eeb6\",\"name\":\"Comunicaci\u00f3n ADECOSE\",\"image\":{\"@type\":\"ImageObject\",\"inLanguage\":\"ca\",\"@id\":\"https:\/\/secure.gravatar.com\/avatar\/01cd1f9571997441bf1da6d1cc147351305f03fe8f2acf1ebbec60ebb26924ce?s=96&d=mm&r=g\",\"url\":\"https:\/\/secure.gravatar.com\/avatar\/01cd1f9571997441bf1da6d1cc147351305f03fe8f2acf1ebbec60ebb26924ce?s=96&d=mm&r=g\",\"contentUrl\":\"https:\/\/secure.gravatar.com\/avatar\/01cd1f9571997441bf1da6d1cc147351305f03fe8f2acf1ebbec60ebb26924ce?s=96&d=mm&r=g\",\"caption\":\"Comunicaci\u00f3n ADECOSE\"}}]}<\/script>\n<!-- \/ Yoast SEO plugin. -->","yoast_head_json":{"title":"ADECOSE celebrar\u00e1 la XXVII Edici\u00f3n del Foro de Gesti\u00f3n de Corredur\u00edas el pr\u00f3ximo 23 de octubre - ADECOSE","robots":{"index":"index","follow":"follow","max-snippet":"max-snippet:-1","max-image-preview":"max-image-preview:large","max-video-preview":"max-video-preview:-1"},"canonical":"https:\/\/www.adecose.com\/adecose-celebrara-la-xxvii-edicion-del-foro-de-gestion-de-corredurias-el-proximo-23-de-octubre\/","og_locale":"ca_ES","og_type":"article","og_title":"ADECOSE celebrar\u00e1 la XXVII Edici\u00f3n del Foro de Gesti\u00f3n de Corredur\u00edas el pr\u00f3ximo 23 de octubre - ADECOSE","og_description":"[vc_row type=&#8221;in_container&#8221; full_screen_row_position=&#8221;middle&#8221; column_margin=&#8221;default&#8221; column_direction=&#8221;default&#8221; column_direction_tablet=&#8221;default&#8221; column_direction_phone=&#8221;default&#8221; scene_position=&#8221;center&#8221; text_color=&#8221;dark&#8221; text_align=&#8221;left&#8221; row_border_radius=&#8221;none&#8221; row_border_radius_applies=&#8221;bg&#8221; overflow=&#8221;visible&#8221; overlay_strength=&#8221;0.3&#8243; gradient_direction=&#8221;left_to_right&#8221; shape_divider_position=&#8221;bottom&#8221; bg_image_animation=&#8221;none&#8221;][vc_column column_padding=&#8221;no-extra-padding&#8221; column_padding_tablet=&#8221;inherit&#8221; column_padding_phone=&#8221;inherit&#8221; column_padding_position=&#8221;all&#8221; column_element_direction_desktop=&#8221;default&#8221; column_element_spacing=&#8221;default&#8221; desktop_text_alignment=&#8221;default&#8221; tablet_text_alignment=&#8221;default&#8221;...","og_url":"https:\/\/www.adecose.com\/adecose-celebrara-la-xxvii-edicion-del-foro-de-gestion-de-corredurias-el-proximo-23-de-octubre\/","og_site_name":"ADECOSE","article_published_time":"2023-09-28T10:59:20+00:00","article_modified_time":"2023-10-06T11:43:22+00:00","og_image":[{"width":1191,"height":745,"url":"https:\/\/www.adecose.com\/wp-content\/uploads\/2023\/09\/Imagen-1.png","type":"image\/png"}],"author":"Comunicaci\u00f3n ADECOSE","twitter_card":"summary_large_image","twitter_misc":{"Escrit per":"Comunicaci\u00f3n ADECOSE","Temps estimat de lectura":"3 minuts"},"schema":{"@context":"https:\/\/schema.org","@graph":[{"@type":"Article","@id":"https:\/\/www.adecose.com\/adecose-celebrara-la-xxvii-edicion-del-foro-de-gestion-de-corredurias-el-proximo-23-de-octubre\/#article","isPartOf":{"@id":"https:\/\/www.adecose.com\/adecose-celebrara-la-xxvii-edicion-del-foro-de-gestion-de-corredurias-el-proximo-23-de-octubre\/"},"author":{"name":"Comunicaci\u00f3n ADECOSE","@id":"https:\/\/www.adecose.com\/gl\/#\/schema\/person\/ff086ce55f6379e1d225a2c0dca5eeb6"},"headline":"ADECOSE celebrar\u00e1 la XXVII Edici\u00f3n del Foro de Gesti\u00f3n de Corredur\u00edas el pr\u00f3ximo 23 de octubre","datePublished":"2023-09-28T10:59:20+00:00","dateModified":"2023-10-06T11:43:22+00:00","mainEntityOfPage":{"@id":"https:\/\/www.adecose.com\/adecose-celebrara-la-xxvii-edicion-del-foro-de-gestion-de-corredurias-el-proximo-23-de-octubre\/"},"wordCount":820,"publisher":{"@id":"https:\/\/www.adecose.com\/gl\/#organization"},"image":{"@id":"https:\/\/www.adecose.com\/adecose-celebrara-la-xxvii-edicion-del-foro-de-gestion-de-corredurias-el-proximo-23-de-octubre\/#primaryimage"},"thumbnailUrl":"https:\/\/www.adecose.com\/wp-content\/uploads\/2023\/09\/Imagen-1.png","articleSection":["Noticias"],"inLanguage":"ca"},{"@type":"WebPage","@id":"https:\/\/www.adecose.com\/adecose-celebrara-la-xxvii-edicion-del-foro-de-gestion-de-corredurias-el-proximo-23-de-octubre\/","url":"https:\/\/www.adecose.com\/adecose-celebrara-la-xxvii-edicion-del-foro-de-gestion-de-corredurias-el-proximo-23-de-octubre\/","name":"ADECOSE celebrar\u00e1 la XXVII Edici\u00f3n del Foro de Gesti\u00f3n de Corredur\u00edas el pr\u00f3ximo 23 de octubre - ADECOSE","isPartOf":{"@id":"https:\/\/www.adecose.com\/gl\/#website"},"primaryImageOfPage":{"@id":"https:\/\/www.adecose.com\/adecose-celebrara-la-xxvii-edicion-del-foro-de-gestion-de-corredurias-el-proximo-23-de-octubre\/#primaryimage"},"image":{"@id":"https:\/\/www.adecose.com\/adecose-celebrara-la-xxvii-edicion-del-foro-de-gestion-de-corredurias-el-proximo-23-de-octubre\/#primaryimage"},"thumbnailUrl":"https:\/\/www.adecose.com\/wp-content\/uploads\/2023\/09\/Imagen-1.png","datePublished":"2023-09-28T10:59:20+00:00","dateModified":"2023-10-06T11:43:22+00:00","breadcrumb":{"@id":"https:\/\/www.adecose.com\/adecose-celebrara-la-xxvii-edicion-del-foro-de-gestion-de-corredurias-el-proximo-23-de-octubre\/#breadcrumb"},"inLanguage":"ca","potentialAction":[{"@type":"ReadAction","target":["https:\/\/www.adecose.com\/adecose-celebrara-la-xxvii-edicion-del-foro-de-gestion-de-corredurias-el-proximo-23-de-octubre\/"]}]},{"@type":"ImageObject","inLanguage":"ca","@id":"https:\/\/www.adecose.com\/adecose-celebrara-la-xxvii-edicion-del-foro-de-gestion-de-corredurias-el-proximo-23-de-octubre\/#primaryimage","url":"https:\/\/www.adecose.com\/wp-content\/uploads\/2023\/09\/Imagen-1.png","contentUrl":"https:\/\/www.adecose.com\/wp-content\/uploads\/2023\/09\/Imagen-1.png","width":1191,"height":745},{"@type":"BreadcrumbList","@id":"https:\/\/www.adecose.com\/adecose-celebrara-la-xxvii-edicion-del-foro-de-gestion-de-corredurias-el-proximo-23-de-octubre\/#breadcrumb","itemListElement":[{"@type":"ListItem","position":1,"name":"Portada","item":"https:\/\/www.adecose.com\/ca\/associacio-espanyola-de-corredories-dassegurances-i-reassegurances\/"},{"@type":"ListItem","position":2,"name":"ADECOSE celebrar\u00e1 la XXVII Edici\u00f3n del Foro de Gesti\u00f3n de Corredur\u00edas el pr\u00f3ximo 23 de octubre"}]},{"@type":"WebSite","@id":"https:\/\/www.adecose.com\/gl\/#website","url":"https:\/\/www.adecose.com\/gl\/","name":"ADECOSE","description":"Associaci\u00f3 Espanyola de Corredories d\u2019Assegurances i Reassegurances","publisher":{"@id":"https:\/\/www.adecose.com\/gl\/#organization"},"potentialAction":[{"@type":"SearchAction","target":{"@type":"EntryPoint","urlTemplate":"https:\/\/www.adecose.com\/gl\/?s={search_term_string}"},"query-input":{"@type":"PropertyValueSpecification","valueRequired":true,"valueName":"search_term_string"}}],"inLanguage":"ca"},{"@type":"Organization","@id":"https:\/\/www.adecose.com\/gl\/#organization","name":"ADECOSE","url":"https:\/\/www.adecose.com\/gl\/","logo":{"@type":"ImageObject","inLanguage":"ca","@id":"https:\/\/www.adecose.com\/gl\/#\/schema\/logo\/image\/","url":"https:\/\/www.adecose.com\/wp-content\/uploads\/2020\/07\/favicon.png","contentUrl":"https:\/\/www.adecose.com\/wp-content\/uploads\/2020\/07\/favicon.png","width":512,"height":512,"caption":"ADECOSE"},"image":{"@id":"https:\/\/www.adecose.com\/gl\/#\/schema\/logo\/image\/"}},{"@type":"Person","@id":"https:\/\/www.adecose.com\/gl\/#\/schema\/person\/ff086ce55f6379e1d225a2c0dca5eeb6","name":"Comunicaci\u00f3n ADECOSE","image":{"@type":"ImageObject","inLanguage":"ca","@id":"https:\/\/secure.gravatar.com\/avatar\/01cd1f9571997441bf1da6d1cc147351305f03fe8f2acf1ebbec60ebb26924ce?s=96&d=mm&r=g","url":"https:\/\/secure.gravatar.com\/avatar\/01cd1f9571997441bf1da6d1cc147351305f03fe8f2acf1ebbec60ebb26924ce?s=96&d=mm&r=g","contentUrl":"https:\/\/secure.gravatar.com\/avatar\/01cd1f9571997441bf1da6d1cc147351305f03fe8f2acf1ebbec60ebb26924ce?s=96&d=mm&r=g","caption":"Comunicaci\u00f3n ADECOSE"}}]}},"_links":{"self":[{"href":"https:\/\/www.adecose.com\/ca\/wp-json\/wp\/v2\/posts\/15425","targetHints":{"allow":["GET"]}}],"collection":[{"href":"https:\/\/www.adecose.com\/ca\/wp-json\/wp\/v2\/posts"}],"about":[{"href":"https:\/\/www.adecose.com\/ca\/wp-json\/wp\/v2\/types\/post"}],"author":[{"embeddable":true,"href":"https:\/\/www.adecose.com\/ca\/wp-json\/wp\/v2\/users\/197"}],"replies":[{"embeddable":true,"href":"https:\/\/www.adecose.com\/ca\/wp-json\/wp\/v2\/comments?post=15425"}],"version-history":[{"count":0,"href":"https:\/\/www.adecose.com\/ca\/wp-json\/wp\/v2\/posts\/15425\/revisions"}],"wp:featuredmedia":[{"embeddable":true,"href":"https:\/\/www.adecose.com\/ca\/wp-json\/wp\/v2\/media\/15427"}],"wp:attachment":[{"href":"https:\/\/www.adecose.com\/ca\/wp-json\/wp\/v2\/media?parent=15425"}],"wp:term":[{"taxonomy":"category","embeddable":true,"href":"https:\/\/www.adecose.com\/ca\/wp-json\/wp\/v2\/categories?post=15425"},{"taxonomy":"post_tag","embeddable":true,"href":"https:\/\/www.adecose.com\/ca\/wp-json\/wp\/v2\/tags?post=15425"}],"curies":[{"name":"wp","href":"https:\/\/api.w.org\/{rel}","templated":true}]}}