{"id":15186,"date":"2023-07-21T08:57:48","date_gmt":"2023-07-21T06:57:48","guid":{"rendered":"https:\/\/www.adecose.com\/?p=15186"},"modified":"2023-07-21T08:58:04","modified_gmt":"2023-07-21T06:58:04","slug":"gexbrok-member-of-etl-global-crece-en-cataluna-madrid-y-extremadura-con-la-adquisicion-de-tres-corredurias-de-seguros","status":"publish","type":"post","link":"https:\/\/www.adecose.com\/ca\/gexbrok-member-of-etl-global-crece-en-cataluna-madrid-y-extremadura-con-la-adquisicion-de-tres-corredurias-de-seguros\/","title":{"rendered":"GexBrok | Member of ETL GLOBAL crece en Catalu\u00f1a, Madrid y Extremadura con la adquisici\u00f3n de tres corredur\u00edas de seguros"},"content":{"rendered":"[vc_row type=&#8221;in_container&#8221; full_screen_row_position=&#8221;middle&#8221; column_margin=&#8221;default&#8221; column_direction=&#8221;default&#8221; column_direction_tablet=&#8221;default&#8221; column_direction_phone=&#8221;default&#8221; scene_position=&#8221;center&#8221; text_color=&#8221;dark&#8221; text_align=&#8221;left&#8221; row_border_radius=&#8221;none&#8221; row_border_radius_applies=&#8221;bg&#8221; overflow=&#8221;visible&#8221; overlay_strength=&#8221;0.3&#8243; gradient_direction=&#8221;left_to_right&#8221; shape_divider_position=&#8221;bottom&#8221; bg_image_animation=&#8221;none&#8221;][vc_column column_padding=&#8221;no-extra-padding&#8221; column_padding_tablet=&#8221;inherit&#8221; column_padding_phone=&#8221;inherit&#8221; column_padding_position=&#8221;all&#8221; column_element_direction_desktop=&#8221;default&#8221; column_element_spacing=&#8221;default&#8221; desktop_text_alignment=&#8221;default&#8221; tablet_text_alignment=&#8221;default&#8221; phone_text_alignment=&#8221;default&#8221; background_color_opacity=&#8221;1&#8243; background_hover_color_opacity=&#8221;1&#8243; column_backdrop_filter=&#8221;none&#8221; column_shadow=&#8221;none&#8221; column_border_radius=&#8221;none&#8221; column_link_target=&#8221;_self&#8221; column_position=&#8221;default&#8221; gradient_direction=&#8221;left_to_right&#8221; overlay_strength=&#8221;0.3&#8243; width=&#8221;1\/1&#8243; tablet_width_inherit=&#8221;default&#8221; animation_type=&#8221;default&#8221; bg_image_animation=&#8221;none&#8221; border_type=&#8221;simple&#8221; column_border_width=&#8221;none&#8221; column_border_style=&#8221;solid&#8221;][vc_column_text]\n<ul>\n<li><strong><em>GexBrok ha adquirido recientemente tres nuevas corredur\u00edas de seguros en las ciudades de Barcelona, Madrid y C\u00e1ceres que pasar\u00e1n a formar parte del negocio propio de GexBrok.<\/em><\/strong><\/li>\n<\/ul>\n[\/vc_column_text][vc_column_text]\n<ul>\n<li><strong><em>El equipo de GexBrok pasar\u00e1 a estar formado por un total de 25 profesionales distribuidos en sus delegaciones de C\u00e1ceres, M\u00e9rida, Madrid y Barcelona.<\/em><\/strong><\/li>\n<\/ul>\n[\/vc_column_text][vc_column_text]La corredur\u00eda de seguros GexBrok, con m\u00e1s de 35 a\u00f1os de experiencia en sector, socio de Cojebro y ADECOSE y miembro del grupo internacional ETL GLOBAL, acaba de cerrar un proceso de expansi\u00f3n a nivel nacional tras la integraci\u00f3n de tres nuevas corredur\u00edas de seguros, ubicadas en las ciudades de C\u00e1ceres, Madrid y Barcelona.<\/p>\n<p>Tras estas operaciones, el equipo de GexBrok pasar\u00e1 a estar formado por un total de 25 profesionales expertos en el sector de los seguros y la mediaci\u00f3n.<\/p>\n<p><strong>GexBrok integra a la firma catalana ICALI CORREDUR\u00cdA DE SEGUROS<\/strong><\/p>\n<p>La primera de estas integraciones ha tenido lugar en la ciudad de Barcelona donde se ha producido la integraci\u00f3n de la firma catalana ICALI CORREDUR\u00cdA DE SEGUROS, que acumula m\u00e1s de 30 a\u00f1os de experiencia asesorando a empresas, profesionales y particulares y ofreciendo seguros de todos los ramos.<\/p>\n<p>El equipo de ICALI est\u00e1 liderado por <strong>Josep Valldosera y Lidia Mart\u00ednez <\/strong>que destacan la importancia de esta integraci\u00f3n para el futuro de sus clientes: <em>\u201cPasamos a formar parte de un proyecto de mayor envergadura con el que, sin duda, nuestros clientes recibir\u00e1n un asesoramiento integral y m\u00e1s completo\u201d<\/em>.<\/p>\n<p>Esta nueva integraci\u00f3n es un \u00e9xito a\u00f1adido a los que ya viene cosechando GexBrok en Catalu\u00f1a, regi\u00f3n en la que se instal\u00f3 el pasado 2021 con la inauguraci\u00f3n de su primera oficina y tras la que se han materializado ya dos integraciones, una de ellas a finales del pasado a\u00f1o y la reciente integraci\u00f3n de ICALI. <strong>Jes\u00fas Mar\u00eda Garc\u00eda, director de desarrollo de negocio de GexBrok <\/strong>destaca que <em>\u201cllevamos varios a\u00f1os viendo como la concentraci\u00f3n de negocio en el sector de las corredur\u00edas es m\u00e1s que una realidad. Desde GexBrok somos conscientes, pero afrontamos este proceso apostando por aquellos proyectos que, como el de ICALI, nos ayuden a crecer y profesionalizar nuestros servicios\u201d<\/em>.<\/p>\n<p><strong>GexBrok crece en Madrid con la integraci\u00f3n de MOLINA MEDINA CORREDUR\u00cdA DE SEGUROS<\/strong><\/p>\n<p>GexBrok integr\u00f3 en el pasado mes de junio a la firma madrile\u00f1a MOLINA MEDINA, una corredur\u00eda de seguros ubicada en la localidad madrile\u00f1a de Fuenlabrada, que cuenta con m\u00e1s de 35 a\u00f1os de experiencia en la mediaci\u00f3n de seguros de los ramos de auto, hogar, vida y decesos.<\/p>\n<p>Con un equipo formado por dos profesionales, GexBrok afianza su presencia en la Comunidad de Madrid que pasar\u00e1 a tener dos oficinas en esta regi\u00f3n, una en la Calle Goya de Madrid y otra en la localidad madrile\u00f1a de Fuenlabrada. As\u00ed lo pone de manifiesto <strong>Jos\u00e9 \u00c1ngel Benito Cordero, director general de GexBrok <\/strong>\u201cDesembarcamos en Madrid hace m\u00e1s de cinco a\u00f1os y con esta nueva integraci\u00f3n se reafirma nuestro compromiso de seguir creciendo y ofreciendo nuestros servicios a un gran n\u00famero de empresas y particulares que quieran confiar en nosotros\u201d.<\/p>\n<p><strong>Una tercera integraci\u00f3n en C\u00e1ceres con la adquisici\u00f3n de ADECO CONSULTORES CORREDUR\u00cdA DE SEGUROS<\/strong><\/p>\n<p>En este mes de julio, GexBrok ha integrado a la corredur\u00eda de seguros ADECO CONSULTORES, ubicada en la ciudad de C\u00e1ceres, regi\u00f3n en la que GexBrok tiene su sede principal, afianzando su presencia en Extremadura.<\/p>\n<p>La adquisici\u00f3n de esta corredur\u00eda supone para GexBrok seguir creciendo en la regi\u00f3n en la que se encuentra radicada su sede y sus or\u00edgenes, al tiempo que contin\u00faa creciendo en otras regiones como Madrid o Barcelona. As\u00ed lo destaca <strong>Jos\u00e9 \u00c1ngel Benito Cordero, director general de GexBrok <\/strong><em>\u201cEste 2023 est\u00e1 siendo un gran a\u00f1o para GexBrok en el que estamos viendo crecer tanto nuestra Red \u00c9lite de colaboradores como nuestro negocio propio y la reciente integraci\u00f3n de ADECO CONSULTORES CORREDUR\u00cdA DE SEGUROS es prueba de ello\u201d<\/em>.<\/p>\n<p>La cartera de clientes de todas estas corredur\u00edas de seguros se beneficiar\u00e1 de la infraestructura tecnol\u00f3gica y humana de la que presume GexBrok: un equipo multidisciplinar de 25 profesionales y un soporte tecnol\u00f3gico que les permite ofrecer el mejor servicio a sus clientes.[\/vc_column_text][nectar_single_testimonial testimonial_style=&#8221;small_modern&#8221; color=&#8221;Default&#8221; quote=&#8221;\u201cEste 2023 est\u00e1 siendo un gran a\u00f1o para GexBrok en el que estamos viendo crecer tanto nuestra Red \u00c9lite de colaboradores como nuestro negocio propio y la reciente integraci\u00f3n de ADECO CONSULTORES CORREDUR\u00cdA DE SEGUROS es prueba de ello\u201d.&#8221; name=&#8221;Jos\u00e9 \u00c1ngel Benito Cordero&#8221; subtitle=&#8221;Director general de GexBrok&#8221;][\/vc_column][\/vc_row]\n","protected":false},"excerpt":{"rendered":"<p>[vc_row type=&#8221;in_container&#8221; full_screen_row_position=&#8221;middle&#8221; column_margin=&#8221;default&#8221; column_direction=&#8221;default&#8221; column_direction_tablet=&#8221;default&#8221; column_direction_phone=&#8221;default&#8221; scene_position=&#8221;center&#8221; text_color=&#8221;dark&#8221; text_align=&#8221;left&#8221; row_border_radius=&#8221;none&#8221; row_border_radius_applies=&#8221;bg&#8221; overflow=&#8221;visible&#8221; overlay_strength=&#8221;0.3&#8243; gradient_direction=&#8221;left_to_right&#8221; shape_divider_position=&#8221;bottom&#8221; bg_image_animation=&#8221;none&#8221;][vc_column column_padding=&#8221;no-extra-padding&#8221; column_padding_tablet=&#8221;inherit&#8221; column_padding_phone=&#8221;inherit&#8221; column_padding_position=&#8221;all&#8221; column_element_direction_desktop=&#8221;default&#8221; column_element_spacing=&#8221;default&#8221; desktop_text_alignment=&#8221;default&#8221; tablet_text_alignment=&#8221;default&#8221;&#8230;<\/p>\n","protected":false},"author":197,"featured_media":15187,"comment_status":"closed","ping_status":"closed","sticky":false,"template":"","format":"standard","meta":{"_acf_changed":false,"_price":"","_stock":"","_tribe_ticket_header":"","_tribe_default_ticket_provider":"","_tribe_ticket_capacity":"0","_ticket_start_date":"","_ticket_end_date":"","_tribe_ticket_show_description":"","_tribe_ticket_show_not_going":false,"_tribe_ticket_use_global_stock":"","_tribe_ticket_global_stock_level":"","_global_stock_mode":"","_global_stock_cap":"","_tribe_rsvp_for_event":"","_tribe_ticket_going_count":"","_tribe_ticket_not_going_count":"","_tribe_tickets_list":"[]","_tribe_ticket_has_attendee_info_fields":false,"footnotes":""},"categories":[339],"tags":[352,368],"class_list":["post-15186","post","type-post","status-publish","format-standard","has-post-thumbnail","category-espacio-correduriasadecose","tag-espacio-correduriasadecose","tag-gexbrok-member-of-etl-global"],"acf":[],"yoast_head":"<!-- This site is optimized with the Yoast SEO plugin v27.2 - https:\/\/yoast.com\/product\/yoast-seo-wordpress\/ -->\n<title>GexBrok | Member of ETL GLOBAL crece en Catalu\u00f1a, Madrid y Extremadura con la adquisici\u00f3n de tres corredur\u00edas de seguros - ADECOSE<\/title>\n<meta name=\"robots\" content=\"index, follow, max-snippet:-1, max-image-preview:large, max-video-preview:-1\" \/>\n<link rel=\"canonical\" href=\"https:\/\/www.adecose.com\/gexbrok-member-of-etl-global-crece-en-cataluna-madrid-y-extremadura-con-la-adquisicion-de-tres-corredurias-de-seguros\/\" \/>\n<meta property=\"og:locale\" content=\"ca_ES\" \/>\n<meta property=\"og:type\" content=\"article\" \/>\n<meta property=\"og:title\" content=\"GexBrok | Member of ETL GLOBAL crece en Catalu\u00f1a, Madrid y Extremadura con la adquisici\u00f3n de tres corredur\u00edas de seguros - ADECOSE\" \/>\n<meta property=\"og:description\" content=\"[vc_row type=&#8221;in_container&#8221; full_screen_row_position=&#8221;middle&#8221; column_margin=&#8221;default&#8221; column_direction=&#8221;default&#8221; column_direction_tablet=&#8221;default&#8221; column_direction_phone=&#8221;default&#8221; scene_position=&#8221;center&#8221; text_color=&#8221;dark&#8221; text_align=&#8221;left&#8221; row_border_radius=&#8221;none&#8221; row_border_radius_applies=&#8221;bg&#8221; overflow=&#8221;visible&#8221; overlay_strength=&#8221;0.3&#8243; gradient_direction=&#8221;left_to_right&#8221; shape_divider_position=&#8221;bottom&#8221; bg_image_animation=&#8221;none&#8221;][vc_column column_padding=&#8221;no-extra-padding&#8221; column_padding_tablet=&#8221;inherit&#8221; column_padding_phone=&#8221;inherit&#8221; column_padding_position=&#8221;all&#8221; column_element_direction_desktop=&#8221;default&#8221; column_element_spacing=&#8221;default&#8221; desktop_text_alignment=&#8221;default&#8221; tablet_text_alignment=&#8221;default&#8221;...\" \/>\n<meta property=\"og:url\" content=\"https:\/\/www.adecose.com\/gexbrok-member-of-etl-global-crece-en-cataluna-madrid-y-extremadura-con-la-adquisicion-de-tres-corredurias-de-seguros\/\" \/>\n<meta property=\"og:site_name\" content=\"ADECOSE\" \/>\n<meta property=\"article:published_time\" content=\"2023-07-21T06:57:48+00:00\" \/>\n<meta property=\"article:modified_time\" content=\"2023-07-21T06:58:04+00:00\" \/>\n<meta property=\"og:image\" content=\"https:\/\/www.adecose.com\/wp-content\/uploads\/2023\/07\/Imagen-12.jpg\" \/>\n\t<meta property=\"og:image:width\" content=\"572\" \/>\n\t<meta property=\"og:image:height\" content=\"326\" \/>\n\t<meta property=\"og:image:type\" content=\"image\/jpeg\" \/>\n<meta name=\"author\" content=\"Comunicaci\u00f3n ADECOSE\" \/>\n<meta name=\"twitter:card\" content=\"summary_large_image\" \/>\n<meta name=\"twitter:label1\" content=\"Escrit per\" \/>\n\t<meta name=\"twitter:data1\" content=\"Comunicaci\u00f3n ADECOSE\" \/>\n\t<meta name=\"twitter:label2\" content=\"Temps estimat de lectura\" \/>\n\t<meta name=\"twitter:data2\" content=\"4 minuts\" \/>\n<script type=\"application\/ld+json\" class=\"yoast-schema-graph\">{\"@context\":\"https:\/\/schema.org\",\"@graph\":[{\"@type\":\"Article\",\"@id\":\"https:\/\/www.adecose.com\/gexbrok-member-of-etl-global-crece-en-cataluna-madrid-y-extremadura-con-la-adquisicion-de-tres-corredurias-de-seguros\/#article\",\"isPartOf\":{\"@id\":\"https:\/\/www.adecose.com\/gexbrok-member-of-etl-global-crece-en-cataluna-madrid-y-extremadura-con-la-adquisicion-de-tres-corredurias-de-seguros\/\"},\"author\":{\"name\":\"Comunicaci\u00f3n ADECOSE\",\"@id\":\"https:\/\/www.adecose.com\/gl\/#\/schema\/person\/ff086ce55f6379e1d225a2c0dca5eeb6\"},\"headline\":\"GexBrok | Member of ETL GLOBAL crece en Catalu\u00f1a, Madrid y Extremadura con la adquisici\u00f3n de tres corredur\u00edas de seguros\",\"datePublished\":\"2023-07-21T06:57:48+00:00\",\"dateModified\":\"2023-07-21T06:58:04+00:00\",\"mainEntityOfPage\":{\"@id\":\"https:\/\/www.adecose.com\/gexbrok-member-of-etl-global-crece-en-cataluna-madrid-y-extremadura-con-la-adquisicion-de-tres-corredurias-de-seguros\/\"},\"wordCount\":998,\"publisher\":{\"@id\":\"https:\/\/www.adecose.com\/gl\/#organization\"},\"image\":{\"@id\":\"https:\/\/www.adecose.com\/gexbrok-member-of-etl-global-crece-en-cataluna-madrid-y-extremadura-con-la-adquisicion-de-tres-corredurias-de-seguros\/#primaryimage\"},\"thumbnailUrl\":\"https:\/\/www.adecose.com\/wp-content\/uploads\/2023\/07\/Imagen-12.jpg\",\"keywords\":[\"Espacio #Corredur\u00edasADECOSE\",\"GexBrok |Member of ETL GLOBAL\"],\"articleSection\":[\"Espacio #Corredur\u00edasADECOSE\"],\"inLanguage\":\"ca\"},{\"@type\":\"WebPage\",\"@id\":\"https:\/\/www.adecose.com\/gexbrok-member-of-etl-global-crece-en-cataluna-madrid-y-extremadura-con-la-adquisicion-de-tres-corredurias-de-seguros\/\",\"url\":\"https:\/\/www.adecose.com\/gexbrok-member-of-etl-global-crece-en-cataluna-madrid-y-extremadura-con-la-adquisicion-de-tres-corredurias-de-seguros\/\",\"name\":\"GexBrok | Member of ETL GLOBAL crece en Catalu\u00f1a, Madrid y Extremadura con la adquisici\u00f3n de tres corredur\u00edas de seguros - ADECOSE\",\"isPartOf\":{\"@id\":\"https:\/\/www.adecose.com\/gl\/#website\"},\"primaryImageOfPage\":{\"@id\":\"https:\/\/www.adecose.com\/gexbrok-member-of-etl-global-crece-en-cataluna-madrid-y-extremadura-con-la-adquisicion-de-tres-corredurias-de-seguros\/#primaryimage\"},\"image\":{\"@id\":\"https:\/\/www.adecose.com\/gexbrok-member-of-etl-global-crece-en-cataluna-madrid-y-extremadura-con-la-adquisicion-de-tres-corredurias-de-seguros\/#primaryimage\"},\"thumbnailUrl\":\"https:\/\/www.adecose.com\/wp-content\/uploads\/2023\/07\/Imagen-12.jpg\",\"datePublished\":\"2023-07-21T06:57:48+00:00\",\"dateModified\":\"2023-07-21T06:58:04+00:00\",\"breadcrumb\":{\"@id\":\"https:\/\/www.adecose.com\/gexbrok-member-of-etl-global-crece-en-cataluna-madrid-y-extremadura-con-la-adquisicion-de-tres-corredurias-de-seguros\/#breadcrumb\"},\"inLanguage\":\"ca\",\"potentialAction\":[{\"@type\":\"ReadAction\",\"target\":[\"https:\/\/www.adecose.com\/gexbrok-member-of-etl-global-crece-en-cataluna-madrid-y-extremadura-con-la-adquisicion-de-tres-corredurias-de-seguros\/\"]}]},{\"@type\":\"ImageObject\",\"inLanguage\":\"ca\",\"@id\":\"https:\/\/www.adecose.com\/gexbrok-member-of-etl-global-crece-en-cataluna-madrid-y-extremadura-con-la-adquisicion-de-tres-corredurias-de-seguros\/#primaryimage\",\"url\":\"https:\/\/www.adecose.com\/wp-content\/uploads\/2023\/07\/Imagen-12.jpg\",\"contentUrl\":\"https:\/\/www.adecose.com\/wp-content\/uploads\/2023\/07\/Imagen-12.jpg\",\"width\":572,\"height\":326},{\"@type\":\"BreadcrumbList\",\"@id\":\"https:\/\/www.adecose.com\/gexbrok-member-of-etl-global-crece-en-cataluna-madrid-y-extremadura-con-la-adquisicion-de-tres-corredurias-de-seguros\/#breadcrumb\",\"itemListElement\":[{\"@type\":\"ListItem\",\"position\":1,\"name\":\"Portada\",\"item\":\"https:\/\/www.adecose.com\/ca\/associacio-espanyola-de-corredories-dassegurances-i-reassegurances\/\"},{\"@type\":\"ListItem\",\"position\":2,\"name\":\"GexBrok | Member of ETL GLOBAL crece en Catalu\u00f1a, Madrid y Extremadura con la adquisici\u00f3n de tres corredur\u00edas de seguros\"}]},{\"@type\":\"WebSite\",\"@id\":\"https:\/\/www.adecose.com\/gl\/#website\",\"url\":\"https:\/\/www.adecose.com\/gl\/\",\"name\":\"ADECOSE\",\"description\":\"Associaci\u00f3 Espanyola de Corredories d\u2019Assegurances i Reassegurances\",\"publisher\":{\"@id\":\"https:\/\/www.adecose.com\/gl\/#organization\"},\"potentialAction\":[{\"@type\":\"SearchAction\",\"target\":{\"@type\":\"EntryPoint\",\"urlTemplate\":\"https:\/\/www.adecose.com\/gl\/?s={search_term_string}\"},\"query-input\":{\"@type\":\"PropertyValueSpecification\",\"valueRequired\":true,\"valueName\":\"search_term_string\"}}],\"inLanguage\":\"ca\"},{\"@type\":\"Organization\",\"@id\":\"https:\/\/www.adecose.com\/gl\/#organization\",\"name\":\"ADECOSE\",\"url\":\"https:\/\/www.adecose.com\/gl\/\",\"logo\":{\"@type\":\"ImageObject\",\"inLanguage\":\"ca\",\"@id\":\"https:\/\/www.adecose.com\/gl\/#\/schema\/logo\/image\/\",\"url\":\"https:\/\/www.adecose.com\/wp-content\/uploads\/2020\/07\/favicon.png\",\"contentUrl\":\"https:\/\/www.adecose.com\/wp-content\/uploads\/2020\/07\/favicon.png\",\"width\":512,\"height\":512,\"caption\":\"ADECOSE\"},\"image\":{\"@id\":\"https:\/\/www.adecose.com\/gl\/#\/schema\/logo\/image\/\"}},{\"@type\":\"Person\",\"@id\":\"https:\/\/www.adecose.com\/gl\/#\/schema\/person\/ff086ce55f6379e1d225a2c0dca5eeb6\",\"name\":\"Comunicaci\u00f3n ADECOSE\",\"image\":{\"@type\":\"ImageObject\",\"inLanguage\":\"ca\",\"@id\":\"https:\/\/secure.gravatar.com\/avatar\/01cd1f9571997441bf1da6d1cc147351305f03fe8f2acf1ebbec60ebb26924ce?s=96&d=mm&r=g\",\"url\":\"https:\/\/secure.gravatar.com\/avatar\/01cd1f9571997441bf1da6d1cc147351305f03fe8f2acf1ebbec60ebb26924ce?s=96&d=mm&r=g\",\"contentUrl\":\"https:\/\/secure.gravatar.com\/avatar\/01cd1f9571997441bf1da6d1cc147351305f03fe8f2acf1ebbec60ebb26924ce?s=96&d=mm&r=g\",\"caption\":\"Comunicaci\u00f3n ADECOSE\"}}]}<\/script>\n<!-- \/ Yoast SEO plugin. -->","yoast_head_json":{"title":"GexBrok | Member of ETL GLOBAL crece en Catalu\u00f1a, Madrid y Extremadura con la adquisici\u00f3n de tres corredur\u00edas de seguros - ADECOSE","robots":{"index":"index","follow":"follow","max-snippet":"max-snippet:-1","max-image-preview":"max-image-preview:large","max-video-preview":"max-video-preview:-1"},"canonical":"https:\/\/www.adecose.com\/gexbrok-member-of-etl-global-crece-en-cataluna-madrid-y-extremadura-con-la-adquisicion-de-tres-corredurias-de-seguros\/","og_locale":"ca_ES","og_type":"article","og_title":"GexBrok | Member of ETL GLOBAL crece en Catalu\u00f1a, Madrid y Extremadura con la adquisici\u00f3n de tres corredur\u00edas de seguros - ADECOSE","og_description":"[vc_row type=&#8221;in_container&#8221; full_screen_row_position=&#8221;middle&#8221; column_margin=&#8221;default&#8221; column_direction=&#8221;default&#8221; column_direction_tablet=&#8221;default&#8221; column_direction_phone=&#8221;default&#8221; scene_position=&#8221;center&#8221; text_color=&#8221;dark&#8221; text_align=&#8221;left&#8221; row_border_radius=&#8221;none&#8221; row_border_radius_applies=&#8221;bg&#8221; overflow=&#8221;visible&#8221; overlay_strength=&#8221;0.3&#8243; gradient_direction=&#8221;left_to_right&#8221; shape_divider_position=&#8221;bottom&#8221; bg_image_animation=&#8221;none&#8221;][vc_column column_padding=&#8221;no-extra-padding&#8221; column_padding_tablet=&#8221;inherit&#8221; column_padding_phone=&#8221;inherit&#8221; column_padding_position=&#8221;all&#8221; column_element_direction_desktop=&#8221;default&#8221; column_element_spacing=&#8221;default&#8221; desktop_text_alignment=&#8221;default&#8221; tablet_text_alignment=&#8221;default&#8221;...","og_url":"https:\/\/www.adecose.com\/gexbrok-member-of-etl-global-crece-en-cataluna-madrid-y-extremadura-con-la-adquisicion-de-tres-corredurias-de-seguros\/","og_site_name":"ADECOSE","article_published_time":"2023-07-21T06:57:48+00:00","article_modified_time":"2023-07-21T06:58:04+00:00","og_image":[{"width":572,"height":326,"url":"https:\/\/www.adecose.com\/wp-content\/uploads\/2023\/07\/Imagen-12.jpg","type":"image\/jpeg"}],"author":"Comunicaci\u00f3n ADECOSE","twitter_card":"summary_large_image","twitter_misc":{"Escrit per":"Comunicaci\u00f3n ADECOSE","Temps estimat de lectura":"4 minuts"},"schema":{"@context":"https:\/\/schema.org","@graph":[{"@type":"Article","@id":"https:\/\/www.adecose.com\/gexbrok-member-of-etl-global-crece-en-cataluna-madrid-y-extremadura-con-la-adquisicion-de-tres-corredurias-de-seguros\/#article","isPartOf":{"@id":"https:\/\/www.adecose.com\/gexbrok-member-of-etl-global-crece-en-cataluna-madrid-y-extremadura-con-la-adquisicion-de-tres-corredurias-de-seguros\/"},"author":{"name":"Comunicaci\u00f3n ADECOSE","@id":"https:\/\/www.adecose.com\/gl\/#\/schema\/person\/ff086ce55f6379e1d225a2c0dca5eeb6"},"headline":"GexBrok | Member of ETL GLOBAL crece en Catalu\u00f1a, Madrid y Extremadura con la adquisici\u00f3n de tres corredur\u00edas de seguros","datePublished":"2023-07-21T06:57:48+00:00","dateModified":"2023-07-21T06:58:04+00:00","mainEntityOfPage":{"@id":"https:\/\/www.adecose.com\/gexbrok-member-of-etl-global-crece-en-cataluna-madrid-y-extremadura-con-la-adquisicion-de-tres-corredurias-de-seguros\/"},"wordCount":998,"publisher":{"@id":"https:\/\/www.adecose.com\/gl\/#organization"},"image":{"@id":"https:\/\/www.adecose.com\/gexbrok-member-of-etl-global-crece-en-cataluna-madrid-y-extremadura-con-la-adquisicion-de-tres-corredurias-de-seguros\/#primaryimage"},"thumbnailUrl":"https:\/\/www.adecose.com\/wp-content\/uploads\/2023\/07\/Imagen-12.jpg","keywords":["Espacio #Corredur\u00edasADECOSE","GexBrok |Member of ETL GLOBAL"],"articleSection":["Espacio #Corredur\u00edasADECOSE"],"inLanguage":"ca"},{"@type":"WebPage","@id":"https:\/\/www.adecose.com\/gexbrok-member-of-etl-global-crece-en-cataluna-madrid-y-extremadura-con-la-adquisicion-de-tres-corredurias-de-seguros\/","url":"https:\/\/www.adecose.com\/gexbrok-member-of-etl-global-crece-en-cataluna-madrid-y-extremadura-con-la-adquisicion-de-tres-corredurias-de-seguros\/","name":"GexBrok | Member of ETL GLOBAL crece en Catalu\u00f1a, Madrid y Extremadura con la adquisici\u00f3n de tres corredur\u00edas de seguros - ADECOSE","isPartOf":{"@id":"https:\/\/www.adecose.com\/gl\/#website"},"primaryImageOfPage":{"@id":"https:\/\/www.adecose.com\/gexbrok-member-of-etl-global-crece-en-cataluna-madrid-y-extremadura-con-la-adquisicion-de-tres-corredurias-de-seguros\/#primaryimage"},"image":{"@id":"https:\/\/www.adecose.com\/gexbrok-member-of-etl-global-crece-en-cataluna-madrid-y-extremadura-con-la-adquisicion-de-tres-corredurias-de-seguros\/#primaryimage"},"thumbnailUrl":"https:\/\/www.adecose.com\/wp-content\/uploads\/2023\/07\/Imagen-12.jpg","datePublished":"2023-07-21T06:57:48+00:00","dateModified":"2023-07-21T06:58:04+00:00","breadcrumb":{"@id":"https:\/\/www.adecose.com\/gexbrok-member-of-etl-global-crece-en-cataluna-madrid-y-extremadura-con-la-adquisicion-de-tres-corredurias-de-seguros\/#breadcrumb"},"inLanguage":"ca","potentialAction":[{"@type":"ReadAction","target":["https:\/\/www.adecose.com\/gexbrok-member-of-etl-global-crece-en-cataluna-madrid-y-extremadura-con-la-adquisicion-de-tres-corredurias-de-seguros\/"]}]},{"@type":"ImageObject","inLanguage":"ca","@id":"https:\/\/www.adecose.com\/gexbrok-member-of-etl-global-crece-en-cataluna-madrid-y-extremadura-con-la-adquisicion-de-tres-corredurias-de-seguros\/#primaryimage","url":"https:\/\/www.adecose.com\/wp-content\/uploads\/2023\/07\/Imagen-12.jpg","contentUrl":"https:\/\/www.adecose.com\/wp-content\/uploads\/2023\/07\/Imagen-12.jpg","width":572,"height":326},{"@type":"BreadcrumbList","@id":"https:\/\/www.adecose.com\/gexbrok-member-of-etl-global-crece-en-cataluna-madrid-y-extremadura-con-la-adquisicion-de-tres-corredurias-de-seguros\/#breadcrumb","itemListElement":[{"@type":"ListItem","position":1,"name":"Portada","item":"https:\/\/www.adecose.com\/ca\/associacio-espanyola-de-corredories-dassegurances-i-reassegurances\/"},{"@type":"ListItem","position":2,"name":"GexBrok | Member of ETL GLOBAL crece en Catalu\u00f1a, Madrid y Extremadura con la adquisici\u00f3n de tres corredur\u00edas de seguros"}]},{"@type":"WebSite","@id":"https:\/\/www.adecose.com\/gl\/#website","url":"https:\/\/www.adecose.com\/gl\/","name":"ADECOSE","description":"Associaci\u00f3 Espanyola de Corredories d\u2019Assegurances i Reassegurances","publisher":{"@id":"https:\/\/www.adecose.com\/gl\/#organization"},"potentialAction":[{"@type":"SearchAction","target":{"@type":"EntryPoint","urlTemplate":"https:\/\/www.adecose.com\/gl\/?s={search_term_string}"},"query-input":{"@type":"PropertyValueSpecification","valueRequired":true,"valueName":"search_term_string"}}],"inLanguage":"ca"},{"@type":"Organization","@id":"https:\/\/www.adecose.com\/gl\/#organization","name":"ADECOSE","url":"https:\/\/www.adecose.com\/gl\/","logo":{"@type":"ImageObject","inLanguage":"ca","@id":"https:\/\/www.adecose.com\/gl\/#\/schema\/logo\/image\/","url":"https:\/\/www.adecose.com\/wp-content\/uploads\/2020\/07\/favicon.png","contentUrl":"https:\/\/www.adecose.com\/wp-content\/uploads\/2020\/07\/favicon.png","width":512,"height":512,"caption":"ADECOSE"},"image":{"@id":"https:\/\/www.adecose.com\/gl\/#\/schema\/logo\/image\/"}},{"@type":"Person","@id":"https:\/\/www.adecose.com\/gl\/#\/schema\/person\/ff086ce55f6379e1d225a2c0dca5eeb6","name":"Comunicaci\u00f3n ADECOSE","image":{"@type":"ImageObject","inLanguage":"ca","@id":"https:\/\/secure.gravatar.com\/avatar\/01cd1f9571997441bf1da6d1cc147351305f03fe8f2acf1ebbec60ebb26924ce?s=96&d=mm&r=g","url":"https:\/\/secure.gravatar.com\/avatar\/01cd1f9571997441bf1da6d1cc147351305f03fe8f2acf1ebbec60ebb26924ce?s=96&d=mm&r=g","contentUrl":"https:\/\/secure.gravatar.com\/avatar\/01cd1f9571997441bf1da6d1cc147351305f03fe8f2acf1ebbec60ebb26924ce?s=96&d=mm&r=g","caption":"Comunicaci\u00f3n ADECOSE"}}]}},"_links":{"self":[{"href":"https:\/\/www.adecose.com\/ca\/wp-json\/wp\/v2\/posts\/15186","targetHints":{"allow":["GET"]}}],"collection":[{"href":"https:\/\/www.adecose.com\/ca\/wp-json\/wp\/v2\/posts"}],"about":[{"href":"https:\/\/www.adecose.com\/ca\/wp-json\/wp\/v2\/types\/post"}],"author":[{"embeddable":true,"href":"https:\/\/www.adecose.com\/ca\/wp-json\/wp\/v2\/users\/197"}],"replies":[{"embeddable":true,"href":"https:\/\/www.adecose.com\/ca\/wp-json\/wp\/v2\/comments?post=15186"}],"version-history":[{"count":0,"href":"https:\/\/www.adecose.com\/ca\/wp-json\/wp\/v2\/posts\/15186\/revisions"}],"wp:featuredmedia":[{"embeddable":true,"href":"https:\/\/www.adecose.com\/ca\/wp-json\/wp\/v2\/media\/15187"}],"wp:attachment":[{"href":"https:\/\/www.adecose.com\/ca\/wp-json\/wp\/v2\/media?parent=15186"}],"wp:term":[{"taxonomy":"category","embeddable":true,"href":"https:\/\/www.adecose.com\/ca\/wp-json\/wp\/v2\/categories?post=15186"},{"taxonomy":"post_tag","embeddable":true,"href":"https:\/\/www.adecose.com\/ca\/wp-json\/wp\/v2\/tags?post=15186"}],"curies":[{"name":"wp","href":"https:\/\/api.w.org\/{rel}","templated":true}]}}