{"id":14291,"date":"2023-03-29T12:32:59","date_gmt":"2023-03-29T10:32:59","guid":{"rendered":"https:\/\/www.adecose.com\/?p=14291"},"modified":"2023-03-29T15:28:41","modified_gmt":"2023-03-29T13:28:41","slug":"tres-de-cada-cuatro-agentes-inmobiliarios-quieren-comercializar-seguros-de-alquiler-segun-arrenta","status":"publish","type":"post","link":"https:\/\/www.adecose.com\/ca\/tres-de-cada-cuatro-agentes-inmobiliarios-quieren-comercializar-seguros-de-alquiler-segun-arrenta\/","title":{"rendered":"Tres de cada cuatro agentes inmobiliarios quieren comercializar seguros de alquiler, seg\u00fan ARRENTA"},"content":{"rendered":"[vc_row type=&#8221;in_container&#8221; full_screen_row_position=&#8221;middle&#8221; column_margin=&#8221;default&#8221; column_direction=&#8221;default&#8221; column_direction_tablet=&#8221;default&#8221; column_direction_phone=&#8221;default&#8221; scene_position=&#8221;center&#8221; text_color=&#8221;dark&#8221; text_align=&#8221;left&#8221; row_border_radius=&#8221;none&#8221; row_border_radius_applies=&#8221;bg&#8221; overflow=&#8221;visible&#8221; overlay_strength=&#8221;0.3&#8243; gradient_direction=&#8221;left_to_right&#8221; shape_divider_position=&#8221;bottom&#8221; bg_image_animation=&#8221;none&#8221;][vc_column column_padding=&#8221;no-extra-padding&#8221; column_padding_tablet=&#8221;inherit&#8221; column_padding_phone=&#8221;inherit&#8221; column_padding_position=&#8221;all&#8221; column_element_direction_desktop=&#8221;default&#8221; column_element_spacing=&#8221;default&#8221; desktop_text_alignment=&#8221;default&#8221; tablet_text_alignment=&#8221;default&#8221; phone_text_alignment=&#8221;default&#8221; background_color_opacity=&#8221;1&#8243; background_hover_color_opacity=&#8221;1&#8243; column_backdrop_filter=&#8221;none&#8221; column_shadow=&#8221;none&#8221; column_border_radius=&#8221;none&#8221; column_link_target=&#8221;_self&#8221; column_position=&#8221;default&#8221; gradient_direction=&#8221;left_to_right&#8221; overlay_strength=&#8221;0.3&#8243; width=&#8221;1\/1&#8243; tablet_width_inherit=&#8221;default&#8221; animation_type=&#8221;default&#8221; bg_image_animation=&#8221;none&#8221; border_type=&#8221;simple&#8221; column_border_width=&#8221;none&#8221; column_border_style=&#8221;solid&#8221;][vc_column_text]\n<ul>\n<li style=\"font-weight: 400;\"><em><strong>Las principales aseguradoras se re\u00fanen por primera vez con los profesionales inmobiliarios para impulsar el mercado del alquiler en Espa\u00f1a<\/strong><\/em><\/li>\n<\/ul>\n<ul style=\"font-weight: 400;\">\n<li><em><strong>La Jornada, impulsada desde ARRENTA, tendr\u00e1 lugar el pr\u00f3ximo <u>martes 18 de abril<\/u> con el nombre de \u201cESPACIO ALQUILER\u201d<\/strong><\/em><\/li>\n<\/ul>\n<ul style=\"font-weight: 400;\">\n<li><em><strong>ARRENTA <\/strong><strong>presenta <\/strong><strong>el <u>Dec\u00e1logo del\u00a0Alquiler con Seguro para el mundo inmobiliario<\/u> <\/strong><strong>con el objetivo de <\/strong><strong>responder a las principales dudas del sector<\/strong><\/em><\/li>\n<\/ul>\n<p style=\"font-weight: 400;\"><strong>\u00a0<\/strong><\/p>\n<p style=\"font-weight: 400;\">El inter\u00e9s de los profesionales inmobiliarios por los Seguros de Alquiler que cubren fundamentalmente el impago, pero tambi\u00e9n el resto de incidencias que puedan producirse durante el arrendamiento, se ha disparado en Espa\u00f1a tras la pandemia. Actualmente se estima que un cuarto de agencias inmobiliarias ya los incorpora habitualmente en los contratos de alquiler que gestionan, pero la proporci\u00f3n puede duplicarse en los pr\u00f3ximos dos o tres a\u00f1os.<\/p>\n<p style=\"font-weight: 400;\">De hecho, tres de cada cuadro agentes inmobiliarios se muestran partidarios de comercializarlos. Para dar respuesta a esta necesidad de informaci\u00f3n y formaci\u00f3n del sector inmobiliario, ARRENTA unir\u00e1 por primera vez a aseguradoras y profesionales de dicho sector el pr\u00f3ximo martes, 18 de abril, en la Jornada ESPACIO ALQUILER.\u00a0 M\u00e1s informaci\u00f3n en:<\/p>\n<p style=\"font-weight: 400;\"><a href=\"https:\/\/www.arrenta.es\/espacio-alquiler\/\">\u25b7 Jornada Arrenta \u2013 Espacio Alquiler\u3010 2023 \u3011 | ARRENTA<\/a><\/p>\n<p style=\"font-weight: 400;\">Entre las razones del boom de los Seguros de Impago en las agencias inmobiliarias destacan la necesidad de garantizar el cobro de las rentas en las operaciones de alquiler, pero tambi\u00e9n de incrementar la facturaci\u00f3n incorporando productos muy demandados por propietarios e inquilinos.<\/p>\n<p style=\"font-weight: 400;\">La Jornada contar\u00e1 con el m\u00e1ximo nivel de representaci\u00f3n, tanto empresarial como institucional y ser\u00e1 inaugurada por Javier Mart\u00edn Ramiro, Director General de Vivienda y Suelo del Ministerio de Transportes, Movilidad y Agenda Urbana.<\/p>\n<p style=\"font-weight: 400;\">Los objetivos fundamentales de ESPACIO ALQUILER son seguir evolucionando este tipo de seguros, poniendo en conocimiento de los profesionales inmobiliarios todas sus ventajas, as\u00ed como facilitarles herramientas de marketing para la comercializaci\u00f3n. En este sentido, ARRENTA presenta el <strong>Dec\u00e1logo del Alquiler con Seguro para el sector inmobiliario,<\/strong> dirigido a contestar las principales dudas que tienen estos profesionales cuando comienzan a comercializar dichas p\u00f3lizas:<\/p>\n<p><strong>1. SON BARATOS. El coste anual es de menos de media mensualidad. <\/strong>Se destina entre 3.5 y el 5 por ciento de la renta anual a cambio de la seguridad absoluta y protecci\u00f3n que brindan para asegurar 12 o 18 meses de rentas respectivamente. No existe en el mercado ning\u00fan producto de mayor seguridad.<\/p>\n<p><strong>2. EL INTERLOCUTOR ES UN MEDIADOR DE SEGUROS. <\/strong>El interlocutor correcto para comercializar Seguros de Alquiler es un mediador especializado, como es el caso de ARRENTA, que pone en manos del profesional inmobiliario un departamento de seguros sin ning\u00fan tipo de inversi\u00f3n y que tiene las mejores coberturas y precios de todas las aseguradoras. Y lo m\u00e1s importante, el mediador se har\u00e1 cargo de toda la gesti\u00f3n en caso de impago. Es necesario fijar un acuerdo de colaboraci\u00f3n donde se fijan los beneficios para el agente inmobiliario.<\/p>\n<p><strong>3. COMPROBAR QUE EL PRODUCTO QUE SE COMERCIALIZA ES UN SEGURO AUT\u00c9NTICO. <\/strong>Ojo al gato por liebre. Se habla mucho de Falsos Seguros, \u00bfc\u00f3mo detectar que un producto es realmente un Seguro? Es fundamental trabajar con un mediador especializado. S\u00f3lo los mediadores o compa\u00f1\u00edas de seguros reconocidas por la Direcci\u00f3n General de Seguros pueden comercializar <span style=\"text-decoration: line-through;\">las<\/span> p\u00f3lizas en Espa\u00f1a. Se puede comprobar en el registro p\u00fablico (mediadores: <a href=\"https:\/\/rrpp.dgsfp.mineco.es\/Mediador\">https:\/\/rrpp.dgsfp.mineco.es\/Mediador<\/a> y aseguradoras: <a href=\"https:\/\/rrpp.dgsfp.mineco.es\/\">https:\/\/rrpp.dgsfp.mineco.es\/<\/a>). Hay que dudar de los precios muy bajos o de las campa\u00f1as de publicidad muy llamativas.<\/p>\n<p><strong>4. RESPUESTA EN 24 HORAS. <\/strong>\u00bfC\u00f3mo se tramita la petici\u00f3n de p\u00f3liza y cu\u00e1nto tiempo tarda? Debe de mandarse al corredor la informaci\u00f3n del inmueble, perfil del arrendador con la documentaci\u00f3n exigida y la respuesta llegar\u00e1 en un plazo m\u00e1ximo de 24 horas.<\/p>\n<p><strong>5. SELECCI\u00d3N DEL INQUILINO IDEAL. <\/strong>\u00bfEl Seguro de Impago de Alquiler asegura la selecci\u00f3n del mejor inquilino para el propietario? Desde luego que s\u00ed porque realizan los mejores scoring o selecci\u00f3n de inquilinos.<\/p>\n<p><strong>6. COBERTURAS SUFICIENTES. No te quedes corto. \u00bfLas rentas del propietario quedan totalmente cubiertas desde el primer mes en caso de impago? <\/strong>Desde el primer mes en caso de elegir la modalidad sin franquicia y pueden optar a una cobertura de hasta 18 meses. Tiempo suficiente para proceder al lanzamiento del inquilino en caso de impago.<\/p>\n<p><strong>7. TRANQUILIDAD EN CASO DE IMPAGO. Todo controlado. El cobro est\u00e1 asegurado. \u00bfC\u00f3mo se tramita el siniestro y cu\u00e1nto tiempo se tarda en pagar al propietario?<\/strong> Se comunica el impago al mediador cuando tenemos un mes o dos meses de impago. El mediador especializado se ocupar\u00e1 de todo, realizar\u00e1 una mediaci\u00f3n previa con el inquilino para llegar a un acuerdo, en caso de no conseguirlo comunicar\u00e1 el siniestro a la aseguradora, solicitar\u00e1 el adelanto de rentas, se designar\u00e1 el despacho jur\u00eddico y enviar\u00e1 toda la documentaci\u00f3n para presentar demandan de desahucio en el plazo m\u00e1s breve.<\/p>\n<p style=\"font-weight: 400;\"><strong>8. <\/strong><strong>EL SEGURO CUBRE EL ABOGADO Y EL PROCURADOR. <\/strong>La defensa jur\u00eddica est\u00e1 incluida en el precio. La aseguradora cubrir\u00e1 los gastos de abogado, procurador, cerrajero, incluso las tasas judiciales si el arrendador es una persona jur\u00eddica. Tambi\u00e9n cuentan con un tel\u00e9fono se asistencia jur\u00eddica para todas las dudas que surjan en el transcurso del contrato.<\/p>\n<p style=\"font-weight: 400;\"><strong>9. <\/strong><strong>RENOVACI\u00d3N ANUAL. \u00bf<\/strong>La renovaci\u00f3n anual del seguro se produce de forma autom\u00e1tica eliminando problemas al propietario? Si el propietario no comunica lo contrario, las p\u00f3lizas se renuevan autom\u00e1ticamente.<\/p>\n<p style=\"font-weight: 400;\"><strong>20. <\/strong><strong>ELEMENTO DIFERENCIADOR PARA EL PROFESIONAL INMOBILIARIO \u00bfEl seguro de Impago de Alquiler sirve para fidelizar a clientes arrendadores? <\/strong>Desde luego, porque es un producto que protege su vivienda y rebaja la probabilidad de siniestro a un precio asumible. Los propietarios se sienten m\u00e1s tranquilos si el profesional inmobiliario les ofrecer un seguro de impago de alquiler.<\/p>\n<p style=\"font-weight: 400;\">Dec\u00e1logo que servir\u00e1 como estupendo est\u00edmulo para los diferentes espacios de trabajo de la Jornada de ESPACIO ALQUILER.<\/p>\n<p style=\"font-weight: 400;\">Entre las aseguradoras que estar\u00e1n presentes destacan: DAS, ARAG, MUTUA DE PROPIETARIOS, CASER y ALLIANZ ASSISTANCE. Respecto al sector inmobiliario se contar\u00e1 con la presencia, entre otros de: FAI. Federaci\u00f3n de Asociaciones Inmobiliarias, ALFA Inmobiliaria, SIRA. Spanish International Realty Alliance.o EVERNEST.<\/p>\n<p style=\"font-weight: 400;\">ARRENTA fue el primer corredor de nuestro pa\u00eds que introdujo la comercializaci\u00f3n de Seguros especializados en las agencias inmobiliarias hace m\u00e1s de diez a\u00f1os, fundamentalmente el Seguro de Impago de Alquiler. Desde entonces ha dedicado una enorme atenci\u00f3n a este sector, con acuerdos con las principales redes inmobiliarias, herramientas personalizadas para facilitar el trabajo de los agentes, adem\u00e1s de programas de formaci\u00f3n constante.<\/p>\n[\/vc_column_text][\/vc_column][\/vc_row]\n","protected":false},"excerpt":{"rendered":"<p>[vc_row type=&#8221;in_container&#8221; full_screen_row_position=&#8221;middle&#8221; column_margin=&#8221;default&#8221; column_direction=&#8221;default&#8221; column_direction_tablet=&#8221;default&#8221; column_direction_phone=&#8221;default&#8221; scene_position=&#8221;center&#8221; text_color=&#8221;dark&#8221; text_align=&#8221;left&#8221; row_border_radius=&#8221;none&#8221; row_border_radius_applies=&#8221;bg&#8221; overflow=&#8221;visible&#8221; overlay_strength=&#8221;0.3&#8243; gradient_direction=&#8221;left_to_right&#8221; shape_divider_position=&#8221;bottom&#8221; bg_image_animation=&#8221;none&#8221;][vc_column column_padding=&#8221;no-extra-padding&#8221; column_padding_tablet=&#8221;inherit&#8221; column_padding_phone=&#8221;inherit&#8221; column_padding_position=&#8221;all&#8221; column_element_direction_desktop=&#8221;default&#8221; column_element_spacing=&#8221;default&#8221; desktop_text_alignment=&#8221;default&#8221; tablet_text_alignment=&#8221;default&#8221;&#8230;<\/p>\n","protected":false},"author":197,"featured_media":14292,"comment_status":"closed","ping_status":"closed","sticky":false,"template":"","format":"standard","meta":{"_acf_changed":false,"_price":"","_stock":"","_tribe_ticket_header":"","_tribe_default_ticket_provider":"","_tribe_ticket_capacity":"0","_ticket_start_date":"","_ticket_end_date":"","_tribe_ticket_show_description":"","_tribe_ticket_show_not_going":false,"_tribe_ticket_use_global_stock":"","_tribe_ticket_global_stock_level":"","_global_stock_mode":"","_global_stock_cap":"","_tribe_rsvp_for_event":"","_tribe_ticket_going_count":"","_tribe_ticket_not_going_count":"","_tribe_tickets_list":"[]","_tribe_ticket_has_attendee_info_fields":false,"footnotes":""},"categories":[339],"tags":[366],"class_list":["post-14291","post","type-post","status-publish","format-standard","has-post-thumbnail","category-espacio-correduriasadecose","tag-arrenta"],"acf":[],"yoast_head":"<!-- This site is optimized with the Yoast SEO plugin v27.2 - https:\/\/yoast.com\/product\/yoast-seo-wordpress\/ -->\n<title>Tres de cada cuatro agentes inmobiliarios quieren comercializar seguros de alquiler, seg\u00fan ARRENTA - ADECOSE<\/title>\n<meta name=\"robots\" content=\"index, follow, max-snippet:-1, max-image-preview:large, max-video-preview:-1\" \/>\n<link rel=\"canonical\" href=\"https:\/\/www.adecose.com\/tres-de-cada-cuatro-agentes-inmobiliarios-quieren-comercializar-seguros-de-alquiler-segun-arrenta\/\" \/>\n<meta property=\"og:locale\" content=\"ca_ES\" \/>\n<meta property=\"og:type\" content=\"article\" \/>\n<meta property=\"og:title\" content=\"Tres de cada cuatro agentes inmobiliarios quieren comercializar seguros de alquiler, seg\u00fan ARRENTA - ADECOSE\" \/>\n<meta property=\"og:description\" content=\"[vc_row type=&#8221;in_container&#8221; full_screen_row_position=&#8221;middle&#8221; column_margin=&#8221;default&#8221; column_direction=&#8221;default&#8221; column_direction_tablet=&#8221;default&#8221; column_direction_phone=&#8221;default&#8221; scene_position=&#8221;center&#8221; text_color=&#8221;dark&#8221; text_align=&#8221;left&#8221; row_border_radius=&#8221;none&#8221; row_border_radius_applies=&#8221;bg&#8221; overflow=&#8221;visible&#8221; overlay_strength=&#8221;0.3&#8243; gradient_direction=&#8221;left_to_right&#8221; shape_divider_position=&#8221;bottom&#8221; bg_image_animation=&#8221;none&#8221;][vc_column column_padding=&#8221;no-extra-padding&#8221; column_padding_tablet=&#8221;inherit&#8221; column_padding_phone=&#8221;inherit&#8221; column_padding_position=&#8221;all&#8221; column_element_direction_desktop=&#8221;default&#8221; column_element_spacing=&#8221;default&#8221; desktop_text_alignment=&#8221;default&#8221; tablet_text_alignment=&#8221;default&#8221;...\" \/>\n<meta property=\"og:url\" content=\"https:\/\/www.adecose.com\/tres-de-cada-cuatro-agentes-inmobiliarios-quieren-comercializar-seguros-de-alquiler-segun-arrenta\/\" \/>\n<meta property=\"og:site_name\" content=\"ADECOSE\" \/>\n<meta property=\"article:published_time\" content=\"2023-03-29T10:32:59+00:00\" \/>\n<meta property=\"article:modified_time\" content=\"2023-03-29T13:28:41+00:00\" \/>\n<meta property=\"og:image\" content=\"https:\/\/www.adecose.com\/wp-content\/uploads\/2023\/03\/9D2F0BBBE32343109B611DC616F6C4ED.jpg\" \/>\n\t<meta property=\"og:image:width\" content=\"457\" \/>\n\t<meta property=\"og:image:height\" content=\"265\" \/>\n\t<meta property=\"og:image:type\" content=\"image\/jpeg\" \/>\n<meta name=\"author\" content=\"Comunicaci\u00f3n ADECOSE\" \/>\n<meta name=\"twitter:card\" content=\"summary_large_image\" \/>\n<meta name=\"twitter:label1\" content=\"Escrit per\" \/>\n\t<meta name=\"twitter:data1\" content=\"Comunicaci\u00f3n ADECOSE\" \/>\n\t<meta name=\"twitter:label2\" content=\"Temps estimat de lectura\" \/>\n\t<meta name=\"twitter:data2\" content=\"6 minuts\" \/>\n<script type=\"application\/ld+json\" class=\"yoast-schema-graph\">{\"@context\":\"https:\/\/schema.org\",\"@graph\":[{\"@type\":\"Article\",\"@id\":\"https:\/\/www.adecose.com\/tres-de-cada-cuatro-agentes-inmobiliarios-quieren-comercializar-seguros-de-alquiler-segun-arrenta\/#article\",\"isPartOf\":{\"@id\":\"https:\/\/www.adecose.com\/tres-de-cada-cuatro-agentes-inmobiliarios-quieren-comercializar-seguros-de-alquiler-segun-arrenta\/\"},\"author\":{\"name\":\"Comunicaci\u00f3n ADECOSE\",\"@id\":\"https:\/\/www.adecose.com\/gl\/#\/schema\/person\/ff086ce55f6379e1d225a2c0dca5eeb6\"},\"headline\":\"Tres de cada cuatro agentes inmobiliarios quieren comercializar seguros de alquiler, seg\u00fan ARRENTA\",\"datePublished\":\"2023-03-29T10:32:59+00:00\",\"dateModified\":\"2023-03-29T13:28:41+00:00\",\"mainEntityOfPage\":{\"@id\":\"https:\/\/www.adecose.com\/tres-de-cada-cuatro-agentes-inmobiliarios-quieren-comercializar-seguros-de-alquiler-segun-arrenta\/\"},\"wordCount\":1291,\"publisher\":{\"@id\":\"https:\/\/www.adecose.com\/gl\/#organization\"},\"image\":{\"@id\":\"https:\/\/www.adecose.com\/tres-de-cada-cuatro-agentes-inmobiliarios-quieren-comercializar-seguros-de-alquiler-segun-arrenta\/#primaryimage\"},\"thumbnailUrl\":\"https:\/\/www.adecose.com\/wp-content\/uploads\/2023\/03\/9D2F0BBBE32343109B611DC616F6C4ED.jpg\",\"keywords\":[\"Arrenta\"],\"articleSection\":[\"Espacio #Corredur\u00edasADECOSE\"],\"inLanguage\":\"ca\"},{\"@type\":\"WebPage\",\"@id\":\"https:\/\/www.adecose.com\/tres-de-cada-cuatro-agentes-inmobiliarios-quieren-comercializar-seguros-de-alquiler-segun-arrenta\/\",\"url\":\"https:\/\/www.adecose.com\/tres-de-cada-cuatro-agentes-inmobiliarios-quieren-comercializar-seguros-de-alquiler-segun-arrenta\/\",\"name\":\"Tres de cada cuatro agentes inmobiliarios quieren comercializar seguros de alquiler, seg\u00fan ARRENTA - ADECOSE\",\"isPartOf\":{\"@id\":\"https:\/\/www.adecose.com\/gl\/#website\"},\"primaryImageOfPage\":{\"@id\":\"https:\/\/www.adecose.com\/tres-de-cada-cuatro-agentes-inmobiliarios-quieren-comercializar-seguros-de-alquiler-segun-arrenta\/#primaryimage\"},\"image\":{\"@id\":\"https:\/\/www.adecose.com\/tres-de-cada-cuatro-agentes-inmobiliarios-quieren-comercializar-seguros-de-alquiler-segun-arrenta\/#primaryimage\"},\"thumbnailUrl\":\"https:\/\/www.adecose.com\/wp-content\/uploads\/2023\/03\/9D2F0BBBE32343109B611DC616F6C4ED.jpg\",\"datePublished\":\"2023-03-29T10:32:59+00:00\",\"dateModified\":\"2023-03-29T13:28:41+00:00\",\"breadcrumb\":{\"@id\":\"https:\/\/www.adecose.com\/tres-de-cada-cuatro-agentes-inmobiliarios-quieren-comercializar-seguros-de-alquiler-segun-arrenta\/#breadcrumb\"},\"inLanguage\":\"ca\",\"potentialAction\":[{\"@type\":\"ReadAction\",\"target\":[\"https:\/\/www.adecose.com\/tres-de-cada-cuatro-agentes-inmobiliarios-quieren-comercializar-seguros-de-alquiler-segun-arrenta\/\"]}]},{\"@type\":\"ImageObject\",\"inLanguage\":\"ca\",\"@id\":\"https:\/\/www.adecose.com\/tres-de-cada-cuatro-agentes-inmobiliarios-quieren-comercializar-seguros-de-alquiler-segun-arrenta\/#primaryimage\",\"url\":\"https:\/\/www.adecose.com\/wp-content\/uploads\/2023\/03\/9D2F0BBBE32343109B611DC616F6C4ED.jpg\",\"contentUrl\":\"https:\/\/www.adecose.com\/wp-content\/uploads\/2023\/03\/9D2F0BBBE32343109B611DC616F6C4ED.jpg\",\"width\":457,\"height\":265},{\"@type\":\"BreadcrumbList\",\"@id\":\"https:\/\/www.adecose.com\/tres-de-cada-cuatro-agentes-inmobiliarios-quieren-comercializar-seguros-de-alquiler-segun-arrenta\/#breadcrumb\",\"itemListElement\":[{\"@type\":\"ListItem\",\"position\":1,\"name\":\"Portada\",\"item\":\"https:\/\/www.adecose.com\/ca\/associacio-espanyola-de-corredories-dassegurances-i-reassegurances\/\"},{\"@type\":\"ListItem\",\"position\":2,\"name\":\"Tres de cada cuatro agentes inmobiliarios quieren comercializar seguros de alquiler, seg\u00fan ARRENTA\"}]},{\"@type\":\"WebSite\",\"@id\":\"https:\/\/www.adecose.com\/gl\/#website\",\"url\":\"https:\/\/www.adecose.com\/gl\/\",\"name\":\"ADECOSE\",\"description\":\"Associaci\u00f3 Espanyola de Corredories d\u2019Assegurances i Reassegurances\",\"publisher\":{\"@id\":\"https:\/\/www.adecose.com\/gl\/#organization\"},\"potentialAction\":[{\"@type\":\"SearchAction\",\"target\":{\"@type\":\"EntryPoint\",\"urlTemplate\":\"https:\/\/www.adecose.com\/gl\/?s={search_term_string}\"},\"query-input\":{\"@type\":\"PropertyValueSpecification\",\"valueRequired\":true,\"valueName\":\"search_term_string\"}}],\"inLanguage\":\"ca\"},{\"@type\":\"Organization\",\"@id\":\"https:\/\/www.adecose.com\/gl\/#organization\",\"name\":\"ADECOSE\",\"url\":\"https:\/\/www.adecose.com\/gl\/\",\"logo\":{\"@type\":\"ImageObject\",\"inLanguage\":\"ca\",\"@id\":\"https:\/\/www.adecose.com\/gl\/#\/schema\/logo\/image\/\",\"url\":\"https:\/\/www.adecose.com\/wp-content\/uploads\/2020\/07\/favicon.png\",\"contentUrl\":\"https:\/\/www.adecose.com\/wp-content\/uploads\/2020\/07\/favicon.png\",\"width\":512,\"height\":512,\"caption\":\"ADECOSE\"},\"image\":{\"@id\":\"https:\/\/www.adecose.com\/gl\/#\/schema\/logo\/image\/\"}},{\"@type\":\"Person\",\"@id\":\"https:\/\/www.adecose.com\/gl\/#\/schema\/person\/ff086ce55f6379e1d225a2c0dca5eeb6\",\"name\":\"Comunicaci\u00f3n ADECOSE\",\"image\":{\"@type\":\"ImageObject\",\"inLanguage\":\"ca\",\"@id\":\"https:\/\/secure.gravatar.com\/avatar\/01cd1f9571997441bf1da6d1cc147351305f03fe8f2acf1ebbec60ebb26924ce?s=96&d=mm&r=g\",\"url\":\"https:\/\/secure.gravatar.com\/avatar\/01cd1f9571997441bf1da6d1cc147351305f03fe8f2acf1ebbec60ebb26924ce?s=96&d=mm&r=g\",\"contentUrl\":\"https:\/\/secure.gravatar.com\/avatar\/01cd1f9571997441bf1da6d1cc147351305f03fe8f2acf1ebbec60ebb26924ce?s=96&d=mm&r=g\",\"caption\":\"Comunicaci\u00f3n ADECOSE\"}}]}<\/script>\n<!-- \/ Yoast SEO plugin. -->","yoast_head_json":{"title":"Tres de cada cuatro agentes inmobiliarios quieren comercializar seguros de alquiler, seg\u00fan ARRENTA - ADECOSE","robots":{"index":"index","follow":"follow","max-snippet":"max-snippet:-1","max-image-preview":"max-image-preview:large","max-video-preview":"max-video-preview:-1"},"canonical":"https:\/\/www.adecose.com\/tres-de-cada-cuatro-agentes-inmobiliarios-quieren-comercializar-seguros-de-alquiler-segun-arrenta\/","og_locale":"ca_ES","og_type":"article","og_title":"Tres de cada cuatro agentes inmobiliarios quieren comercializar seguros de alquiler, seg\u00fan ARRENTA - ADECOSE","og_description":"[vc_row type=&#8221;in_container&#8221; full_screen_row_position=&#8221;middle&#8221; column_margin=&#8221;default&#8221; column_direction=&#8221;default&#8221; column_direction_tablet=&#8221;default&#8221; column_direction_phone=&#8221;default&#8221; scene_position=&#8221;center&#8221; text_color=&#8221;dark&#8221; text_align=&#8221;left&#8221; row_border_radius=&#8221;none&#8221; row_border_radius_applies=&#8221;bg&#8221; overflow=&#8221;visible&#8221; overlay_strength=&#8221;0.3&#8243; gradient_direction=&#8221;left_to_right&#8221; shape_divider_position=&#8221;bottom&#8221; bg_image_animation=&#8221;none&#8221;][vc_column column_padding=&#8221;no-extra-padding&#8221; column_padding_tablet=&#8221;inherit&#8221; column_padding_phone=&#8221;inherit&#8221; column_padding_position=&#8221;all&#8221; column_element_direction_desktop=&#8221;default&#8221; column_element_spacing=&#8221;default&#8221; desktop_text_alignment=&#8221;default&#8221; tablet_text_alignment=&#8221;default&#8221;...","og_url":"https:\/\/www.adecose.com\/tres-de-cada-cuatro-agentes-inmobiliarios-quieren-comercializar-seguros-de-alquiler-segun-arrenta\/","og_site_name":"ADECOSE","article_published_time":"2023-03-29T10:32:59+00:00","article_modified_time":"2023-03-29T13:28:41+00:00","og_image":[{"width":457,"height":265,"url":"https:\/\/www.adecose.com\/wp-content\/uploads\/2023\/03\/9D2F0BBBE32343109B611DC616F6C4ED.jpg","type":"image\/jpeg"}],"author":"Comunicaci\u00f3n ADECOSE","twitter_card":"summary_large_image","twitter_misc":{"Escrit per":"Comunicaci\u00f3n ADECOSE","Temps estimat de lectura":"6 minuts"},"schema":{"@context":"https:\/\/schema.org","@graph":[{"@type":"Article","@id":"https:\/\/www.adecose.com\/tres-de-cada-cuatro-agentes-inmobiliarios-quieren-comercializar-seguros-de-alquiler-segun-arrenta\/#article","isPartOf":{"@id":"https:\/\/www.adecose.com\/tres-de-cada-cuatro-agentes-inmobiliarios-quieren-comercializar-seguros-de-alquiler-segun-arrenta\/"},"author":{"name":"Comunicaci\u00f3n ADECOSE","@id":"https:\/\/www.adecose.com\/gl\/#\/schema\/person\/ff086ce55f6379e1d225a2c0dca5eeb6"},"headline":"Tres de cada cuatro agentes inmobiliarios quieren comercializar seguros de alquiler, seg\u00fan ARRENTA","datePublished":"2023-03-29T10:32:59+00:00","dateModified":"2023-03-29T13:28:41+00:00","mainEntityOfPage":{"@id":"https:\/\/www.adecose.com\/tres-de-cada-cuatro-agentes-inmobiliarios-quieren-comercializar-seguros-de-alquiler-segun-arrenta\/"},"wordCount":1291,"publisher":{"@id":"https:\/\/www.adecose.com\/gl\/#organization"},"image":{"@id":"https:\/\/www.adecose.com\/tres-de-cada-cuatro-agentes-inmobiliarios-quieren-comercializar-seguros-de-alquiler-segun-arrenta\/#primaryimage"},"thumbnailUrl":"https:\/\/www.adecose.com\/wp-content\/uploads\/2023\/03\/9D2F0BBBE32343109B611DC616F6C4ED.jpg","keywords":["Arrenta"],"articleSection":["Espacio #Corredur\u00edasADECOSE"],"inLanguage":"ca"},{"@type":"WebPage","@id":"https:\/\/www.adecose.com\/tres-de-cada-cuatro-agentes-inmobiliarios-quieren-comercializar-seguros-de-alquiler-segun-arrenta\/","url":"https:\/\/www.adecose.com\/tres-de-cada-cuatro-agentes-inmobiliarios-quieren-comercializar-seguros-de-alquiler-segun-arrenta\/","name":"Tres de cada cuatro agentes inmobiliarios quieren comercializar seguros de alquiler, seg\u00fan ARRENTA - ADECOSE","isPartOf":{"@id":"https:\/\/www.adecose.com\/gl\/#website"},"primaryImageOfPage":{"@id":"https:\/\/www.adecose.com\/tres-de-cada-cuatro-agentes-inmobiliarios-quieren-comercializar-seguros-de-alquiler-segun-arrenta\/#primaryimage"},"image":{"@id":"https:\/\/www.adecose.com\/tres-de-cada-cuatro-agentes-inmobiliarios-quieren-comercializar-seguros-de-alquiler-segun-arrenta\/#primaryimage"},"thumbnailUrl":"https:\/\/www.adecose.com\/wp-content\/uploads\/2023\/03\/9D2F0BBBE32343109B611DC616F6C4ED.jpg","datePublished":"2023-03-29T10:32:59+00:00","dateModified":"2023-03-29T13:28:41+00:00","breadcrumb":{"@id":"https:\/\/www.adecose.com\/tres-de-cada-cuatro-agentes-inmobiliarios-quieren-comercializar-seguros-de-alquiler-segun-arrenta\/#breadcrumb"},"inLanguage":"ca","potentialAction":[{"@type":"ReadAction","target":["https:\/\/www.adecose.com\/tres-de-cada-cuatro-agentes-inmobiliarios-quieren-comercializar-seguros-de-alquiler-segun-arrenta\/"]}]},{"@type":"ImageObject","inLanguage":"ca","@id":"https:\/\/www.adecose.com\/tres-de-cada-cuatro-agentes-inmobiliarios-quieren-comercializar-seguros-de-alquiler-segun-arrenta\/#primaryimage","url":"https:\/\/www.adecose.com\/wp-content\/uploads\/2023\/03\/9D2F0BBBE32343109B611DC616F6C4ED.jpg","contentUrl":"https:\/\/www.adecose.com\/wp-content\/uploads\/2023\/03\/9D2F0BBBE32343109B611DC616F6C4ED.jpg","width":457,"height":265},{"@type":"BreadcrumbList","@id":"https:\/\/www.adecose.com\/tres-de-cada-cuatro-agentes-inmobiliarios-quieren-comercializar-seguros-de-alquiler-segun-arrenta\/#breadcrumb","itemListElement":[{"@type":"ListItem","position":1,"name":"Portada","item":"https:\/\/www.adecose.com\/ca\/associacio-espanyola-de-corredories-dassegurances-i-reassegurances\/"},{"@type":"ListItem","position":2,"name":"Tres de cada cuatro agentes inmobiliarios quieren comercializar seguros de alquiler, seg\u00fan ARRENTA"}]},{"@type":"WebSite","@id":"https:\/\/www.adecose.com\/gl\/#website","url":"https:\/\/www.adecose.com\/gl\/","name":"ADECOSE","description":"Associaci\u00f3 Espanyola de Corredories d\u2019Assegurances i Reassegurances","publisher":{"@id":"https:\/\/www.adecose.com\/gl\/#organization"},"potentialAction":[{"@type":"SearchAction","target":{"@type":"EntryPoint","urlTemplate":"https:\/\/www.adecose.com\/gl\/?s={search_term_string}"},"query-input":{"@type":"PropertyValueSpecification","valueRequired":true,"valueName":"search_term_string"}}],"inLanguage":"ca"},{"@type":"Organization","@id":"https:\/\/www.adecose.com\/gl\/#organization","name":"ADECOSE","url":"https:\/\/www.adecose.com\/gl\/","logo":{"@type":"ImageObject","inLanguage":"ca","@id":"https:\/\/www.adecose.com\/gl\/#\/schema\/logo\/image\/","url":"https:\/\/www.adecose.com\/wp-content\/uploads\/2020\/07\/favicon.png","contentUrl":"https:\/\/www.adecose.com\/wp-content\/uploads\/2020\/07\/favicon.png","width":512,"height":512,"caption":"ADECOSE"},"image":{"@id":"https:\/\/www.adecose.com\/gl\/#\/schema\/logo\/image\/"}},{"@type":"Person","@id":"https:\/\/www.adecose.com\/gl\/#\/schema\/person\/ff086ce55f6379e1d225a2c0dca5eeb6","name":"Comunicaci\u00f3n ADECOSE","image":{"@type":"ImageObject","inLanguage":"ca","@id":"https:\/\/secure.gravatar.com\/avatar\/01cd1f9571997441bf1da6d1cc147351305f03fe8f2acf1ebbec60ebb26924ce?s=96&d=mm&r=g","url":"https:\/\/secure.gravatar.com\/avatar\/01cd1f9571997441bf1da6d1cc147351305f03fe8f2acf1ebbec60ebb26924ce?s=96&d=mm&r=g","contentUrl":"https:\/\/secure.gravatar.com\/avatar\/01cd1f9571997441bf1da6d1cc147351305f03fe8f2acf1ebbec60ebb26924ce?s=96&d=mm&r=g","caption":"Comunicaci\u00f3n ADECOSE"}}]}},"_links":{"self":[{"href":"https:\/\/www.adecose.com\/ca\/wp-json\/wp\/v2\/posts\/14291","targetHints":{"allow":["GET"]}}],"collection":[{"href":"https:\/\/www.adecose.com\/ca\/wp-json\/wp\/v2\/posts"}],"about":[{"href":"https:\/\/www.adecose.com\/ca\/wp-json\/wp\/v2\/types\/post"}],"author":[{"embeddable":true,"href":"https:\/\/www.adecose.com\/ca\/wp-json\/wp\/v2\/users\/197"}],"replies":[{"embeddable":true,"href":"https:\/\/www.adecose.com\/ca\/wp-json\/wp\/v2\/comments?post=14291"}],"version-history":[{"count":0,"href":"https:\/\/www.adecose.com\/ca\/wp-json\/wp\/v2\/posts\/14291\/revisions"}],"wp:featuredmedia":[{"embeddable":true,"href":"https:\/\/www.adecose.com\/ca\/wp-json\/wp\/v2\/media\/14292"}],"wp:attachment":[{"href":"https:\/\/www.adecose.com\/ca\/wp-json\/wp\/v2\/media?parent=14291"}],"wp:term":[{"taxonomy":"category","embeddable":true,"href":"https:\/\/www.adecose.com\/ca\/wp-json\/wp\/v2\/categories?post=14291"},{"taxonomy":"post_tag","embeddable":true,"href":"https:\/\/www.adecose.com\/ca\/wp-json\/wp\/v2\/tags?post=14291"}],"curies":[{"name":"wp","href":"https:\/\/api.w.org\/{rel}","templated":true}]}}