{"id":12563,"date":"2022-05-20T09:38:38","date_gmt":"2022-05-20T07:38:38","guid":{"rendered":"https:\/\/www.adecose.com\/?p=12563"},"modified":"2022-05-20T09:51:00","modified_gmt":"2022-05-20T07:51:00","slug":"adecose-celebrara-el-xxiv-foro-de-gestion-de-corredurias-y-cena-anual-el-9-de-junio","status":"publish","type":"post","link":"https:\/\/www.adecose.com\/ca\/adecose-celebrara-el-xxiv-foro-de-gestion-de-corredurias-y-cena-anual-el-9-de-junio\/","title":{"rendered":"ADECOSE celebrar\u00e1 el XXIV Foro de Gesti\u00f3n de Corredur\u00edas y Cena Anual el 9 de junio  \u00a0"},"content":{"rendered":"[vc_row type=&#8221;in_container&#8221; full_screen_row_position=&#8221;middle&#8221; column_margin=&#8221;default&#8221; column_direction=&#8221;default&#8221; column_direction_tablet=&#8221;default&#8221; column_direction_phone=&#8221;default&#8221; scene_position=&#8221;center&#8221; text_color=&#8221;dark&#8221; text_align=&#8221;left&#8221; row_border_radius=&#8221;none&#8221; row_border_radius_applies=&#8221;bg&#8221; overflow=&#8221;visible&#8221; overlay_strength=&#8221;0.3&#8243; gradient_direction=&#8221;left_to_right&#8221; shape_divider_position=&#8221;bottom&#8221; bg_image_animation=&#8221;none&#8221;][vc_column column_padding=&#8221;no-extra-padding&#8221; column_padding_tablet=&#8221;inherit&#8221; column_padding_phone=&#8221;inherit&#8221; column_padding_position=&#8221;all&#8221; column_element_spacing=&#8221;default&#8221; background_color_opacity=&#8221;1&#8243; background_hover_color_opacity=&#8221;1&#8243; column_shadow=&#8221;none&#8221; column_border_radius=&#8221;none&#8221; column_link_target=&#8221;_self&#8221; column_position=&#8221;default&#8221; gradient_direction=&#8221;left_to_right&#8221; overlay_strength=&#8221;0.3&#8243; width=&#8221;1\/1&#8243; tablet_width_inherit=&#8221;default&#8221; tablet_text_alignment=&#8221;default&#8221; phone_text_alignment=&#8221;default&#8221; animation_type=&#8221;default&#8221; bg_image_animation=&#8221;none&#8221; border_type=&#8221;simple&#8221; column_border_width=&#8221;none&#8221; column_border_style=&#8221;solid&#8221;][vc_column_text]\n<ul style=\"font-weight: 400;\">\n<li><em>El Foro de Gesti\u00f3n de Corredur\u00edas contar\u00e1 con dos ponencias sobre temas de actualidad: la implantaci\u00f3n de modelos h\u00edbridos de trabajo y las operaciones corporativas de corredur\u00edas de seguros.<\/em><em>\u00a0<\/em><\/li>\n<\/ul>\n<ul style=\"font-weight: 400;\">\n<li><em>Tambi\u00e9n tendr\u00e1 lugar una <\/em>a la entrega de diplomas a los alumnos de la IV Edici\u00f3n del Programa de Desarrollo Directivo Fundaci\u00f3n ADECOSE-UEM y se presentar\u00e1 el proyecto acad\u00e9mico ganador de esta edici\u00f3n.<em>\u00a0<\/em><\/li>\n<\/ul>\n<ul style=\"font-weight: 400;\">\n<li><em>Durante la Cena Anual se har\u00e1 entrega de la XIV Edici\u00f3n del Premio Solidario Fundaci\u00f3n ADECOSE 2022.<\/em><\/li>\n<\/ul>\n[\/vc_column_text][\/vc_column][\/vc_row][vc_row type=&#8221;in_container&#8221; full_screen_row_position=&#8221;middle&#8221; column_margin=&#8221;default&#8221; column_direction=&#8221;default&#8221; column_direction_tablet=&#8221;default&#8221; column_direction_phone=&#8221;default&#8221; scene_position=&#8221;center&#8221; text_color=&#8221;dark&#8221; text_align=&#8221;left&#8221; row_border_radius=&#8221;none&#8221; row_border_radius_applies=&#8221;bg&#8221; overflow=&#8221;visible&#8221; overlay_strength=&#8221;0.3&#8243; gradient_direction=&#8221;left_to_right&#8221; shape_divider_position=&#8221;bottom&#8221; bg_image_animation=&#8221;none&#8221;][vc_column column_padding=&#8221;no-extra-padding&#8221; column_padding_tablet=&#8221;inherit&#8221; column_padding_phone=&#8221;inherit&#8221; column_padding_position=&#8221;all&#8221; column_element_spacing=&#8221;default&#8221; background_color_opacity=&#8221;1&#8243; background_hover_color_opacity=&#8221;1&#8243; column_shadow=&#8221;none&#8221; column_border_radius=&#8221;none&#8221; column_link_target=&#8221;_self&#8221; column_position=&#8221;default&#8221; gradient_direction=&#8221;left_to_right&#8221; overlay_strength=&#8221;0.3&#8243; width=&#8221;1\/1&#8243; tablet_width_inherit=&#8221;default&#8221; tablet_text_alignment=&#8221;default&#8221; phone_text_alignment=&#8221;default&#8221; animation_type=&#8221;default&#8221; bg_image_animation=&#8221;none&#8221; border_type=&#8221;simple&#8221; column_border_width=&#8221;none&#8221; column_border_style=&#8221;solid&#8221;][vc_column_text]\n<p style=\"font-weight: 400;\">ADECOSE celebrar\u00e1 su XXIV Foro de Gesti\u00f3n de Corredur\u00edas y Cena Anual el jueves, <strong>9 de junio<\/strong>, en el <strong>Complejo U Zalaca\u00edn La Finca<\/strong>. Este evento re\u00fane cada a\u00f1o a m\u00e1s de 400 asistentes y cuenta con la presencia de entidades p\u00fablicas y privadas, direcciones de las principales aseguradoras, as\u00ed como de las entidades m\u00e1s representativas del sector, por lo que ya se ha convertido en un evento de referencia para el sector en Espa\u00f1a.<\/p>\n<p style=\"font-weight: 400;\"><strong><em>XXIV Foro de Gesti\u00f3n de Corredur\u00edas<\/em><\/strong><\/p>\n<p style=\"font-weight: 400;\">El XXIV Foro de Gesti\u00f3n de Corredur\u00edas dar\u00e1 comienzo a las <strong>17:00 horas<\/strong>, y contar\u00e1 con dos ponencias donde se intercambiar\u00e1n opiniones sobre temas de absoluta actualidad e inter\u00e9s. En primer lugar, se celebrar\u00e1 una conferencia sobre las <strong>nuevas modalidades de trabajo<\/strong>, enfocado al modelo h\u00edbrido, que contar\u00e1 con la intervenci\u00f3n de <strong>Juan Luis Jimeno<\/strong>, director del \u00e1rea de Proyectos de Transformaci\u00f3n Sostenible de la consultor\u00eda de recursos humanos\u00a0<strong>Talengo<\/strong>. Posteriormente tendr\u00e1 lugar una ponencia sobre las <strong>operaciones corporativas de las corredur\u00edas de seguros<\/strong>, con la participaci\u00f3n de <strong>Francisco Carrasco<\/strong>,\u00a0Socio Responsable del \u00e1rea legal de seguros y pensiones de KPMG,\u00a0quien intervendr\u00e1 junto con otros profesionales de esta firma de servicios profesionales.<\/p>\n<p style=\"font-weight: 400;\">Por \u00faltimo, se dar\u00e1 paso a la entrega de diplomas a los alumnos de <strong>la IV Edici\u00f3n del Programa de Desarrollo Directivo Fundaci\u00f3n ADECOSE-UEM <\/strong>y se presentar\u00e1 el proyecto acad\u00e9mico ganador de esta edici\u00f3n \u201c<strong>Vooltio<\/strong>: Desarrollo y comercializaci\u00f3n de una App para ciclistas\u201d.<\/p>\n<p style=\"font-weight: 400;\"><strong><em>Cena Anual<\/em><\/strong><\/p>\n<p style=\"font-weight: 400;\">La Cena Anual comenzar\u00e1 a las <strong>20:30 horas<\/strong>, con un c\u00f3ctel de bienvenida previo. En esta ocasi\u00f3n, la tem\u00e1tica del evento girar\u00e1 en torno al <strong>45 aniversario de ADECOSE<\/strong>, para lo que se har\u00e1n diversas actividades conmemorativas.<\/p>\n<p style=\"font-weight: 400;\">Asimismo, durante la gala se har\u00e1 entrega del <strong>Premio Solidario Fundaci\u00f3n ADECOSE 2022<\/strong>, que reconocer\u00e1 a la persona o iniciativa destacada por su aportaci\u00f3n al bienestar del conjunto de la sociedad.<\/p>\n[\/vc_column_text][\/vc_column][\/vc_row]\n","protected":false},"excerpt":{"rendered":"<p>[vc_row type=&#8221;in_container&#8221; full_screen_row_position=&#8221;middle&#8221; column_margin=&#8221;default&#8221; column_direction=&#8221;default&#8221; column_direction_tablet=&#8221;default&#8221; column_direction_phone=&#8221;default&#8221; scene_position=&#8221;center&#8221; text_color=&#8221;dark&#8221; text_align=&#8221;left&#8221; row_border_radius=&#8221;none&#8221; row_border_radius_applies=&#8221;bg&#8221; overflow=&#8221;visible&#8221; overlay_strength=&#8221;0.3&#8243; gradient_direction=&#8221;left_to_right&#8221; shape_divider_position=&#8221;bottom&#8221; bg_image_animation=&#8221;none&#8221;][vc_column column_padding=&#8221;no-extra-padding&#8221; column_padding_tablet=&#8221;inherit&#8221; column_padding_phone=&#8221;inherit&#8221; column_padding_position=&#8221;all&#8221; column_element_spacing=&#8221;default&#8221; background_color_opacity=&#8221;1&#8243; background_hover_color_opacity=&#8221;1&#8243; column_shadow=&#8221;none&#8221;&#8230;<\/p>\n","protected":false},"author":197,"featured_media":12571,"comment_status":"closed","ping_status":"closed","sticky":false,"template":"","format":"standard","meta":{"_acf_changed":false,"_price":"","_stock":"","_tribe_ticket_header":"","_tribe_default_ticket_provider":"","_tribe_ticket_capacity":"0","_ticket_start_date":"","_ticket_end_date":"","_tribe_ticket_show_description":"","_tribe_ticket_show_not_going":false,"_tribe_ticket_use_global_stock":"","_tribe_ticket_global_stock_level":"","_global_stock_mode":"","_global_stock_cap":"","_tribe_rsvp_for_event":"","_tribe_ticket_going_count":"","_tribe_ticket_not_going_count":"","_tribe_tickets_list":"[]","_tribe_ticket_has_attendee_info_fields":false,"footnotes":""},"categories":[2],"tags":[286,329],"class_list":["post-12563","post","type-post","status-publish","format-standard","has-post-thumbnail","category-noticias","tag-cena-anual","tag-foro"],"acf":[],"yoast_head":"<!-- This site is optimized with the Yoast SEO plugin v27.2 - https:\/\/yoast.com\/product\/yoast-seo-wordpress\/ -->\n<title>ADECOSE celebrar\u00e1 el XXIV Foro de Gesti\u00f3n de Corredur\u00edas y Cena Anual el 9 de junio \u00a0 - ADECOSE<\/title>\n<meta name=\"robots\" content=\"index, follow, max-snippet:-1, max-image-preview:large, max-video-preview:-1\" \/>\n<link rel=\"canonical\" href=\"https:\/\/www.adecose.com\/adecose-celebrara-el-xxiv-foro-de-gestion-de-corredurias-y-cena-anual-el-9-de-junio\/\" \/>\n<meta property=\"og:locale\" content=\"ca_ES\" \/>\n<meta property=\"og:type\" content=\"article\" \/>\n<meta property=\"og:title\" content=\"ADECOSE celebrar\u00e1 el XXIV Foro de Gesti\u00f3n de Corredur\u00edas y Cena Anual el 9 de junio \u00a0 - ADECOSE\" \/>\n<meta property=\"og:description\" content=\"[vc_row type=&#8221;in_container&#8221; full_screen_row_position=&#8221;middle&#8221; column_margin=&#8221;default&#8221; column_direction=&#8221;default&#8221; column_direction_tablet=&#8221;default&#8221; column_direction_phone=&#8221;default&#8221; scene_position=&#8221;center&#8221; text_color=&#8221;dark&#8221; text_align=&#8221;left&#8221; row_border_radius=&#8221;none&#8221; row_border_radius_applies=&#8221;bg&#8221; overflow=&#8221;visible&#8221; overlay_strength=&#8221;0.3&#8243; gradient_direction=&#8221;left_to_right&#8221; shape_divider_position=&#8221;bottom&#8221; bg_image_animation=&#8221;none&#8221;][vc_column column_padding=&#8221;no-extra-padding&#8221; column_padding_tablet=&#8221;inherit&#8221; column_padding_phone=&#8221;inherit&#8221; column_padding_position=&#8221;all&#8221; column_element_spacing=&#8221;default&#8221; background_color_opacity=&#8221;1&#8243; background_hover_color_opacity=&#8221;1&#8243; column_shadow=&#8221;none&#8221;...\" \/>\n<meta property=\"og:url\" content=\"https:\/\/www.adecose.com\/adecose-celebrara-el-xxiv-foro-de-gestion-de-corredurias-y-cena-anual-el-9-de-junio\/\" \/>\n<meta property=\"og:site_name\" content=\"ADECOSE\" \/>\n<meta property=\"article:published_time\" content=\"2022-05-20T07:38:38+00:00\" \/>\n<meta property=\"article:modified_time\" content=\"2022-05-20T07:51:00+00:00\" \/>\n<meta property=\"og:image\" content=\"https:\/\/www.adecose.com\/wp-content\/uploads\/2022\/05\/Captura-de-Pantalla-2022-05-20-a-las-9.36.52.png\" \/>\n\t<meta property=\"og:image:width\" content=\"516\" \/>\n\t<meta property=\"og:image:height\" content=\"308\" \/>\n\t<meta property=\"og:image:type\" content=\"image\/png\" \/>\n<meta name=\"author\" content=\"Comunicaci\u00f3n ADECOSE\" \/>\n<meta name=\"twitter:card\" content=\"summary_large_image\" \/>\n<meta name=\"twitter:label1\" content=\"Escrit per\" \/>\n\t<meta name=\"twitter:data1\" content=\"Comunicaci\u00f3n ADECOSE\" \/>\n\t<meta name=\"twitter:label2\" content=\"Temps estimat de lectura\" \/>\n\t<meta name=\"twitter:data2\" content=\"3 minuts\" \/>\n<script type=\"application\/ld+json\" class=\"yoast-schema-graph\">{\"@context\":\"https:\/\/schema.org\",\"@graph\":[{\"@type\":\"Article\",\"@id\":\"https:\/\/www.adecose.com\/adecose-celebrara-el-xxiv-foro-de-gestion-de-corredurias-y-cena-anual-el-9-de-junio\/#article\",\"isPartOf\":{\"@id\":\"https:\/\/www.adecose.com\/adecose-celebrara-el-xxiv-foro-de-gestion-de-corredurias-y-cena-anual-el-9-de-junio\/\"},\"author\":{\"name\":\"Comunicaci\u00f3n ADECOSE\",\"@id\":\"https:\/\/www.adecose.com\/gl\/#\/schema\/person\/ff086ce55f6379e1d225a2c0dca5eeb6\"},\"headline\":\"ADECOSE celebrar\u00e1 el XXIV Foro de Gesti\u00f3n de Corredur\u00edas y Cena Anual el 9 de junio \u00a0\",\"datePublished\":\"2022-05-20T07:38:38+00:00\",\"dateModified\":\"2022-05-20T07:51:00+00:00\",\"mainEntityOfPage\":{\"@id\":\"https:\/\/www.adecose.com\/adecose-celebrara-el-xxiv-foro-de-gestion-de-corredurias-y-cena-anual-el-9-de-junio\/\"},\"wordCount\":738,\"publisher\":{\"@id\":\"https:\/\/www.adecose.com\/gl\/#organization\"},\"image\":{\"@id\":\"https:\/\/www.adecose.com\/adecose-celebrara-el-xxiv-foro-de-gestion-de-corredurias-y-cena-anual-el-9-de-junio\/#primaryimage\"},\"thumbnailUrl\":\"https:\/\/www.adecose.com\/wp-content\/uploads\/2022\/05\/Captura-de-Pantalla-2022-05-20-a-las-9.36.52.png\",\"keywords\":[\"CENA ANUAL\",\"FORO\"],\"articleSection\":[\"Noticias\"],\"inLanguage\":\"ca\"},{\"@type\":\"WebPage\",\"@id\":\"https:\/\/www.adecose.com\/adecose-celebrara-el-xxiv-foro-de-gestion-de-corredurias-y-cena-anual-el-9-de-junio\/\",\"url\":\"https:\/\/www.adecose.com\/adecose-celebrara-el-xxiv-foro-de-gestion-de-corredurias-y-cena-anual-el-9-de-junio\/\",\"name\":\"ADECOSE celebrar\u00e1 el XXIV Foro de Gesti\u00f3n de Corredur\u00edas y Cena Anual el 9 de junio \u00a0 - ADECOSE\",\"isPartOf\":{\"@id\":\"https:\/\/www.adecose.com\/gl\/#website\"},\"primaryImageOfPage\":{\"@id\":\"https:\/\/www.adecose.com\/adecose-celebrara-el-xxiv-foro-de-gestion-de-corredurias-y-cena-anual-el-9-de-junio\/#primaryimage\"},\"image\":{\"@id\":\"https:\/\/www.adecose.com\/adecose-celebrara-el-xxiv-foro-de-gestion-de-corredurias-y-cena-anual-el-9-de-junio\/#primaryimage\"},\"thumbnailUrl\":\"https:\/\/www.adecose.com\/wp-content\/uploads\/2022\/05\/Captura-de-Pantalla-2022-05-20-a-las-9.36.52.png\",\"datePublished\":\"2022-05-20T07:38:38+00:00\",\"dateModified\":\"2022-05-20T07:51:00+00:00\",\"breadcrumb\":{\"@id\":\"https:\/\/www.adecose.com\/adecose-celebrara-el-xxiv-foro-de-gestion-de-corredurias-y-cena-anual-el-9-de-junio\/#breadcrumb\"},\"inLanguage\":\"ca\",\"potentialAction\":[{\"@type\":\"ReadAction\",\"target\":[\"https:\/\/www.adecose.com\/adecose-celebrara-el-xxiv-foro-de-gestion-de-corredurias-y-cena-anual-el-9-de-junio\/\"]}]},{\"@type\":\"ImageObject\",\"inLanguage\":\"ca\",\"@id\":\"https:\/\/www.adecose.com\/adecose-celebrara-el-xxiv-foro-de-gestion-de-corredurias-y-cena-anual-el-9-de-junio\/#primaryimage\",\"url\":\"https:\/\/www.adecose.com\/wp-content\/uploads\/2022\/05\/Captura-de-Pantalla-2022-05-20-a-las-9.36.52.png\",\"contentUrl\":\"https:\/\/www.adecose.com\/wp-content\/uploads\/2022\/05\/Captura-de-Pantalla-2022-05-20-a-las-9.36.52.png\",\"width\":516,\"height\":308},{\"@type\":\"BreadcrumbList\",\"@id\":\"https:\/\/www.adecose.com\/adecose-celebrara-el-xxiv-foro-de-gestion-de-corredurias-y-cena-anual-el-9-de-junio\/#breadcrumb\",\"itemListElement\":[{\"@type\":\"ListItem\",\"position\":1,\"name\":\"Portada\",\"item\":\"https:\/\/www.adecose.com\/ca\/associacio-espanyola-de-corredories-dassegurances-i-reassegurances\/\"},{\"@type\":\"ListItem\",\"position\":2,\"name\":\"ADECOSE celebrar\u00e1 el XXIV Foro de Gesti\u00f3n de Corredur\u00edas y Cena Anual el 9 de junio \u00a0\"}]},{\"@type\":\"WebSite\",\"@id\":\"https:\/\/www.adecose.com\/gl\/#website\",\"url\":\"https:\/\/www.adecose.com\/gl\/\",\"name\":\"ADECOSE\",\"description\":\"Associaci\u00f3 Espanyola de Corredories d\u2019Assegurances i Reassegurances\",\"publisher\":{\"@id\":\"https:\/\/www.adecose.com\/gl\/#organization\"},\"potentialAction\":[{\"@type\":\"SearchAction\",\"target\":{\"@type\":\"EntryPoint\",\"urlTemplate\":\"https:\/\/www.adecose.com\/gl\/?s={search_term_string}\"},\"query-input\":{\"@type\":\"PropertyValueSpecification\",\"valueRequired\":true,\"valueName\":\"search_term_string\"}}],\"inLanguage\":\"ca\"},{\"@type\":\"Organization\",\"@id\":\"https:\/\/www.adecose.com\/gl\/#organization\",\"name\":\"ADECOSE\",\"url\":\"https:\/\/www.adecose.com\/gl\/\",\"logo\":{\"@type\":\"ImageObject\",\"inLanguage\":\"ca\",\"@id\":\"https:\/\/www.adecose.com\/gl\/#\/schema\/logo\/image\/\",\"url\":\"https:\/\/www.adecose.com\/wp-content\/uploads\/2020\/07\/favicon.png\",\"contentUrl\":\"https:\/\/www.adecose.com\/wp-content\/uploads\/2020\/07\/favicon.png\",\"width\":512,\"height\":512,\"caption\":\"ADECOSE\"},\"image\":{\"@id\":\"https:\/\/www.adecose.com\/gl\/#\/schema\/logo\/image\/\"}},{\"@type\":\"Person\",\"@id\":\"https:\/\/www.adecose.com\/gl\/#\/schema\/person\/ff086ce55f6379e1d225a2c0dca5eeb6\",\"name\":\"Comunicaci\u00f3n ADECOSE\",\"image\":{\"@type\":\"ImageObject\",\"inLanguage\":\"ca\",\"@id\":\"https:\/\/secure.gravatar.com\/avatar\/01cd1f9571997441bf1da6d1cc147351305f03fe8f2acf1ebbec60ebb26924ce?s=96&d=mm&r=g\",\"url\":\"https:\/\/secure.gravatar.com\/avatar\/01cd1f9571997441bf1da6d1cc147351305f03fe8f2acf1ebbec60ebb26924ce?s=96&d=mm&r=g\",\"contentUrl\":\"https:\/\/secure.gravatar.com\/avatar\/01cd1f9571997441bf1da6d1cc147351305f03fe8f2acf1ebbec60ebb26924ce?s=96&d=mm&r=g\",\"caption\":\"Comunicaci\u00f3n ADECOSE\"}}]}<\/script>\n<!-- \/ Yoast SEO plugin. -->","yoast_head_json":{"title":"ADECOSE celebrar\u00e1 el XXIV Foro de Gesti\u00f3n de Corredur\u00edas y Cena Anual el 9 de junio \u00a0 - ADECOSE","robots":{"index":"index","follow":"follow","max-snippet":"max-snippet:-1","max-image-preview":"max-image-preview:large","max-video-preview":"max-video-preview:-1"},"canonical":"https:\/\/www.adecose.com\/adecose-celebrara-el-xxiv-foro-de-gestion-de-corredurias-y-cena-anual-el-9-de-junio\/","og_locale":"ca_ES","og_type":"article","og_title":"ADECOSE celebrar\u00e1 el XXIV Foro de Gesti\u00f3n de Corredur\u00edas y Cena Anual el 9 de junio \u00a0 - ADECOSE","og_description":"[vc_row type=&#8221;in_container&#8221; full_screen_row_position=&#8221;middle&#8221; column_margin=&#8221;default&#8221; column_direction=&#8221;default&#8221; column_direction_tablet=&#8221;default&#8221; column_direction_phone=&#8221;default&#8221; scene_position=&#8221;center&#8221; text_color=&#8221;dark&#8221; text_align=&#8221;left&#8221; row_border_radius=&#8221;none&#8221; row_border_radius_applies=&#8221;bg&#8221; overflow=&#8221;visible&#8221; overlay_strength=&#8221;0.3&#8243; gradient_direction=&#8221;left_to_right&#8221; shape_divider_position=&#8221;bottom&#8221; bg_image_animation=&#8221;none&#8221;][vc_column column_padding=&#8221;no-extra-padding&#8221; column_padding_tablet=&#8221;inherit&#8221; column_padding_phone=&#8221;inherit&#8221; column_padding_position=&#8221;all&#8221; column_element_spacing=&#8221;default&#8221; background_color_opacity=&#8221;1&#8243; background_hover_color_opacity=&#8221;1&#8243; column_shadow=&#8221;none&#8221;...","og_url":"https:\/\/www.adecose.com\/adecose-celebrara-el-xxiv-foro-de-gestion-de-corredurias-y-cena-anual-el-9-de-junio\/","og_site_name":"ADECOSE","article_published_time":"2022-05-20T07:38:38+00:00","article_modified_time":"2022-05-20T07:51:00+00:00","og_image":[{"width":516,"height":308,"url":"https:\/\/www.adecose.com\/wp-content\/uploads\/2022\/05\/Captura-de-Pantalla-2022-05-20-a-las-9.36.52.png","type":"image\/png"}],"author":"Comunicaci\u00f3n ADECOSE","twitter_card":"summary_large_image","twitter_misc":{"Escrit per":"Comunicaci\u00f3n ADECOSE","Temps estimat de lectura":"3 minuts"},"schema":{"@context":"https:\/\/schema.org","@graph":[{"@type":"Article","@id":"https:\/\/www.adecose.com\/adecose-celebrara-el-xxiv-foro-de-gestion-de-corredurias-y-cena-anual-el-9-de-junio\/#article","isPartOf":{"@id":"https:\/\/www.adecose.com\/adecose-celebrara-el-xxiv-foro-de-gestion-de-corredurias-y-cena-anual-el-9-de-junio\/"},"author":{"name":"Comunicaci\u00f3n ADECOSE","@id":"https:\/\/www.adecose.com\/gl\/#\/schema\/person\/ff086ce55f6379e1d225a2c0dca5eeb6"},"headline":"ADECOSE celebrar\u00e1 el XXIV Foro de Gesti\u00f3n de Corredur\u00edas y Cena Anual el 9 de junio \u00a0","datePublished":"2022-05-20T07:38:38+00:00","dateModified":"2022-05-20T07:51:00+00:00","mainEntityOfPage":{"@id":"https:\/\/www.adecose.com\/adecose-celebrara-el-xxiv-foro-de-gestion-de-corredurias-y-cena-anual-el-9-de-junio\/"},"wordCount":738,"publisher":{"@id":"https:\/\/www.adecose.com\/gl\/#organization"},"image":{"@id":"https:\/\/www.adecose.com\/adecose-celebrara-el-xxiv-foro-de-gestion-de-corredurias-y-cena-anual-el-9-de-junio\/#primaryimage"},"thumbnailUrl":"https:\/\/www.adecose.com\/wp-content\/uploads\/2022\/05\/Captura-de-Pantalla-2022-05-20-a-las-9.36.52.png","keywords":["CENA ANUAL","FORO"],"articleSection":["Noticias"],"inLanguage":"ca"},{"@type":"WebPage","@id":"https:\/\/www.adecose.com\/adecose-celebrara-el-xxiv-foro-de-gestion-de-corredurias-y-cena-anual-el-9-de-junio\/","url":"https:\/\/www.adecose.com\/adecose-celebrara-el-xxiv-foro-de-gestion-de-corredurias-y-cena-anual-el-9-de-junio\/","name":"ADECOSE celebrar\u00e1 el XXIV Foro de Gesti\u00f3n de Corredur\u00edas y Cena Anual el 9 de junio \u00a0 - ADECOSE","isPartOf":{"@id":"https:\/\/www.adecose.com\/gl\/#website"},"primaryImageOfPage":{"@id":"https:\/\/www.adecose.com\/adecose-celebrara-el-xxiv-foro-de-gestion-de-corredurias-y-cena-anual-el-9-de-junio\/#primaryimage"},"image":{"@id":"https:\/\/www.adecose.com\/adecose-celebrara-el-xxiv-foro-de-gestion-de-corredurias-y-cena-anual-el-9-de-junio\/#primaryimage"},"thumbnailUrl":"https:\/\/www.adecose.com\/wp-content\/uploads\/2022\/05\/Captura-de-Pantalla-2022-05-20-a-las-9.36.52.png","datePublished":"2022-05-20T07:38:38+00:00","dateModified":"2022-05-20T07:51:00+00:00","breadcrumb":{"@id":"https:\/\/www.adecose.com\/adecose-celebrara-el-xxiv-foro-de-gestion-de-corredurias-y-cena-anual-el-9-de-junio\/#breadcrumb"},"inLanguage":"ca","potentialAction":[{"@type":"ReadAction","target":["https:\/\/www.adecose.com\/adecose-celebrara-el-xxiv-foro-de-gestion-de-corredurias-y-cena-anual-el-9-de-junio\/"]}]},{"@type":"ImageObject","inLanguage":"ca","@id":"https:\/\/www.adecose.com\/adecose-celebrara-el-xxiv-foro-de-gestion-de-corredurias-y-cena-anual-el-9-de-junio\/#primaryimage","url":"https:\/\/www.adecose.com\/wp-content\/uploads\/2022\/05\/Captura-de-Pantalla-2022-05-20-a-las-9.36.52.png","contentUrl":"https:\/\/www.adecose.com\/wp-content\/uploads\/2022\/05\/Captura-de-Pantalla-2022-05-20-a-las-9.36.52.png","width":516,"height":308},{"@type":"BreadcrumbList","@id":"https:\/\/www.adecose.com\/adecose-celebrara-el-xxiv-foro-de-gestion-de-corredurias-y-cena-anual-el-9-de-junio\/#breadcrumb","itemListElement":[{"@type":"ListItem","position":1,"name":"Portada","item":"https:\/\/www.adecose.com\/ca\/associacio-espanyola-de-corredories-dassegurances-i-reassegurances\/"},{"@type":"ListItem","position":2,"name":"ADECOSE celebrar\u00e1 el XXIV Foro de Gesti\u00f3n de Corredur\u00edas y Cena Anual el 9 de junio \u00a0"}]},{"@type":"WebSite","@id":"https:\/\/www.adecose.com\/gl\/#website","url":"https:\/\/www.adecose.com\/gl\/","name":"ADECOSE","description":"Associaci\u00f3 Espanyola de Corredories d\u2019Assegurances i Reassegurances","publisher":{"@id":"https:\/\/www.adecose.com\/gl\/#organization"},"potentialAction":[{"@type":"SearchAction","target":{"@type":"EntryPoint","urlTemplate":"https:\/\/www.adecose.com\/gl\/?s={search_term_string}"},"query-input":{"@type":"PropertyValueSpecification","valueRequired":true,"valueName":"search_term_string"}}],"inLanguage":"ca"},{"@type":"Organization","@id":"https:\/\/www.adecose.com\/gl\/#organization","name":"ADECOSE","url":"https:\/\/www.adecose.com\/gl\/","logo":{"@type":"ImageObject","inLanguage":"ca","@id":"https:\/\/www.adecose.com\/gl\/#\/schema\/logo\/image\/","url":"https:\/\/www.adecose.com\/wp-content\/uploads\/2020\/07\/favicon.png","contentUrl":"https:\/\/www.adecose.com\/wp-content\/uploads\/2020\/07\/favicon.png","width":512,"height":512,"caption":"ADECOSE"},"image":{"@id":"https:\/\/www.adecose.com\/gl\/#\/schema\/logo\/image\/"}},{"@type":"Person","@id":"https:\/\/www.adecose.com\/gl\/#\/schema\/person\/ff086ce55f6379e1d225a2c0dca5eeb6","name":"Comunicaci\u00f3n ADECOSE","image":{"@type":"ImageObject","inLanguage":"ca","@id":"https:\/\/secure.gravatar.com\/avatar\/01cd1f9571997441bf1da6d1cc147351305f03fe8f2acf1ebbec60ebb26924ce?s=96&d=mm&r=g","url":"https:\/\/secure.gravatar.com\/avatar\/01cd1f9571997441bf1da6d1cc147351305f03fe8f2acf1ebbec60ebb26924ce?s=96&d=mm&r=g","contentUrl":"https:\/\/secure.gravatar.com\/avatar\/01cd1f9571997441bf1da6d1cc147351305f03fe8f2acf1ebbec60ebb26924ce?s=96&d=mm&r=g","caption":"Comunicaci\u00f3n ADECOSE"}}]}},"_links":{"self":[{"href":"https:\/\/www.adecose.com\/ca\/wp-json\/wp\/v2\/posts\/12563","targetHints":{"allow":["GET"]}}],"collection":[{"href":"https:\/\/www.adecose.com\/ca\/wp-json\/wp\/v2\/posts"}],"about":[{"href":"https:\/\/www.adecose.com\/ca\/wp-json\/wp\/v2\/types\/post"}],"author":[{"embeddable":true,"href":"https:\/\/www.adecose.com\/ca\/wp-json\/wp\/v2\/users\/197"}],"replies":[{"embeddable":true,"href":"https:\/\/www.adecose.com\/ca\/wp-json\/wp\/v2\/comments?post=12563"}],"version-history":[{"count":0,"href":"https:\/\/www.adecose.com\/ca\/wp-json\/wp\/v2\/posts\/12563\/revisions"}],"wp:featuredmedia":[{"embeddable":true,"href":"https:\/\/www.adecose.com\/ca\/wp-json\/wp\/v2\/media\/12571"}],"wp:attachment":[{"href":"https:\/\/www.adecose.com\/ca\/wp-json\/wp\/v2\/media?parent=12563"}],"wp:term":[{"taxonomy":"category","embeddable":true,"href":"https:\/\/www.adecose.com\/ca\/wp-json\/wp\/v2\/categories?post=12563"},{"taxonomy":"post_tag","embeddable":true,"href":"https:\/\/www.adecose.com\/ca\/wp-json\/wp\/v2\/tags?post=12563"}],"curies":[{"name":"wp","href":"https:\/\/api.w.org\/{rel}","templated":true}]}}