{"id":10091,"date":"2021-04-19T15:49:27","date_gmt":"2021-04-19T13:49:27","guid":{"rendered":"https:\/\/www.adecose.com\/?p=10091"},"modified":"2021-04-19T15:49:27","modified_gmt":"2021-04-19T13:49:27","slug":"adecose-celebra-su-asamblea-general-ordinaria","status":"publish","type":"post","link":"https:\/\/www.adecose.com\/ca\/adecose-celebra-su-asamblea-general-ordinaria\/","title":{"rendered":"ADECOSE celebra su Asamblea General Ordinaria"},"content":{"rendered":"[vc_row type=&#8221;in_container&#8221; full_screen_row_position=&#8221;middle&#8221; column_margin=&#8221;default&#8221; column_direction=&#8221;default&#8221; column_direction_tablet=&#8221;default&#8221; column_direction_phone=&#8221;default&#8221; scene_position=&#8221;center&#8221; text_color=&#8221;dark&#8221; text_align=&#8221;left&#8221; row_border_radius=&#8221;none&#8221; row_border_radius_applies=&#8221;bg&#8221; overlay_strength=&#8221;0.3&#8243; gradient_direction=&#8221;left_to_right&#8221; shape_divider_position=&#8221;bottom&#8221; bg_image_animation=&#8221;none&#8221;][vc_column column_padding=&#8221;no-extra-padding&#8221; column_padding_tablet=&#8221;inherit&#8221; column_padding_phone=&#8221;inherit&#8221; column_padding_position=&#8221;all&#8221; background_color_opacity=&#8221;1&#8243; background_hover_color_opacity=&#8221;1&#8243; column_shadow=&#8221;none&#8221; column_border_radius=&#8221;none&#8221; column_link_target=&#8221;_self&#8221; gradient_direction=&#8221;left_to_right&#8221; overlay_strength=&#8221;0.3&#8243; width=&#8221;1\/1&#8243; tablet_width_inherit=&#8221;default&#8221; tablet_text_alignment=&#8221;default&#8221; phone_text_alignment=&#8221;default&#8221; column_border_width=&#8221;none&#8221; column_border_style=&#8221;solid&#8221; bg_image_animation=&#8221;none&#8221;][vc_column_text]<strong>\u00a0<\/strong><\/p>\n<ul>\n<li><em>ADECOSE ha celebrado telem\u00e1ticamente su Asamblea General con una participaci\u00f3n de m\u00e1s del 60% de los representantes de las corredur\u00edas asociadas.<\/em><\/li>\n<li><em>Eva Mar\u00eda Lid\u00f3n, subdirectora general de Autorizaciones, Conductas de Mercado y Distribuci\u00f3n de la DGSFP, ha inaugurado el acto.<\/em><\/li>\n<li><em>ADECOSE ha presentado su Memoria Anual sobre los hitos de 2020, que ya se encuentra disponible en la web.<\/em><\/li>\n<\/ul>\n<p>ADECOSE ha celebrado esta semana su <strong>Asamblea General Ordinaria<\/strong> de forma telem\u00e1tica con la participaci\u00f3n de m\u00e1s del 60% de los representantes de las corredur\u00edas asociadas. La Asamblea ha contado, adem\u00e1s, con la intervenci\u00f3n de Eva Mar\u00eda Lid\u00f3n, subdirectora general de Autorizaciones, Conductas de Mercado y Distribuci\u00f3n de la DGSFP, que ha inaugurado el acto con un breve discurso.<\/p>\n<p>Durante la Asamblea General, <strong>m\u00e1s del 60% de los representantes de las corredur\u00edas asociadas <\/strong>han ratificado y aprobado todos los puntos del orden del d\u00eda, entre los que destacan la aprobaci\u00f3n por unanimidad de la Cuenta General de Ingresos y Gastos de la Asociaci\u00f3n del ejercicio 2020 y el presupuesto de la Asociaci\u00f3n del ejercicio 2021.<\/p>\n<p>La Asamblea General ha estado inaugurada por la subdirectora general de Autorizaciones, Conductas de Mercado y Distribuci\u00f3n de la DGSFP, Eva Mar\u00eda Lid\u00f3n. En su discurso ha destacado <strong>el peso fundamental que tienen los corredores en el mercado asegurador<\/strong> y ha se\u00f1alado como clave \u201c<em>la comunicaci\u00f3n permanente con el supervisor para el entendimiento entre la Administraci\u00f3n y el mercado, dentro de un sector tan regulado con una avalancha normativa\u201d.<\/em> En este sentido, el principal reto de 2021 ser\u00e1n las numerosas novedades normativas, \u201c<em>tenemos que prepararnos para vivir un horizonte muy activo en cuanto a regulaci\u00f3n<\/em>\u201d, ha concluido Lid\u00f3n.<\/p>\n<h4><span style=\"color: #025a9c;\"><em>Eva Mar\u00eda Lid\u00f3n: <\/em>\u201c<em>La comunicaci\u00f3n permanente con el supervisor para el entendimiento entre la Administraci\u00f3n y el mercado, dentro de un sector tan regulado con una avalancha normativa\u201d. <\/em><\/span><\/h4>\n<p>&nbsp;<\/p>\n<p>Por su parte, Mart\u00edn Navaz, presidente de ADECOSE, ha reflexionado sobre <strong>los hitos m\u00e1s importantes de la Asociaci\u00f3n durante el pasado a\u00f1o<\/strong>, entre los que destacan la inauguraci\u00f3n de las nuevas oficinas, la renovaci\u00f3n de la identidad corporativa, la integraci\u00f3n del 100% del reaseguro con ASECORE y la inauguraci\u00f3n de la Fundaci\u00f3n ADECOSE. Estos acontecimientos est\u00e1n recogidos en la Memoria Anual 2020 que ha elaborado la Asociaci\u00f3n y que ya se encuentra disponible en la <a href=\"https:\/\/www.adecose.com\/memoria\/\">web<\/a>.<\/p>\n<p>Asimismo, Navaz ha destacado <strong>la actividad que ha desarrollado ADECOSE en Europa<\/strong>, de la mano de la reelecci\u00f3n de Juan Ram\u00f3n Pl\u00e1 como presidente de la Federaci\u00f3n Europea (BIPAR).<\/p>\n<p>Por \u00faltimo, ha anunciado el avance en la firma de la <strong>Carta de Condiciones<\/strong> que ADECOSE ha renovado con m\u00e1s de la mitad de las 60 compa\u00f1\u00edas aseguradoras que firmaron el modelo anterior. Esta Carta de Condiciones \u201cpermite establecer las bases para una relaci\u00f3n de confianza y seguridad jur\u00eddica entre compa\u00f1\u00edas y corredores\u201d, ha afirmado Navaz.<\/p>\n<p>Posteriormente, <strong>Borja L\u00f3pez-Chicheri, director gerente de ADECOSE<\/strong>, ha enumerado las iniciativas desarrolladas por ADECOSE m\u00e1s destacadas en el \u00faltimo a\u00f1o; y <strong>Juan Ram\u00f3n Pl\u00e1, tesorero de ADECOSE<\/strong>,\u00a0ha presentado las cuentas anuales de 2020 debidamente auditadas por una empresa externa y el presupuesto para 2021, que han sido aprobados por la unanimidad de los socios.[\/vc_column_text][\/vc_column][\/vc_row]\n","protected":false},"excerpt":{"rendered":"<p>[vc_row type=&#8221;in_container&#8221; full_screen_row_position=&#8221;middle&#8221; column_margin=&#8221;default&#8221; column_direction=&#8221;default&#8221; column_direction_tablet=&#8221;default&#8221; column_direction_phone=&#8221;default&#8221; scene_position=&#8221;center&#8221; text_color=&#8221;dark&#8221; text_align=&#8221;left&#8221; row_border_radius=&#8221;none&#8221; row_border_radius_applies=&#8221;bg&#8221; overlay_strength=&#8221;0.3&#8243; gradient_direction=&#8221;left_to_right&#8221; shape_divider_position=&#8221;bottom&#8221; bg_image_animation=&#8221;none&#8221;][vc_column column_padding=&#8221;no-extra-padding&#8221; column_padding_tablet=&#8221;inherit&#8221; column_padding_phone=&#8221;inherit&#8221; column_padding_position=&#8221;all&#8221; background_color_opacity=&#8221;1&#8243; background_hover_color_opacity=&#8221;1&#8243; column_shadow=&#8221;none&#8221; column_border_radius=&#8221;none&#8221; column_link_target=&#8221;_self&#8221;&#8230;<\/p>\n","protected":false},"author":197,"featured_media":9391,"comment_status":"closed","ping_status":"closed","sticky":false,"template":"","format":"standard","meta":{"_acf_changed":false,"_price":"","_stock":"","_tribe_ticket_header":"","_tribe_default_ticket_provider":"","_tribe_ticket_capacity":"0","_ticket_start_date":"","_ticket_end_date":"","_tribe_ticket_show_description":"","_tribe_ticket_show_not_going":false,"_tribe_ticket_use_global_stock":"","_tribe_ticket_global_stock_level":"","_global_stock_mode":"","_global_stock_cap":"","_tribe_rsvp_for_event":"","_tribe_ticket_going_count":"","_tribe_ticket_not_going_count":"","_tribe_tickets_list":"[]","_tribe_ticket_has_attendee_info_fields":false,"footnotes":""},"categories":[2],"tags":[235],"class_list":["post-10091","post","type-post","status-publish","format-standard","has-post-thumbnail","category-noticias","tag-asamblea-general"],"acf":[],"yoast_head":"<!-- This site is optimized with the Yoast SEO plugin v27.2 - https:\/\/yoast.com\/product\/yoast-seo-wordpress\/ -->\n<title>ADECOSE celebra su Asamblea General Ordinaria - ADECOSE<\/title>\n<meta name=\"robots\" content=\"index, follow, max-snippet:-1, max-image-preview:large, max-video-preview:-1\" \/>\n<link rel=\"canonical\" href=\"https:\/\/www.adecose.com\/adecose-celebra-su-asamblea-general-ordinaria\/\" \/>\n<meta property=\"og:locale\" content=\"ca_ES\" \/>\n<meta property=\"og:type\" content=\"article\" \/>\n<meta property=\"og:title\" content=\"ADECOSE celebra su Asamblea General Ordinaria - ADECOSE\" \/>\n<meta property=\"og:description\" content=\"[vc_row type=&#8221;in_container&#8221; full_screen_row_position=&#8221;middle&#8221; column_margin=&#8221;default&#8221; column_direction=&#8221;default&#8221; column_direction_tablet=&#8221;default&#8221; column_direction_phone=&#8221;default&#8221; scene_position=&#8221;center&#8221; text_color=&#8221;dark&#8221; text_align=&#8221;left&#8221; row_border_radius=&#8221;none&#8221; row_border_radius_applies=&#8221;bg&#8221; overlay_strength=&#8221;0.3&#8243; gradient_direction=&#8221;left_to_right&#8221; shape_divider_position=&#8221;bottom&#8221; bg_image_animation=&#8221;none&#8221;][vc_column column_padding=&#8221;no-extra-padding&#8221; column_padding_tablet=&#8221;inherit&#8221; column_padding_phone=&#8221;inherit&#8221; column_padding_position=&#8221;all&#8221; background_color_opacity=&#8221;1&#8243; background_hover_color_opacity=&#8221;1&#8243; column_shadow=&#8221;none&#8221; column_border_radius=&#8221;none&#8221; column_link_target=&#8221;_self&#8221;...\" \/>\n<meta property=\"og:url\" content=\"https:\/\/www.adecose.com\/adecose-celebra-su-asamblea-general-ordinaria\/\" \/>\n<meta property=\"og:site_name\" content=\"ADECOSE\" \/>\n<meta property=\"article:published_time\" content=\"2021-04-19T13:49:27+00:00\" \/>\n<meta property=\"og:image\" content=\"https:\/\/www.adecose.com\/wp-content\/uploads\/2020\/12\/Cartas-de-condiciones-DKV.jpeg\" \/>\n\t<meta property=\"og:image:width\" content=\"1000\" \/>\n\t<meta property=\"og:image:height\" content=\"665\" \/>\n\t<meta property=\"og:image:type\" content=\"image\/jpeg\" \/>\n<meta name=\"author\" content=\"Comunicaci\u00f3n ADECOSE\" \/>\n<meta name=\"twitter:card\" content=\"summary_large_image\" \/>\n<meta name=\"twitter:label1\" content=\"Escrit per\" \/>\n\t<meta name=\"twitter:data1\" content=\"Comunicaci\u00f3n ADECOSE\" \/>\n\t<meta name=\"twitter:label2\" content=\"Temps estimat de lectura\" \/>\n\t<meta name=\"twitter:data2\" content=\"3 minuts\" \/>\n<script type=\"application\/ld+json\" class=\"yoast-schema-graph\">{\"@context\":\"https:\/\/schema.org\",\"@graph\":[{\"@type\":\"Article\",\"@id\":\"https:\/\/www.adecose.com\/adecose-celebra-su-asamblea-general-ordinaria\/#article\",\"isPartOf\":{\"@id\":\"https:\/\/www.adecose.com\/adecose-celebra-su-asamblea-general-ordinaria\/\"},\"author\":{\"name\":\"Comunicaci\u00f3n ADECOSE\",\"@id\":\"https:\/\/www.adecose.com\/gl\/#\/schema\/person\/ff086ce55f6379e1d225a2c0dca5eeb6\"},\"headline\":\"ADECOSE celebra su Asamblea General Ordinaria\",\"datePublished\":\"2021-04-19T13:49:27+00:00\",\"mainEntityOfPage\":{\"@id\":\"https:\/\/www.adecose.com\/adecose-celebra-su-asamblea-general-ordinaria\/\"},\"wordCount\":703,\"publisher\":{\"@id\":\"https:\/\/www.adecose.com\/gl\/#organization\"},\"image\":{\"@id\":\"https:\/\/www.adecose.com\/adecose-celebra-su-asamblea-general-ordinaria\/#primaryimage\"},\"thumbnailUrl\":\"https:\/\/www.adecose.com\/wp-content\/uploads\/2020\/12\/Cartas-de-condiciones-DKV.jpeg\",\"keywords\":[\"Asamblea General\"],\"articleSection\":[\"Noticias\"],\"inLanguage\":\"ca\"},{\"@type\":\"WebPage\",\"@id\":\"https:\/\/www.adecose.com\/adecose-celebra-su-asamblea-general-ordinaria\/\",\"url\":\"https:\/\/www.adecose.com\/adecose-celebra-su-asamblea-general-ordinaria\/\",\"name\":\"ADECOSE celebra su Asamblea General Ordinaria - ADECOSE\",\"isPartOf\":{\"@id\":\"https:\/\/www.adecose.com\/gl\/#website\"},\"primaryImageOfPage\":{\"@id\":\"https:\/\/www.adecose.com\/adecose-celebra-su-asamblea-general-ordinaria\/#primaryimage\"},\"image\":{\"@id\":\"https:\/\/www.adecose.com\/adecose-celebra-su-asamblea-general-ordinaria\/#primaryimage\"},\"thumbnailUrl\":\"https:\/\/www.adecose.com\/wp-content\/uploads\/2020\/12\/Cartas-de-condiciones-DKV.jpeg\",\"datePublished\":\"2021-04-19T13:49:27+00:00\",\"breadcrumb\":{\"@id\":\"https:\/\/www.adecose.com\/adecose-celebra-su-asamblea-general-ordinaria\/#breadcrumb\"},\"inLanguage\":\"ca\",\"potentialAction\":[{\"@type\":\"ReadAction\",\"target\":[\"https:\/\/www.adecose.com\/adecose-celebra-su-asamblea-general-ordinaria\/\"]}]},{\"@type\":\"ImageObject\",\"inLanguage\":\"ca\",\"@id\":\"https:\/\/www.adecose.com\/adecose-celebra-su-asamblea-general-ordinaria\/#primaryimage\",\"url\":\"https:\/\/www.adecose.com\/wp-content\/uploads\/2020\/12\/Cartas-de-condiciones-DKV.jpeg\",\"contentUrl\":\"https:\/\/www.adecose.com\/wp-content\/uploads\/2020\/12\/Cartas-de-condiciones-DKV.jpeg\",\"width\":1000,\"height\":665},{\"@type\":\"BreadcrumbList\",\"@id\":\"https:\/\/www.adecose.com\/adecose-celebra-su-asamblea-general-ordinaria\/#breadcrumb\",\"itemListElement\":[{\"@type\":\"ListItem\",\"position\":1,\"name\":\"Portada\",\"item\":\"https:\/\/www.adecose.com\/ca\/associacio-espanyola-de-corredories-dassegurances-i-reassegurances\/\"},{\"@type\":\"ListItem\",\"position\":2,\"name\":\"ADECOSE celebra su Asamblea General Ordinaria\"}]},{\"@type\":\"WebSite\",\"@id\":\"https:\/\/www.adecose.com\/gl\/#website\",\"url\":\"https:\/\/www.adecose.com\/gl\/\",\"name\":\"ADECOSE\",\"description\":\"Associaci\u00f3 Espanyola de Corredories d\u2019Assegurances i Reassegurances\",\"publisher\":{\"@id\":\"https:\/\/www.adecose.com\/gl\/#organization\"},\"potentialAction\":[{\"@type\":\"SearchAction\",\"target\":{\"@type\":\"EntryPoint\",\"urlTemplate\":\"https:\/\/www.adecose.com\/gl\/?s={search_term_string}\"},\"query-input\":{\"@type\":\"PropertyValueSpecification\",\"valueRequired\":true,\"valueName\":\"search_term_string\"}}],\"inLanguage\":\"ca\"},{\"@type\":\"Organization\",\"@id\":\"https:\/\/www.adecose.com\/gl\/#organization\",\"name\":\"ADECOSE\",\"url\":\"https:\/\/www.adecose.com\/gl\/\",\"logo\":{\"@type\":\"ImageObject\",\"inLanguage\":\"ca\",\"@id\":\"https:\/\/www.adecose.com\/gl\/#\/schema\/logo\/image\/\",\"url\":\"https:\/\/www.adecose.com\/wp-content\/uploads\/2020\/07\/favicon.png\",\"contentUrl\":\"https:\/\/www.adecose.com\/wp-content\/uploads\/2020\/07\/favicon.png\",\"width\":512,\"height\":512,\"caption\":\"ADECOSE\"},\"image\":{\"@id\":\"https:\/\/www.adecose.com\/gl\/#\/schema\/logo\/image\/\"}},{\"@type\":\"Person\",\"@id\":\"https:\/\/www.adecose.com\/gl\/#\/schema\/person\/ff086ce55f6379e1d225a2c0dca5eeb6\",\"name\":\"Comunicaci\u00f3n ADECOSE\",\"image\":{\"@type\":\"ImageObject\",\"inLanguage\":\"ca\",\"@id\":\"https:\/\/secure.gravatar.com\/avatar\/01cd1f9571997441bf1da6d1cc147351305f03fe8f2acf1ebbec60ebb26924ce?s=96&d=mm&r=g\",\"url\":\"https:\/\/secure.gravatar.com\/avatar\/01cd1f9571997441bf1da6d1cc147351305f03fe8f2acf1ebbec60ebb26924ce?s=96&d=mm&r=g\",\"contentUrl\":\"https:\/\/secure.gravatar.com\/avatar\/01cd1f9571997441bf1da6d1cc147351305f03fe8f2acf1ebbec60ebb26924ce?s=96&d=mm&r=g\",\"caption\":\"Comunicaci\u00f3n ADECOSE\"}}]}<\/script>\n<!-- \/ Yoast SEO plugin. -->","yoast_head_json":{"title":"ADECOSE celebra su Asamblea General Ordinaria - ADECOSE","robots":{"index":"index","follow":"follow","max-snippet":"max-snippet:-1","max-image-preview":"max-image-preview:large","max-video-preview":"max-video-preview:-1"},"canonical":"https:\/\/www.adecose.com\/adecose-celebra-su-asamblea-general-ordinaria\/","og_locale":"ca_ES","og_type":"article","og_title":"ADECOSE celebra su Asamblea General Ordinaria - ADECOSE","og_description":"[vc_row type=&#8221;in_container&#8221; full_screen_row_position=&#8221;middle&#8221; column_margin=&#8221;default&#8221; column_direction=&#8221;default&#8221; column_direction_tablet=&#8221;default&#8221; column_direction_phone=&#8221;default&#8221; scene_position=&#8221;center&#8221; text_color=&#8221;dark&#8221; text_align=&#8221;left&#8221; row_border_radius=&#8221;none&#8221; row_border_radius_applies=&#8221;bg&#8221; overlay_strength=&#8221;0.3&#8243; gradient_direction=&#8221;left_to_right&#8221; shape_divider_position=&#8221;bottom&#8221; bg_image_animation=&#8221;none&#8221;][vc_column column_padding=&#8221;no-extra-padding&#8221; column_padding_tablet=&#8221;inherit&#8221; column_padding_phone=&#8221;inherit&#8221; column_padding_position=&#8221;all&#8221; background_color_opacity=&#8221;1&#8243; background_hover_color_opacity=&#8221;1&#8243; column_shadow=&#8221;none&#8221; column_border_radius=&#8221;none&#8221; column_link_target=&#8221;_self&#8221;...","og_url":"https:\/\/www.adecose.com\/adecose-celebra-su-asamblea-general-ordinaria\/","og_site_name":"ADECOSE","article_published_time":"2021-04-19T13:49:27+00:00","og_image":[{"width":1000,"height":665,"url":"https:\/\/www.adecose.com\/wp-content\/uploads\/2020\/12\/Cartas-de-condiciones-DKV.jpeg","type":"image\/jpeg"}],"author":"Comunicaci\u00f3n ADECOSE","twitter_card":"summary_large_image","twitter_misc":{"Escrit per":"Comunicaci\u00f3n ADECOSE","Temps estimat de lectura":"3 minuts"},"schema":{"@context":"https:\/\/schema.org","@graph":[{"@type":"Article","@id":"https:\/\/www.adecose.com\/adecose-celebra-su-asamblea-general-ordinaria\/#article","isPartOf":{"@id":"https:\/\/www.adecose.com\/adecose-celebra-su-asamblea-general-ordinaria\/"},"author":{"name":"Comunicaci\u00f3n ADECOSE","@id":"https:\/\/www.adecose.com\/gl\/#\/schema\/person\/ff086ce55f6379e1d225a2c0dca5eeb6"},"headline":"ADECOSE celebra su Asamblea General Ordinaria","datePublished":"2021-04-19T13:49:27+00:00","mainEntityOfPage":{"@id":"https:\/\/www.adecose.com\/adecose-celebra-su-asamblea-general-ordinaria\/"},"wordCount":703,"publisher":{"@id":"https:\/\/www.adecose.com\/gl\/#organization"},"image":{"@id":"https:\/\/www.adecose.com\/adecose-celebra-su-asamblea-general-ordinaria\/#primaryimage"},"thumbnailUrl":"https:\/\/www.adecose.com\/wp-content\/uploads\/2020\/12\/Cartas-de-condiciones-DKV.jpeg","keywords":["Asamblea General"],"articleSection":["Noticias"],"inLanguage":"ca"},{"@type":"WebPage","@id":"https:\/\/www.adecose.com\/adecose-celebra-su-asamblea-general-ordinaria\/","url":"https:\/\/www.adecose.com\/adecose-celebra-su-asamblea-general-ordinaria\/","name":"ADECOSE celebra su Asamblea General Ordinaria - ADECOSE","isPartOf":{"@id":"https:\/\/www.adecose.com\/gl\/#website"},"primaryImageOfPage":{"@id":"https:\/\/www.adecose.com\/adecose-celebra-su-asamblea-general-ordinaria\/#primaryimage"},"image":{"@id":"https:\/\/www.adecose.com\/adecose-celebra-su-asamblea-general-ordinaria\/#primaryimage"},"thumbnailUrl":"https:\/\/www.adecose.com\/wp-content\/uploads\/2020\/12\/Cartas-de-condiciones-DKV.jpeg","datePublished":"2021-04-19T13:49:27+00:00","breadcrumb":{"@id":"https:\/\/www.adecose.com\/adecose-celebra-su-asamblea-general-ordinaria\/#breadcrumb"},"inLanguage":"ca","potentialAction":[{"@type":"ReadAction","target":["https:\/\/www.adecose.com\/adecose-celebra-su-asamblea-general-ordinaria\/"]}]},{"@type":"ImageObject","inLanguage":"ca","@id":"https:\/\/www.adecose.com\/adecose-celebra-su-asamblea-general-ordinaria\/#primaryimage","url":"https:\/\/www.adecose.com\/wp-content\/uploads\/2020\/12\/Cartas-de-condiciones-DKV.jpeg","contentUrl":"https:\/\/www.adecose.com\/wp-content\/uploads\/2020\/12\/Cartas-de-condiciones-DKV.jpeg","width":1000,"height":665},{"@type":"BreadcrumbList","@id":"https:\/\/www.adecose.com\/adecose-celebra-su-asamblea-general-ordinaria\/#breadcrumb","itemListElement":[{"@type":"ListItem","position":1,"name":"Portada","item":"https:\/\/www.adecose.com\/ca\/associacio-espanyola-de-corredories-dassegurances-i-reassegurances\/"},{"@type":"ListItem","position":2,"name":"ADECOSE celebra su Asamblea General Ordinaria"}]},{"@type":"WebSite","@id":"https:\/\/www.adecose.com\/gl\/#website","url":"https:\/\/www.adecose.com\/gl\/","name":"ADECOSE","description":"Associaci\u00f3 Espanyola de Corredories d\u2019Assegurances i Reassegurances","publisher":{"@id":"https:\/\/www.adecose.com\/gl\/#organization"},"potentialAction":[{"@type":"SearchAction","target":{"@type":"EntryPoint","urlTemplate":"https:\/\/www.adecose.com\/gl\/?s={search_term_string}"},"query-input":{"@type":"PropertyValueSpecification","valueRequired":true,"valueName":"search_term_string"}}],"inLanguage":"ca"},{"@type":"Organization","@id":"https:\/\/www.adecose.com\/gl\/#organization","name":"ADECOSE","url":"https:\/\/www.adecose.com\/gl\/","logo":{"@type":"ImageObject","inLanguage":"ca","@id":"https:\/\/www.adecose.com\/gl\/#\/schema\/logo\/image\/","url":"https:\/\/www.adecose.com\/wp-content\/uploads\/2020\/07\/favicon.png","contentUrl":"https:\/\/www.adecose.com\/wp-content\/uploads\/2020\/07\/favicon.png","width":512,"height":512,"caption":"ADECOSE"},"image":{"@id":"https:\/\/www.adecose.com\/gl\/#\/schema\/logo\/image\/"}},{"@type":"Person","@id":"https:\/\/www.adecose.com\/gl\/#\/schema\/person\/ff086ce55f6379e1d225a2c0dca5eeb6","name":"Comunicaci\u00f3n ADECOSE","image":{"@type":"ImageObject","inLanguage":"ca","@id":"https:\/\/secure.gravatar.com\/avatar\/01cd1f9571997441bf1da6d1cc147351305f03fe8f2acf1ebbec60ebb26924ce?s=96&d=mm&r=g","url":"https:\/\/secure.gravatar.com\/avatar\/01cd1f9571997441bf1da6d1cc147351305f03fe8f2acf1ebbec60ebb26924ce?s=96&d=mm&r=g","contentUrl":"https:\/\/secure.gravatar.com\/avatar\/01cd1f9571997441bf1da6d1cc147351305f03fe8f2acf1ebbec60ebb26924ce?s=96&d=mm&r=g","caption":"Comunicaci\u00f3n ADECOSE"}}]}},"_links":{"self":[{"href":"https:\/\/www.adecose.com\/ca\/wp-json\/wp\/v2\/posts\/10091","targetHints":{"allow":["GET"]}}],"collection":[{"href":"https:\/\/www.adecose.com\/ca\/wp-json\/wp\/v2\/posts"}],"about":[{"href":"https:\/\/www.adecose.com\/ca\/wp-json\/wp\/v2\/types\/post"}],"author":[{"embeddable":true,"href":"https:\/\/www.adecose.com\/ca\/wp-json\/wp\/v2\/users\/197"}],"replies":[{"embeddable":true,"href":"https:\/\/www.adecose.com\/ca\/wp-json\/wp\/v2\/comments?post=10091"}],"version-history":[{"count":0,"href":"https:\/\/www.adecose.com\/ca\/wp-json\/wp\/v2\/posts\/10091\/revisions"}],"wp:featuredmedia":[{"embeddable":true,"href":"https:\/\/www.adecose.com\/ca\/wp-json\/wp\/v2\/media\/9391"}],"wp:attachment":[{"href":"https:\/\/www.adecose.com\/ca\/wp-json\/wp\/v2\/media?parent=10091"}],"wp:term":[{"taxonomy":"category","embeddable":true,"href":"https:\/\/www.adecose.com\/ca\/wp-json\/wp\/v2\/categories?post=10091"},{"taxonomy":"post_tag","embeddable":true,"href":"https:\/\/www.adecose.com\/ca\/wp-json\/wp\/v2\/tags?post=10091"}],"curies":[{"name":"wp","href":"https:\/\/api.w.org\/{rel}","templated":true}]}}